{"id":167997,"date":"2015-05-20T17:36:30","date_gmt":"2015-05-20T17:36:30","guid":{"rendered":"https:\/\/www.meydan.tv\/article\/ilham-eliyev-riqa-sammitine-qatilmayacaq\/"},"modified":"2015-05-20T17:36:30","modified_gmt":"2015-05-20T17:36:30","slug":"ilham-eliyev-riqa-sammitine-qatilmayacaq","status":"publish","type":"post","link":"https:\/\/www.meydan.tv\/az\/article\/ilham-eliyev-riqa-sammitine-qatilmayacaq\/","title":{"rendered":"\u0130lham \u018fliyev Riqa Sammitin\u0259 qat\u0131lmayacaq"},"content":{"rendered":"<figure class=\"wp-block-image size-large\">\n  <img decoding=\"async\" src=\"https:\/\/www.meydan.tv\/az\/24831\/\" alt=\"\" class=\"wp-image-24831\"\/><figcaption><\/figcaption><\/figure>\n<figure class=\"wp-block-image size-large\">\n  <img decoding=\"async\" src=\"https:\/\/www.meydan.tv\/az\/24831\/\" alt=\"\" class=\"wp-image-24831\"\/><figcaption><\/figcaption><\/figure>\n<p><div>\n    <i><br \/>\n      Az\u0259rbaycan\u0131 t\u0259dbird\u0259 Novruz M\u0259mm\u0259dov v\u0259 xarici i\u015fl\u0259r naziri Elmar M\u0259mm\u0259dyarov t\u0259msil ed\u0259c\u0259k<br \/>\n    <\/i>\n  <\/div>\n<\/p>\n<p><div><\/div>\n<\/p>\n<p><div>\n    Az\u0259rbaycan prezidenti \u0130lham \u018fliyev may\u0131n 21-22-d\u0259 Avropa \u0130ttifaq\u0131 \u201c\u015e\u0259rq T\u0259r\u0259fda\u015fl\u0131\u011f\u0131\u201d proqram\u0131n\u0131n \u00fczv\u00fc olan \u00f6lk\u0259l\u0259rin Riqa sammitind\u0259 i\u015ftirak ed\u0259 bilm\u0259y\u0259c\u0259k.\n  <\/div>\n<\/p>\n<p>\n  <a href=\"https:\/\/apa.az\/\"><br \/>\n    APA<br \/>\n  <\/a><br \/>\n  -n\u0131n m\u0259lumat\u0131na g\u00f6r\u0259, bu bar\u0259d\u0259 Az\u0259rbaycan Respublikas\u0131 Prezidentinin ictimai-siyasi m\u0259s\u0259l\u0259l\u0259r \u00fczr\u0259 k\u00f6m\u0259k\u00e7isi<br \/>\n  <a href=\"http:\/\/az.apa.az\/tag\/%C6%8Fli+H%C9%99s%C9%99nov\"><br \/>\n    \u018fli H\u0259s\u0259nov<br \/>\n  <\/a><br \/>\n  \u00a0bildirib.\n<\/p>\n<p>\n  \u018f. H\u0259s\u0259nov qeyd edib ki, l Avropa Oyunlar\u0131n\u0131n ba\u015flanmas\u0131na \u00e7ox az vaxt qald\u0131\u011f\u0131na v\u0259 bu m\u00fch\u00fcm t\u0259dbir\u0259 haz\u0131rl\u0131q i\u015fl\u0259ri son m\u0259rh\u0259l\u0259y\u0259 q\u0259d\u0259m qoydu\u011funa g\u00f6r\u0259, Az\u0259rbaycan Prezidentinin qrafiki h\u0259dd\u0259n art\u0131q s\u0131xla\u015f\u0131b, buna g\u00f6r\u0259 d\u0259 d\u00f6vl\u0259t ba\u015f\u00e7\u0131s\u0131 sammitd\u0259 i\u015ftirak ed\u0259 bilm\u0259y\u0259c\u0259k.\n<\/p>\n<p>\n  Prezidentin k\u00f6m\u0259k\u00e7isi bildirib ki, Riqa Sammitind\u0259 Az\u0259rbaycan\u0131<br \/>\n  <a href=\"http:\/\/az.apa.az\/tag\/Prezident+Administrasiyas%C4%B1\"><br \/>\n    Prezident Administrasiyas\u0131<br \/>\n  <\/a><br \/>\n  \u00a0r\u0259hb\u0259rinin m\u00fcavini, Xarici \u0259laq\u0259l\u0259r \u015f\u00f6b\u0259sinin m\u00fcdiri<br \/>\n  <a href=\"http:\/\/az.apa.az\/tag\/Novruz+M%C9%99mm%C9%99dov\"><br \/>\n    Novruz M\u0259mm\u0259dov<br \/>\n  <\/a><br \/>\n  \u00a0v\u0259 xarici i\u015fl\u0259r naziri<br \/>\n  <a href=\"http:\/\/az.apa.az\/tag\/Elmar+M%C9%99mm%C9%99dyarov\"><br \/>\n    Elmar M\u0259mm\u0259dyarov<br \/>\n  <\/a><br \/>\n  \u00a0t\u0259msil ed\u0259c\u0259kl\u0259r.<\/p>\n","protected":false},"excerpt":{"rendered":"<p>Az\u0259rbaycan\u0131 t\u0259dbird\u0259 Novruz M\u0259mm\u0259dov v\u0259 xarici i\u015fl\u0259r naziri Elmar M\u0259mm\u0259dyarov t\u0259msil ed\u0259c\u0259k<\/p>\n","protected":false},"author":11,"featured_media":24831,"comment_status":"closed","ping_status":"open","sticky":false,"template":"","format":"standard","meta":{"_acf_changed":false,"_sitemap_exclude":false,"_sitemap_priority":"","_sitemap_frequency":"","footnotes":""},"categories":[56],"tags":[],"class_list":["post-167997","post","type-post","status-publish","format-standard","has-post-thumbnail","hentry","category-xeberler","infinite-scroll-item","generate-columns","tablet-grid-50","mobile-grid-100","grid-parent","grid-33","no-featured-image-padding"],"acf":[],"yoast_head":"<!-- This site is optimized with the Yoast SEO plugin v28.4 - https:\/\/yoast.com\/product\/yoast-seo-wordpress\/ -->\n<title>\u0130lham \u018fliyev Riqa Sammitin\u0259 qat\u0131lmayacaq - MEYDAN.TV<\/title>\n<meta name=\"robots\" content=\"index, follow, max-snippet:-1, max-image-preview:large, max-video-preview:-1\" \/>\n<link rel=\"canonical\" href=\"https:\/\/www.meydan.tv\/az\/article\/ilham-eliyev-riqa-sammitine-qatilmayacaq\/\" \/>\n<meta property=\"og:locale\" content=\"az_AZ\" \/>\n<meta property=\"og:type\" content=\"article\" \/>\n<meta property=\"og:title\" content=\"\u0130lham \u018fliyev Riqa Sammitin\u0259 qat\u0131lmayacaq - MEYDAN.TV\" \/>\n<meta property=\"og:description\" content=\"Az\u0259rbaycan\u0131 t\u0259dbird\u0259 Novruz M\u0259mm\u0259dov v\u0259 xarici i\u015fl\u0259r naziri Elmar M\u0259mm\u0259dyarov t\u0259msil ed\u0259c\u0259k\" \/>\n<meta property=\"og:url\" content=\"https:\/\/www.meydan.tv\/az\/article\/ilham-eliyev-riqa-sammitine-qatilmayacaq\/\" \/>\n<meta property=\"og:site_name\" content=\"MEYDAN.TV\" \/>\n<meta property=\"article:published_time\" content=\"2015-05-20T17:36:30+00:00\" \/>\n<meta property=\"og:image\" content=\"https:\/\/www.meydan.tv\/wp-content\/uploads\/9056.jpg\" \/>\n\t<meta property=\"og:image:width\" content=\"598\" \/>\n\t<meta property=\"og:image:height\" content=\"400\" \/>\n\t<meta property=\"og:image:type\" content=\"image\/jpeg\" \/>\n<meta name=\"twitter:card\" content=\"summary_large_image\" \/>\n<!-- \/ Yoast SEO plugin. -->","yoast_head_json":{"title":"\u0130lham \u018fliyev Riqa Sammitin\u0259 qat\u0131lmayacaq - MEYDAN.TV","robots":{"index":"index","follow":"follow","max-snippet":"max-snippet:-1","max-image-preview":"max-image-preview:large","max-video-preview":"max-video-preview:-1"},"canonical":"https:\/\/www.meydan.tv\/az\/article\/ilham-eliyev-riqa-sammitine-qatilmayacaq\/","og_locale":"az_AZ","og_type":"article","og_title":"\u0130lham \u018fliyev Riqa Sammitin\u0259 qat\u0131lmayacaq - MEYDAN.TV","og_description":"Az\u0259rbaycan\u0131 t\u0259dbird\u0259 Novruz M\u0259mm\u0259dov v\u0259 xarici i\u015fl\u0259r naziri Elmar M\u0259mm\u0259dyarov t\u0259msil ed\u0259c\u0259k","og_url":"https:\/\/www.meydan.tv\/az\/article\/ilham-eliyev-riqa-sammitine-qatilmayacaq\/","og_site_name":"MEYDAN.TV","article_published_time":"2015-05-20T17:36:30+00:00","og_image":[{"width":598,"height":400,"url":"https:\/\/www.meydan.tv\/wp-content\/uploads\/9056.jpg","type":"image\/jpeg"}],"twitter_card":"summary_large_image","schema":{"@context":"https:\/\/schema.org","@graph":[{"@type":"Article","@id":"https:\/\/www.meydan.tv\/az\/article\/ilham-eliyev-riqa-sammitine-qatilmayacaq\/#article","isPartOf":{"@id":"https:\/\/www.meydan.tv\/az\/article\/ilham-eliyev-riqa-sammitine-qatilmayacaq\/"},"author":{"name":"user-manager","@id":"https:\/\/www.meydan.tv\/az\/#\/schema\/person\/10d11eccf6da3662cf5fdab9806ea91a"},"headline":"\u0130lham \u018fliyev Riqa Sammitin\u0259 qat\u0131lmayacaq","datePublished":"2015-05-20T17:36:30+00:00","mainEntityOfPage":{"@id":"https:\/\/www.meydan.tv\/az\/article\/ilham-eliyev-riqa-sammitine-qatilmayacaq\/"},"wordCount":212,"publisher":{"@id":"https:\/\/www.meydan.tv\/az\/#organization"},"image":{"@id":"https:\/\/www.meydan.tv\/az\/article\/ilham-eliyev-riqa-sammitine-qatilmayacaq\/#primaryimage"},"thumbnailUrl":"https:\/\/www.meydan.tv\/wp-content\/uploads\/9056.jpg","articleSection":["X\u0259b\u0259rl\u0259r"],"inLanguage":"az"},{"@type":"WebPage","@id":"https:\/\/www.meydan.tv\/az\/article\/ilham-eliyev-riqa-sammitine-qatilmayacaq\/","url":"https:\/\/www.meydan.tv\/az\/article\/ilham-eliyev-riqa-sammitine-qatilmayacaq\/","name":"\u0130lham \u018fliyev Riqa Sammitin\u0259 qat\u0131lmayacaq - MEYDAN.TV","isPartOf":{"@id":"https:\/\/www.meydan.tv\/az\/#website"},"primaryImageOfPage":{"@id":"https:\/\/www.meydan.tv\/az\/article\/ilham-eliyev-riqa-sammitine-qatilmayacaq\/#primaryimage"},"image":{"@id":"https:\/\/www.meydan.tv\/az\/article\/ilham-eliyev-riqa-sammitine-qatilmayacaq\/#primaryimage"},"thumbnailUrl":"https:\/\/www.meydan.tv\/wp-content\/uploads\/9056.jpg","datePublished":"2015-05-20T17:36:30+00:00","breadcrumb":{"@id":"https:\/\/www.meydan.tv\/az\/article\/ilham-eliyev-riqa-sammitine-qatilmayacaq\/#breadcrumb"},"inLanguage":"az","potentialAction":[{"@type":"ReadAction","target":["https:\/\/www.meydan.tv\/az\/article\/ilham-eliyev-riqa-sammitine-qatilmayacaq\/"]}]},{"@type":"ImageObject","inLanguage":"az","@id":"https:\/\/www.meydan.tv\/az\/article\/ilham-eliyev-riqa-sammitine-qatilmayacaq\/#primaryimage","url":"https:\/\/www.meydan.tv\/wp-content\/uploads\/9056.jpg","contentUrl":"https:\/\/www.meydan.tv\/wp-content\/uploads\/9056.jpg","width":598,"height":400,"caption":"Source:"},{"@type":"BreadcrumbList","@id":"https:\/\/www.meydan.tv\/az\/article\/ilham-eliyev-riqa-sammitine-qatilmayacaq\/#breadcrumb","itemListElement":[{"@type":"ListItem","position":1,"name":"Ana s\u0259hif\u0259","item":"https:\/\/www.meydan.tv\/az\/"},{"@type":"ListItem","position":2,"name":"X\u0259b\u0259rl\u0259r","item":"https:\/\/www.meydan.tv\/az\/section\/xeberler\/"},{"@type":"ListItem","position":3,"name":"\u0130lham \u018fliyev Riqa Sammitin\u0259 qat\u0131lmayacaq"}]},{"@type":"WebSite","@id":"https:\/\/www.meydan.tv\/az\/#website","url":"https:\/\/www.meydan.tv\/az\/","name":"MEYDAN.TV","description":"Meydan TV Az\u0259rbaycan\u0131n media m\u0259kan\u0131ndak\u0131 alternativ s\u0259sidir","publisher":{"@id":"https:\/\/www.meydan.tv\/az\/#organization"},"potentialAction":[{"@type":"SearchAction","target":{"@type":"EntryPoint","urlTemplate":"https:\/\/www.meydan.tv\/az\/?s={search_term_string}"},"query-input":{"@type":"PropertyValueSpecification","valueRequired":true,"valueName":"search_term_string"}}],"inLanguage":"az"},{"@type":"Organization","@id":"https:\/\/www.meydan.tv\/az\/#organization","name":"Meydan TV","url":"https:\/\/www.meydan.tv\/az\/","logo":{"@type":"ImageObject","inLanguage":"az","@id":"https:\/\/www.meydan.tv\/az\/#\/schema\/logo\/image\/","url":"https:\/\/www.meydan.tv\/wp-content\/uploads\/2021\/07\/meydan-logo.svg","contentUrl":"https:\/\/www.meydan.tv\/wp-content\/uploads\/2021\/07\/meydan-logo.svg","width":195,"height":46,"caption":"Meydan TV"},"image":{"@id":"https:\/\/www.meydan.tv\/az\/#\/schema\/logo\/image\/"}},{"@type":"Person","@id":"https:\/\/www.meydan.tv\/az\/#\/schema\/person\/10d11eccf6da3662cf5fdab9806ea91a","name":"user-manager"}]}},"_links":{"self":[{"href":"https:\/\/www.meydan.tv\/az\/wp-json\/wp\/v2\/posts\/167997","targetHints":{"allow":["GET"]}}],"collection":[{"href":"https:\/\/www.meydan.tv\/az\/wp-json\/wp\/v2\/posts"}],"about":[{"href":"https:\/\/www.meydan.tv\/az\/wp-json\/wp\/v2\/types\/post"}],"author":[{"embeddable":true,"href":"https:\/\/www.meydan.tv\/az\/wp-json\/wp\/v2\/users\/11"}],"replies":[{"embeddable":true,"href":"https:\/\/www.meydan.tv\/az\/wp-json\/wp\/v2\/comments?post=167997"}],"version-history":[{"count":0,"href":"https:\/\/www.meydan.tv\/az\/wp-json\/wp\/v2\/posts\/167997\/revisions"}],"wp:featuredmedia":[{"embeddable":true,"href":"https:\/\/www.meydan.tv\/az\/wp-json\/wp\/v2\/media\/24831"}],"wp:attachment":[{"href":"https:\/\/www.meydan.tv\/az\/wp-json\/wp\/v2\/media?parent=167997"}],"wp:term":[{"taxonomy":"category","embeddable":true,"href":"https:\/\/www.meydan.tv\/az\/wp-json\/wp\/v2\/categories?post=167997"},{"taxonomy":"post_tag","embeddable":true,"href":"https:\/\/www.meydan.tv\/az\/wp-json\/wp\/v2\/tags?post=167997"}],"curies":[{"name":"wp","href":"https:\/\/api.w.org\/{rel}","templated":true}]}}