{"id":167996,"date":"2015-05-20T17:21:44","date_gmt":"2015-05-20T17:21:44","guid":{"rendered":"https:\/\/www.meydan.tv\/article\/nils-mujnieks-biz-idiot-deyilik\/"},"modified":"2015-05-20T17:21:44","modified_gmt":"2015-05-20T17:21:44","slug":"nils-mujnieks-biz-idiot-deyilik","status":"publish","type":"post","link":"https:\/\/www.meydan.tv\/az\/article\/nils-mujnieks-biz-idiot-deyilik\/","title":{"rendered":"Nils Mujnieks: \u201cBiz idiot deyilik\u201d"},"content":{"rendered":"<figure class=\"wp-block-image size-large\">\n  <img decoding=\"async\" src=\"https:\/\/www.meydan.tv\/az\/24825\/\" alt=\"\" class=\"wp-image-24825\"\/><figcaption><\/figcaption><\/figure>\n<figure class=\"wp-block-image size-large\">\n  <img decoding=\"async\" src=\"https:\/\/www.meydan.tv\/az\/24825\/\" alt=\"\" class=\"wp-image-24825\"\/><figcaption><\/figcaption><\/figure>\n<p>\n  <i><br \/>\n    &#8220;Hakimiyy\u0259t X\u0259dic\u0259ni, R\u0259sulu, Hilal\u0131 v\u0259 \u0259dal\u0259tsiz olaraq h\u0259bsd\u0259 olan dig\u0259r h\u00fcquq m\u00fcdafi\u0259\u00e7il\u0259rini v\u0259 jurnalistl\u0259ri azad etm\u0259lidir&#8221;<br \/>\n  <\/i>\n<\/p>\n<p>\n  Az\u0259rbaycan hakimiyy\u0259ti siyasi m\u0259hbuslar\u0131, h\u00fcquq m\u00fcdafi\u0259\u00e7il\u0259rini, jurnalist, bloger v\u0259 dig\u0259r f\u0259allar\u0131 azad etm\u0259lidir. Bu bar\u0259d\u0259 Avropa \u015euras\u0131n\u0131n insan h\u00fcquqlar\u0131 \u00fczr\u0259 komissar\u0131 Nils Mujnieks az\u0259rbaycanl\u0131 jurnalistl\u0259rl\u0259 s\u00f6hb\u0259tind\u0259 bildirib.\n<\/p>\n<p>\n  H\u00f6kum\u0259ty\u00f6nl\u00fc telekanal\u0131n n\u00fcmay\u0259nd\u0259si bel\u0259 bir sual verib: \u201cN\u0259 \u00fc\u00e7\u00fcn Avropa \u015euras\u0131 \u201cseparat\u00e7\u0131\u201d Hilal M\u0259mm\u0259dovu m\u00fcdafi\u0259 etm\u0259kl\u0259 ikili standartlara yol verir, eyni zamanda Ukraynada separat\u00e7\u0131lar\u0131 pisl\u0259yir?\u201d.\n<\/p>\n<p>\n  \u201cHilal M\u0259mm\u0259dov milli azl\u0131qlar\u0131n n\u00fcmay\u0259nd\u0259si, alim v\u0259 jurnalistdir. O v\u0259 dig\u0259r bir \u00e7ox jurnalistl\u0259r, blogerl\u0259r, icitmai xadiml\u0259r qanunsuz olaraq m\u00fchakim\u0259 edilibl\u0259r. Bu, t\u0259kc\u0259 ifad\u0259 azadl\u011f\u0131 m\u0259s\u0259l\u0259si deyil, bu, Az\u0259rbaycanda insanlar\u0131 qanuni \u0259saslarla yox, se\u00e7m\u0259 yolla, y\u0259ni siyasi sifari\u015fl\u0259 h\u0259bs ed\u0259n, m\u00fchakim\u0259 ed\u0259n h\u00fcquq sisteminin azadl\u0131\u011f\u0131 m\u0259s\u0259l\u0259sidir.\n<\/p>\n<p>\n  \u00d6t\u0259n ilin avqustundan bu proses geni\u015fl\u0259n\u0259r\u0259k iri miqyas al\u0131b. Avropa \u015euras\u0131n\u0131n ikinci bel\u0259\u00a0 \u00f6lk\u0259si yoxdur ki, orada m\u0259nim b\u00fct\u00fcn t\u0259r\u0259fda\u015flar\u0131n h\u0259bsd\u0259 olsun, odur ki, ikili standartlardan s\u00f6hb\u0259t ged\u0259 bilm\u0259z\u201d, &#8211; N.Mujnieks bildirib.\n<\/p>\n<p>\n  H\u0259min jurnalistin \u201cAvropa \u015euras\u0131 Az\u0259rbaycan h\u00f6kum\u0259tinin fikrini n\u0259z\u0259r\u0259 al\u0131rm\u0131, yoxsa onun \u00fc\u00e7\u00fcn f\u0259rqi yoxdur\u201d sual\u0131n\u0131n cavab\u0131nda avropal\u0131 komissar deyib ki, bu fikirl\u0259 raz\u0131 deyil v\u0259 bununla ba\u011fl\u0131 r\u0259smi Bak\u0131 il\u0259 m\u00fcbahis\u0259 ed\u0259c\u0259k.\n<\/p>\n<p>\n  \u201cBax\u0131n, burada iki variant m\u00fcmk\u00fcnd\u00fcr: ya Avropa \u015euras\u0131nda idiotlar oturur v\u0259 separat\u00e7\u0131lar, narkomanlar, intihar ed\u0259nl\u0259r v\u0259 inqilab\u00e7\u0131larla \u0259m\u0259kda\u015fl\u0131q edir, ya da Az\u0259rbaycan\u0131n h\u00fcquq sisteminin v\u0259ziyy\u0259ti \u00e7ox pisdir. M\u0259n sizi \u0259min ed\u0259 bil\u0259r\u0259m ki, biz idiot deyilik\u201d, &#8211; N.Mujnieks vur\u011fulay\u0131b.\n<\/p>\n<p>\n  Turan-\u0131n m\u00fcxbirinin \u201cMujnieks X\u0259dic\u0259 \u0130smay\u0131lova, R\u0259sul C\u0259f\u0259rov v\u0259 dig\u0259r siyasi m\u0259hbuslar\u0131n taleyi bar\u0259d\u0259 n\u0259 d\u00fc\u015f\u00fcn\u00fcr\u201d sual\u0131n\u0131n cavab\u0131nda avrokomissar deyib ki, Az\u0259rbaycan h\u00f6kum\u0259ti onlar\u0131 azad etm\u0259lidir.\n<\/p>\n<p>\n  \u201cOnlar X\u0259dic\u0259ni, R\u0259sulu, Hilal\u0131 v\u0259 \u0259dal\u0259tsiz olaraq h\u0259bsd\u0259 olan dig\u0259r h\u00fcquq m\u00fcdafi\u0259\u00e7il\u0259rini v\u0259 jurnalistl\u0259ri azad etm\u0259lidirl\u0259r\u201d, &#8211; o bildirib (Turan \u0130A).<\/p>\n","protected":false},"excerpt":{"rendered":"<p>&#8220;Hakimiyy\u0259t X\u0259dic\u0259ni, R\u0259sulu, Hilal\u0131 v\u0259 \u0259dal\u0259tsiz olaraq h\u0259bsd\u0259 olan dig\u0259r h\u00fcquq m\u00fcdafi\u0259\u00e7il\u0259rini v\u0259 jurnalistl\u0259ri azad etm\u0259lidir&#8221;<\/p>\n","protected":false},"author":11,"featured_media":24825,"comment_status":"closed","ping_status":"open","sticky":false,"template":"","format":"standard","meta":{"_acf_changed":false,"_sitemap_exclude":false,"_sitemap_priority":"","_sitemap_frequency":"","footnotes":""},"categories":[56],"tags":[],"class_list":["post-167996","post","type-post","status-publish","format-standard","has-post-thumbnail","hentry","category-xeberler","infinite-scroll-item","generate-columns","tablet-grid-50","mobile-grid-100","grid-parent","grid-33","no-featured-image-padding"],"acf":[],"yoast_head":"<!-- This site is optimized with the Yoast SEO plugin v28.4 - https:\/\/yoast.com\/product\/yoast-seo-wordpress\/ -->\n<title>Nils Mujnieks: \u201cBiz idiot deyilik\u201d - MEYDAN.TV<\/title>\n<meta name=\"robots\" content=\"index, follow, max-snippet:-1, max-image-preview:large, max-video-preview:-1\" \/>\n<link rel=\"canonical\" href=\"https:\/\/www.meydan.tv\/az\/article\/nils-mujnieks-biz-idiot-deyilik\/\" \/>\n<meta property=\"og:locale\" content=\"az_AZ\" \/>\n<meta property=\"og:type\" content=\"article\" \/>\n<meta property=\"og:title\" content=\"Nils Mujnieks: \u201cBiz idiot deyilik\u201d - MEYDAN.TV\" \/>\n<meta property=\"og:description\" content=\"&quot;Hakimiyy\u0259t X\u0259dic\u0259ni, R\u0259sulu, Hilal\u0131 v\u0259 \u0259dal\u0259tsiz olaraq h\u0259bsd\u0259 olan dig\u0259r h\u00fcquq m\u00fcdafi\u0259\u00e7il\u0259rini v\u0259 jurnalistl\u0259ri azad etm\u0259lidir&quot;\" \/>\n<meta property=\"og:url\" content=\"https:\/\/www.meydan.tv\/az\/article\/nils-mujnieks-biz-idiot-deyilik\/\" \/>\n<meta property=\"og:site_name\" content=\"MEYDAN.TV\" \/>\n<meta property=\"article:published_time\" content=\"2015-05-20T17:21:44+00:00\" \/>\n<meta property=\"og:image\" content=\"https:\/\/www.meydan.tv\/wp-content\/uploads\/9055.jpg\" \/>\n\t<meta property=\"og:image:width\" content=\"400\" \/>\n\t<meta property=\"og:image:height\" content=\"225\" \/>\n\t<meta property=\"og:image:type\" content=\"image\/jpeg\" \/>\n<meta name=\"twitter:card\" content=\"summary_large_image\" \/>\n<!-- \/ Yoast SEO plugin. -->","yoast_head_json":{"title":"Nils Mujnieks: \u201cBiz idiot deyilik\u201d - MEYDAN.TV","robots":{"index":"index","follow":"follow","max-snippet":"max-snippet:-1","max-image-preview":"max-image-preview:large","max-video-preview":"max-video-preview:-1"},"canonical":"https:\/\/www.meydan.tv\/az\/article\/nils-mujnieks-biz-idiot-deyilik\/","og_locale":"az_AZ","og_type":"article","og_title":"Nils Mujnieks: \u201cBiz idiot deyilik\u201d - MEYDAN.TV","og_description":"\"Hakimiyy\u0259t X\u0259dic\u0259ni, R\u0259sulu, Hilal\u0131 v\u0259 \u0259dal\u0259tsiz olaraq h\u0259bsd\u0259 olan dig\u0259r h\u00fcquq m\u00fcdafi\u0259\u00e7il\u0259rini v\u0259 jurnalistl\u0259ri azad etm\u0259lidir\"","og_url":"https:\/\/www.meydan.tv\/az\/article\/nils-mujnieks-biz-idiot-deyilik\/","og_site_name":"MEYDAN.TV","article_published_time":"2015-05-20T17:21:44+00:00","og_image":[{"width":400,"height":225,"url":"https:\/\/www.meydan.tv\/wp-content\/uploads\/9055.jpg","type":"image\/jpeg"}],"twitter_card":"summary_large_image","schema":{"@context":"https:\/\/schema.org","@graph":[{"@type":"Article","@id":"https:\/\/www.meydan.tv\/az\/article\/nils-mujnieks-biz-idiot-deyilik\/#article","isPartOf":{"@id":"https:\/\/www.meydan.tv\/az\/article\/nils-mujnieks-biz-idiot-deyilik\/"},"author":{"name":"user-manager","@id":"https:\/\/www.meydan.tv\/az\/#\/schema\/person\/10d11eccf6da3662cf5fdab9806ea91a"},"headline":"Nils Mujnieks: \u201cBiz idiot deyilik\u201d","datePublished":"2015-05-20T17:21:44+00:00","mainEntityOfPage":{"@id":"https:\/\/www.meydan.tv\/az\/article\/nils-mujnieks-biz-idiot-deyilik\/"},"wordCount":434,"publisher":{"@id":"https:\/\/www.meydan.tv\/az\/#organization"},"image":{"@id":"https:\/\/www.meydan.tv\/az\/article\/nils-mujnieks-biz-idiot-deyilik\/#primaryimage"},"thumbnailUrl":"https:\/\/www.meydan.tv\/wp-content\/uploads\/9055.jpg","articleSection":["X\u0259b\u0259rl\u0259r"],"inLanguage":"az"},{"@type":"WebPage","@id":"https:\/\/www.meydan.tv\/az\/article\/nils-mujnieks-biz-idiot-deyilik\/","url":"https:\/\/www.meydan.tv\/az\/article\/nils-mujnieks-biz-idiot-deyilik\/","name":"Nils Mujnieks: \u201cBiz idiot deyilik\u201d - MEYDAN.TV","isPartOf":{"@id":"https:\/\/www.meydan.tv\/az\/#website"},"primaryImageOfPage":{"@id":"https:\/\/www.meydan.tv\/az\/article\/nils-mujnieks-biz-idiot-deyilik\/#primaryimage"},"image":{"@id":"https:\/\/www.meydan.tv\/az\/article\/nils-mujnieks-biz-idiot-deyilik\/#primaryimage"},"thumbnailUrl":"https:\/\/www.meydan.tv\/wp-content\/uploads\/9055.jpg","datePublished":"2015-05-20T17:21:44+00:00","breadcrumb":{"@id":"https:\/\/www.meydan.tv\/az\/article\/nils-mujnieks-biz-idiot-deyilik\/#breadcrumb"},"inLanguage":"az","potentialAction":[{"@type":"ReadAction","target":["https:\/\/www.meydan.tv\/az\/article\/nils-mujnieks-biz-idiot-deyilik\/"]}]},{"@type":"ImageObject","inLanguage":"az","@id":"https:\/\/www.meydan.tv\/az\/article\/nils-mujnieks-biz-idiot-deyilik\/#primaryimage","url":"https:\/\/www.meydan.tv\/wp-content\/uploads\/9055.jpg","contentUrl":"https:\/\/www.meydan.tv\/wp-content\/uploads\/9055.jpg","width":400,"height":225,"caption":"Source:"},{"@type":"BreadcrumbList","@id":"https:\/\/www.meydan.tv\/az\/article\/nils-mujnieks-biz-idiot-deyilik\/#breadcrumb","itemListElement":[{"@type":"ListItem","position":1,"name":"Ana s\u0259hif\u0259","item":"https:\/\/www.meydan.tv\/az\/"},{"@type":"ListItem","position":2,"name":"X\u0259b\u0259rl\u0259r","item":"https:\/\/www.meydan.tv\/az\/section\/xeberler\/"},{"@type":"ListItem","position":3,"name":"Nils Mujnieks: \u201cBiz idiot deyilik\u201d"}]},{"@type":"WebSite","@id":"https:\/\/www.meydan.tv\/az\/#website","url":"https:\/\/www.meydan.tv\/az\/","name":"MEYDAN.TV","description":"Meydan TV Az\u0259rbaycan\u0131n media m\u0259kan\u0131ndak\u0131 alternativ s\u0259sidir","publisher":{"@id":"https:\/\/www.meydan.tv\/az\/#organization"},"potentialAction":[{"@type":"SearchAction","target":{"@type":"EntryPoint","urlTemplate":"https:\/\/www.meydan.tv\/az\/?s={search_term_string}"},"query-input":{"@type":"PropertyValueSpecification","valueRequired":true,"valueName":"search_term_string"}}],"inLanguage":"az"},{"@type":"Organization","@id":"https:\/\/www.meydan.tv\/az\/#organization","name":"Meydan TV","url":"https:\/\/www.meydan.tv\/az\/","logo":{"@type":"ImageObject","inLanguage":"az","@id":"https:\/\/www.meydan.tv\/az\/#\/schema\/logo\/image\/","url":"https:\/\/www.meydan.tv\/wp-content\/uploads\/2021\/07\/meydan-logo.svg","contentUrl":"https:\/\/www.meydan.tv\/wp-content\/uploads\/2021\/07\/meydan-logo.svg","width":195,"height":46,"caption":"Meydan TV"},"image":{"@id":"https:\/\/www.meydan.tv\/az\/#\/schema\/logo\/image\/"}},{"@type":"Person","@id":"https:\/\/www.meydan.tv\/az\/#\/schema\/person\/10d11eccf6da3662cf5fdab9806ea91a","name":"user-manager"}]}},"_links":{"self":[{"href":"https:\/\/www.meydan.tv\/az\/wp-json\/wp\/v2\/posts\/167996","targetHints":{"allow":["GET"]}}],"collection":[{"href":"https:\/\/www.meydan.tv\/az\/wp-json\/wp\/v2\/posts"}],"about":[{"href":"https:\/\/www.meydan.tv\/az\/wp-json\/wp\/v2\/types\/post"}],"author":[{"embeddable":true,"href":"https:\/\/www.meydan.tv\/az\/wp-json\/wp\/v2\/users\/11"}],"replies":[{"embeddable":true,"href":"https:\/\/www.meydan.tv\/az\/wp-json\/wp\/v2\/comments?post=167996"}],"version-history":[{"count":0,"href":"https:\/\/www.meydan.tv\/az\/wp-json\/wp\/v2\/posts\/167996\/revisions"}],"wp:featuredmedia":[{"embeddable":true,"href":"https:\/\/www.meydan.tv\/az\/wp-json\/wp\/v2\/media\/24825"}],"wp:attachment":[{"href":"https:\/\/www.meydan.tv\/az\/wp-json\/wp\/v2\/media?parent=167996"}],"wp:term":[{"taxonomy":"category","embeddable":true,"href":"https:\/\/www.meydan.tv\/az\/wp-json\/wp\/v2\/categories?post=167996"},{"taxonomy":"post_tag","embeddable":true,"href":"https:\/\/www.meydan.tv\/az\/wp-json\/wp\/v2\/tags?post=167996"}],"curies":[{"name":"wp","href":"https:\/\/api.w.org\/{rel}","templated":true}]}}