{"id":167995,"date":"2015-05-20T16:39:41","date_gmt":"2015-05-20T16:39:41","guid":{"rendered":"https:\/\/www.meydan.tv\/article\/ilham-eliyev-ilkin-versiya-binanin-keyfiyyetsiz-ve-oda-davamsiz-materiallarla-uzlenmesidir\/"},"modified":"2015-05-20T16:39:41","modified_gmt":"2015-05-20T16:39:41","slug":"ilham-eliyev-ilkin-versiya-binanin-keyfiyyetsiz-ve-oda-davamsiz-materiallarla-uzlenmesidir","status":"publish","type":"post","link":"https:\/\/www.meydan.tv\/az\/article\/ilham-eliyev-ilkin-versiya-binanin-keyfiyyetsiz-ve-oda-davamsiz-materiallarla-uzlenmesidir\/","title":{"rendered":"\u0130lham \u018fliyev: &#8220;\u0130lkin versiya binan\u0131n keyfiyy\u0259tsiz v\u0259 oda davams\u0131z materiallarla \u00fczl\u0259nm\u0259sidir&#8221;"},"content":{"rendered":"<figure class=\"wp-block-image size-large\">\n  <img decoding=\"async\" src=\"https:\/\/www.meydan.tv\/az\/24819\/\" alt=\"\" class=\"wp-image-24819\"\/><figcaption><\/figcaption><\/figure>\n<figure class=\"wp-block-image size-large\">\n  <img decoding=\"async\" src=\"https:\/\/www.meydan.tv\/az\/24819\/\" alt=\"\" class=\"wp-image-24819\"\/><figcaption><\/figcaption><\/figure>\n<p>\n  <i><br \/>\n    <a href=\"http:\/\/az.apa.az\/tag\/F%C3%B6vq%C9%99lad%C9%99+Hallar+Nazirliyi\"><br \/>\n      F\u00f6vq\u0259lad\u0259 Hallar Nazirliyi<br \/>\n    <\/a><br \/>\n    n\u0259 ox\u015far materiallarla \u00fczl\u0259nmi\u015f binalarda ekspertizan\u0131n ke\u00e7irilm\u0259si, materiallar\u0131n t\u0259rkibinin \u00f6yr\u0259nilm\u0259si, t\u0259hl\u00fck\u0259 oldu\u011fu halda h\u0259min binalar\u0131n \u00fczl\u00fckl\u0259rinin d\u0259rhal s\u00f6k\u00fclm\u0259si bar\u0259d\u0259 konkret g\u00f6st\u0259ri\u015fl\u0259rini veriilb<br \/>\n  <\/i>\n<\/p>\n<p>\n  Prezident<br \/>\n  <a href=\"http:\/\/az.apa.az\/tag\/%C4%B0lham+%C6%8Fliyev\"><br \/>\n    \u0130lham \u018fliyev<br \/>\n  <\/a><br \/>\n  \u00a0Bin\u0259q\u0259di rayonu, Azadl\u0131q prospekti 200\/36 \u00fcnvanda yerl\u0259\u015f\u0259n \u00e7oxm\u0259rt\u0259b\u0259li ya\u015fay\u0131\u015f binas\u0131nda yan\u011f\u0131n ba\u015f ver\u0259n \u0259razid\u0259 olub.\n<\/p>\n<p>\n  <a href=\"https:\/\/apa.az\/\"><br \/>\n    APA<br \/>\n  <\/a><br \/>\n  -n\u0131n m\u0259lumat\u0131na g\u00f6r\u0259, d\u00f6vl\u0259t ba\u015f\u00e7\u0131s\u0131 binaya bax\u0131\u015f zaman\u0131 hadis\u0259nin s\u0259b\u0259bl\u0259rinin ara\u015fd\u0131r\u0131lmas\u0131 v\u0259 n\u0259tic\u0259l\u0259rinin aradan qald\u0131r\u0131lmas\u0131 il\u0259 ba\u011fl\u0131 t\u0259xir\u0259sal\u0131nmaz t\u0259dbirl\u0259rin g\u00f6r\u00fclm\u0259si, hadis\u0259 vaxt\u0131 z\u0259r\u0259r \u00e7\u0259k\u0259nl\u0259r\u0259 v\u0259 h\u0259lak olanlar\u0131n ail\u0259 \u00fczvl\u0259rin\u0259 yard\u0131mlar\u0131n g\u00f6st\u0259rilm\u0259si v\u0259 dig\u0259r m\u0259s\u0259l\u0259l\u0259rl\u0259 \u0259laq\u0259dar D\u00f6vl\u0259t Komissiyas\u0131n\u0131n \u00fczvl\u0259rin\u0259 yerind\u0259c\u0259 tap\u015f\u0131r\u0131qlar\u0131n\u0131 verib.\n<\/p>\n<p>\n  Daha sonra ba\u015f ver\u0259n yan\u011f\u0131nla \u0259laq\u0259dar yarad\u0131lan D\u00f6vl\u0259t Komissiyas\u0131n\u0131n Az\u0259rbaycan prezidentinin r\u0259hb\u0259rliyi il\u0259 ilk iclas\u0131 ke\u00e7irilib.\n<\/p>\n<p>\n  D\u00f6vl\u0259t ba\u015f\u00e7\u0131s\u0131 hadis\u0259 zaman\u0131 h\u0259lak olanlar\u0131n ail\u0259l\u0259rin\u0259 bir daha ba\u015fsa\u011fl\u0131\u011f\u0131 verib.\n<\/p>\n<p>\n  Hadis\u0259 qurbanlar\u0131n\u0131n xatir\u0259si bir d\u0259qiq\u0259lik s\u00fckutla yad olunub.\n<\/p>\n<p>\n  Sonra prezident yan\u011f\u0131n\u0131n n\u0259tic\u0259l\u0259rinin aradan qald\u0131r\u0131lmas\u0131 \u00fc\u00e7\u00fcn d\u00f6vl\u0259t s\u0259viyy\u0259sind\u0259 g\u00f6r\u00fcl\u0259n t\u0259dbirl\u0259rd\u0259n dan\u0131\u015f\u0131b. D\u00f6vl\u0259t ba\u015f\u00e7\u0131s\u0131 hadis\u0259nin ba\u015f verm\u0259sind\u0259 t\u0259qsirli bilin\u0259n \u015f\u0259xsl\u0259r bar\u0259d\u0259 cinay\u0259t i\u015finin qald\u0131r\u0131ld\u0131\u011f\u0131n\u0131 v\u0259 onlar\u0131n ciddi \u015f\u0259kild\u0259 c\u0259zaland\u0131r\u0131laca\u011f\u0131n\u0131 deyib. Prezident bildirib ki, yan\u011f\u0131n\u0131n ba\u015f verm\u0259sinin ilkin versiyas\u0131 binan\u0131n keyfiyy\u0259tsiz v\u0259 oda davams\u0131z materiallarla \u00fczl\u0259nm\u0259sidir. Haz\u0131rda paytaxtda ox\u015far materiallarla \u00fczl\u0259nmi\u015f binalar\u0131n kifay\u0259t q\u0259d\u0259r \u00e7ox oldu\u011funu diqq\u0259t\u0259 \u00e7atd\u0131ran d\u00f6vl\u0259t ba\u015f\u00e7\u0131s\u0131 Bak\u0131 \u015e\u0259h\u0259r \u0130cra Hakimiyy\u0259tin\u0259 v\u0259<br \/>\n  <a href=\"http:\/\/az.apa.az\/tag\/F%C3%B6vq%C9%99lad%C9%99+Hallar+Nazirliyi\"><br \/>\n    F\u00f6vq\u0259lad\u0259 Hallar Nazirliyi<br \/>\n  <\/a><br \/>\n  n\u0259 ox\u015far materiallarla \u00fczl\u0259nmi\u015f binalarda ekspertizan\u0131n ke\u00e7irilm\u0259si, materiallar\u0131n t\u0259rkibinin \u00f6yr\u0259nilm\u0259si, t\u0259hl\u00fck\u0259 oldu\u011fu halda h\u0259min binalar\u0131n \u00fczl\u00fckl\u0259rinin d\u0259rhal s\u00f6k\u00fclm\u0259si bar\u0259d\u0259 konkret g\u00f6st\u0259ri\u015fl\u0259rini verib.\n<\/p>\n<p>\n  Prezident hadis\u0259 zaman\u0131 h\u0259lak olanlar\u0131n ail\u0259l\u0259rin\u0259 v\u0259 yaral\u0131lara maddi t\u0259minat verilm\u0259si, yan\u011f\u0131na m\u0259ruz qalm\u0131\u015f binan\u0131n v\u0259 m\u0259nzill\u0259rin tezlikl\u0259 d\u00f6vl\u0259t hesab\u0131na t\u0259mir edilm\u0259si, m\u0259nzill\u0259rin ev \u0259\u015fyalar\u0131 il\u0259 t\u0259chiz olunmas\u0131, yan\u011f\u0131n zaman\u0131 m\u0259hv olmu\u015f s\u0259n\u0259dl\u0259rin yenid\u0259n verilm\u0259si v\u0259 dig\u0259r t\u0259dbirl\u0259rl\u0259 ba\u011fl\u0131 tap\u015f\u0131r\u0131qlar\u0131n\u0131 verib.\n<\/p>\n<p>\n  Ba\u015f ver\u0259n yan\u011f\u0131nla \u0259laq\u0259dar yarad\u0131lan D\u00f6vl\u0259t Komissiyas\u0131n\u0131n \u00fczvl\u0259ri hadis\u0259nin s\u0259b\u0259bl\u0259ri v\u0259 g\u00f6r\u00fcl\u0259n i\u015fl\u0259rl\u0259 ba\u011fl\u0131 m\u0259lumat veribl\u0259r.\n<\/p>\n<p>\n  Prezident \u0130. \u018fliyev bir daha hadis\u0259nin d\u0259rind\u0259n ara\u015fd\u0131r\u0131lmas\u0131 v\u0259 m\u00fcvafiq t\u0259dbirl\u0259rin g\u00f6r\u00fclm\u0259si il\u0259 ba\u011fl\u0131 konkret tap\u015f\u0131r\u0131qlar\u0131n\u0131 verib.<\/p>\n","protected":false},"excerpt":{"rendered":"<p>F\u00f6vq\u0259lad\u0259 Hallar Nazirliyin\u0259 ox\u015far materiallarla \u00fczl\u0259nmi\u015f binalarda ekspertizan\u0131n ke\u00e7irilm\u0259si, materiallar\u0131n t\u0259rkibinin \u00f6yr\u0259nilm\u0259si, t\u0259hl\u00fck\u0259 oldu\u011fu halda h\u0259min binalar\u0131n \u00fczl\u00fckl\u0259rinin d\u0259rhal s\u00f6k\u00fclm\u0259si bar\u0259d\u0259 konkret g\u00f6st\u0259ri\u015fl\u0259rini veriilb<\/p>\n","protected":false},"author":11,"featured_media":24819,"comment_status":"closed","ping_status":"open","sticky":false,"template":"","format":"standard","meta":{"_acf_changed":false,"_sitemap_exclude":false,"_sitemap_priority":"","_sitemap_frequency":"","footnotes":""},"categories":[56],"tags":[],"class_list":["post-167995","post","type-post","status-publish","format-standard","has-post-thumbnail","hentry","category-xeberler","infinite-scroll-item","generate-columns","tablet-grid-50","mobile-grid-100","grid-parent","grid-33","no-featured-image-padding"],"acf":[],"yoast_head":"<!-- This site is optimized with the Yoast SEO plugin v28.4 - https:\/\/yoast.com\/product\/yoast-seo-wordpress\/ -->\n<title>\u0130lham \u018fliyev: &quot;\u0130lkin versiya binan\u0131n keyfiyy\u0259tsiz v\u0259 oda davams\u0131z materiallarla \u00fczl\u0259nm\u0259sidir&quot; - MEYDAN.TV<\/title>\n<meta name=\"robots\" content=\"index, follow, max-snippet:-1, max-image-preview:large, max-video-preview:-1\" \/>\n<link rel=\"canonical\" href=\"https:\/\/www.meydan.tv\/az\/article\/ilham-eliyev-ilkin-versiya-binanin-keyfiyyetsiz-ve-oda-davamsiz-materiallarla-uzlenmesidir\/\" \/>\n<meta property=\"og:locale\" content=\"az_AZ\" \/>\n<meta property=\"og:type\" content=\"article\" \/>\n<meta property=\"og:title\" content=\"\u0130lham \u018fliyev: &quot;\u0130lkin versiya binan\u0131n keyfiyy\u0259tsiz v\u0259 oda davams\u0131z materiallarla \u00fczl\u0259nm\u0259sidir&quot; - MEYDAN.TV\" \/>\n<meta property=\"og:description\" content=\"F\u00f6vq\u0259lad\u0259 Hallar Nazirliyin\u0259 ox\u015far materiallarla \u00fczl\u0259nmi\u015f binalarda ekspertizan\u0131n ke\u00e7irilm\u0259si, materiallar\u0131n t\u0259rkibinin \u00f6yr\u0259nilm\u0259si, t\u0259hl\u00fck\u0259 oldu\u011fu halda h\u0259min binalar\u0131n \u00fczl\u00fckl\u0259rinin d\u0259rhal s\u00f6k\u00fclm\u0259si bar\u0259d\u0259 konkret g\u00f6st\u0259ri\u015fl\u0259rini veriilb\" \/>\n<meta property=\"og:url\" content=\"https:\/\/www.meydan.tv\/az\/article\/ilham-eliyev-ilkin-versiya-binanin-keyfiyyetsiz-ve-oda-davamsiz-materiallarla-uzlenmesidir\/\" \/>\n<meta property=\"og:site_name\" content=\"MEYDAN.TV\" \/>\n<meta property=\"article:published_time\" content=\"2015-05-20T16:39:41+00:00\" \/>\n<meta property=\"og:image\" content=\"https:\/\/www.meydan.tv\/wp-content\/uploads\/9053.jpg\" \/>\n\t<meta property=\"og:image:width\" content=\"535\" \/>\n\t<meta property=\"og:image:height\" content=\"400\" \/>\n\t<meta property=\"og:image:type\" content=\"image\/jpeg\" \/>\n<meta name=\"twitter:card\" content=\"summary_large_image\" \/>\n<!-- \/ Yoast SEO plugin. -->","yoast_head_json":{"title":"\u0130lham \u018fliyev: \"\u0130lkin versiya binan\u0131n keyfiyy\u0259tsiz v\u0259 oda davams\u0131z materiallarla \u00fczl\u0259nm\u0259sidir\" - MEYDAN.TV","robots":{"index":"index","follow":"follow","max-snippet":"max-snippet:-1","max-image-preview":"max-image-preview:large","max-video-preview":"max-video-preview:-1"},"canonical":"https:\/\/www.meydan.tv\/az\/article\/ilham-eliyev-ilkin-versiya-binanin-keyfiyyetsiz-ve-oda-davamsiz-materiallarla-uzlenmesidir\/","og_locale":"az_AZ","og_type":"article","og_title":"\u0130lham \u018fliyev: \"\u0130lkin versiya binan\u0131n keyfiyy\u0259tsiz v\u0259 oda davams\u0131z materiallarla \u00fczl\u0259nm\u0259sidir\" - MEYDAN.TV","og_description":"F\u00f6vq\u0259lad\u0259 Hallar Nazirliyin\u0259 ox\u015far materiallarla \u00fczl\u0259nmi\u015f binalarda ekspertizan\u0131n ke\u00e7irilm\u0259si, materiallar\u0131n t\u0259rkibinin \u00f6yr\u0259nilm\u0259si, t\u0259hl\u00fck\u0259 oldu\u011fu halda h\u0259min binalar\u0131n \u00fczl\u00fckl\u0259rinin d\u0259rhal s\u00f6k\u00fclm\u0259si bar\u0259d\u0259 konkret g\u00f6st\u0259ri\u015fl\u0259rini veriilb","og_url":"https:\/\/www.meydan.tv\/az\/article\/ilham-eliyev-ilkin-versiya-binanin-keyfiyyetsiz-ve-oda-davamsiz-materiallarla-uzlenmesidir\/","og_site_name":"MEYDAN.TV","article_published_time":"2015-05-20T16:39:41+00:00","og_image":[{"width":535,"height":400,"url":"https:\/\/www.meydan.tv\/wp-content\/uploads\/9053.jpg","type":"image\/jpeg"}],"twitter_card":"summary_large_image","schema":{"@context":"https:\/\/schema.org","@graph":[{"@type":"Article","@id":"https:\/\/www.meydan.tv\/az\/article\/ilham-eliyev-ilkin-versiya-binanin-keyfiyyetsiz-ve-oda-davamsiz-materiallarla-uzlenmesidir\/#article","isPartOf":{"@id":"https:\/\/www.meydan.tv\/az\/article\/ilham-eliyev-ilkin-versiya-binanin-keyfiyyetsiz-ve-oda-davamsiz-materiallarla-uzlenmesidir\/"},"author":{"name":"user-manager","@id":"https:\/\/www.meydan.tv\/az\/#\/schema\/person\/10d11eccf6da3662cf5fdab9806ea91a"},"headline":"\u0130lham \u018fliyev: &#8220;\u0130lkin versiya binan\u0131n keyfiyy\u0259tsiz v\u0259 oda davams\u0131z materiallarla \u00fczl\u0259nm\u0259sidir&#8221;","datePublished":"2015-05-20T16:39:41+00:00","mainEntityOfPage":{"@id":"https:\/\/www.meydan.tv\/az\/article\/ilham-eliyev-ilkin-versiya-binanin-keyfiyyetsiz-ve-oda-davamsiz-materiallarla-uzlenmesidir\/"},"wordCount":575,"publisher":{"@id":"https:\/\/www.meydan.tv\/az\/#organization"},"image":{"@id":"https:\/\/www.meydan.tv\/az\/article\/ilham-eliyev-ilkin-versiya-binanin-keyfiyyetsiz-ve-oda-davamsiz-materiallarla-uzlenmesidir\/#primaryimage"},"thumbnailUrl":"https:\/\/www.meydan.tv\/wp-content\/uploads\/9053.jpg","articleSection":["X\u0259b\u0259rl\u0259r"],"inLanguage":"az"},{"@type":"WebPage","@id":"https:\/\/www.meydan.tv\/az\/article\/ilham-eliyev-ilkin-versiya-binanin-keyfiyyetsiz-ve-oda-davamsiz-materiallarla-uzlenmesidir\/","url":"https:\/\/www.meydan.tv\/az\/article\/ilham-eliyev-ilkin-versiya-binanin-keyfiyyetsiz-ve-oda-davamsiz-materiallarla-uzlenmesidir\/","name":"\u0130lham \u018fliyev: \"\u0130lkin versiya binan\u0131n keyfiyy\u0259tsiz v\u0259 oda davams\u0131z materiallarla \u00fczl\u0259nm\u0259sidir\" - MEYDAN.TV","isPartOf":{"@id":"https:\/\/www.meydan.tv\/az\/#website"},"primaryImageOfPage":{"@id":"https:\/\/www.meydan.tv\/az\/article\/ilham-eliyev-ilkin-versiya-binanin-keyfiyyetsiz-ve-oda-davamsiz-materiallarla-uzlenmesidir\/#primaryimage"},"image":{"@id":"https:\/\/www.meydan.tv\/az\/article\/ilham-eliyev-ilkin-versiya-binanin-keyfiyyetsiz-ve-oda-davamsiz-materiallarla-uzlenmesidir\/#primaryimage"},"thumbnailUrl":"https:\/\/www.meydan.tv\/wp-content\/uploads\/9053.jpg","datePublished":"2015-05-20T16:39:41+00:00","breadcrumb":{"@id":"https:\/\/www.meydan.tv\/az\/article\/ilham-eliyev-ilkin-versiya-binanin-keyfiyyetsiz-ve-oda-davamsiz-materiallarla-uzlenmesidir\/#breadcrumb"},"inLanguage":"az","potentialAction":[{"@type":"ReadAction","target":["https:\/\/www.meydan.tv\/az\/article\/ilham-eliyev-ilkin-versiya-binanin-keyfiyyetsiz-ve-oda-davamsiz-materiallarla-uzlenmesidir\/"]}]},{"@type":"ImageObject","inLanguage":"az","@id":"https:\/\/www.meydan.tv\/az\/article\/ilham-eliyev-ilkin-versiya-binanin-keyfiyyetsiz-ve-oda-davamsiz-materiallarla-uzlenmesidir\/#primaryimage","url":"https:\/\/www.meydan.tv\/wp-content\/uploads\/9053.jpg","contentUrl":"https:\/\/www.meydan.tv\/wp-content\/uploads\/9053.jpg","width":535,"height":400,"caption":"Source:"},{"@type":"BreadcrumbList","@id":"https:\/\/www.meydan.tv\/az\/article\/ilham-eliyev-ilkin-versiya-binanin-keyfiyyetsiz-ve-oda-davamsiz-materiallarla-uzlenmesidir\/#breadcrumb","itemListElement":[{"@type":"ListItem","position":1,"name":"Ana s\u0259hif\u0259","item":"https:\/\/www.meydan.tv\/az\/"},{"@type":"ListItem","position":2,"name":"X\u0259b\u0259rl\u0259r","item":"https:\/\/www.meydan.tv\/az\/section\/xeberler\/"},{"@type":"ListItem","position":3,"name":"\u0130lham \u018fliyev: &#8220;\u0130lkin versiya binan\u0131n keyfiyy\u0259tsiz v\u0259 oda davams\u0131z materiallarla \u00fczl\u0259nm\u0259sidir&#8221;"}]},{"@type":"WebSite","@id":"https:\/\/www.meydan.tv\/az\/#website","url":"https:\/\/www.meydan.tv\/az\/","name":"MEYDAN.TV","description":"Meydan TV Az\u0259rbaycan\u0131n media m\u0259kan\u0131ndak\u0131 alternativ s\u0259sidir","publisher":{"@id":"https:\/\/www.meydan.tv\/az\/#organization"},"potentialAction":[{"@type":"SearchAction","target":{"@type":"EntryPoint","urlTemplate":"https:\/\/www.meydan.tv\/az\/?s={search_term_string}"},"query-input":{"@type":"PropertyValueSpecification","valueRequired":true,"valueName":"search_term_string"}}],"inLanguage":"az"},{"@type":"Organization","@id":"https:\/\/www.meydan.tv\/az\/#organization","name":"Meydan TV","url":"https:\/\/www.meydan.tv\/az\/","logo":{"@type":"ImageObject","inLanguage":"az","@id":"https:\/\/www.meydan.tv\/az\/#\/schema\/logo\/image\/","url":"https:\/\/www.meydan.tv\/wp-content\/uploads\/2021\/07\/meydan-logo.svg","contentUrl":"https:\/\/www.meydan.tv\/wp-content\/uploads\/2021\/07\/meydan-logo.svg","width":195,"height":46,"caption":"Meydan TV"},"image":{"@id":"https:\/\/www.meydan.tv\/az\/#\/schema\/logo\/image\/"}},{"@type":"Person","@id":"https:\/\/www.meydan.tv\/az\/#\/schema\/person\/10d11eccf6da3662cf5fdab9806ea91a","name":"user-manager"}]}},"_links":{"self":[{"href":"https:\/\/www.meydan.tv\/az\/wp-json\/wp\/v2\/posts\/167995","targetHints":{"allow":["GET"]}}],"collection":[{"href":"https:\/\/www.meydan.tv\/az\/wp-json\/wp\/v2\/posts"}],"about":[{"href":"https:\/\/www.meydan.tv\/az\/wp-json\/wp\/v2\/types\/post"}],"author":[{"embeddable":true,"href":"https:\/\/www.meydan.tv\/az\/wp-json\/wp\/v2\/users\/11"}],"replies":[{"embeddable":true,"href":"https:\/\/www.meydan.tv\/az\/wp-json\/wp\/v2\/comments?post=167995"}],"version-history":[{"count":0,"href":"https:\/\/www.meydan.tv\/az\/wp-json\/wp\/v2\/posts\/167995\/revisions"}],"wp:featuredmedia":[{"embeddable":true,"href":"https:\/\/www.meydan.tv\/az\/wp-json\/wp\/v2\/media\/24819"}],"wp:attachment":[{"href":"https:\/\/www.meydan.tv\/az\/wp-json\/wp\/v2\/media?parent=167995"}],"wp:term":[{"taxonomy":"category","embeddable":true,"href":"https:\/\/www.meydan.tv\/az\/wp-json\/wp\/v2\/categories?post=167995"},{"taxonomy":"post_tag","embeddable":true,"href":"https:\/\/www.meydan.tv\/az\/wp-json\/wp\/v2\/tags?post=167995"}],"curies":[{"name":"wp","href":"https:\/\/api.w.org\/{rel}","templated":true}]}}