{"id":167994,"date":"2015-05-20T15:50:34","date_gmt":"2015-05-20T15:50:34","guid":{"rendered":"https:\/\/www.meydan.tv\/article\/uzlenmis-binalara-gozetci-qoyulacaq\/"},"modified":"2015-05-20T15:50:34","modified_gmt":"2015-05-20T15:50:34","slug":"uzlenmis-binalara-gozetci-qoyulacaq","status":"publish","type":"post","link":"https:\/\/www.meydan.tv\/az\/article\/uzlenmis-binalara-gozetci-qoyulacaq\/","title":{"rendered":"\u00dczl\u0259nmi\u015f binalara g\u00f6z\u0259t\u00e7i qoyulacaq"},"content":{"rendered":"<figure class=\"wp-block-image size-large\">\n  <img decoding=\"async\" src=\"https:\/\/www.meydan.tv\/az\/24816\/\" alt=\"\" class=\"wp-image-24816\"\/><figcaption><\/figcaption><\/figure>\n<figure class=\"wp-block-image size-large\">\n  <img decoding=\"async\" src=\"https:\/\/www.meydan.tv\/az\/24816\/\" alt=\"\" class=\"wp-image-24816\"\/><figcaption><\/figcaption><\/figure>\n<p>\n  <i><br \/>\n    Ekspertizan\u0131n n\u0259tic\u0259l\u0259rind\u0259n sonra \u00fczl\u00fcy\u00fcn s\u00f6k\u00fcl\u00fcb-s\u00f6k\u00fclm\u0259y\u0259c\u0259yi bar\u0259d\u0259 q\u0259rar veril\u0259c\u0259k<br \/>\n  <\/i>\n<\/p>\n<p>\n  Bak\u0131da \u00e7oxm\u0259rt\u0259b\u0259li binada ba\u015f vermi\u015f yan\u011f\u0131n t\u0259xribat ola bil\u0259r. Bak\u0131 meri Hac\u0131bala Abutal\u0131bov bel\u0259 hesab edir. May\u0131n 20-d\u0259 jurnalistl\u0259rl\u0259 a\u00e7\u0131qlama ver\u0259n Hac\u0131bala Abutal\u0131bov deyib ki, \u00f6lk\u0259 prezidenti plastik \u00fczlikl\u0259rl\u0259 \u00fczl\u0259nmi\u015f binalara g\u00f6z\u0259t\u00e7il\u0259rin qoyulmas\u0131 bar\u0259d\u0259 g\u00f6st\u0259ri\u015f verib. Onun s\u00f6zl\u0259rin\u0259 g\u00f6r\u0259, Bak\u0131da bel\u0259 binalar\u0131n say\u0131 14-d\u00fcr v\u0259 bu binalardan \u201cn\u00fcmun\u0259\u201d g\u00f6t\u00fcr\u00fcl\u0259c\u0259k.\n<\/p>\n<p>\n  Ekspertizan\u0131n n\u0259tic\u0259l\u0259rind\u0259n sonra \u00fczl\u00fcy\u00fcn s\u00f6k\u00fcl\u00fcb-s\u00f6k\u00fclm\u0259y\u0259c\u0259yi bar\u0259d\u0259 q\u0259rar veril\u0259c\u0259k.\n<\/p>\n<p>\n  H.Abutal\u0131bov jurnalistl\u0259rl\u0259 v\u0259 evl\u0259ri yanan sakinl\u0259rl\u0259 g\u00f6r\u00fc\u015f\u00fcnd\u0259 keyfiyy\u0259siz \u00fczl\u00fckl\u0259rin istifad\u0259sin\u0259 g\u00f6r\u0259 kimin m\u0259suliyy\u0259t da\u015f\u0131mas\u0131, meriya da daxil olmaqla, d\u00f6vl\u0259t orqanlar\u0131n\u0131n bu c\u00fcr uy\u011fun olmayan materiallardan istifad\u0259y\u0259 niy\u0259 raz\u0131l\u0131q verm\u0259si il\u0259 ba\u011fl\u0131 suallar\u0131 cavabland\u0131rmay\u0131b.\n<\/p>\n<p>\n  O yaln\u0131z bildirib ki, yan\u011f\u0131n zaman\u0131 h\u0259lak olan 15 n\u0259f\u0259rd\u0259n \u00fc\u00e7\u00fc L\u00f6kbatanda, ikisi Masaz\u0131rda, biri Qubada, biri Sulut\u0259p\u0259d\u0259 d\u0259fn edilib. Bin\u0259q\u0259di meyitxanas\u0131nda iki c\u0259s\u0259d var. Bir n\u0259f\u0259r is\u0259 R\u0259sulzad\u0259 q\u0259biristanl\u0131\u011f\u0131nda d\u0259fn olunacaq.\n<\/p>\n<p>\n  H.Abutal\u0131bov Bin\u0259q\u0259di rayon 5-ci polis b\u00f6lm\u0259sind\u0259 evl\u0259ri yanan sakinl\u0259ri q\u0259bul edir.<\/p>\n","protected":false},"excerpt":{"rendered":"<p>Ekspertizan\u0131n n\u0259tic\u0259l\u0259rind\u0259n sonra \u00fczl\u00fcy\u00fcn s\u00f6k\u00fcl\u00fcb-s\u00f6k\u00fclm\u0259y\u0259c\u0259yi bar\u0259d\u0259 q\u0259rar veril\u0259c\u0259k<\/p>\n","protected":false},"author":11,"featured_media":24816,"comment_status":"closed","ping_status":"open","sticky":false,"template":"","format":"standard","meta":{"_acf_changed":false,"_sitemap_exclude":false,"_sitemap_priority":"","_sitemap_frequency":"","footnotes":""},"categories":[56],"tags":[],"class_list":["post-167994","post","type-post","status-publish","format-standard","has-post-thumbnail","hentry","category-xeberler","infinite-scroll-item","generate-columns","tablet-grid-50","mobile-grid-100","grid-parent","grid-33","no-featured-image-padding"],"acf":[],"yoast_head":"<!-- This site is optimized with the Yoast SEO plugin v28.4 - https:\/\/yoast.com\/product\/yoast-seo-wordpress\/ -->\n<title>\u00dczl\u0259nmi\u015f binalara g\u00f6z\u0259t\u00e7i qoyulacaq - MEYDAN.TV<\/title>\n<meta name=\"robots\" content=\"index, follow, max-snippet:-1, max-image-preview:large, max-video-preview:-1\" \/>\n<link rel=\"canonical\" href=\"https:\/\/www.meydan.tv\/az\/article\/uzlenmis-binalara-gozetci-qoyulacaq\/\" \/>\n<meta property=\"og:locale\" content=\"az_AZ\" \/>\n<meta property=\"og:type\" content=\"article\" \/>\n<meta property=\"og:title\" content=\"\u00dczl\u0259nmi\u015f binalara g\u00f6z\u0259t\u00e7i qoyulacaq - MEYDAN.TV\" \/>\n<meta property=\"og:description\" content=\"Ekspertizan\u0131n n\u0259tic\u0259l\u0259rind\u0259n sonra \u00fczl\u00fcy\u00fcn s\u00f6k\u00fcl\u00fcb-s\u00f6k\u00fclm\u0259y\u0259c\u0259yi bar\u0259d\u0259 q\u0259rar veril\u0259c\u0259k\" \/>\n<meta property=\"og:url\" content=\"https:\/\/www.meydan.tv\/az\/article\/uzlenmis-binalara-gozetci-qoyulacaq\/\" \/>\n<meta property=\"og:site_name\" content=\"MEYDAN.TV\" \/>\n<meta property=\"article:published_time\" content=\"2015-05-20T15:50:34+00:00\" \/>\n<meta property=\"og:image\" content=\"https:\/\/www.meydan.tv\/wp-content\/uploads\/9052.jpg\" \/>\n\t<meta property=\"og:image:width\" content=\"400\" \/>\n\t<meta property=\"og:image:height\" content=\"300\" \/>\n\t<meta property=\"og:image:type\" content=\"image\/jpeg\" \/>\n<meta name=\"twitter:card\" content=\"summary_large_image\" \/>\n<!-- \/ Yoast SEO plugin. -->","yoast_head_json":{"title":"\u00dczl\u0259nmi\u015f binalara g\u00f6z\u0259t\u00e7i qoyulacaq - MEYDAN.TV","robots":{"index":"index","follow":"follow","max-snippet":"max-snippet:-1","max-image-preview":"max-image-preview:large","max-video-preview":"max-video-preview:-1"},"canonical":"https:\/\/www.meydan.tv\/az\/article\/uzlenmis-binalara-gozetci-qoyulacaq\/","og_locale":"az_AZ","og_type":"article","og_title":"\u00dczl\u0259nmi\u015f binalara g\u00f6z\u0259t\u00e7i qoyulacaq - MEYDAN.TV","og_description":"Ekspertizan\u0131n n\u0259tic\u0259l\u0259rind\u0259n sonra \u00fczl\u00fcy\u00fcn s\u00f6k\u00fcl\u00fcb-s\u00f6k\u00fclm\u0259y\u0259c\u0259yi bar\u0259d\u0259 q\u0259rar veril\u0259c\u0259k","og_url":"https:\/\/www.meydan.tv\/az\/article\/uzlenmis-binalara-gozetci-qoyulacaq\/","og_site_name":"MEYDAN.TV","article_published_time":"2015-05-20T15:50:34+00:00","og_image":[{"width":400,"height":300,"url":"https:\/\/www.meydan.tv\/wp-content\/uploads\/9052.jpg","type":"image\/jpeg"}],"twitter_card":"summary_large_image","schema":{"@context":"https:\/\/schema.org","@graph":[{"@type":"Article","@id":"https:\/\/www.meydan.tv\/az\/article\/uzlenmis-binalara-gozetci-qoyulacaq\/#article","isPartOf":{"@id":"https:\/\/www.meydan.tv\/az\/article\/uzlenmis-binalara-gozetci-qoyulacaq\/"},"author":{"name":"user-manager","@id":"https:\/\/www.meydan.tv\/az\/#\/schema\/person\/10d11eccf6da3662cf5fdab9806ea91a"},"headline":"\u00dczl\u0259nmi\u015f binalara g\u00f6z\u0259t\u00e7i qoyulacaq","datePublished":"2015-05-20T15:50:34+00:00","mainEntityOfPage":{"@id":"https:\/\/www.meydan.tv\/az\/article\/uzlenmis-binalara-gozetci-qoyulacaq\/"},"wordCount":280,"publisher":{"@id":"https:\/\/www.meydan.tv\/az\/#organization"},"image":{"@id":"https:\/\/www.meydan.tv\/az\/article\/uzlenmis-binalara-gozetci-qoyulacaq\/#primaryimage"},"thumbnailUrl":"https:\/\/www.meydan.tv\/wp-content\/uploads\/9052.jpg","articleSection":["X\u0259b\u0259rl\u0259r"],"inLanguage":"az"},{"@type":"WebPage","@id":"https:\/\/www.meydan.tv\/az\/article\/uzlenmis-binalara-gozetci-qoyulacaq\/","url":"https:\/\/www.meydan.tv\/az\/article\/uzlenmis-binalara-gozetci-qoyulacaq\/","name":"\u00dczl\u0259nmi\u015f binalara g\u00f6z\u0259t\u00e7i qoyulacaq - MEYDAN.TV","isPartOf":{"@id":"https:\/\/www.meydan.tv\/az\/#website"},"primaryImageOfPage":{"@id":"https:\/\/www.meydan.tv\/az\/article\/uzlenmis-binalara-gozetci-qoyulacaq\/#primaryimage"},"image":{"@id":"https:\/\/www.meydan.tv\/az\/article\/uzlenmis-binalara-gozetci-qoyulacaq\/#primaryimage"},"thumbnailUrl":"https:\/\/www.meydan.tv\/wp-content\/uploads\/9052.jpg","datePublished":"2015-05-20T15:50:34+00:00","breadcrumb":{"@id":"https:\/\/www.meydan.tv\/az\/article\/uzlenmis-binalara-gozetci-qoyulacaq\/#breadcrumb"},"inLanguage":"az","potentialAction":[{"@type":"ReadAction","target":["https:\/\/www.meydan.tv\/az\/article\/uzlenmis-binalara-gozetci-qoyulacaq\/"]}]},{"@type":"ImageObject","inLanguage":"az","@id":"https:\/\/www.meydan.tv\/az\/article\/uzlenmis-binalara-gozetci-qoyulacaq\/#primaryimage","url":"https:\/\/www.meydan.tv\/wp-content\/uploads\/9052.jpg","contentUrl":"https:\/\/www.meydan.tv\/wp-content\/uploads\/9052.jpg","width":400,"height":300,"caption":"Source:"},{"@type":"BreadcrumbList","@id":"https:\/\/www.meydan.tv\/az\/article\/uzlenmis-binalara-gozetci-qoyulacaq\/#breadcrumb","itemListElement":[{"@type":"ListItem","position":1,"name":"Ana s\u0259hif\u0259","item":"https:\/\/www.meydan.tv\/az\/"},{"@type":"ListItem","position":2,"name":"X\u0259b\u0259rl\u0259r","item":"https:\/\/www.meydan.tv\/az\/section\/xeberler\/"},{"@type":"ListItem","position":3,"name":"\u00dczl\u0259nmi\u015f binalara g\u00f6z\u0259t\u00e7i qoyulacaq"}]},{"@type":"WebSite","@id":"https:\/\/www.meydan.tv\/az\/#website","url":"https:\/\/www.meydan.tv\/az\/","name":"MEYDAN.TV","description":"Meydan TV Az\u0259rbaycan\u0131n media m\u0259kan\u0131ndak\u0131 alternativ s\u0259sidir","publisher":{"@id":"https:\/\/www.meydan.tv\/az\/#organization"},"potentialAction":[{"@type":"SearchAction","target":{"@type":"EntryPoint","urlTemplate":"https:\/\/www.meydan.tv\/az\/?s={search_term_string}"},"query-input":{"@type":"PropertyValueSpecification","valueRequired":true,"valueName":"search_term_string"}}],"inLanguage":"az"},{"@type":"Organization","@id":"https:\/\/www.meydan.tv\/az\/#organization","name":"Meydan TV","url":"https:\/\/www.meydan.tv\/az\/","logo":{"@type":"ImageObject","inLanguage":"az","@id":"https:\/\/www.meydan.tv\/az\/#\/schema\/logo\/image\/","url":"https:\/\/www.meydan.tv\/wp-content\/uploads\/2021\/07\/meydan-logo.svg","contentUrl":"https:\/\/www.meydan.tv\/wp-content\/uploads\/2021\/07\/meydan-logo.svg","width":195,"height":46,"caption":"Meydan TV"},"image":{"@id":"https:\/\/www.meydan.tv\/az\/#\/schema\/logo\/image\/"}},{"@type":"Person","@id":"https:\/\/www.meydan.tv\/az\/#\/schema\/person\/10d11eccf6da3662cf5fdab9806ea91a","name":"user-manager"}]}},"_links":{"self":[{"href":"https:\/\/www.meydan.tv\/az\/wp-json\/wp\/v2\/posts\/167994","targetHints":{"allow":["GET"]}}],"collection":[{"href":"https:\/\/www.meydan.tv\/az\/wp-json\/wp\/v2\/posts"}],"about":[{"href":"https:\/\/www.meydan.tv\/az\/wp-json\/wp\/v2\/types\/post"}],"author":[{"embeddable":true,"href":"https:\/\/www.meydan.tv\/az\/wp-json\/wp\/v2\/users\/11"}],"replies":[{"embeddable":true,"href":"https:\/\/www.meydan.tv\/az\/wp-json\/wp\/v2\/comments?post=167994"}],"version-history":[{"count":0,"href":"https:\/\/www.meydan.tv\/az\/wp-json\/wp\/v2\/posts\/167994\/revisions"}],"wp:featuredmedia":[{"embeddable":true,"href":"https:\/\/www.meydan.tv\/az\/wp-json\/wp\/v2\/media\/24816"}],"wp:attachment":[{"href":"https:\/\/www.meydan.tv\/az\/wp-json\/wp\/v2\/media?parent=167994"}],"wp:term":[{"taxonomy":"category","embeddable":true,"href":"https:\/\/www.meydan.tv\/az\/wp-json\/wp\/v2\/categories?post=167994"},{"taxonomy":"post_tag","embeddable":true,"href":"https:\/\/www.meydan.tv\/az\/wp-json\/wp\/v2\/tags?post=167994"}],"curies":[{"name":"wp","href":"https:\/\/api.w.org\/{rel}","templated":true}]}}