{"id":167993,"date":"2015-05-20T15:28:49","date_gmt":"2015-05-20T15:28:49","guid":{"rendered":"https:\/\/www.meydan.tv\/article\/taleh-xasmemmedovun-mehkemesi-basladi\/"},"modified":"2015-05-20T15:28:49","modified_gmt":"2015-05-20T15:28:49","slug":"taleh-xasmemmedovun-mehkemesi-basladi","status":"publish","type":"post","link":"https:\/\/www.meydan.tv\/az\/article\/taleh-xasmemmedovun-mehkemesi-basladi\/","title":{"rendered":"Taleh Xasm\u0259mm\u0259dovun m\u0259hk\u0259m\u0259si ba\u015flad\u0131"},"content":{"rendered":"<figure class=\"wp-block-image size-large\">\n  <img decoding=\"async\" src=\"https:\/\/www.meydan.tv\/az\/24813\/\" alt=\"\" class=\"wp-image-24813\"\/><figcaption><\/figcaption><\/figure>\n<figure class=\"wp-block-image size-large\">\n  <img decoding=\"async\" src=\"https:\/\/www.meydan.tv\/az\/24813\/\" alt=\"\" class=\"wp-image-24813\"\/><figcaption><\/figcaption><\/figure>\n<p>\n  <i><br \/>\n    H\u00fcquq m\u00fcdafi\u0259\u00e7isi videog\u00f6r\u00fcnt\u00fcl\u0259rin m\u0259hk\u0259m\u0259y\u0259 t\u0259qdim olunmas\u0131n\u0131 ist\u0259di<br \/>\n  <\/i>\n<\/p>\n<p>\n  May\u0131n 20-d\u0259 h\u0259bsd\u0259 olan h\u00fcquq m\u00fcdafi\u0259\u00e7isi Taleh Xasm\u0259mm\u0259dovun G\u00f6y\u00e7ay rayon M\u0259hk\u0259m\u0259sind\u0259 haz\u0131rl\u0131q m\u0259hk\u0259m\u0259si ke\u00e7irilib. Haz\u0131rl\u0131q iclas\u0131na yaln\u0131z h\u00fcquq m\u00fcdafi\u0259\u00e7isinin ail\u0259 \u00fczvl\u0259ri burax\u0131l\u0131b, ba\u015fqa \u015f\u0259xsl\u0259rin, x\u00fcsus\u0259n yerli f\u0259allar\u0131n m\u0259hk\u0259m\u0259 prosesind\u0259 i\u015ftirak\u0131na imkan verilm\u0259yib.\n<\/p>\n<p>\n  Bu bar\u0259d\u0259 Meydan TV-y\u0259 h\u00fcquq m\u00fcdafi\u0259\u00e7isi Oqtay G\u00fclal\u0131yev m\u0259lumat verib. Onun s\u00f6zl\u0259rin\u0259 g\u00f6r\u0259, haz\u0131rl\u0131q iclas\u0131nda ilkin olaraq z\u0259r\u0259r\u00e7\u0259kmi\u015f kimi tan\u0131nan \u015f\u0259xsl\u0259r \u00f6zl\u0259rini t\u0259qdim edibl\u0259r, s\u0259n\u0259d v\u0259 protokollarla tan\u0131\u015fl\u0131q olublar.\n<\/p>\n<p>\n  Taleh Xasm\u0259mm\u0259dov v\u0259sat\u0259tl\u0259 \u00e7\u0131x\u0131\u015f ed\u0259r\u0259k, ba\u015f verdiyi iddia olunan hadis\u0259 zaman\u0131 polis idar\u0259sind\u0259ki v\u0259 mebel ma\u011fazas\u0131n\u0131n qar\u015f\u0131s\u0131ndak\u0131 m\u00fc\u015fahid\u0259 kameralar\u0131n\u0131n yadda\u015f\u0131na k\u00f6\u00e7\u00fcr\u00fclm\u00fc\u015f video g\u00f6r\u00fcnt\u00fcl\u0259rin m\u0259hk\u0259m\u0259y\u0259 t\u0259qdim olunmas\u0131n\u0131, el\u0259c\u0259 d\u0259 \u015fahidl\u0259rin dindirilm\u0259sini ist\u0259yib.\n<\/p>\n<p>\n  Hakim v\u0259sat\u0259tl\u0259ri q\u0259bul edib.\n<\/p>\n<p>\n  M\u0259hk\u0259m\u0259d\u0259 Taleh Xasm\u0259mm\u0259dov v\u0259kild\u0259n imtina edib v\u0259 \u00f6z h\u00fcquqlar\u0131n\u0131 \u00f6z\u00fc m\u00fcdafi\u0259 edib.\n<\/p>\n<p>\n  N\u00f6vb\u0259ti proses may\u0131n 26- na t\u0259yin olunub.\n<\/p>\n<p>\n  H\u00fcquq m\u00fcdafi\u0259\u00e7isi Taleh Xasm\u0259mm\u0259dov bu ilin 24 fevral\u0131nda G\u00f6y\u00e7ayda h\u0259bs olunub. O, Cinay\u0259t M\u0259c\u0259ll\u0259sinin\u00a0 221.2.2- ci madd\u0259si il\u0259 ittiham olunur. Yerli f\u0259allar\u0131n v\u0259 m\u00fcst\u0259qil h\u00fcquq m\u00fcdafi\u0259\u00e7il\u0259rinin q\u0259na\u0259tin\u0259 g\u00f6r\u0259, bloq\u00e7u v\u0259 h\u00fcquq m\u00fcdafi\u0259 f\u0259aliyy\u0259ti il\u0259 m\u0259\u015f\u011ful olan T. Xasm\u0259mm\u0259dov G\u00f6y\u00e7ayda ba\u015f ver\u0259n \u00f6zba\u015f\u0131nal\u0131q, qanunsuzluq v\u0259 korrupsiya hallar\u0131n\u0131 t\u0259nqid etdiyi \u00fc\u00e7\u00fcn rayon \u0130cra Hakimiyy\u0259tinin ba\u015f\u00e7\u0131s\u0131 M\u00fcbariz A\u011fayevin g\u00f6st\u0259ri\u015fi il\u0259 \u015f\u0259rl\u0259n\u0259r\u0259k h\u0259bs olunub.\n<\/p>\n<div>\n<div>\n      Siyasi m\u0259hbuslar\u0131n siyah\u0131s\u0131n\u0131 haz\u0131rlayan i\u015f\u00e7i qrup bu yax\u0131nlarda Taleh Xasm\u0259mm\u0259dovu siyasi m\u0259hbus elan edib.\n    <\/div>\n<\/p><\/div><\/p>\n","protected":false},"excerpt":{"rendered":"<p>H\u00fcquq m\u00fcdafi\u0259\u00e7isi videog\u00f6r\u00fcnt\u00fcl\u0259rin m\u0259hk\u0259m\u0259y\u0259 t\u0259qdim olunmas\u0131n\u0131 ist\u0259di<\/p>\n","protected":false},"author":11,"featured_media":24813,"comment_status":"closed","ping_status":"open","sticky":false,"template":"","format":"standard","meta":{"_acf_changed":false,"_sitemap_exclude":false,"_sitemap_priority":"","_sitemap_frequency":"","footnotes":""},"categories":[56],"tags":[],"class_list":["post-167993","post","type-post","status-publish","format-standard","has-post-thumbnail","hentry","category-xeberler","infinite-scroll-item","generate-columns","tablet-grid-50","mobile-grid-100","grid-parent","grid-33","no-featured-image-padding"],"acf":[],"yoast_head":"<!-- This site is optimized with the Yoast SEO plugin v28.4 - https:\/\/yoast.com\/product\/yoast-seo-wordpress\/ -->\n<title>Taleh Xasm\u0259mm\u0259dovun m\u0259hk\u0259m\u0259si ba\u015flad\u0131 - MEYDAN.TV<\/title>\n<meta name=\"robots\" content=\"index, follow, max-snippet:-1, max-image-preview:large, max-video-preview:-1\" \/>\n<link rel=\"canonical\" href=\"https:\/\/www.meydan.tv\/az\/article\/taleh-xasmemmedovun-mehkemesi-basladi\/\" \/>\n<meta property=\"og:locale\" content=\"az_AZ\" \/>\n<meta property=\"og:type\" content=\"article\" \/>\n<meta property=\"og:title\" content=\"Taleh Xasm\u0259mm\u0259dovun m\u0259hk\u0259m\u0259si ba\u015flad\u0131 - MEYDAN.TV\" \/>\n<meta property=\"og:description\" content=\"H\u00fcquq m\u00fcdafi\u0259\u00e7isi videog\u00f6r\u00fcnt\u00fcl\u0259rin m\u0259hk\u0259m\u0259y\u0259 t\u0259qdim olunmas\u0131n\u0131 ist\u0259di\" \/>\n<meta property=\"og:url\" content=\"https:\/\/www.meydan.tv\/az\/article\/taleh-xasmemmedovun-mehkemesi-basladi\/\" \/>\n<meta property=\"og:site_name\" content=\"MEYDAN.TV\" \/>\n<meta property=\"article:published_time\" content=\"2015-05-20T15:28:49+00:00\" \/>\n<meta property=\"og:image\" content=\"https:\/\/www.meydan.tv\/wp-content\/uploads\/9051.jpg\" \/>\n\t<meta property=\"og:image:width\" content=\"333\" \/>\n\t<meta property=\"og:image:height\" content=\"250\" \/>\n\t<meta property=\"og:image:type\" content=\"image\/jpeg\" \/>\n<meta name=\"twitter:card\" content=\"summary_large_image\" \/>\n<!-- \/ Yoast SEO plugin. -->","yoast_head_json":{"title":"Taleh Xasm\u0259mm\u0259dovun m\u0259hk\u0259m\u0259si ba\u015flad\u0131 - MEYDAN.TV","robots":{"index":"index","follow":"follow","max-snippet":"max-snippet:-1","max-image-preview":"max-image-preview:large","max-video-preview":"max-video-preview:-1"},"canonical":"https:\/\/www.meydan.tv\/az\/article\/taleh-xasmemmedovun-mehkemesi-basladi\/","og_locale":"az_AZ","og_type":"article","og_title":"Taleh Xasm\u0259mm\u0259dovun m\u0259hk\u0259m\u0259si ba\u015flad\u0131 - MEYDAN.TV","og_description":"H\u00fcquq m\u00fcdafi\u0259\u00e7isi videog\u00f6r\u00fcnt\u00fcl\u0259rin m\u0259hk\u0259m\u0259y\u0259 t\u0259qdim olunmas\u0131n\u0131 ist\u0259di","og_url":"https:\/\/www.meydan.tv\/az\/article\/taleh-xasmemmedovun-mehkemesi-basladi\/","og_site_name":"MEYDAN.TV","article_published_time":"2015-05-20T15:28:49+00:00","og_image":[{"width":333,"height":250,"url":"https:\/\/www.meydan.tv\/wp-content\/uploads\/9051.jpg","type":"image\/jpeg"}],"twitter_card":"summary_large_image","schema":{"@context":"https:\/\/schema.org","@graph":[{"@type":"Article","@id":"https:\/\/www.meydan.tv\/az\/article\/taleh-xasmemmedovun-mehkemesi-basladi\/#article","isPartOf":{"@id":"https:\/\/www.meydan.tv\/az\/article\/taleh-xasmemmedovun-mehkemesi-basladi\/"},"author":{"name":"user-manager","@id":"https:\/\/www.meydan.tv\/az\/#\/schema\/person\/10d11eccf6da3662cf5fdab9806ea91a"},"headline":"Taleh Xasm\u0259mm\u0259dovun m\u0259hk\u0259m\u0259si ba\u015flad\u0131","datePublished":"2015-05-20T15:28:49+00:00","mainEntityOfPage":{"@id":"https:\/\/www.meydan.tv\/az\/article\/taleh-xasmemmedovun-mehkemesi-basladi\/"},"wordCount":393,"publisher":{"@id":"https:\/\/www.meydan.tv\/az\/#organization"},"image":{"@id":"https:\/\/www.meydan.tv\/az\/article\/taleh-xasmemmedovun-mehkemesi-basladi\/#primaryimage"},"thumbnailUrl":"https:\/\/www.meydan.tv\/wp-content\/uploads\/9051.jpg","articleSection":["X\u0259b\u0259rl\u0259r"],"inLanguage":"az"},{"@type":"WebPage","@id":"https:\/\/www.meydan.tv\/az\/article\/taleh-xasmemmedovun-mehkemesi-basladi\/","url":"https:\/\/www.meydan.tv\/az\/article\/taleh-xasmemmedovun-mehkemesi-basladi\/","name":"Taleh Xasm\u0259mm\u0259dovun m\u0259hk\u0259m\u0259si ba\u015flad\u0131 - MEYDAN.TV","isPartOf":{"@id":"https:\/\/www.meydan.tv\/az\/#website"},"primaryImageOfPage":{"@id":"https:\/\/www.meydan.tv\/az\/article\/taleh-xasmemmedovun-mehkemesi-basladi\/#primaryimage"},"image":{"@id":"https:\/\/www.meydan.tv\/az\/article\/taleh-xasmemmedovun-mehkemesi-basladi\/#primaryimage"},"thumbnailUrl":"https:\/\/www.meydan.tv\/wp-content\/uploads\/9051.jpg","datePublished":"2015-05-20T15:28:49+00:00","breadcrumb":{"@id":"https:\/\/www.meydan.tv\/az\/article\/taleh-xasmemmedovun-mehkemesi-basladi\/#breadcrumb"},"inLanguage":"az","potentialAction":[{"@type":"ReadAction","target":["https:\/\/www.meydan.tv\/az\/article\/taleh-xasmemmedovun-mehkemesi-basladi\/"]}]},{"@type":"ImageObject","inLanguage":"az","@id":"https:\/\/www.meydan.tv\/az\/article\/taleh-xasmemmedovun-mehkemesi-basladi\/#primaryimage","url":"https:\/\/www.meydan.tv\/wp-content\/uploads\/9051.jpg","contentUrl":"https:\/\/www.meydan.tv\/wp-content\/uploads\/9051.jpg","width":333,"height":250,"caption":"Source:"},{"@type":"BreadcrumbList","@id":"https:\/\/www.meydan.tv\/az\/article\/taleh-xasmemmedovun-mehkemesi-basladi\/#breadcrumb","itemListElement":[{"@type":"ListItem","position":1,"name":"Ana s\u0259hif\u0259","item":"https:\/\/www.meydan.tv\/az\/"},{"@type":"ListItem","position":2,"name":"X\u0259b\u0259rl\u0259r","item":"https:\/\/www.meydan.tv\/az\/section\/xeberler\/"},{"@type":"ListItem","position":3,"name":"Taleh Xasm\u0259mm\u0259dovun m\u0259hk\u0259m\u0259si ba\u015flad\u0131"}]},{"@type":"WebSite","@id":"https:\/\/www.meydan.tv\/az\/#website","url":"https:\/\/www.meydan.tv\/az\/","name":"MEYDAN.TV","description":"Meydan TV Az\u0259rbaycan\u0131n media m\u0259kan\u0131ndak\u0131 alternativ s\u0259sidir","publisher":{"@id":"https:\/\/www.meydan.tv\/az\/#organization"},"potentialAction":[{"@type":"SearchAction","target":{"@type":"EntryPoint","urlTemplate":"https:\/\/www.meydan.tv\/az\/?s={search_term_string}"},"query-input":{"@type":"PropertyValueSpecification","valueRequired":true,"valueName":"search_term_string"}}],"inLanguage":"az"},{"@type":"Organization","@id":"https:\/\/www.meydan.tv\/az\/#organization","name":"Meydan TV","url":"https:\/\/www.meydan.tv\/az\/","logo":{"@type":"ImageObject","inLanguage":"az","@id":"https:\/\/www.meydan.tv\/az\/#\/schema\/logo\/image\/","url":"https:\/\/www.meydan.tv\/wp-content\/uploads\/2021\/07\/meydan-logo.svg","contentUrl":"https:\/\/www.meydan.tv\/wp-content\/uploads\/2021\/07\/meydan-logo.svg","width":195,"height":46,"caption":"Meydan TV"},"image":{"@id":"https:\/\/www.meydan.tv\/az\/#\/schema\/logo\/image\/"}},{"@type":"Person","@id":"https:\/\/www.meydan.tv\/az\/#\/schema\/person\/10d11eccf6da3662cf5fdab9806ea91a","name":"user-manager"}]}},"_links":{"self":[{"href":"https:\/\/www.meydan.tv\/az\/wp-json\/wp\/v2\/posts\/167993","targetHints":{"allow":["GET"]}}],"collection":[{"href":"https:\/\/www.meydan.tv\/az\/wp-json\/wp\/v2\/posts"}],"about":[{"href":"https:\/\/www.meydan.tv\/az\/wp-json\/wp\/v2\/types\/post"}],"author":[{"embeddable":true,"href":"https:\/\/www.meydan.tv\/az\/wp-json\/wp\/v2\/users\/11"}],"replies":[{"embeddable":true,"href":"https:\/\/www.meydan.tv\/az\/wp-json\/wp\/v2\/comments?post=167993"}],"version-history":[{"count":0,"href":"https:\/\/www.meydan.tv\/az\/wp-json\/wp\/v2\/posts\/167993\/revisions"}],"wp:featuredmedia":[{"embeddable":true,"href":"https:\/\/www.meydan.tv\/az\/wp-json\/wp\/v2\/media\/24813"}],"wp:attachment":[{"href":"https:\/\/www.meydan.tv\/az\/wp-json\/wp\/v2\/media?parent=167993"}],"wp:term":[{"taxonomy":"category","embeddable":true,"href":"https:\/\/www.meydan.tv\/az\/wp-json\/wp\/v2\/categories?post=167993"},{"taxonomy":"post_tag","embeddable":true,"href":"https:\/\/www.meydan.tv\/az\/wp-json\/wp\/v2\/tags?post=167993"}],"curies":[{"name":"wp","href":"https:\/\/api.w.org\/{rel}","templated":true}]}}