{"id":167991,"date":"2015-05-20T13:26:57","date_gmt":"2015-05-20T13:26:57","guid":{"rendered":"https:\/\/www.meydan.tv\/article\/prezident-yangin-bas-veren-erazide-olub\/"},"modified":"2015-05-20T13:26:57","modified_gmt":"2015-05-20T13:26:57","slug":"prezident-yangin-bas-veren-erazide-olub","status":"publish","type":"post","link":"https:\/\/www.meydan.tv\/az\/article\/prezident-yangin-bas-veren-erazide-olub\/","title":{"rendered":"Prezident yan\u011f\u0131n ba\u015f ver\u0259n \u0259razid\u0259 olub"},"content":{"rendered":"<figure class=\"wp-block-image size-large\">\n  <img decoding=\"async\" src=\"https:\/\/www.meydan.tv\/az\/24807\/\" alt=\"\" class=\"wp-image-24807\"\/><figcaption><\/figcaption><\/figure>\n<figure class=\"wp-block-image size-large\">\n  <img decoding=\"async\" src=\"https:\/\/www.meydan.tv\/az\/24807\/\" alt=\"\" class=\"wp-image-24807\"\/><figcaption><\/figcaption><\/figure>\n<p><div>\n    <i><br \/>\n      D\u00f6vl\u0259t ba\u015f\u00e7\u0131s\u0131 faci\u0259nin n\u0259tic\u0259l\u0259rinin aradan qald\u0131r\u0131lmas\u0131, hadis\u0259 n\u0259tic\u0259sind\u0259 z\u0259r\u0259r\u00e7\u0259k\u0259nl\u0259r\u0259 h\u0259r c\u00fcr yard\u0131m g\u00f6st\u0259rilm\u0259si il\u0259 ba\u011fl\u0131 laz\u0131mi tap\u015f\u0131r\u0131qlar verib<br \/>\n    <\/i>\n  <\/div>\n<\/p>\n<p><div><\/div>\n<\/p>\n<p><div>\n    Az\u0259rbaycan prezidenti \u0130lham \u018fliyev may\u0131n 20-d\u0259 Bak\u0131n\u0131n Bin\u0259q\u0259di rayonunda \u00e7oxm\u0259rt\u0259b\u0259li binada yan\u011f\u0131n\u0131n ba\u015f verdiyi \u0259razid\u0259 olub.\n  <\/div>\n<\/p>\n<p>\n  <a href=\"https:\/\/apa.az\/\"><br \/>\n    APA<br \/>\n  <\/a><br \/>\n  -n\u0131n m\u0259lumat\u0131na g\u00f6r\u0259, prezident yanan binaya bax\u0131\u015f ke\u00e7irib, ba\u015f ver\u0259n hadis\u0259 il\u0259 maraqlan\u0131b.\n<\/p>\n<p>\n  D\u00f6vl\u0259t ba\u015f\u00e7\u0131s\u0131 faci\u0259nin n\u0259tic\u0259l\u0259rinin aradan qald\u0131r\u0131lmas\u0131, hadis\u0259 n\u0259tic\u0259sind\u0259 z\u0259r\u0259r\u00e7\u0259k\u0259nl\u0259r\u0259 h\u0259r c\u00fcr yard\u0131m g\u00f6st\u0259rilm\u0259si il\u0259 ba\u011fl\u0131 laz\u0131mi tap\u015f\u0131r\u0131qlar verib.\n<\/p>\n<p>\n  May\u0131n 19-da ba\u015f vermi\u015f yan\u011f\u0131n n\u0259tic\u0259sind\u0259 15 n\u0259f\u0259r \u00f6l\u00fcb, 50 n\u0259f\u0259r x\u0259sar\u0259t al\u0131b.<\/p>\n","protected":false},"excerpt":{"rendered":"<p>D\u00f6vl\u0259t ba\u015f\u00e7\u0131s\u0131 faci\u0259nin n\u0259tic\u0259l\u0259rinin aradan qald\u0131r\u0131lmas\u0131, hadis\u0259 n\u0259tic\u0259sind\u0259 z\u0259r\u0259r\u00e7\u0259k\u0259nl\u0259r\u0259 h\u0259r c\u00fcr yard\u0131m g\u00f6st\u0259rilm\u0259si il\u0259 ba\u011fl\u0131 laz\u0131mi tap\u015f\u0131r\u0131qlar verib<\/p>\n","protected":false},"author":11,"featured_media":24807,"comment_status":"closed","ping_status":"open","sticky":false,"template":"","format":"standard","meta":{"_acf_changed":false,"_sitemap_exclude":false,"_sitemap_priority":"","_sitemap_frequency":"","footnotes":""},"categories":[56],"tags":[],"class_list":["post-167991","post","type-post","status-publish","format-standard","has-post-thumbnail","hentry","category-xeberler","infinite-scroll-item","generate-columns","tablet-grid-50","mobile-grid-100","grid-parent","grid-33","no-featured-image-padding"],"acf":[],"yoast_head":"<!-- This site is optimized with the Yoast SEO plugin v28.4 - https:\/\/yoast.com\/product\/yoast-seo-wordpress\/ -->\n<title>Prezident yan\u011f\u0131n ba\u015f ver\u0259n \u0259razid\u0259 olub - MEYDAN.TV<\/title>\n<meta name=\"robots\" content=\"index, follow, max-snippet:-1, max-image-preview:large, max-video-preview:-1\" \/>\n<link rel=\"canonical\" href=\"https:\/\/www.meydan.tv\/az\/article\/prezident-yangin-bas-veren-erazide-olub\/\" \/>\n<meta property=\"og:locale\" content=\"az_AZ\" \/>\n<meta property=\"og:type\" content=\"article\" \/>\n<meta property=\"og:title\" content=\"Prezident yan\u011f\u0131n ba\u015f ver\u0259n \u0259razid\u0259 olub - MEYDAN.TV\" \/>\n<meta property=\"og:description\" content=\"D\u00f6vl\u0259t ba\u015f\u00e7\u0131s\u0131 faci\u0259nin n\u0259tic\u0259l\u0259rinin aradan qald\u0131r\u0131lmas\u0131, hadis\u0259 n\u0259tic\u0259sind\u0259 z\u0259r\u0259r\u00e7\u0259k\u0259nl\u0259r\u0259 h\u0259r c\u00fcr yard\u0131m g\u00f6st\u0259rilm\u0259si il\u0259 ba\u011fl\u0131 laz\u0131mi tap\u015f\u0131r\u0131qlar verib\" \/>\n<meta property=\"og:url\" content=\"https:\/\/www.meydan.tv\/az\/article\/prezident-yangin-bas-veren-erazide-olub\/\" \/>\n<meta property=\"og:site_name\" content=\"MEYDAN.TV\" \/>\n<meta property=\"article:published_time\" content=\"2015-05-20T13:26:57+00:00\" \/>\n<meta property=\"og:image\" content=\"https:\/\/www.meydan.tv\/wp-content\/uploads\/9048.jpg\" \/>\n\t<meta property=\"og:image:width\" content=\"400\" \/>\n\t<meta property=\"og:image:height\" content=\"300\" \/>\n\t<meta property=\"og:image:type\" content=\"image\/jpeg\" \/>\n<meta name=\"twitter:card\" content=\"summary_large_image\" \/>\n<!-- \/ Yoast SEO plugin. -->","yoast_head_json":{"title":"Prezident yan\u011f\u0131n ba\u015f ver\u0259n \u0259razid\u0259 olub - MEYDAN.TV","robots":{"index":"index","follow":"follow","max-snippet":"max-snippet:-1","max-image-preview":"max-image-preview:large","max-video-preview":"max-video-preview:-1"},"canonical":"https:\/\/www.meydan.tv\/az\/article\/prezident-yangin-bas-veren-erazide-olub\/","og_locale":"az_AZ","og_type":"article","og_title":"Prezident yan\u011f\u0131n ba\u015f ver\u0259n \u0259razid\u0259 olub - MEYDAN.TV","og_description":"D\u00f6vl\u0259t ba\u015f\u00e7\u0131s\u0131 faci\u0259nin n\u0259tic\u0259l\u0259rinin aradan qald\u0131r\u0131lmas\u0131, hadis\u0259 n\u0259tic\u0259sind\u0259 z\u0259r\u0259r\u00e7\u0259k\u0259nl\u0259r\u0259 h\u0259r c\u00fcr yard\u0131m g\u00f6st\u0259rilm\u0259si il\u0259 ba\u011fl\u0131 laz\u0131mi tap\u015f\u0131r\u0131qlar verib","og_url":"https:\/\/www.meydan.tv\/az\/article\/prezident-yangin-bas-veren-erazide-olub\/","og_site_name":"MEYDAN.TV","article_published_time":"2015-05-20T13:26:57+00:00","og_image":[{"width":400,"height":300,"url":"https:\/\/www.meydan.tv\/wp-content\/uploads\/9048.jpg","type":"image\/jpeg"}],"twitter_card":"summary_large_image","schema":{"@context":"https:\/\/schema.org","@graph":[{"@type":"Article","@id":"https:\/\/www.meydan.tv\/az\/article\/prezident-yangin-bas-veren-erazide-olub\/#article","isPartOf":{"@id":"https:\/\/www.meydan.tv\/az\/article\/prezident-yangin-bas-veren-erazide-olub\/"},"author":{"name":"user-manager","@id":"https:\/\/www.meydan.tv\/az\/#\/schema\/person\/10d11eccf6da3662cf5fdab9806ea91a"},"headline":"Prezident yan\u011f\u0131n ba\u015f ver\u0259n \u0259razid\u0259 olub","datePublished":"2015-05-20T13:26:57+00:00","mainEntityOfPage":{"@id":"https:\/\/www.meydan.tv\/az\/article\/prezident-yangin-bas-veren-erazide-olub\/"},"wordCount":167,"publisher":{"@id":"https:\/\/www.meydan.tv\/az\/#organization"},"image":{"@id":"https:\/\/www.meydan.tv\/az\/article\/prezident-yangin-bas-veren-erazide-olub\/#primaryimage"},"thumbnailUrl":"https:\/\/www.meydan.tv\/wp-content\/uploads\/9048.jpg","articleSection":["X\u0259b\u0259rl\u0259r"],"inLanguage":"az"},{"@type":"WebPage","@id":"https:\/\/www.meydan.tv\/az\/article\/prezident-yangin-bas-veren-erazide-olub\/","url":"https:\/\/www.meydan.tv\/az\/article\/prezident-yangin-bas-veren-erazide-olub\/","name":"Prezident yan\u011f\u0131n ba\u015f ver\u0259n \u0259razid\u0259 olub - MEYDAN.TV","isPartOf":{"@id":"https:\/\/www.meydan.tv\/az\/#website"},"primaryImageOfPage":{"@id":"https:\/\/www.meydan.tv\/az\/article\/prezident-yangin-bas-veren-erazide-olub\/#primaryimage"},"image":{"@id":"https:\/\/www.meydan.tv\/az\/article\/prezident-yangin-bas-veren-erazide-olub\/#primaryimage"},"thumbnailUrl":"https:\/\/www.meydan.tv\/wp-content\/uploads\/9048.jpg","datePublished":"2015-05-20T13:26:57+00:00","breadcrumb":{"@id":"https:\/\/www.meydan.tv\/az\/article\/prezident-yangin-bas-veren-erazide-olub\/#breadcrumb"},"inLanguage":"az","potentialAction":[{"@type":"ReadAction","target":["https:\/\/www.meydan.tv\/az\/article\/prezident-yangin-bas-veren-erazide-olub\/"]}]},{"@type":"ImageObject","inLanguage":"az","@id":"https:\/\/www.meydan.tv\/az\/article\/prezident-yangin-bas-veren-erazide-olub\/#primaryimage","url":"https:\/\/www.meydan.tv\/wp-content\/uploads\/9048.jpg","contentUrl":"https:\/\/www.meydan.tv\/wp-content\/uploads\/9048.jpg","width":400,"height":300,"caption":"Source:"},{"@type":"BreadcrumbList","@id":"https:\/\/www.meydan.tv\/az\/article\/prezident-yangin-bas-veren-erazide-olub\/#breadcrumb","itemListElement":[{"@type":"ListItem","position":1,"name":"Ana s\u0259hif\u0259","item":"https:\/\/www.meydan.tv\/az\/"},{"@type":"ListItem","position":2,"name":"X\u0259b\u0259rl\u0259r","item":"https:\/\/www.meydan.tv\/az\/section\/xeberler\/"},{"@type":"ListItem","position":3,"name":"Prezident yan\u011f\u0131n ba\u015f ver\u0259n \u0259razid\u0259 olub"}]},{"@type":"WebSite","@id":"https:\/\/www.meydan.tv\/az\/#website","url":"https:\/\/www.meydan.tv\/az\/","name":"MEYDAN.TV","description":"Meydan TV Az\u0259rbaycan\u0131n media m\u0259kan\u0131ndak\u0131 alternativ s\u0259sidir","publisher":{"@id":"https:\/\/www.meydan.tv\/az\/#organization"},"potentialAction":[{"@type":"SearchAction","target":{"@type":"EntryPoint","urlTemplate":"https:\/\/www.meydan.tv\/az\/?s={search_term_string}"},"query-input":{"@type":"PropertyValueSpecification","valueRequired":true,"valueName":"search_term_string"}}],"inLanguage":"az"},{"@type":"Organization","@id":"https:\/\/www.meydan.tv\/az\/#organization","name":"Meydan TV","url":"https:\/\/www.meydan.tv\/az\/","logo":{"@type":"ImageObject","inLanguage":"az","@id":"https:\/\/www.meydan.tv\/az\/#\/schema\/logo\/image\/","url":"https:\/\/www.meydan.tv\/wp-content\/uploads\/2021\/07\/meydan-logo.svg","contentUrl":"https:\/\/www.meydan.tv\/wp-content\/uploads\/2021\/07\/meydan-logo.svg","width":195,"height":46,"caption":"Meydan TV"},"image":{"@id":"https:\/\/www.meydan.tv\/az\/#\/schema\/logo\/image\/"}},{"@type":"Person","@id":"https:\/\/www.meydan.tv\/az\/#\/schema\/person\/10d11eccf6da3662cf5fdab9806ea91a","name":"user-manager"}]}},"_links":{"self":[{"href":"https:\/\/www.meydan.tv\/az\/wp-json\/wp\/v2\/posts\/167991","targetHints":{"allow":["GET"]}}],"collection":[{"href":"https:\/\/www.meydan.tv\/az\/wp-json\/wp\/v2\/posts"}],"about":[{"href":"https:\/\/www.meydan.tv\/az\/wp-json\/wp\/v2\/types\/post"}],"author":[{"embeddable":true,"href":"https:\/\/www.meydan.tv\/az\/wp-json\/wp\/v2\/users\/11"}],"replies":[{"embeddable":true,"href":"https:\/\/www.meydan.tv\/az\/wp-json\/wp\/v2\/comments?post=167991"}],"version-history":[{"count":0,"href":"https:\/\/www.meydan.tv\/az\/wp-json\/wp\/v2\/posts\/167991\/revisions"}],"wp:featuredmedia":[{"embeddable":true,"href":"https:\/\/www.meydan.tv\/az\/wp-json\/wp\/v2\/media\/24807"}],"wp:attachment":[{"href":"https:\/\/www.meydan.tv\/az\/wp-json\/wp\/v2\/media?parent=167991"}],"wp:term":[{"taxonomy":"category","embeddable":true,"href":"https:\/\/www.meydan.tv\/az\/wp-json\/wp\/v2\/categories?post=167991"},{"taxonomy":"post_tag","embeddable":true,"href":"https:\/\/www.meydan.tv\/az\/wp-json\/wp\/v2\/tags?post=167991"}],"curies":[{"name":"wp","href":"https:\/\/api.w.org\/{rel}","templated":true}]}}