{"id":167990,"date":"2015-05-20T14:29:31","date_gmt":"2015-05-20T14:29:31","guid":{"rendered":"https:\/\/www.meydan.tv\/article\/yanginda-olenlerin-harada-defn-edileceyi-belli-oldu\/"},"modified":"2015-05-20T14:29:31","modified_gmt":"2015-05-20T14:29:31","slug":"yanginda-olenlerin-harada-defn-edileceyi-belli-oldu","status":"publish","type":"post","link":"https:\/\/www.meydan.tv\/az\/article\/yanginda-olenlerin-harada-defn-edileceyi-belli-oldu\/","title":{"rendered":"Yan\u011f\u0131nda \u00f6l\u0259nl\u0259rin harada d\u0259fn edil\u0259c\u0259yi b\u0259lli oldu"},"content":{"rendered":"<figure class=\"wp-block-image size-large\">\n  <img decoding=\"async\" src=\"https:\/\/www.meydan.tv\/az\/24810\/\" alt=\"\" class=\"wp-image-24810\"\/><figcaption><\/figcaption><\/figure>\n<figure class=\"wp-block-image size-large\">\n  <img decoding=\"async\" src=\"https:\/\/www.meydan.tv\/az\/24810\/\" alt=\"\" class=\"wp-image-24810\"\/><figcaption><\/figcaption><\/figure>\n<p>\n  <i><br \/>\n    H\u0259r bir d\u0259fn m\u0259rasimi v\u0259 d\u0259fnin x\u0259rcl\u0259ri m\u00fcvafiq rayon icra hakimiyy\u0259ti t\u0259r\u0259find\u0259n qar\u015f\u0131lanacaq<br \/>\n  <\/i>\n<\/p>\n<p>\n  D\u00fcn\u0259n Bin\u0259q\u0259di rayonu, Azadl\u0131q prospektind\u0259 yanan binada d\u00fcnyas\u0131n\u0131 d\u0259yi\u015f\u0259nl\u0259rin harada d\u0259fn edil\u0259c\u0259yi b\u0259lli olub.\n<\/p>\n<p>\n  Bin\u0259q\u0259di Rayon \u0130cra Hakimiyy\u0259tinin ictimai-siyasi v\u0259 humanitar m\u0259s\u0259l\u0259l\u0259r \u015f\u00f6b\u0259sinin m\u00fcdiri Nurid\u0259 Allahyarova<br \/>\n  <a href=\"http:\/\/lent.az\/\"><br \/>\n    Lent.az<br \/>\n  <\/a><br \/>\n  -a deyib ki, d\u00fcnyas\u0131n\u0131 d\u0259yi\u015f\u0259n \u015f\u0259xsl\u0259rd\u0259n ikisi Bin\u0259q\u0259di rayonunda d\u0259fn edil\u0259c\u0259k.\n<\/p>\n<p>\n  \u015e\u00f6b\u0259 m\u00fcdiri qeyd edib ki, d\u00fcnyas\u0131n\u0131 d\u0259yi\u015f\u0259n dig\u0259r \u015f\u0259xsl\u0259r do\u011fulduqlar\u0131 v\u0259 ya yax\u0131nlar\u0131n\u0131n d\u0259fn edildikl\u0259ri rayonlarda torpa\u011fa tap\u015f\u0131r\u0131lacaqlar: \u201cBalaca F\u0259r\u0259h Qubada d\u0259fn edil\u0259c\u0259k. Yas m\u0259rasimi is\u0259 Xa\u00e7mazda veril\u0259c\u0259k. \u00d6lk\u0259 ba\u015f\u00e7\u0131s\u0131n\u0131n g\u00f6st\u0259ri\u015fin\u0259 \u0259sas\u0259n h\u0259r bir d\u0259fn m\u0259rasimi v\u0259 d\u0259fnin x\u0259rcl\u0259ri m\u00fcvafiq rayon icra hakimiyy\u0259ti t\u0259r\u0259find\u0259n qar\u015f\u0131lanacaq\u201d.\n<\/p>\n<p>\n  <b><br \/>\n    200\/36 sayl\u0131 binada h\u0259lak olanlar\u0131n<br \/>\n  <\/b>\n<\/p>\n<p>\n  <b><br \/>\n    S \u0130 Y A H I S I<br \/>\n  <\/b>\n<\/p>\n<\/p>\n<table>\n<tbody>\n<tr>\n<td>\n<p>\n            <b><br \/>\n              \u2116<br \/>\n            <\/b>\n          <\/p>\n<\/td>\n<td>\n<p>\n            <b><br \/>\n              \u00a0H\u0259lak olan\u0131n A.S.A<br \/>\n            <\/b>\n          <\/p>\n<\/td>\n<td>\n<p>\n            <b><br \/>\n              T\u0259v\u0259ll\u00fcd<br \/>\n            <\/b>\n          <\/p>\n<\/td>\n<td>\n<p>\n            <b><br \/>\n              M\u0259nzil<br \/>\n            <\/b>\n          <\/p>\n<\/td>\n<td>\n<p>\n            <b><br \/>\n              Yerl\u0259\u015fdiyi morq v\u0259 d\u0259fn yeri<br \/>\n            <\/b>\n          <\/p>\n<\/td>\n<td>\n<p>\n            <b><br \/>\n              Qeyd<br \/>\n            <\/b>\n          <\/p>\n<\/td>\n<\/tr>\n<tr>\n<td>\n<p>\n            <b><br \/>\n              1.<br \/>\n            <\/b>\n          <\/p>\n<\/td>\n<td>\n<p>\n            Ba\u011f\u0131rov Sahib Rahim\n          <\/p>\n<\/td>\n<td>\n<p>\n            1969\n          <\/p>\n<\/td>\n<td>\n<p>\n            53\n          <\/p>\n<\/td>\n<td>\n<p>\n            Bin\u0259q\u0259di morqu, Badamdar\n          <\/p>\n<\/td>\n<td>\n<\/td>\n<\/tr>\n<tr>\n<td>\n<p>\n            <b><br \/>\n              2.<br \/>\n            <\/b>\n          <\/p>\n<\/td>\n<td>\n<p>\n            Ba\u011f\u0131rova Fir\u0259ngiz Rahim\n          <\/p>\n<\/td>\n<td>\n<p>\n            1955\n          <\/p>\n<\/td>\n<\/tr>\n<tr>\n<td>\n<p>\n            <b><br \/>\n              3.<br \/>\n            <\/b>\n          <\/p>\n<\/td>\n<td>\n<p>\n            Eyvazov Davud Namiq\n          <\/p>\n<\/td>\n<td>\n<p>\n            1999\n          <\/p>\n<\/td>\n<td>\n<p>\n            45\n          <\/p>\n<\/td>\n<td>\n<p>\n            L\u00f6kbatan\n          <\/p>\n<\/td>\n<td>\n<p>\n            D\u0259fn olunublar\n          <\/p>\n<\/td>\n<\/tr>\n<tr>\n<td>\n<p>\n            <b><br \/>\n              4.<br \/>\n            <\/b>\n          <\/p>\n<\/td>\n<td>\n<p>\n            Eyvazova \u00dclk\u0259r Namiq\n          <\/p>\n<\/td>\n<td>\n<p>\n            1995\n          <\/p>\n<\/td>\n<\/tr>\n<tr>\n<td>\n<p>\n            <b><br \/>\n              5.<br \/>\n            <\/b>\n          <\/p>\n<\/td>\n<td>\n<p>\n            \u015eirinova Z\u00fclfiyy\u0259 Yav\u0259r\n          <\/p>\n<\/td>\n<td>\n<p>\n            1972\n          <\/p>\n<\/td>\n<\/tr>\n<tr>\n<td>\n<p>\n            <b><br \/>\n              6.<br \/>\n            <\/b>\n          <\/p>\n<\/td>\n<td>\n<p>\n            K\u0259rimova Nazil\u0259 Malik\n          <\/p>\n<\/td>\n<td>\n<p>\n            1978\n          <\/p>\n<\/td>\n<td>\n<p>\n            55\n          <\/p>\n<\/td>\n<td>\n<p>\n            Masaz\u0131r\n          <\/p>\n<\/td>\n<td>\n<p>\n            20 may tarixind\u0259 d\u0259fn olunacaqlar<br \/>\n            <br \/>\n            R\u0259sulzad\u0259 q\u0259s\u0259b\u0259si, O.Hac\u0131babab\u0259yov\n          <\/p>\n<\/td>\n<\/tr>\n<tr>\n<td>\n<p>\n            <b><br \/>\n              7.<br \/>\n            <\/b>\n          <\/p>\n<\/td>\n<td>\n<p>\n            K\u0259rimova Ayan Anar\n          <\/p>\n<\/td>\n<td>\n<p>\n            2010\n          <\/p>\n<\/td>\n<\/tr>\n<tr>\n<td>\n<p>\n            <b><br \/>\n              8.<br \/>\n            <\/b>\n          <\/p>\n<\/td>\n<td>\n<p>\n            M\u0259h\u0259rr\u0259mova F\u0259r\u0259h\n          <\/p>\n<\/td>\n<td>\n<p>\n            2012\n          <\/p>\n<\/td>\n<td>\n<\/td>\n<td>\n<p>\n            Qubada d\u0259fn olunacaq,\n          <\/p>\n<p>\n            M\u0259rasim Xa\u00e7mazda veril\u0259c\u0259k\n          <\/p>\n<\/td>\n<td>\n<\/td>\n<\/tr>\n<tr>\n<td>\n<p>\n            <b><br \/>\n              9.<br \/>\n            <\/b>\n          <\/p>\n<\/td>\n<td>\n<p>\n            Boykova Lyubov Viktorovna\n          <\/p>\n<\/td>\n<td>\n<p>\n            1928\n          <\/p>\n<\/td>\n<td>\n<p>\n            48\n          <\/p>\n<\/td>\n<td>\n<p>\n            Bin\u0259q\u0259di morqu, Sulut\u0259p\u0259\n          <\/p>\n<\/td>\n<td>\n<\/td>\n<\/tr>\n<tr>\n<td>\n<p>\n            <b><br \/>\n              10.<br \/>\n            <\/b>\n          <\/p>\n<\/td>\n<td>\n<p>\n            Utyu\u015fev Yuri Vladimirovi\u00e7\n          <\/p>\n<\/td>\n<td>\n<p>\n            1948\n          <\/p>\n<\/td>\n<\/tr>\n<tr>\n<td>\n<p>\n            <b><br \/>\n              11.<br \/>\n            <\/b>\n          <\/p>\n<\/td>\n<td>\n<p>\n            H\u0259s\u0259nova Alla Anatoliyevna\n          <\/p>\n<\/td>\n<td>\n<p>\n            1950\n          <\/p>\n<\/td>\n<td>\n<p>\n            23\n          <\/p>\n<\/td>\n<td>\n<p>\n            Yasamal morqu,<br \/>\n            <br \/>\n            Sulut\u0259p\u0259\n          <\/p>\n<\/td>\n<td>\n<\/td>\n<\/tr>\n<tr>\n<td>\n<p>\n            <b><br \/>\n              12.<br \/>\n            <\/b>\n          <\/p>\n<\/td>\n<td>\n<p>\n            H\u00fcseynov Ayxan \u015eahin\n          <\/p>\n<\/td>\n<td>\n<p>\n            2013\n          <\/p>\n<\/td>\n<td>\n<\/td>\n<td>\n<p>\n            Mehdiabad q\u0259s\u0259b\u0259sind\u0259 d\u0259fn olunub\n          <\/p>\n<\/td>\n<td>\n<\/td>\n<\/tr>\n<tr>\n<td>\n<p>\n            <b><br \/>\n              13.<br \/>\n            <\/b>\n          <\/p>\n<\/td>\n<td>\n<p>\n            N\u0259c\u0259fzad\u0259 Ya\u015far\n          <\/p>\n<\/td>\n<td>\n<p>\n            1988\n          <\/p>\n<\/td>\n<td>\n<\/td>\n<td>\n<p>\n            Hac\u0131qabul rayonunda d\u0259fn olunub\n          <\/p>\n<\/td>\n<td>\n<\/td>\n<\/tr>\n<tr>\n<td>\n<p>\n            <b><br \/>\n              14.<br \/>\n            <\/b>\n          <\/p>\n<\/td>\n<td>\n<p>\n            Cavadov \u00d6m\u0259r V\u00fcqar\n          <\/p>\n<\/td>\n<td>\n<p>\n            2014\n          <\/p>\n<\/td>\n<td>\n<\/td>\n<td>\n<p>\n            Sabirabad rayonunda d\u0259fn olunub\n          <\/p>\n<\/td>\n<td>\n<\/td>\n<\/tr>\n<\/tbody>\n<\/table><\/p>\n","protected":false},"excerpt":{"rendered":"<p>H\u0259r bir d\u0259fn m\u0259rasimi v\u0259 d\u0259fnin x\u0259rcl\u0259ri m\u00fcvafiq rayon icra hakimiyy\u0259ti t\u0259r\u0259find\u0259n qar\u015f\u0131lanacaq<\/p>\n","protected":false},"author":11,"featured_media":24810,"comment_status":"closed","ping_status":"open","sticky":false,"template":"","format":"standard","meta":{"_acf_changed":false,"_sitemap_exclude":false,"_sitemap_priority":"","_sitemap_frequency":"","footnotes":""},"categories":[56],"tags":[],"class_list":["post-167990","post","type-post","status-publish","format-standard","has-post-thumbnail","hentry","category-xeberler","infinite-scroll-item","generate-columns","tablet-grid-50","mobile-grid-100","grid-parent","grid-33","no-featured-image-padding"],"acf":[],"yoast_head":"<!-- This site is optimized with the Yoast SEO plugin v28.4 - https:\/\/yoast.com\/product\/yoast-seo-wordpress\/ -->\n<title>Yan\u011f\u0131nda \u00f6l\u0259nl\u0259rin harada d\u0259fn edil\u0259c\u0259yi b\u0259lli oldu - MEYDAN.TV<\/title>\n<meta name=\"robots\" content=\"index, follow, max-snippet:-1, max-image-preview:large, max-video-preview:-1\" \/>\n<link rel=\"canonical\" href=\"https:\/\/www.meydan.tv\/az\/article\/yanginda-olenlerin-harada-defn-edileceyi-belli-oldu\/\" \/>\n<meta property=\"og:locale\" content=\"az_AZ\" \/>\n<meta property=\"og:type\" content=\"article\" \/>\n<meta property=\"og:title\" content=\"Yan\u011f\u0131nda \u00f6l\u0259nl\u0259rin harada d\u0259fn edil\u0259c\u0259yi b\u0259lli oldu - MEYDAN.TV\" \/>\n<meta property=\"og:description\" content=\"H\u0259r bir d\u0259fn m\u0259rasimi v\u0259 d\u0259fnin x\u0259rcl\u0259ri m\u00fcvafiq rayon icra hakimiyy\u0259ti t\u0259r\u0259find\u0259n qar\u015f\u0131lanacaq\" \/>\n<meta property=\"og:url\" content=\"https:\/\/www.meydan.tv\/az\/article\/yanginda-olenlerin-harada-defn-edileceyi-belli-oldu\/\" \/>\n<meta property=\"og:site_name\" content=\"MEYDAN.TV\" \/>\n<meta property=\"article:published_time\" content=\"2015-05-20T14:29:31+00:00\" \/>\n<meta property=\"og:image\" content=\"https:\/\/www.meydan.tv\/wp-content\/uploads\/9049.jpg\" \/>\n\t<meta property=\"og:image:width\" content=\"749\" \/>\n\t<meta property=\"og:image:height\" content=\"500\" \/>\n\t<meta property=\"og:image:type\" content=\"image\/jpeg\" \/>\n<meta name=\"twitter:card\" content=\"summary_large_image\" \/>\n<!-- \/ Yoast SEO plugin. -->","yoast_head_json":{"title":"Yan\u011f\u0131nda \u00f6l\u0259nl\u0259rin harada d\u0259fn edil\u0259c\u0259yi b\u0259lli oldu - MEYDAN.TV","robots":{"index":"index","follow":"follow","max-snippet":"max-snippet:-1","max-image-preview":"max-image-preview:large","max-video-preview":"max-video-preview:-1"},"canonical":"https:\/\/www.meydan.tv\/az\/article\/yanginda-olenlerin-harada-defn-edileceyi-belli-oldu\/","og_locale":"az_AZ","og_type":"article","og_title":"Yan\u011f\u0131nda \u00f6l\u0259nl\u0259rin harada d\u0259fn edil\u0259c\u0259yi b\u0259lli oldu - MEYDAN.TV","og_description":"H\u0259r bir d\u0259fn m\u0259rasimi v\u0259 d\u0259fnin x\u0259rcl\u0259ri m\u00fcvafiq rayon icra hakimiyy\u0259ti t\u0259r\u0259find\u0259n qar\u015f\u0131lanacaq","og_url":"https:\/\/www.meydan.tv\/az\/article\/yanginda-olenlerin-harada-defn-edileceyi-belli-oldu\/","og_site_name":"MEYDAN.TV","article_published_time":"2015-05-20T14:29:31+00:00","og_image":[{"width":749,"height":500,"url":"https:\/\/www.meydan.tv\/wp-content\/uploads\/9049.jpg","type":"image\/jpeg"}],"twitter_card":"summary_large_image","schema":{"@context":"https:\/\/schema.org","@graph":[{"@type":"Article","@id":"https:\/\/www.meydan.tv\/az\/article\/yanginda-olenlerin-harada-defn-edileceyi-belli-oldu\/#article","isPartOf":{"@id":"https:\/\/www.meydan.tv\/az\/article\/yanginda-olenlerin-harada-defn-edileceyi-belli-oldu\/"},"author":{"name":"user-manager","@id":"https:\/\/www.meydan.tv\/az\/#\/schema\/person\/10d11eccf6da3662cf5fdab9806ea91a"},"headline":"Yan\u011f\u0131nda \u00f6l\u0259nl\u0259rin harada d\u0259fn edil\u0259c\u0259yi b\u0259lli oldu","datePublished":"2015-05-20T14:29:31+00:00","mainEntityOfPage":{"@id":"https:\/\/www.meydan.tv\/az\/article\/yanginda-olenlerin-harada-defn-edileceyi-belli-oldu\/"},"wordCount":364,"publisher":{"@id":"https:\/\/www.meydan.tv\/az\/#organization"},"image":{"@id":"https:\/\/www.meydan.tv\/az\/article\/yanginda-olenlerin-harada-defn-edileceyi-belli-oldu\/#primaryimage"},"thumbnailUrl":"https:\/\/www.meydan.tv\/wp-content\/uploads\/9049.jpg","articleSection":["X\u0259b\u0259rl\u0259r"],"inLanguage":"az"},{"@type":"WebPage","@id":"https:\/\/www.meydan.tv\/az\/article\/yanginda-olenlerin-harada-defn-edileceyi-belli-oldu\/","url":"https:\/\/www.meydan.tv\/az\/article\/yanginda-olenlerin-harada-defn-edileceyi-belli-oldu\/","name":"Yan\u011f\u0131nda \u00f6l\u0259nl\u0259rin harada d\u0259fn edil\u0259c\u0259yi b\u0259lli oldu - MEYDAN.TV","isPartOf":{"@id":"https:\/\/www.meydan.tv\/az\/#website"},"primaryImageOfPage":{"@id":"https:\/\/www.meydan.tv\/az\/article\/yanginda-olenlerin-harada-defn-edileceyi-belli-oldu\/#primaryimage"},"image":{"@id":"https:\/\/www.meydan.tv\/az\/article\/yanginda-olenlerin-harada-defn-edileceyi-belli-oldu\/#primaryimage"},"thumbnailUrl":"https:\/\/www.meydan.tv\/wp-content\/uploads\/9049.jpg","datePublished":"2015-05-20T14:29:31+00:00","breadcrumb":{"@id":"https:\/\/www.meydan.tv\/az\/article\/yanginda-olenlerin-harada-defn-edileceyi-belli-oldu\/#breadcrumb"},"inLanguage":"az","potentialAction":[{"@type":"ReadAction","target":["https:\/\/www.meydan.tv\/az\/article\/yanginda-olenlerin-harada-defn-edileceyi-belli-oldu\/"]}]},{"@type":"ImageObject","inLanguage":"az","@id":"https:\/\/www.meydan.tv\/az\/article\/yanginda-olenlerin-harada-defn-edileceyi-belli-oldu\/#primaryimage","url":"https:\/\/www.meydan.tv\/wp-content\/uploads\/9049.jpg","contentUrl":"https:\/\/www.meydan.tv\/wp-content\/uploads\/9049.jpg","width":749,"height":500,"caption":"Source:"},{"@type":"BreadcrumbList","@id":"https:\/\/www.meydan.tv\/az\/article\/yanginda-olenlerin-harada-defn-edileceyi-belli-oldu\/#breadcrumb","itemListElement":[{"@type":"ListItem","position":1,"name":"Ana s\u0259hif\u0259","item":"https:\/\/www.meydan.tv\/az\/"},{"@type":"ListItem","position":2,"name":"X\u0259b\u0259rl\u0259r","item":"https:\/\/www.meydan.tv\/az\/section\/xeberler\/"},{"@type":"ListItem","position":3,"name":"Yan\u011f\u0131nda \u00f6l\u0259nl\u0259rin harada d\u0259fn edil\u0259c\u0259yi b\u0259lli oldu"}]},{"@type":"WebSite","@id":"https:\/\/www.meydan.tv\/az\/#website","url":"https:\/\/www.meydan.tv\/az\/","name":"MEYDAN.TV","description":"Meydan TV Az\u0259rbaycan\u0131n media m\u0259kan\u0131ndak\u0131 alternativ s\u0259sidir","publisher":{"@id":"https:\/\/www.meydan.tv\/az\/#organization"},"potentialAction":[{"@type":"SearchAction","target":{"@type":"EntryPoint","urlTemplate":"https:\/\/www.meydan.tv\/az\/?s={search_term_string}"},"query-input":{"@type":"PropertyValueSpecification","valueRequired":true,"valueName":"search_term_string"}}],"inLanguage":"az"},{"@type":"Organization","@id":"https:\/\/www.meydan.tv\/az\/#organization","name":"Meydan TV","url":"https:\/\/www.meydan.tv\/az\/","logo":{"@type":"ImageObject","inLanguage":"az","@id":"https:\/\/www.meydan.tv\/az\/#\/schema\/logo\/image\/","url":"https:\/\/www.meydan.tv\/wp-content\/uploads\/2021\/07\/meydan-logo.svg","contentUrl":"https:\/\/www.meydan.tv\/wp-content\/uploads\/2021\/07\/meydan-logo.svg","width":195,"height":46,"caption":"Meydan TV"},"image":{"@id":"https:\/\/www.meydan.tv\/az\/#\/schema\/logo\/image\/"}},{"@type":"Person","@id":"https:\/\/www.meydan.tv\/az\/#\/schema\/person\/10d11eccf6da3662cf5fdab9806ea91a","name":"user-manager"}]}},"_links":{"self":[{"href":"https:\/\/www.meydan.tv\/az\/wp-json\/wp\/v2\/posts\/167990","targetHints":{"allow":["GET"]}}],"collection":[{"href":"https:\/\/www.meydan.tv\/az\/wp-json\/wp\/v2\/posts"}],"about":[{"href":"https:\/\/www.meydan.tv\/az\/wp-json\/wp\/v2\/types\/post"}],"author":[{"embeddable":true,"href":"https:\/\/www.meydan.tv\/az\/wp-json\/wp\/v2\/users\/11"}],"replies":[{"embeddable":true,"href":"https:\/\/www.meydan.tv\/az\/wp-json\/wp\/v2\/comments?post=167990"}],"version-history":[{"count":0,"href":"https:\/\/www.meydan.tv\/az\/wp-json\/wp\/v2\/posts\/167990\/revisions"}],"wp:featuredmedia":[{"embeddable":true,"href":"https:\/\/www.meydan.tv\/az\/wp-json\/wp\/v2\/media\/24810"}],"wp:attachment":[{"href":"https:\/\/www.meydan.tv\/az\/wp-json\/wp\/v2\/media?parent=167990"}],"wp:term":[{"taxonomy":"category","embeddable":true,"href":"https:\/\/www.meydan.tv\/az\/wp-json\/wp\/v2\/categories?post=167990"},{"taxonomy":"post_tag","embeddable":true,"href":"https:\/\/www.meydan.tv\/az\/wp-json\/wp\/v2\/tags?post=167990"}],"curies":[{"name":"wp","href":"https:\/\/api.w.org\/{rel}","templated":true}]}}