{"id":167989,"date":"2015-05-20T12:49:06","date_gmt":"2015-05-20T12:49:06","guid":{"rendered":"https:\/\/www.meydan.tv\/article\/muharibe-veterani-ozunu-yandirdi-yenilenib\/"},"modified":"2015-05-20T12:49:06","modified_gmt":"2015-05-20T12:49:06","slug":"muharibe-veterani-ozunu-yandirdi-yenilenib","status":"publish","type":"post","link":"https:\/\/www.meydan.tv\/az\/article\/muharibe-veterani-ozunu-yandirdi-yenilenib\/","title":{"rendered":"M\u00fcharib\u0259 veteran\u0131 \u00f6z\u00fcn\u00fc yand\u0131rd\u0131 (yenil\u0259nib)"},"content":{"rendered":"<figure class=\"wp-block-image size-large\">\n  <img decoding=\"async\" src=\"https:\/\/www.meydan.tv\/az\/24803\/\" alt=\"\" class=\"wp-image-24803\"\/><figcaption><\/figcaption><\/figure>\n<figure class=\"wp-block-image size-large\">\n  <img decoding=\"async\" src=\"https:\/\/www.meydan.tv\/az\/24803\/\" alt=\"\" class=\"wp-image-24803\"\/><figcaption><\/figcaption><\/figure>\n<p>\n  <i><br \/>\n    14.33.\u00a0C\u0259lilabad rayonu Polis \u0130dar\u0259sinin qar\u015f\u0131s\u0131nda d\u00fcn\u0259n ax\u015fam \u00f6z\u00fcn\u00fc yand\u0131ran Qaraba\u011f m\u00fcharib\u0259sinin v\u0259 20 yanvar hadis\u0259sinin i\u015ftirak\u00e7\u0131s\u0131 Mirtahir Miradil o\u011flu M\u00fcrs\u0259lov bu g\u00fcn \u00f6l\u00fcb.<br \/>\n  <\/i>\n<\/p>\n<p>\n  <i><br \/>\n    M\u0259lumat\u0131<br \/>\n    <b><br \/>\n      Modern.az<br \/>\n    <\/b><br \/>\n    sayt\u0131na onun qarda\u015f\u0131 Mirkamil M\u00fcrs\u0259lov verib.<br \/>\n  <\/i>\n<\/p>\n<p>\n  <i><br \/>\n    H\u0259kiml\u0259r M\u00fcrs\u0259lov Mirtahirin ya\u015famaq \u015fans\u0131 olmad\u0131\u011f\u0131n\u0131 deyibl\u0259r<br \/>\n  <\/i>\n<\/p>\n<p>\n  May\u0131n 19-da, ax\u015fam saatlar\u0131nda C\u0259lilabad rayonu Polis \u0130dar\u0259sinin qar\u015f\u0131s\u0131nda Qaraba\u011f m\u00fcharib\u0259si v\u0259 20 yanvar i\u015ftirak\u00e7\u0131s\u0131 M\u00fcrs\u0259lov Mirtahir Miradil o\u011flu \u00f6z\u00fcn\u00fc yand\u0131r\u0131b.\n<\/p>\n<p>\n  Bu bar\u0259d\u0259\u00a0QAZ\u0130<br \/>\n  <a href=\"http:\/\/ler.az\/\" target=\"_blank\" rel=\"noopener\"><br \/>\n    LER.AZ<br \/>\n  <\/a><br \/>\n  \u00a0sayt\u0131na \u00f6z\u00fcn\u0259 q\u0259sd ed\u0259n m\u00fcharib\u0259 veteran\u0131n\u0131n qarda\u015f\u0131 Mirkamil M\u00fcrs\u0259lov m\u0259lumat verib.\n<\/p>\n<p>\n  Onun s\u00f6zl\u0259rin\u0259 g\u00f6r\u0259, qarda\u015f\u0131n\u0131n \u00f6z\u00fcn\u0259 q\u0259sd etm\u0259sin\u0259 s\u0259b\u0259b rayon r\u0259hb\u0259rliyinin onun probleml\u0259rin\u0259 bigan\u0259liyi olub.\n<\/p>\n<p>\n  M.M\u00fcrs\u0259lov Bak\u0131 \u015f\u0259h\u0259rind\u0259ki 5 n\u00f6mr\u0259li x\u0259st\u0259xanan\u0131n yan\u0131q \u015f\u00f6b\u0259sin\u0259 yerl\u0259\u015fdirlib. H\u0259kiml\u0259r yax\u0131nlar\u0131na x\u0259st\u0259nin ya\u015famaq \u015fans\u0131 olmad\u0131\u011f\u0131n\u0131 deyibl\u0259r.\n<\/p>\n<p>\n  Hadis\u0259 il\u0259 ba\u011fl\u0131 d\u00f6y\u00fc\u015f\u00e7\u00fcn\u00fcn h\u0259yat yolda\u015f\u0131 Mahir\u0259 M\u00fcrs\u0259lova prezident \u0130lham \u018fliyev\u0259 teleqram da vurub.\n<\/p>\n<p>\n  Bir ne\u00e7\u0259 g\u00fcn \u0259vv\u0259l C\u0259lilabad rayonunda daha bir intihar hadis\u0259si ba\u015f vermi\u015fdi. Qaraba\u011f m\u00fcharib\u0259si \u0259lili H\u0259s\u0259n Abdinov \u00f6z\u00fcn\u00fc asaraq intihar etmi\u015fdi.\n<\/p>\n<p>\n  H\u0259r iki intihar hadis\u0259sinin m\u0259mur \u00f6zba\u015f\u0131nal\u0131\u011f\u0131na etiraz fonunda ba\u015f verdiyi bildirilir.<\/p>\n","protected":false},"excerpt":{"rendered":"<p>H\u0259kiml\u0259r M\u00fcrs\u0259lov Mirtahirin ya\u015famaq \u015fans\u0131 olmad\u0131\u011f\u0131n\u0131 deyibl\u0259r<\/p>\n","protected":false},"author":11,"featured_media":24803,"comment_status":"closed","ping_status":"open","sticky":false,"template":"","format":"standard","meta":{"_acf_changed":false,"_sitemap_exclude":false,"_sitemap_priority":"","_sitemap_frequency":"","footnotes":""},"categories":[56],"tags":[],"class_list":["post-167989","post","type-post","status-publish","format-standard","has-post-thumbnail","hentry","category-xeberler","infinite-scroll-item","generate-columns","tablet-grid-50","mobile-grid-100","grid-parent","grid-33","no-featured-image-padding"],"acf":[],"yoast_head":"<!-- This site is optimized with the Yoast SEO plugin v28.4 - https:\/\/yoast.com\/product\/yoast-seo-wordpress\/ -->\n<title>M\u00fcharib\u0259 veteran\u0131 \u00f6z\u00fcn\u00fc yand\u0131rd\u0131 (yenil\u0259nib) - MEYDAN.TV<\/title>\n<meta name=\"robots\" content=\"index, follow, max-snippet:-1, max-image-preview:large, max-video-preview:-1\" \/>\n<link rel=\"canonical\" href=\"https:\/\/www.meydan.tv\/az\/article\/muharibe-veterani-ozunu-yandirdi-yenilenib\/\" \/>\n<meta property=\"og:locale\" content=\"az_AZ\" \/>\n<meta property=\"og:type\" content=\"article\" \/>\n<meta property=\"og:title\" content=\"M\u00fcharib\u0259 veteran\u0131 \u00f6z\u00fcn\u00fc yand\u0131rd\u0131 (yenil\u0259nib) - MEYDAN.TV\" \/>\n<meta property=\"og:description\" content=\"H\u0259kiml\u0259r M\u00fcrs\u0259lov Mirtahirin ya\u015famaq \u015fans\u0131 olmad\u0131\u011f\u0131n\u0131 deyibl\u0259r\" \/>\n<meta property=\"og:url\" content=\"https:\/\/www.meydan.tv\/az\/article\/muharibe-veterani-ozunu-yandirdi-yenilenib\/\" \/>\n<meta property=\"og:site_name\" content=\"MEYDAN.TV\" \/>\n<meta property=\"article:published_time\" content=\"2015-05-20T12:49:06+00:00\" \/>\n<meta property=\"og:image\" content=\"https:\/\/www.meydan.tv\/wp-content\/uploads\/9047.jpg\" \/>\n\t<meta property=\"og:image:width\" content=\"400\" \/>\n\t<meta property=\"og:image:height\" content=\"300\" \/>\n\t<meta property=\"og:image:type\" content=\"image\/jpeg\" \/>\n<meta name=\"twitter:card\" content=\"summary_large_image\" \/>\n<!-- \/ Yoast SEO plugin. -->","yoast_head_json":{"title":"M\u00fcharib\u0259 veteran\u0131 \u00f6z\u00fcn\u00fc yand\u0131rd\u0131 (yenil\u0259nib) - MEYDAN.TV","robots":{"index":"index","follow":"follow","max-snippet":"max-snippet:-1","max-image-preview":"max-image-preview:large","max-video-preview":"max-video-preview:-1"},"canonical":"https:\/\/www.meydan.tv\/az\/article\/muharibe-veterani-ozunu-yandirdi-yenilenib\/","og_locale":"az_AZ","og_type":"article","og_title":"M\u00fcharib\u0259 veteran\u0131 \u00f6z\u00fcn\u00fc yand\u0131rd\u0131 (yenil\u0259nib) - MEYDAN.TV","og_description":"H\u0259kiml\u0259r M\u00fcrs\u0259lov Mirtahirin ya\u015famaq \u015fans\u0131 olmad\u0131\u011f\u0131n\u0131 deyibl\u0259r","og_url":"https:\/\/www.meydan.tv\/az\/article\/muharibe-veterani-ozunu-yandirdi-yenilenib\/","og_site_name":"MEYDAN.TV","article_published_time":"2015-05-20T12:49:06+00:00","og_image":[{"width":400,"height":300,"url":"https:\/\/www.meydan.tv\/wp-content\/uploads\/9047.jpg","type":"image\/jpeg"}],"twitter_card":"summary_large_image","schema":{"@context":"https:\/\/schema.org","@graph":[{"@type":"Article","@id":"https:\/\/www.meydan.tv\/az\/article\/muharibe-veterani-ozunu-yandirdi-yenilenib\/#article","isPartOf":{"@id":"https:\/\/www.meydan.tv\/az\/article\/muharibe-veterani-ozunu-yandirdi-yenilenib\/"},"author":{"name":"user-manager","@id":"https:\/\/www.meydan.tv\/az\/#\/schema\/person\/10d11eccf6da3662cf5fdab9806ea91a"},"headline":"M\u00fcharib\u0259 veteran\u0131 \u00f6z\u00fcn\u00fc yand\u0131rd\u0131 (yenil\u0259nib)","datePublished":"2015-05-20T12:49:06+00:00","mainEntityOfPage":{"@id":"https:\/\/www.meydan.tv\/az\/article\/muharibe-veterani-ozunu-yandirdi-yenilenib\/"},"wordCount":275,"publisher":{"@id":"https:\/\/www.meydan.tv\/az\/#organization"},"image":{"@id":"https:\/\/www.meydan.tv\/az\/article\/muharibe-veterani-ozunu-yandirdi-yenilenib\/#primaryimage"},"thumbnailUrl":"https:\/\/www.meydan.tv\/wp-content\/uploads\/9047.jpg","articleSection":["X\u0259b\u0259rl\u0259r"],"inLanguage":"az"},{"@type":"WebPage","@id":"https:\/\/www.meydan.tv\/az\/article\/muharibe-veterani-ozunu-yandirdi-yenilenib\/","url":"https:\/\/www.meydan.tv\/az\/article\/muharibe-veterani-ozunu-yandirdi-yenilenib\/","name":"M\u00fcharib\u0259 veteran\u0131 \u00f6z\u00fcn\u00fc yand\u0131rd\u0131 (yenil\u0259nib) - MEYDAN.TV","isPartOf":{"@id":"https:\/\/www.meydan.tv\/az\/#website"},"primaryImageOfPage":{"@id":"https:\/\/www.meydan.tv\/az\/article\/muharibe-veterani-ozunu-yandirdi-yenilenib\/#primaryimage"},"image":{"@id":"https:\/\/www.meydan.tv\/az\/article\/muharibe-veterani-ozunu-yandirdi-yenilenib\/#primaryimage"},"thumbnailUrl":"https:\/\/www.meydan.tv\/wp-content\/uploads\/9047.jpg","datePublished":"2015-05-20T12:49:06+00:00","breadcrumb":{"@id":"https:\/\/www.meydan.tv\/az\/article\/muharibe-veterani-ozunu-yandirdi-yenilenib\/#breadcrumb"},"inLanguage":"az","potentialAction":[{"@type":"ReadAction","target":["https:\/\/www.meydan.tv\/az\/article\/muharibe-veterani-ozunu-yandirdi-yenilenib\/"]}]},{"@type":"ImageObject","inLanguage":"az","@id":"https:\/\/www.meydan.tv\/az\/article\/muharibe-veterani-ozunu-yandirdi-yenilenib\/#primaryimage","url":"https:\/\/www.meydan.tv\/wp-content\/uploads\/9047.jpg","contentUrl":"https:\/\/www.meydan.tv\/wp-content\/uploads\/9047.jpg","width":400,"height":300,"caption":"Source:"},{"@type":"BreadcrumbList","@id":"https:\/\/www.meydan.tv\/az\/article\/muharibe-veterani-ozunu-yandirdi-yenilenib\/#breadcrumb","itemListElement":[{"@type":"ListItem","position":1,"name":"Ana s\u0259hif\u0259","item":"https:\/\/www.meydan.tv\/az\/"},{"@type":"ListItem","position":2,"name":"X\u0259b\u0259rl\u0259r","item":"https:\/\/www.meydan.tv\/az\/section\/xeberler\/"},{"@type":"ListItem","position":3,"name":"M\u00fcharib\u0259 veteran\u0131 \u00f6z\u00fcn\u00fc yand\u0131rd\u0131 (yenil\u0259nib)"}]},{"@type":"WebSite","@id":"https:\/\/www.meydan.tv\/az\/#website","url":"https:\/\/www.meydan.tv\/az\/","name":"MEYDAN.TV","description":"Meydan TV Az\u0259rbaycan\u0131n media m\u0259kan\u0131ndak\u0131 alternativ s\u0259sidir","publisher":{"@id":"https:\/\/www.meydan.tv\/az\/#organization"},"potentialAction":[{"@type":"SearchAction","target":{"@type":"EntryPoint","urlTemplate":"https:\/\/www.meydan.tv\/az\/?s={search_term_string}"},"query-input":{"@type":"PropertyValueSpecification","valueRequired":true,"valueName":"search_term_string"}}],"inLanguage":"az"},{"@type":"Organization","@id":"https:\/\/www.meydan.tv\/az\/#organization","name":"Meydan TV","url":"https:\/\/www.meydan.tv\/az\/","logo":{"@type":"ImageObject","inLanguage":"az","@id":"https:\/\/www.meydan.tv\/az\/#\/schema\/logo\/image\/","url":"https:\/\/www.meydan.tv\/wp-content\/uploads\/2021\/07\/meydan-logo.svg","contentUrl":"https:\/\/www.meydan.tv\/wp-content\/uploads\/2021\/07\/meydan-logo.svg","width":195,"height":46,"caption":"Meydan TV"},"image":{"@id":"https:\/\/www.meydan.tv\/az\/#\/schema\/logo\/image\/"}},{"@type":"Person","@id":"https:\/\/www.meydan.tv\/az\/#\/schema\/person\/10d11eccf6da3662cf5fdab9806ea91a","name":"user-manager"}]}},"_links":{"self":[{"href":"https:\/\/www.meydan.tv\/az\/wp-json\/wp\/v2\/posts\/167989","targetHints":{"allow":["GET"]}}],"collection":[{"href":"https:\/\/www.meydan.tv\/az\/wp-json\/wp\/v2\/posts"}],"about":[{"href":"https:\/\/www.meydan.tv\/az\/wp-json\/wp\/v2\/types\/post"}],"author":[{"embeddable":true,"href":"https:\/\/www.meydan.tv\/az\/wp-json\/wp\/v2\/users\/11"}],"replies":[{"embeddable":true,"href":"https:\/\/www.meydan.tv\/az\/wp-json\/wp\/v2\/comments?post=167989"}],"version-history":[{"count":0,"href":"https:\/\/www.meydan.tv\/az\/wp-json\/wp\/v2\/posts\/167989\/revisions"}],"wp:featuredmedia":[{"embeddable":true,"href":"https:\/\/www.meydan.tv\/az\/wp-json\/wp\/v2\/media\/24803"}],"wp:attachment":[{"href":"https:\/\/www.meydan.tv\/az\/wp-json\/wp\/v2\/media?parent=167989"}],"wp:term":[{"taxonomy":"category","embeddable":true,"href":"https:\/\/www.meydan.tv\/az\/wp-json\/wp\/v2\/categories?post=167989"},{"taxonomy":"post_tag","embeddable":true,"href":"https:\/\/www.meydan.tv\/az\/wp-json\/wp\/v2\/tags?post=167989"}],"curies":[{"name":"wp","href":"https:\/\/api.w.org\/{rel}","templated":true}]}}