{"id":167983,"date":"2015-05-20T02:39:26","date_gmt":"2015-05-20T02:39:26","guid":{"rendered":"https:\/\/www.meydan.tv\/article\/xalqin-balasini-niye-yandirirsiniz\/"},"modified":"2015-05-20T02:39:26","modified_gmt":"2015-05-20T02:39:26","slug":"xalqin-balasini-niye-yandirirsiniz","status":"publish","type":"post","link":"https:\/\/www.meydan.tv\/az\/article\/xalqin-balasini-niye-yandirirsiniz\/","title":{"rendered":"Xalq\u0131n balas\u0131n\u0131 niy\u0259 yand\u0131r\u0131rs\u0131n\u0131z?!"},"content":{"rendered":"<figure class=\"wp-block-image size-large\">\n  <img decoding=\"async\" src=\"https:\/\/www.meydan.tv\/az\/24755\/\" alt=\"\" class=\"wp-image-24755\"\/><figcaption><\/figcaption><\/figure>\n<figure class=\"wp-block-image size-large\">\n  <img decoding=\"async\" src=\"https:\/\/www.meydan.tv\/az\/24758\/\" alt=\"\" class=\"wp-image-24758\"\/><figcaption><\/figcaption><\/figure>\n<p>\n  Bu g\u00fcn Az\u0259rbaycan xalq\u0131 anlad\u0131 ki, ba\u015f\u0131n\u0131 a\u015fa\u011f\u0131 sal\u0131b ya\u015famaq da m\u00fcmk\u00fcn deyil bu \u00f6lk\u0259d\u0259. S\u0259n \u00e7\u0259kindiyind\u0259n siyas\u0259t\u0259 qar\u0131\u015fmaya bil\u0131rs\u0259n. Etiraz aksiyalar\u0131na \u00e7\u0131xmaya bil\u0259rs\u0259n. Mitinq\u0259 getm\u0259y\u0259 bil\u0259rs\u0259n. Insanlar h\u0259bs olunanda, d\u00f6y\u00fcl\u0259nd\u0259 s\u0259sini \u00e7\u0131xarmaya bil\u0259rs\u0259n. S\u0259n g\u00f6z\u00fcnl\u0259 g\u00f6rd\u00fcy\u00fcn haqs\u0131zl\u0131\u011fa, haqs\u0131zl\u0131qlara g\u00f6z\u00fc yum bil\u0259rs\u0259n. T\u0259ki m\u0259n\u0259, ail\u0259m\u0259, evim\u0259 he\u00e7 n\u0259 olmas\u0131n m\u0259ntiqi il\u0259 ya\u015faya bil\u0259rs\u0259n. S\u0259n siyas\u0259td\u0259n, etirazlardan, aksiyalardan, s\u0259ni v\u0259t\u0259nda\u015f ed\u0259c\u0259k h\u0259r \u015feyd\u0259n uzaq dura bil\u0259rs\u0259n ki, t\u0259ki s\u0259n\u0259, ail\u0259n\u0259 he\u00e7 n\u0259 olmas\u0131n.\n<\/p>\n<p>\n  Amma bu s\u0259ni xilas etm\u0259y\u0259 bil\u0259r. O sakitlik, o nizam g\u00fcnl\u0259rin birind\u0259 s\u0259nin qap\u0131n\u0131n qar\u015f\u0131s\u0131nda dayan\u0131b, evini ba\u015f\u0131na y\u0131xma\u011fa haz\u0131r buldozerl\u0259 pozula bil\u0259r. Bu sakitlik g\u00fcnl\u0259rin birind\u0259 kimins\u0259 ehtiyats\u0131z al\u0131\u015fqan\u0131ndan alovlanan ucuz bina \u00fczl\u00fckl\u0259ri il\u0259 pozula bil\u0259r. O sakitlik bir g\u00fcn ordudak\u0131 o\u011flunun zabit ehtiyats\u0131zl\u0131\u011f\u0131, \u00f6zba\u015f\u0131nal\u0131\u011f\u0131 ucbat\u0131ndan, ordudak\u0131 iyr\u0259nc sistem ucbat\u0131ndan donmas\u0131, yanmas\u0131, zorlanmas\u0131, \u00f6ld\u00fcr\u00fclm\u0259si il\u0259 pozula bil\u0259r. O sakitlik g\u00fcn\u00fcn birind\u0259 har\u0131n bir m\u0259mur balas\u0131n\u0131n k\u00fc\u00e7\u0259d\u0259 q\u0131z\u0131n\u0131z\u0131 d\u00f6ym\u0259yi, yerl\u0259 s\u00fcr\u00fcm\u0259yi il\u0259 pozula bil\u0259r.\n<\/p>\n<p>\n  \u00c7\u00fcnki, bu \u00f6lk\u0259d\u0259 he\u00e7 kimin he\u00e7 n\u0259d\u0259n s\u0131\u011fortas\u0131 yoxdur.\n<\/p>\n<p>\n  Bu g\u00fcn yanan bina faci\u0259, izitrab, d\u0259h\u015f\u0259tl\u0259 yana\u015f\u0131, h\u0259m d\u0259 bir simvol idi. Rejimin \u00f6z v\u0259t\u0259nda\u015flar\u0131na, xalq\u0131na, insanlara olan m\u00fcnasib\u0259tinin simvolu. O yanan bina deyildi, rejimin m\u00fcasir inkiviziya tonqal\u0131 idi. S\u0259d\u0259c\u0259 bir f\u0259rqi vard\u0131 ki, motiv b\u0259lli deyildi, onsuz da \u00e7\u00f6r\u0259yini da\u015fdan \u00e7\u0131xaran m\u0259zlum xalqdan n\u0259 ist\u0259dikl\u0259ri b\u0259lli deyildi. Ilahi, insanlar qaranqu\u015f, s\u0259r\u00e7\u0259 dimdiyind\u0259 pal\u00e7\u0131q g\u0259tirib, bu\u011fda-bu\u011fda yuva tik\u0259n kimi \u00f6z\u00fcn\u0259 bir ev qaralas\u0131n, ill\u0259rl\u0259 manat-manat, q\u0259pik-q\u0259pik pul y\u0131\u011fs\u0131n, i\u00e7ini ab\u0131ra sals\u0131n, min bir m\u0259hrumiyy\u0259tl\u0259 ipotekas\u0131n\u0131, borcunu \u00f6d\u0259sin, sonra da bel\u0259&#8230;\n<\/p>\n<p>\n  S\u0259n ali t\u0259hsil al. H\u0259kim ol. Ail\u0259 qur. Di\u015finl\u0259-d\u0131rna\u011f\u0131nla bir ev al, ipotekaya gir, borca gir. Min bir zill\u0259tl\u0259 u\u015faq do\u011f, b\u00f6y\u00fct. Geyindir, ad g\u00fcn\u00fc ke\u00e7ir, d\u00fc\u015f\u00fcn ki, xo\u015fb\u0259xts\u0259n. Sonra da kimins\u0259 zavodunun buraxd\u0131\u011f\u0131 &#8220;oblitsovka&#8221;dan pul qazans\u0131nlar dey\u0259, balan yans\u0131n, evin yans\u0131n, ail\u0259n bir g\u00fcn\u00fcn i\u00e7ind\u0259 darmada\u011f\u0131n olsun&#8230;<br \/>\n  <br \/>\n  \u0130lahi, ne\u00e7\u0259 insan \u00f6ld\u00fc, ne\u00e7\u0259si travma ald\u0131, ne\u00e7\u0259si do\u011fmas\u0131n\u0131 itirdi, ne\u00e7\u0259si evind\u0259n- yurdundan oldu?! Niy\u0259? N\u0259dir bu xalq\u0259n g\u00fcnah\u0131? Ill\u0259rl\u0259 s\u0259rv\u0259tini talad\u0131n\u0131z, \u00f6z evind\u0259, \u00f6z \u00f6lk\u0259sind\u0259 yetim kimi, kiray\u0259\u00e7i kimi ya\u015fatd\u0131n\u0131z, ba\u015f\u0131na olmaz\u0131n oyunu g\u0259tirdiniz\u2026\u0130ndi neft pullar\u0131 qurtar\u0131r dey\u0259, hans\u0131sa milyon\u00e7udan, oliqarxdan bir-iki milyon qopartmaq \u00fc\u00e7\u00fcn niy\u0259 yand\u0131r\u0131s\u0131n\u0131z xalq\u0131n balas\u0131n\u0131?\n<\/p>\n<p>\n  \u0130lahi, xalq h\u0259l\u0259 n\u0259yi g\u00f6zl\u0259yir? Ax\u0131 bu rejim yegan\u0259 yax\u015f\u0131l\u0131\u011f\u0131n\u0131 edib bu xalqa: ham\u0131ya xarici passport verib ya da onu alma imkan\u0131 verib. Bu faci\u0259d\u0259n, bu simvolik olaydan sonra xalq \u0259slind\u0259 bir gec\u0259nin i\u00e7ind\u0259 t\u0259rk etm\u0259lidir o d\u0259h\u015f\u0259tli \u00f6lk\u0259ni. Bu \u00f6lk\u0259 d\u00fcnya tarixind\u0259 ziyal\u0131lar\u0131, dissidentl\u0259ri, oliqarxlar\u0131, aktivistl\u0259ri deyil, xalq\u0131 qa\u00e7\u0131b ged\u0259n \u00f6lk\u0259 kimi qalmal\u0131d\u0131r.<\/p>\n","protected":false},"excerpt":{"rendered":"<p>Rejimin inkvizisiya tonqal\u0131&#8230;<\/p>\n","protected":false},"author":11,"featured_media":24755,"comment_status":"closed","ping_status":"open","sticky":false,"template":"","format":"standard","meta":{"_acf_changed":false,"_sitemap_exclude":false,"_sitemap_priority":"","_sitemap_frequency":"","footnotes":""},"categories":[57],"tags":[],"class_list":["post-167983","post","type-post","status-publish","format-standard","has-post-thumbnail","hentry","category-menim-fikrimce","infinite-scroll-item","generate-columns","tablet-grid-50","mobile-grid-100","grid-parent","grid-33","no-featured-image-padding"],"acf":[],"yoast_head":"<!-- This site is optimized with the Yoast SEO plugin v27.5 - https:\/\/yoast.com\/product\/yoast-seo-wordpress\/ -->\n<title>Xalq\u0131n balas\u0131n\u0131 niy\u0259 yand\u0131r\u0131rs\u0131n\u0131z?! - MEYDAN.TV<\/title>\n<meta name=\"robots\" content=\"index, follow, max-snippet:-1, max-image-preview:large, max-video-preview:-1\" \/>\n<link rel=\"canonical\" href=\"https:\/\/www.meydan.tv\/az\/article\/xalqin-balasini-niye-yandirirsiniz\/\" \/>\n<meta property=\"og:locale\" content=\"az_AZ\" \/>\n<meta property=\"og:type\" content=\"article\" \/>\n<meta property=\"og:title\" content=\"Xalq\u0131n balas\u0131n\u0131 niy\u0259 yand\u0131r\u0131rs\u0131n\u0131z?! - MEYDAN.TV\" \/>\n<meta property=\"og:description\" content=\"Rejimin inkvizisiya tonqal\u0131...\" \/>\n<meta property=\"og:url\" content=\"https:\/\/www.meydan.tv\/az\/article\/xalqin-balasini-niye-yandirirsiniz\/\" \/>\n<meta property=\"og:site_name\" content=\"MEYDAN.TV\" \/>\n<meta property=\"article:published_time\" content=\"2015-05-20T02:39:26+00:00\" \/>\n<meta property=\"og:image\" content=\"https:\/\/www.meydan.tv\/wp-content\/uploads\/9035.jpg\" \/>\n\t<meta property=\"og:image:width\" content=\"500\" \/>\n\t<meta property=\"og:image:height\" content=\"500\" \/>\n\t<meta property=\"og:image:type\" content=\"image\/jpeg\" \/>\n<meta name=\"author\" content=\"user-manager\" \/>\n<meta name=\"twitter:card\" content=\"summary_large_image\" \/>\n<script type=\"application\/ld+json\" class=\"yoast-schema-graph\">{\"@context\":\"https:\\\/\\\/schema.org\",\"@graph\":[{\"@type\":\"Article\",\"@id\":\"https:\\\/\\\/www.meydan.tv\\\/az\\\/article\\\/xalqin-balasini-niye-yandirirsiniz\\\/#article\",\"isPartOf\":{\"@id\":\"https:\\\/\\\/www.meydan.tv\\\/az\\\/article\\\/xalqin-balasini-niye-yandirirsiniz\\\/\"},\"author\":{\"name\":\"user-manager\",\"@id\":\"https:\\\/\\\/www.meydan.tv\\\/az\\\/#\\\/schema\\\/person\\\/10d11eccf6da3662cf5fdab9806ea91a\"},\"headline\":\"Xalq\u0131n balas\u0131n\u0131 niy\u0259 yand\u0131r\u0131rs\u0131n\u0131z?!\",\"datePublished\":\"2015-05-20T02:39:26+00:00\",\"mainEntityOfPage\":{\"@id\":\"https:\\\/\\\/www.meydan.tv\\\/az\\\/article\\\/xalqin-balasini-niye-yandirirsiniz\\\/\"},\"wordCount\":642,\"publisher\":{\"@id\":\"https:\\\/\\\/www.meydan.tv\\\/az\\\/#organization\"},\"image\":{\"@id\":\"https:\\\/\\\/www.meydan.tv\\\/az\\\/article\\\/xalqin-balasini-niye-yandirirsiniz\\\/#primaryimage\"},\"thumbnailUrl\":\"https:\\\/\\\/www.meydan.tv\\\/wp-content\\\/uploads\\\/9035.jpg\",\"articleSection\":[\"M\u0259nim Fikrimc\u0259\"],\"inLanguage\":\"az\"},{\"@type\":\"WebPage\",\"@id\":\"https:\\\/\\\/www.meydan.tv\\\/az\\\/article\\\/xalqin-balasini-niye-yandirirsiniz\\\/\",\"url\":\"https:\\\/\\\/www.meydan.tv\\\/az\\\/article\\\/xalqin-balasini-niye-yandirirsiniz\\\/\",\"name\":\"Xalq\u0131n balas\u0131n\u0131 niy\u0259 yand\u0131r\u0131rs\u0131n\u0131z?! - MEYDAN.TV\",\"isPartOf\":{\"@id\":\"https:\\\/\\\/www.meydan.tv\\\/az\\\/#website\"},\"primaryImageOfPage\":{\"@id\":\"https:\\\/\\\/www.meydan.tv\\\/az\\\/article\\\/xalqin-balasini-niye-yandirirsiniz\\\/#primaryimage\"},\"image\":{\"@id\":\"https:\\\/\\\/www.meydan.tv\\\/az\\\/article\\\/xalqin-balasini-niye-yandirirsiniz\\\/#primaryimage\"},\"thumbnailUrl\":\"https:\\\/\\\/www.meydan.tv\\\/wp-content\\\/uploads\\\/9035.jpg\",\"datePublished\":\"2015-05-20T02:39:26+00:00\",\"breadcrumb\":{\"@id\":\"https:\\\/\\\/www.meydan.tv\\\/az\\\/article\\\/xalqin-balasini-niye-yandirirsiniz\\\/#breadcrumb\"},\"inLanguage\":\"az\",\"potentialAction\":[{\"@type\":\"ReadAction\",\"target\":[\"https:\\\/\\\/www.meydan.tv\\\/az\\\/article\\\/xalqin-balasini-niye-yandirirsiniz\\\/\"]}]},{\"@type\":\"ImageObject\",\"inLanguage\":\"az\",\"@id\":\"https:\\\/\\\/www.meydan.tv\\\/az\\\/article\\\/xalqin-balasini-niye-yandirirsiniz\\\/#primaryimage\",\"url\":\"https:\\\/\\\/www.meydan.tv\\\/wp-content\\\/uploads\\\/9035.jpg\",\"contentUrl\":\"https:\\\/\\\/www.meydan.tv\\\/wp-content\\\/uploads\\\/9035.jpg\",\"width\":500,\"height\":500,\"caption\":\"Source:\"},{\"@type\":\"BreadcrumbList\",\"@id\":\"https:\\\/\\\/www.meydan.tv\\\/az\\\/article\\\/xalqin-balasini-niye-yandirirsiniz\\\/#breadcrumb\",\"itemListElement\":[{\"@type\":\"ListItem\",\"position\":1,\"name\":\"Ana s\u0259hif\u0259\",\"item\":\"https:\\\/\\\/www.meydan.tv\\\/az\\\/\"},{\"@type\":\"ListItem\",\"position\":2,\"name\":\"M\u0259nim Fikrimc\u0259\",\"item\":\"https:\\\/\\\/www.meydan.tv\\\/az\\\/section\\\/menim-fikrimce\\\/\"},{\"@type\":\"ListItem\",\"position\":3,\"name\":\"Xalq\u0131n balas\u0131n\u0131 niy\u0259 yand\u0131r\u0131rs\u0131n\u0131z?!\"}]},{\"@type\":\"WebSite\",\"@id\":\"https:\\\/\\\/www.meydan.tv\\\/az\\\/#website\",\"url\":\"https:\\\/\\\/www.meydan.tv\\\/az\\\/\",\"name\":\"MEYDAN.TV\",\"description\":\"Meydan TV Az\u0259rbaycan\u0131n media m\u0259kan\u0131ndak\u0131 alternativ s\u0259sidir\",\"publisher\":{\"@id\":\"https:\\\/\\\/www.meydan.tv\\\/az\\\/#organization\"},\"potentialAction\":[{\"@type\":\"SearchAction\",\"target\":{\"@type\":\"EntryPoint\",\"urlTemplate\":\"https:\\\/\\\/www.meydan.tv\\\/az\\\/?s={search_term_string}\"},\"query-input\":{\"@type\":\"PropertyValueSpecification\",\"valueRequired\":true,\"valueName\":\"search_term_string\"}}],\"inLanguage\":\"az\"},{\"@type\":\"Organization\",\"@id\":\"https:\\\/\\\/www.meydan.tv\\\/az\\\/#organization\",\"name\":\"Meydan TV\",\"url\":\"https:\\\/\\\/www.meydan.tv\\\/az\\\/\",\"logo\":{\"@type\":\"ImageObject\",\"inLanguage\":\"az\",\"@id\":\"https:\\\/\\\/www.meydan.tv\\\/az\\\/#\\\/schema\\\/logo\\\/image\\\/\",\"url\":\"https:\\\/\\\/www.meydan.tv\\\/wp-content\\\/uploads\\\/2021\\\/07\\\/meydan-logo.svg\",\"contentUrl\":\"https:\\\/\\\/www.meydan.tv\\\/wp-content\\\/uploads\\\/2021\\\/07\\\/meydan-logo.svg\",\"width\":195,\"height\":46,\"caption\":\"Meydan TV\"},\"image\":{\"@id\":\"https:\\\/\\\/www.meydan.tv\\\/az\\\/#\\\/schema\\\/logo\\\/image\\\/\"}},{\"@type\":\"Person\",\"@id\":\"https:\\\/\\\/www.meydan.tv\\\/az\\\/#\\\/schema\\\/person\\\/10d11eccf6da3662cf5fdab9806ea91a\",\"name\":\"user-manager\"}]}<\/script>\n<!-- \/ Yoast SEO plugin. -->","yoast_head_json":{"title":"Xalq\u0131n balas\u0131n\u0131 niy\u0259 yand\u0131r\u0131rs\u0131n\u0131z?! - MEYDAN.TV","robots":{"index":"index","follow":"follow","max-snippet":"max-snippet:-1","max-image-preview":"max-image-preview:large","max-video-preview":"max-video-preview:-1"},"canonical":"https:\/\/www.meydan.tv\/az\/article\/xalqin-balasini-niye-yandirirsiniz\/","og_locale":"az_AZ","og_type":"article","og_title":"Xalq\u0131n balas\u0131n\u0131 niy\u0259 yand\u0131r\u0131rs\u0131n\u0131z?! - MEYDAN.TV","og_description":"Rejimin inkvizisiya tonqal\u0131...","og_url":"https:\/\/www.meydan.tv\/az\/article\/xalqin-balasini-niye-yandirirsiniz\/","og_site_name":"MEYDAN.TV","article_published_time":"2015-05-20T02:39:26+00:00","og_image":[{"width":500,"height":500,"url":"https:\/\/www.meydan.tv\/wp-content\/uploads\/9035.jpg","type":"image\/jpeg"}],"author":"user-manager","twitter_card":"summary_large_image","schema":{"@context":"https:\/\/schema.org","@graph":[{"@type":"Article","@id":"https:\/\/www.meydan.tv\/az\/article\/xalqin-balasini-niye-yandirirsiniz\/#article","isPartOf":{"@id":"https:\/\/www.meydan.tv\/az\/article\/xalqin-balasini-niye-yandirirsiniz\/"},"author":{"name":"user-manager","@id":"https:\/\/www.meydan.tv\/az\/#\/schema\/person\/10d11eccf6da3662cf5fdab9806ea91a"},"headline":"Xalq\u0131n balas\u0131n\u0131 niy\u0259 yand\u0131r\u0131rs\u0131n\u0131z?!","datePublished":"2015-05-20T02:39:26+00:00","mainEntityOfPage":{"@id":"https:\/\/www.meydan.tv\/az\/article\/xalqin-balasini-niye-yandirirsiniz\/"},"wordCount":642,"publisher":{"@id":"https:\/\/www.meydan.tv\/az\/#organization"},"image":{"@id":"https:\/\/www.meydan.tv\/az\/article\/xalqin-balasini-niye-yandirirsiniz\/#primaryimage"},"thumbnailUrl":"https:\/\/www.meydan.tv\/wp-content\/uploads\/9035.jpg","articleSection":["M\u0259nim Fikrimc\u0259"],"inLanguage":"az"},{"@type":"WebPage","@id":"https:\/\/www.meydan.tv\/az\/article\/xalqin-balasini-niye-yandirirsiniz\/","url":"https:\/\/www.meydan.tv\/az\/article\/xalqin-balasini-niye-yandirirsiniz\/","name":"Xalq\u0131n balas\u0131n\u0131 niy\u0259 yand\u0131r\u0131rs\u0131n\u0131z?! - MEYDAN.TV","isPartOf":{"@id":"https:\/\/www.meydan.tv\/az\/#website"},"primaryImageOfPage":{"@id":"https:\/\/www.meydan.tv\/az\/article\/xalqin-balasini-niye-yandirirsiniz\/#primaryimage"},"image":{"@id":"https:\/\/www.meydan.tv\/az\/article\/xalqin-balasini-niye-yandirirsiniz\/#primaryimage"},"thumbnailUrl":"https:\/\/www.meydan.tv\/wp-content\/uploads\/9035.jpg","datePublished":"2015-05-20T02:39:26+00:00","breadcrumb":{"@id":"https:\/\/www.meydan.tv\/az\/article\/xalqin-balasini-niye-yandirirsiniz\/#breadcrumb"},"inLanguage":"az","potentialAction":[{"@type":"ReadAction","target":["https:\/\/www.meydan.tv\/az\/article\/xalqin-balasini-niye-yandirirsiniz\/"]}]},{"@type":"ImageObject","inLanguage":"az","@id":"https:\/\/www.meydan.tv\/az\/article\/xalqin-balasini-niye-yandirirsiniz\/#primaryimage","url":"https:\/\/www.meydan.tv\/wp-content\/uploads\/9035.jpg","contentUrl":"https:\/\/www.meydan.tv\/wp-content\/uploads\/9035.jpg","width":500,"height":500,"caption":"Source:"},{"@type":"BreadcrumbList","@id":"https:\/\/www.meydan.tv\/az\/article\/xalqin-balasini-niye-yandirirsiniz\/#breadcrumb","itemListElement":[{"@type":"ListItem","position":1,"name":"Ana s\u0259hif\u0259","item":"https:\/\/www.meydan.tv\/az\/"},{"@type":"ListItem","position":2,"name":"M\u0259nim Fikrimc\u0259","item":"https:\/\/www.meydan.tv\/az\/section\/menim-fikrimce\/"},{"@type":"ListItem","position":3,"name":"Xalq\u0131n balas\u0131n\u0131 niy\u0259 yand\u0131r\u0131rs\u0131n\u0131z?!"}]},{"@type":"WebSite","@id":"https:\/\/www.meydan.tv\/az\/#website","url":"https:\/\/www.meydan.tv\/az\/","name":"MEYDAN.TV","description":"Meydan TV Az\u0259rbaycan\u0131n media m\u0259kan\u0131ndak\u0131 alternativ s\u0259sidir","publisher":{"@id":"https:\/\/www.meydan.tv\/az\/#organization"},"potentialAction":[{"@type":"SearchAction","target":{"@type":"EntryPoint","urlTemplate":"https:\/\/www.meydan.tv\/az\/?s={search_term_string}"},"query-input":{"@type":"PropertyValueSpecification","valueRequired":true,"valueName":"search_term_string"}}],"inLanguage":"az"},{"@type":"Organization","@id":"https:\/\/www.meydan.tv\/az\/#organization","name":"Meydan TV","url":"https:\/\/www.meydan.tv\/az\/","logo":{"@type":"ImageObject","inLanguage":"az","@id":"https:\/\/www.meydan.tv\/az\/#\/schema\/logo\/image\/","url":"https:\/\/www.meydan.tv\/wp-content\/uploads\/2021\/07\/meydan-logo.svg","contentUrl":"https:\/\/www.meydan.tv\/wp-content\/uploads\/2021\/07\/meydan-logo.svg","width":195,"height":46,"caption":"Meydan TV"},"image":{"@id":"https:\/\/www.meydan.tv\/az\/#\/schema\/logo\/image\/"}},{"@type":"Person","@id":"https:\/\/www.meydan.tv\/az\/#\/schema\/person\/10d11eccf6da3662cf5fdab9806ea91a","name":"user-manager"}]}},"_links":{"self":[{"href":"https:\/\/www.meydan.tv\/az\/wp-json\/wp\/v2\/posts\/167983","targetHints":{"allow":["GET"]}}],"collection":[{"href":"https:\/\/www.meydan.tv\/az\/wp-json\/wp\/v2\/posts"}],"about":[{"href":"https:\/\/www.meydan.tv\/az\/wp-json\/wp\/v2\/types\/post"}],"author":[{"embeddable":true,"href":"https:\/\/www.meydan.tv\/az\/wp-json\/wp\/v2\/users\/11"}],"replies":[{"embeddable":true,"href":"https:\/\/www.meydan.tv\/az\/wp-json\/wp\/v2\/comments?post=167983"}],"version-history":[{"count":0,"href":"https:\/\/www.meydan.tv\/az\/wp-json\/wp\/v2\/posts\/167983\/revisions"}],"wp:featuredmedia":[{"embeddable":true,"href":"https:\/\/www.meydan.tv\/az\/wp-json\/wp\/v2\/media\/24755"}],"wp:attachment":[{"href":"https:\/\/www.meydan.tv\/az\/wp-json\/wp\/v2\/media?parent=167983"}],"wp:term":[{"taxonomy":"category","embeddable":true,"href":"https:\/\/www.meydan.tv\/az\/wp-json\/wp\/v2\/categories?post=167983"},{"taxonomy":"post_tag","embeddable":true,"href":"https:\/\/www.meydan.tv\/az\/wp-json\/wp\/v2\/tags?post=167983"}],"curies":[{"name":"wp","href":"https:\/\/api.w.org\/{rel}","templated":true}]}}