{"id":167979,"date":"2015-05-20T01:29:18","date_gmt":"2015-05-20T01:29:18","guid":{"rendered":"https:\/\/www.meydan.tv\/article\/sumqayitda-binalarin-uzlenmesi-dayandirilib\/"},"modified":"2015-05-20T01:29:18","modified_gmt":"2015-05-20T01:29:18","slug":"sumqayitda-binalarin-uzlenmesi-dayandirilib","status":"publish","type":"post","link":"https:\/\/www.meydan.tv\/az\/article\/sumqayitda-binalarin-uzlenmesi-dayandirilib\/","title":{"rendered":"Sumqay\u0131tda binalar\u0131n \u00fczl\u0259nm\u0259si dayand\u0131r\u0131l\u0131b"},"content":{"rendered":"<figure class=\"wp-block-image size-large\">\n  <img decoding=\"async\" src=\"https:\/\/www.meydan.tv\/az\/24734\/\" alt=\"\" class=\"wp-image-24734\"\/><figcaption><\/figcaption><\/figure>\n<figure class=\"wp-block-image size-large\">\n  <img decoding=\"async\" src=\"https:\/\/www.meydan.tv\/az\/24734\/\" alt=\"\" class=\"wp-image-24734\"\/><figcaption><\/figcaption><\/figure>\n<p>\n  <i><br \/>\n    &#8220;FHN i\u015f apard\u0131\u011f\u0131m\u0131z binan\u0131n birinci m\u0259rt\u0259b\u0259sin\u0259 vurulan \u00fczl\u00fckl\u0259ri s\u00f6kd\u00fcr\u00fcb&#8221;<br \/>\n  <\/i>\n<\/p>\n<p>\n  &#8220;Bak\u0131da ilk d\u0259f\u0259 \u00fczl\u00fckl\u00fc binada yan\u011f\u0131n ba\u015f ver\u0259nd\u0259 aidiyyat\u0131 qurumlara ara\u015fd\u0131rma aparmaq \u00fc\u00e7\u00fcn m\u00fcraci\u0259t edilib&#8221;.\n<\/p>\n<p>\n  Bu s\u00f6zl\u0259ri<br \/>\n  <a href=\"http:\/\/xeberle.com\" target=\"_blank\" rel=\"noopener\"><br \/>\n    xeberle.com<br \/>\n  <\/a><br \/>\n  sayt\u0131na\u00a0Sumqay\u0131t \u015f\u0259h\u0259r M\u0259nzil Kommunal T\u0259s\u0259rr\u00fcfat\u0131 \u0130stehsalat Birliyinin r\u0259isi Abid \u018fliyev deyib. Onun s\u00f6zl\u0259rin\u0259 g\u00f6r\u0259,\u00a0F\u00f6vq\u0259lad\u0259 Hallar Nazirliyi bu \u00fczl\u00fckl\u0259rin binalara vurulmas\u0131n\u0131 dayand\u0131r\u0131b:\u00a0&#8220;FHN i\u015f apard\u0131\u011f\u0131m\u0131z binan\u0131n birinci m\u0259rt\u0259b\u0259sin\u0259 vurulan \u00fczl\u00fckl\u0259ri s\u00f6kd\u00fcr\u00fcb. Material\u0131n yanan material olmas\u0131n\u0131 onlar daha yax\u015f\u0131 bilirl\u0259r. M\u00fct\u0259x\u0259ssis onlard\u0131r. H\u0259l\u0259 ki, penoplastlardan istifad\u0259 edil\u0259r\u0259k \u00fczl\u00fckl\u0259r vurulmur. Bu i\u015fi dayand\u0131rm\u0131\u015f\u0131q. \u0130ki il bundan \u00f6nc\u0259 Sumqay\u0131tda yanan binaya g\u0259ldikd\u0259 is\u0259 onu dey\u0259 bil\u0259r\u0259m ki, ba\u015f ver\u0259n yan\u011f\u0131nda binaya vurulan \u00fczl\u00fck yanm\u0131rd\u0131. \u0130ndi m\u0259n yanan binaya bax\u0131ram, g\u00f6r\u00fcr\u0259m ki, n\u0259 q\u0259d\u0259r f\u0259rq var imi\u015f. Keyfiyy\u0259td\u0259n \u00e7ox \u015fey as\u0131l\u0131d\u0131r. Bu, el\u0259 bil bar\u0131t idi.\u201d<\/p>\n","protected":false},"excerpt":{"rendered":"<p>&#8220;FHN i\u015f apard\u0131\u011f\u0131m\u0131z binan\u0131n birinci m\u0259rt\u0259b\u0259sin\u0259 vurulan \u00fczl\u00fckl\u0259ri s\u00f6kd\u00fcr\u00fcb&#8221;<\/p>\n","protected":false},"author":11,"featured_media":24734,"comment_status":"closed","ping_status":"open","sticky":false,"template":"","format":"standard","meta":{"_acf_changed":false,"_sitemap_exclude":false,"_sitemap_priority":"","_sitemap_frequency":"","footnotes":""},"categories":[56],"tags":[],"class_list":["post-167979","post","type-post","status-publish","format-standard","has-post-thumbnail","hentry","category-xeberler","infinite-scroll-item","generate-columns","tablet-grid-50","mobile-grid-100","grid-parent","grid-33","no-featured-image-padding"],"acf":[],"yoast_head":"<!-- This site is optimized with the Yoast SEO plugin v28.4 - https:\/\/yoast.com\/product\/yoast-seo-wordpress\/ -->\n<title>Sumqay\u0131tda binalar\u0131n \u00fczl\u0259nm\u0259si dayand\u0131r\u0131l\u0131b - MEYDAN.TV<\/title>\n<meta name=\"robots\" content=\"index, follow, max-snippet:-1, max-image-preview:large, max-video-preview:-1\" \/>\n<link rel=\"canonical\" href=\"https:\/\/www.meydan.tv\/az\/article\/sumqayitda-binalarin-uzlenmesi-dayandirilib\/\" \/>\n<meta property=\"og:locale\" content=\"az_AZ\" \/>\n<meta property=\"og:type\" content=\"article\" \/>\n<meta property=\"og:title\" content=\"Sumqay\u0131tda binalar\u0131n \u00fczl\u0259nm\u0259si dayand\u0131r\u0131l\u0131b - MEYDAN.TV\" \/>\n<meta property=\"og:description\" content=\"&quot;FHN i\u015f apard\u0131\u011f\u0131m\u0131z binan\u0131n birinci m\u0259rt\u0259b\u0259sin\u0259 vurulan \u00fczl\u00fckl\u0259ri s\u00f6kd\u00fcr\u00fcb&quot;\" \/>\n<meta property=\"og:url\" content=\"https:\/\/www.meydan.tv\/az\/article\/sumqayitda-binalarin-uzlenmesi-dayandirilib\/\" \/>\n<meta property=\"og:site_name\" content=\"MEYDAN.TV\" \/>\n<meta property=\"article:published_time\" content=\"2015-05-20T01:29:18+00:00\" \/>\n<meta property=\"og:image\" content=\"https:\/\/www.meydan.tv\/wp-content\/uploads\/9032.jpg\" \/>\n\t<meta property=\"og:image:width\" content=\"276\" \/>\n\t<meta property=\"og:image:height\" content=\"183\" \/>\n\t<meta property=\"og:image:type\" content=\"image\/jpeg\" \/>\n<meta name=\"twitter:card\" content=\"summary_large_image\" \/>\n<!-- \/ Yoast SEO plugin. -->","yoast_head_json":{"title":"Sumqay\u0131tda binalar\u0131n \u00fczl\u0259nm\u0259si dayand\u0131r\u0131l\u0131b - MEYDAN.TV","robots":{"index":"index","follow":"follow","max-snippet":"max-snippet:-1","max-image-preview":"max-image-preview:large","max-video-preview":"max-video-preview:-1"},"canonical":"https:\/\/www.meydan.tv\/az\/article\/sumqayitda-binalarin-uzlenmesi-dayandirilib\/","og_locale":"az_AZ","og_type":"article","og_title":"Sumqay\u0131tda binalar\u0131n \u00fczl\u0259nm\u0259si dayand\u0131r\u0131l\u0131b - MEYDAN.TV","og_description":"\"FHN i\u015f apard\u0131\u011f\u0131m\u0131z binan\u0131n birinci m\u0259rt\u0259b\u0259sin\u0259 vurulan \u00fczl\u00fckl\u0259ri s\u00f6kd\u00fcr\u00fcb\"","og_url":"https:\/\/www.meydan.tv\/az\/article\/sumqayitda-binalarin-uzlenmesi-dayandirilib\/","og_site_name":"MEYDAN.TV","article_published_time":"2015-05-20T01:29:18+00:00","og_image":[{"width":276,"height":183,"url":"https:\/\/www.meydan.tv\/wp-content\/uploads\/9032.jpg","type":"image\/jpeg"}],"twitter_card":"summary_large_image","schema":{"@context":"https:\/\/schema.org","@graph":[{"@type":"Article","@id":"https:\/\/www.meydan.tv\/az\/article\/sumqayitda-binalarin-uzlenmesi-dayandirilib\/#article","isPartOf":{"@id":"https:\/\/www.meydan.tv\/az\/article\/sumqayitda-binalarin-uzlenmesi-dayandirilib\/"},"author":{"name":"user-manager","@id":"https:\/\/www.meydan.tv\/az\/#\/schema\/person\/10d11eccf6da3662cf5fdab9806ea91a"},"headline":"Sumqay\u0131tda binalar\u0131n \u00fczl\u0259nm\u0259si dayand\u0131r\u0131l\u0131b","datePublished":"2015-05-20T01:29:18+00:00","mainEntityOfPage":{"@id":"https:\/\/www.meydan.tv\/az\/article\/sumqayitda-binalarin-uzlenmesi-dayandirilib\/"},"wordCount":220,"publisher":{"@id":"https:\/\/www.meydan.tv\/az\/#organization"},"image":{"@id":"https:\/\/www.meydan.tv\/az\/article\/sumqayitda-binalarin-uzlenmesi-dayandirilib\/#primaryimage"},"thumbnailUrl":"https:\/\/www.meydan.tv\/wp-content\/uploads\/9032.jpg","articleSection":["X\u0259b\u0259rl\u0259r"],"inLanguage":"az"},{"@type":"WebPage","@id":"https:\/\/www.meydan.tv\/az\/article\/sumqayitda-binalarin-uzlenmesi-dayandirilib\/","url":"https:\/\/www.meydan.tv\/az\/article\/sumqayitda-binalarin-uzlenmesi-dayandirilib\/","name":"Sumqay\u0131tda binalar\u0131n \u00fczl\u0259nm\u0259si dayand\u0131r\u0131l\u0131b - MEYDAN.TV","isPartOf":{"@id":"https:\/\/www.meydan.tv\/az\/#website"},"primaryImageOfPage":{"@id":"https:\/\/www.meydan.tv\/az\/article\/sumqayitda-binalarin-uzlenmesi-dayandirilib\/#primaryimage"},"image":{"@id":"https:\/\/www.meydan.tv\/az\/article\/sumqayitda-binalarin-uzlenmesi-dayandirilib\/#primaryimage"},"thumbnailUrl":"https:\/\/www.meydan.tv\/wp-content\/uploads\/9032.jpg","datePublished":"2015-05-20T01:29:18+00:00","breadcrumb":{"@id":"https:\/\/www.meydan.tv\/az\/article\/sumqayitda-binalarin-uzlenmesi-dayandirilib\/#breadcrumb"},"inLanguage":"az","potentialAction":[{"@type":"ReadAction","target":["https:\/\/www.meydan.tv\/az\/article\/sumqayitda-binalarin-uzlenmesi-dayandirilib\/"]}]},{"@type":"ImageObject","inLanguage":"az","@id":"https:\/\/www.meydan.tv\/az\/article\/sumqayitda-binalarin-uzlenmesi-dayandirilib\/#primaryimage","url":"https:\/\/www.meydan.tv\/wp-content\/uploads\/9032.jpg","contentUrl":"https:\/\/www.meydan.tv\/wp-content\/uploads\/9032.jpg","width":276,"height":183,"caption":"Source:"},{"@type":"BreadcrumbList","@id":"https:\/\/www.meydan.tv\/az\/article\/sumqayitda-binalarin-uzlenmesi-dayandirilib\/#breadcrumb","itemListElement":[{"@type":"ListItem","position":1,"name":"Ana s\u0259hif\u0259","item":"https:\/\/www.meydan.tv\/az\/"},{"@type":"ListItem","position":2,"name":"X\u0259b\u0259rl\u0259r","item":"https:\/\/www.meydan.tv\/az\/section\/xeberler\/"},{"@type":"ListItem","position":3,"name":"Sumqay\u0131tda binalar\u0131n \u00fczl\u0259nm\u0259si dayand\u0131r\u0131l\u0131b"}]},{"@type":"WebSite","@id":"https:\/\/www.meydan.tv\/az\/#website","url":"https:\/\/www.meydan.tv\/az\/","name":"MEYDAN.TV","description":"Meydan TV Az\u0259rbaycan\u0131n media m\u0259kan\u0131ndak\u0131 alternativ s\u0259sidir","publisher":{"@id":"https:\/\/www.meydan.tv\/az\/#organization"},"potentialAction":[{"@type":"SearchAction","target":{"@type":"EntryPoint","urlTemplate":"https:\/\/www.meydan.tv\/az\/?s={search_term_string}"},"query-input":{"@type":"PropertyValueSpecification","valueRequired":true,"valueName":"search_term_string"}}],"inLanguage":"az"},{"@type":"Organization","@id":"https:\/\/www.meydan.tv\/az\/#organization","name":"Meydan TV","url":"https:\/\/www.meydan.tv\/az\/","logo":{"@type":"ImageObject","inLanguage":"az","@id":"https:\/\/www.meydan.tv\/az\/#\/schema\/logo\/image\/","url":"https:\/\/www.meydan.tv\/wp-content\/uploads\/2021\/07\/meydan-logo.svg","contentUrl":"https:\/\/www.meydan.tv\/wp-content\/uploads\/2021\/07\/meydan-logo.svg","width":195,"height":46,"caption":"Meydan TV"},"image":{"@id":"https:\/\/www.meydan.tv\/az\/#\/schema\/logo\/image\/"}},{"@type":"Person","@id":"https:\/\/www.meydan.tv\/az\/#\/schema\/person\/10d11eccf6da3662cf5fdab9806ea91a","name":"user-manager"}]}},"_links":{"self":[{"href":"https:\/\/www.meydan.tv\/az\/wp-json\/wp\/v2\/posts\/167979","targetHints":{"allow":["GET"]}}],"collection":[{"href":"https:\/\/www.meydan.tv\/az\/wp-json\/wp\/v2\/posts"}],"about":[{"href":"https:\/\/www.meydan.tv\/az\/wp-json\/wp\/v2\/types\/post"}],"author":[{"embeddable":true,"href":"https:\/\/www.meydan.tv\/az\/wp-json\/wp\/v2\/users\/11"}],"replies":[{"embeddable":true,"href":"https:\/\/www.meydan.tv\/az\/wp-json\/wp\/v2\/comments?post=167979"}],"version-history":[{"count":0,"href":"https:\/\/www.meydan.tv\/az\/wp-json\/wp\/v2\/posts\/167979\/revisions"}],"wp:featuredmedia":[{"embeddable":true,"href":"https:\/\/www.meydan.tv\/az\/wp-json\/wp\/v2\/media\/24734"}],"wp:attachment":[{"href":"https:\/\/www.meydan.tv\/az\/wp-json\/wp\/v2\/media?parent=167979"}],"wp:term":[{"taxonomy":"category","embeddable":true,"href":"https:\/\/www.meydan.tv\/az\/wp-json\/wp\/v2\/categories?post=167979"},{"taxonomy":"post_tag","embeddable":true,"href":"https:\/\/www.meydan.tv\/az\/wp-json\/wp\/v2\/tags?post=167979"}],"curies":[{"name":"wp","href":"https:\/\/api.w.org\/{rel}","templated":true}]}}