{"id":167973,"date":"2015-05-19T23:10:18","date_gmt":"2015-05-19T23:10:18","guid":{"rendered":"https:\/\/www.meydan.tv\/article\/vetendas-cemiyyeti-amansizca-bogulur\/"},"modified":"2015-05-19T23:10:18","modified_gmt":"2015-05-19T23:10:18","slug":"vetendas-cemiyyeti-amansizca-bogulur","status":"publish","type":"post","link":"https:\/\/www.meydan.tv\/az\/article\/vetendas-cemiyyeti-amansizca-bogulur\/","title":{"rendered":"&#8220;V\u0259t\u0259nda\u015f c\u0259miyy\u0259ti amans\u0131zca bo\u011fulur&#8221;"},"content":{"rendered":"<figure class=\"wp-block-image size-large\">\n  <img decoding=\"async\" src=\"https:\/\/www.meydan.tv\/az\/24690\/\" alt=\"\" class=\"wp-image-24690\"\/><figcaption><\/figcaption><\/figure>\n<figure class=\"wp-block-image size-large\">\n  <img decoding=\"async\" src=\"https:\/\/www.meydan.tv\/az\/24690\/\" alt=\"\" class=\"wp-image-24690\"\/><figcaption><\/figcaption><\/figure>\n<p>\n  <i><br \/>\n    &#8220;Article 19&#8221; t\u0259\u015fkilat\u0131\u00a0QHT-ni birl\u0259\u015fdir\u0259n A\u00e7\u0131q H\u00f6kum\u0259t Beyn\u0259lxalq Koalisiyas\u0131n\u0131n b\u0259yanat\u0131n\u0131 d\u0259st\u0259kl\u0259yir<br \/>\n  <\/i>\n<\/p>\n<p>\n  2014-c\u00fc ilin \u0259vv\u0259lind\u0259n Az\u0259rbaycan hakimiyy\u0259ti onlarla f\u0259al\u0131 v\u0259 jurnalisti saxta ittihamlarla h\u0259bs ed\u0259r\u0259k, v\u0259t\u0259nda\u015f c\u0259miyy\u0259tinin amans\u0131zca bo\u011fulmas\u0131n\u0131 t\u0259\u015fkil edib. Eyni zamanda, h\u00f6kum\u0259t bir s\u0131ra dig\u0259r QHT-l\u0259rin t\u0259qibin\u0259 ba\u015flay\u0131b, onlar\u0131 f\u0259aliyy\u0259tini dayand\u0131rma\u011fa v\u0259 ya \u00f6lk\u0259ni t\u0259rk etm\u0259y\u0259 m\u0259cbur edib.\n<\/p>\n<p>\n  Bu bar\u0259d\u0259 onlarla QHT-ni birl\u0259\u015fdir\u0259n A\u00e7\u0131q H\u00f6kum\u0259t Beyn\u0259lxalq Koalisiyas\u0131n\u0131n 18 may tarixli b\u0259yanat\u0131nda deyilir.\n<\/p>\n<p>\n  H\u0259m\u00e7inin &#8220;Article 19&#8221; H\u00fcquq M\u00fcdafi\u0259 T\u0259\u015fkilat\u0131 Az\u0259rbaycanda v\u0259t\u0259nda\u015f c\u0259miyy\u0259tinin \u00f6lk\u0259nin ictimai-siyasi h\u0259yat\u0131nda i\u015ftirak etm\u0259k imkan\u0131 olmad\u0131\u011f\u0131 qeyd edil\u0259n bu m\u0259ruz\u0259ni alq\u0131\u015flay\u0131r.\n<\/p>\n<p>\n  \u201cM\u0259ruz\u0259 v\u0259t\u0259nda\u015f c\u0259miyy\u0259tinin t\u0259qibin\u0259 son qoyulmas\u0131 m\u0259qs\u0259dil\u0259 Az\u0259rbaycan h\u00f6kum\u0259tin\u0259 t\u0259zyiq g\u00f6st\u0259rilm\u0259sind\u0259 m\u00fch\u00fcm add\u0131md\u0131r. Tamamil\u0259 ayd\u0131nd\u0131r ki, Az\u0259rbaycan a\u00e7\u0131q idar\u0259etm\u0259y\u0259 yard\u0131m v\u0259 islahatlar\u0131n apar\u0131lmas\u0131 \u00fczr\u0259 \u00f6hd\u0259likl\u0259rini yerin\u0259 yetirmir\u201d, dey\u0259 &#8220;Article 19&#8221;-un icra\u00e7\u0131 direktoru Tomas Hyuz bildirib.\n<\/p>\n<p>\n  Ad\u0131 \u00e7\u0259kil\u0259n m\u0259ruz\u0259 &#8220;Article 19&#8221;, &#8220;Sivikus v\u0259 Publish What You Pay&#8221;-in 2 mart 2015-ci il tarixli m\u00fcraci\u0259tind\u0259n sonra haz\u0131rlan\u0131b.\n<\/p>\n<p>\n  M\u0259ruz\u0259nin tam variant\u0131n\u0131 burada oxumaq olar:\n<\/p>\n<p>\n  <a href=\"http:\/\/www.opengovpartnership.org\/sites\/default\/files\/attachments\/Final%20Report%20-%20Concerns%20Filed%20on%20Azerbaijan.pdf\" target=\"_blank\" rel=\"noopener\"><br \/>\n    www.opengovpartnership.org\/sites\/default\/files\/attachments\/Final%20Report%20-%20Concerns%20Filed%20on%20Azerbaijan.pdf<br \/>\n  <\/a><\/p>\n","protected":false},"excerpt":{"rendered":"<p>&#8220;Article 19&#8221; t\u0259\u015fkilat\u0131 QHT-ni birl\u0259\u015fdir\u0259n A\u00e7\u0131q H\u00f6kum\u0259t Beyn\u0259lxalq Koalisiyas\u0131n\u0131n b\u0259yanat\u0131n\u0131 d\u0259st\u0259kl\u0259yir<\/p>\n","protected":false},"author":11,"featured_media":24690,"comment_status":"closed","ping_status":"open","sticky":false,"template":"","format":"standard","meta":{"_acf_changed":false,"_sitemap_exclude":false,"_sitemap_priority":"","_sitemap_frequency":"","footnotes":""},"categories":[56],"tags":[],"class_list":["post-167973","post","type-post","status-publish","format-standard","has-post-thumbnail","hentry","category-xeberler","infinite-scroll-item","generate-columns","tablet-grid-50","mobile-grid-100","grid-parent","grid-33","no-featured-image-padding"],"acf":[],"yoast_head":"<!-- This site is optimized with the Yoast SEO plugin v28.4 - https:\/\/yoast.com\/product\/yoast-seo-wordpress\/ -->\n<title>&quot;V\u0259t\u0259nda\u015f c\u0259miyy\u0259ti amans\u0131zca bo\u011fulur&quot; - MEYDAN.TV<\/title>\n<meta name=\"robots\" content=\"index, follow, max-snippet:-1, max-image-preview:large, max-video-preview:-1\" \/>\n<link rel=\"canonical\" href=\"https:\/\/www.meydan.tv\/az\/article\/vetendas-cemiyyeti-amansizca-bogulur\/\" \/>\n<meta property=\"og:locale\" content=\"az_AZ\" \/>\n<meta property=\"og:type\" content=\"article\" \/>\n<meta property=\"og:title\" content=\"&quot;V\u0259t\u0259nda\u015f c\u0259miyy\u0259ti amans\u0131zca bo\u011fulur&quot; - MEYDAN.TV\" \/>\n<meta property=\"og:description\" content=\"&quot;Article 19&quot; t\u0259\u015fkilat\u0131 QHT-ni birl\u0259\u015fdir\u0259n A\u00e7\u0131q H\u00f6kum\u0259t Beyn\u0259lxalq Koalisiyas\u0131n\u0131n b\u0259yanat\u0131n\u0131 d\u0259st\u0259kl\u0259yir\" \/>\n<meta property=\"og:url\" content=\"https:\/\/www.meydan.tv\/az\/article\/vetendas-cemiyyeti-amansizca-bogulur\/\" \/>\n<meta property=\"og:site_name\" content=\"MEYDAN.TV\" \/>\n<meta property=\"article:published_time\" content=\"2015-05-19T23:10:18+00:00\" \/>\n<meta property=\"og:image\" content=\"https:\/\/www.meydan.tv\/wp-content\/uploads\/9009.jpg\" \/>\n\t<meta property=\"og:image:width\" content=\"314\" \/>\n\t<meta property=\"og:image:height\" content=\"161\" \/>\n\t<meta property=\"og:image:type\" content=\"image\/jpeg\" \/>\n<meta name=\"twitter:card\" content=\"summary_large_image\" \/>\n<!-- \/ Yoast SEO plugin. -->","yoast_head_json":{"title":"\"V\u0259t\u0259nda\u015f c\u0259miyy\u0259ti amans\u0131zca bo\u011fulur\" - MEYDAN.TV","robots":{"index":"index","follow":"follow","max-snippet":"max-snippet:-1","max-image-preview":"max-image-preview:large","max-video-preview":"max-video-preview:-1"},"canonical":"https:\/\/www.meydan.tv\/az\/article\/vetendas-cemiyyeti-amansizca-bogulur\/","og_locale":"az_AZ","og_type":"article","og_title":"\"V\u0259t\u0259nda\u015f c\u0259miyy\u0259ti amans\u0131zca bo\u011fulur\" - MEYDAN.TV","og_description":"\"Article 19\" t\u0259\u015fkilat\u0131 QHT-ni birl\u0259\u015fdir\u0259n A\u00e7\u0131q H\u00f6kum\u0259t Beyn\u0259lxalq Koalisiyas\u0131n\u0131n b\u0259yanat\u0131n\u0131 d\u0259st\u0259kl\u0259yir","og_url":"https:\/\/www.meydan.tv\/az\/article\/vetendas-cemiyyeti-amansizca-bogulur\/","og_site_name":"MEYDAN.TV","article_published_time":"2015-05-19T23:10:18+00:00","og_image":[{"width":314,"height":161,"url":"https:\/\/www.meydan.tv\/wp-content\/uploads\/9009.jpg","type":"image\/jpeg"}],"twitter_card":"summary_large_image","schema":{"@context":"https:\/\/schema.org","@graph":[{"@type":"Article","@id":"https:\/\/www.meydan.tv\/az\/article\/vetendas-cemiyyeti-amansizca-bogulur\/#article","isPartOf":{"@id":"https:\/\/www.meydan.tv\/az\/article\/vetendas-cemiyyeti-amansizca-bogulur\/"},"author":{"name":"user-manager","@id":"https:\/\/www.meydan.tv\/az\/#\/schema\/person\/10d11eccf6da3662cf5fdab9806ea91a"},"headline":"&#8220;V\u0259t\u0259nda\u015f c\u0259miyy\u0259ti amans\u0131zca bo\u011fulur&#8221;","datePublished":"2015-05-19T23:10:18+00:00","mainEntityOfPage":{"@id":"https:\/\/www.meydan.tv\/az\/article\/vetendas-cemiyyeti-amansizca-bogulur\/"},"wordCount":282,"publisher":{"@id":"https:\/\/www.meydan.tv\/az\/#organization"},"image":{"@id":"https:\/\/www.meydan.tv\/az\/article\/vetendas-cemiyyeti-amansizca-bogulur\/#primaryimage"},"thumbnailUrl":"https:\/\/www.meydan.tv\/wp-content\/uploads\/9009.jpg","articleSection":["X\u0259b\u0259rl\u0259r"],"inLanguage":"az"},{"@type":"WebPage","@id":"https:\/\/www.meydan.tv\/az\/article\/vetendas-cemiyyeti-amansizca-bogulur\/","url":"https:\/\/www.meydan.tv\/az\/article\/vetendas-cemiyyeti-amansizca-bogulur\/","name":"\"V\u0259t\u0259nda\u015f c\u0259miyy\u0259ti amans\u0131zca bo\u011fulur\" - MEYDAN.TV","isPartOf":{"@id":"https:\/\/www.meydan.tv\/az\/#website"},"primaryImageOfPage":{"@id":"https:\/\/www.meydan.tv\/az\/article\/vetendas-cemiyyeti-amansizca-bogulur\/#primaryimage"},"image":{"@id":"https:\/\/www.meydan.tv\/az\/article\/vetendas-cemiyyeti-amansizca-bogulur\/#primaryimage"},"thumbnailUrl":"https:\/\/www.meydan.tv\/wp-content\/uploads\/9009.jpg","datePublished":"2015-05-19T23:10:18+00:00","breadcrumb":{"@id":"https:\/\/www.meydan.tv\/az\/article\/vetendas-cemiyyeti-amansizca-bogulur\/#breadcrumb"},"inLanguage":"az","potentialAction":[{"@type":"ReadAction","target":["https:\/\/www.meydan.tv\/az\/article\/vetendas-cemiyyeti-amansizca-bogulur\/"]}]},{"@type":"ImageObject","inLanguage":"az","@id":"https:\/\/www.meydan.tv\/az\/article\/vetendas-cemiyyeti-amansizca-bogulur\/#primaryimage","url":"https:\/\/www.meydan.tv\/wp-content\/uploads\/9009.jpg","contentUrl":"https:\/\/www.meydan.tv\/wp-content\/uploads\/9009.jpg","width":314,"height":161,"caption":"Source:"},{"@type":"BreadcrumbList","@id":"https:\/\/www.meydan.tv\/az\/article\/vetendas-cemiyyeti-amansizca-bogulur\/#breadcrumb","itemListElement":[{"@type":"ListItem","position":1,"name":"Ana s\u0259hif\u0259","item":"https:\/\/www.meydan.tv\/az\/"},{"@type":"ListItem","position":2,"name":"X\u0259b\u0259rl\u0259r","item":"https:\/\/www.meydan.tv\/az\/section\/xeberler\/"},{"@type":"ListItem","position":3,"name":"&#8220;V\u0259t\u0259nda\u015f c\u0259miyy\u0259ti amans\u0131zca bo\u011fulur&#8221;"}]},{"@type":"WebSite","@id":"https:\/\/www.meydan.tv\/az\/#website","url":"https:\/\/www.meydan.tv\/az\/","name":"MEYDAN.TV","description":"Meydan TV Az\u0259rbaycan\u0131n media m\u0259kan\u0131ndak\u0131 alternativ s\u0259sidir","publisher":{"@id":"https:\/\/www.meydan.tv\/az\/#organization"},"potentialAction":[{"@type":"SearchAction","target":{"@type":"EntryPoint","urlTemplate":"https:\/\/www.meydan.tv\/az\/?s={search_term_string}"},"query-input":{"@type":"PropertyValueSpecification","valueRequired":true,"valueName":"search_term_string"}}],"inLanguage":"az"},{"@type":"Organization","@id":"https:\/\/www.meydan.tv\/az\/#organization","name":"Meydan TV","url":"https:\/\/www.meydan.tv\/az\/","logo":{"@type":"ImageObject","inLanguage":"az","@id":"https:\/\/www.meydan.tv\/az\/#\/schema\/logo\/image\/","url":"https:\/\/www.meydan.tv\/wp-content\/uploads\/2021\/07\/meydan-logo.svg","contentUrl":"https:\/\/www.meydan.tv\/wp-content\/uploads\/2021\/07\/meydan-logo.svg","width":195,"height":46,"caption":"Meydan TV"},"image":{"@id":"https:\/\/www.meydan.tv\/az\/#\/schema\/logo\/image\/"}},{"@type":"Person","@id":"https:\/\/www.meydan.tv\/az\/#\/schema\/person\/10d11eccf6da3662cf5fdab9806ea91a","name":"user-manager"}]}},"_links":{"self":[{"href":"https:\/\/www.meydan.tv\/az\/wp-json\/wp\/v2\/posts\/167973","targetHints":{"allow":["GET"]}}],"collection":[{"href":"https:\/\/www.meydan.tv\/az\/wp-json\/wp\/v2\/posts"}],"about":[{"href":"https:\/\/www.meydan.tv\/az\/wp-json\/wp\/v2\/types\/post"}],"author":[{"embeddable":true,"href":"https:\/\/www.meydan.tv\/az\/wp-json\/wp\/v2\/users\/11"}],"replies":[{"embeddable":true,"href":"https:\/\/www.meydan.tv\/az\/wp-json\/wp\/v2\/comments?post=167973"}],"version-history":[{"count":0,"href":"https:\/\/www.meydan.tv\/az\/wp-json\/wp\/v2\/posts\/167973\/revisions"}],"wp:featuredmedia":[{"embeddable":true,"href":"https:\/\/www.meydan.tv\/az\/wp-json\/wp\/v2\/media\/24690"}],"wp:attachment":[{"href":"https:\/\/www.meydan.tv\/az\/wp-json\/wp\/v2\/media?parent=167973"}],"wp:term":[{"taxonomy":"category","embeddable":true,"href":"https:\/\/www.meydan.tv\/az\/wp-json\/wp\/v2\/categories?post=167973"},{"taxonomy":"post_tag","embeddable":true,"href":"https:\/\/www.meydan.tv\/az\/wp-json\/wp\/v2\/tags?post=167973"}],"curies":[{"name":"wp","href":"https:\/\/api.w.org\/{rel}","templated":true}]}}