{"id":167971,"date":"2015-05-19T22:37:39","date_gmt":"2015-05-19T22:37:39","guid":{"rendered":"https:\/\/www.meydan.tv\/article\/baki-bas-polis-idaresinde-zamin-haciya-sifahi-xeberdarliq-edibler\/"},"modified":"2015-05-19T22:37:39","modified_gmt":"2015-05-19T22:37:39","slug":"baki-bas-polis-idaresinde-zamin-haciya-sifahi-xeberdarliq-edibler","status":"publish","type":"post","link":"https:\/\/www.meydan.tv\/az\/article\/baki-bas-polis-idaresinde-zamin-haciya-sifahi-xeberdarliq-edibler\/","title":{"rendered":"Bak\u0131 Ba\u015f Polis \u0130dar\u0259sind\u0259 Zamin Hac\u0131ya \u015fifahi x\u0259b\u0259rdarl\u0131q edibl\u0259r"},"content":{"rendered":"<figure class=\"wp-block-image size-large\">\n  <img decoding=\"async\" src=\"https:\/\/www.meydan.tv\/az\/24676\/\" alt=\"\" class=\"wp-image-24676\"\/><figcaption><\/figcaption><\/figure>\n<figure class=\"wp-block-image size-large\">\n  <img decoding=\"async\" src=\"https:\/\/www.meydan.tv\/az\/24676\/\" alt=\"\" class=\"wp-image-24676\"\/><figcaption><\/figcaption><\/figure>\n<p>\n  <i><br \/>\n    &#8220;Dedil\u0259r ki, yazd\u0131qlar\u0131ndan q\u0131z\u0131\u015fd\u0131r\u0131c\u0131l\u0131q \u00fc\u00e7\u00fcn istifad\u0259 ed\u0259nl\u0259r ola bil\u0259r&#8221;<br \/>\n  <\/i>\n<\/p>\n<p>\n  May\u0131n 19-da tan\u0131nm\u0131\u015f k\u00f6\u015f\u0259 yazar\u0131 Zamin Hac\u0131 Bak\u0131 \u015e\u0259h\u0259r Ba\u015f Polis \u0130dar\u0259sin\u0259 \u00e7a\u011f\u0131r\u0131l\u0131b. S\u0259b\u0259b Zamin Hac\u0131n\u0131n Facebook s\u0259hif\u0259sind\u0259 &#8220;Yan\u011f\u0131n qabla\u015fd\u0131rmas\u0131ndan \u00e7\u0131x\u0131n. Sizi \u00f6z h\u0259yat\u0131n\u0131z\u0131 xilas el\u0259m\u0259y\u0259 &#8211; binalar\u0131n\u0131z\u0131 \u00fczl\u0259dikl\u0259ri yanar konstruksiyalar\u0131 s\u00f6km\u0259y\u0259 \u00e7a\u011f\u0131r\u0131ram. Bu, mitinq-filan deyil, he\u00e7 Qaraba\u011f da deyil. Birba\u015fa \u00f6z u\u015faqlar\u0131n\u0131z\u0131n h\u0259yat\u0131d\u0131r. S\u00f6k\u00fcn, xilas olun. N\u0259 q\u0259d\u0259r gec deyil&#8221; statusudur.\n<\/p>\n<p>\n  Bu bar\u0259d\u0259 Meydan TV-y\u0259 dan\u0131\u015fan Zamin Hac\u0131 deyib ki, ona \u015fifahi\u00a0 x\u0259b\u0259rdarl\u0131q edibl\u0259r: &#8220;S\u0259b\u0259b Facebook-dak\u0131 statusumdur. \u0130dar\u0259d\u0259 dindirm\u0259 yox, s\u00f6hb\u0259t oldu, kifay\u0259t q\u0259d\u0259r normal yana\u015fd\u0131lar. M\u0259niml\u0259 general-mayor Elxan Seyidov s\u00f6hb\u0259t etdi. M\u0259n &#8220;qanunu pozmu\u015famm\u0131&#8221; sual\u0131n\u0131 verdim. Cavab verdil\u0259r ki, m\u0259n\u0259vi qanunlar, mentalitet dey\u0259 bir \u015fey var, bundan da q\u0131z\u0131\u015fd\u0131r\u0131c\u0131l\u0131q \u00fc\u00e7\u00fcn istifad\u0259 ed\u0259nl\u0259r ola bil\u0259r. Bir s\u00f6zl\u0259, \u00fcmumi s\u00f6hb\u0259t oldu&#8221;.\n<\/p><\/p>\n","protected":false},"excerpt":{"rendered":"<p>&#8220;Dedil\u0259r ki, yazd\u0131qlar\u0131ndan q\u0131z\u0131\u015fd\u0131r\u0131c\u0131l\u0131q \u00fc\u00e7\u00fcn istifad\u0259 ed\u0259nl\u0259r ola bil\u0259r&#8221;<\/p>\n","protected":false},"author":11,"featured_media":24676,"comment_status":"closed","ping_status":"open","sticky":false,"template":"","format":"standard","meta":{"_acf_changed":false,"_sitemap_exclude":false,"_sitemap_priority":"","_sitemap_frequency":"","footnotes":""},"categories":[56],"tags":[],"class_list":["post-167971","post","type-post","status-publish","format-standard","has-post-thumbnail","hentry","category-xeberler","infinite-scroll-item","generate-columns","tablet-grid-50","mobile-grid-100","grid-parent","grid-33","no-featured-image-padding"],"acf":[],"yoast_head":"<!-- This site is optimized with the Yoast SEO plugin v28.4 - https:\/\/yoast.com\/product\/yoast-seo-wordpress\/ -->\n<title>Bak\u0131 Ba\u015f Polis \u0130dar\u0259sind\u0259 Zamin Hac\u0131ya \u015fifahi x\u0259b\u0259rdarl\u0131q edibl\u0259r - MEYDAN.TV<\/title>\n<meta name=\"robots\" content=\"index, follow, max-snippet:-1, max-image-preview:large, max-video-preview:-1\" \/>\n<link rel=\"canonical\" href=\"https:\/\/www.meydan.tv\/az\/article\/baki-bas-polis-idaresinde-zamin-haciya-sifahi-xeberdarliq-edibler\/\" \/>\n<meta property=\"og:locale\" content=\"az_AZ\" \/>\n<meta property=\"og:type\" content=\"article\" \/>\n<meta property=\"og:title\" content=\"Bak\u0131 Ba\u015f Polis \u0130dar\u0259sind\u0259 Zamin Hac\u0131ya \u015fifahi x\u0259b\u0259rdarl\u0131q edibl\u0259r - MEYDAN.TV\" \/>\n<meta property=\"og:description\" content=\"&quot;Dedil\u0259r ki, yazd\u0131qlar\u0131ndan q\u0131z\u0131\u015fd\u0131r\u0131c\u0131l\u0131q \u00fc\u00e7\u00fcn istifad\u0259 ed\u0259nl\u0259r ola bil\u0259r&quot;\" \/>\n<meta property=\"og:url\" content=\"https:\/\/www.meydan.tv\/az\/article\/baki-bas-polis-idaresinde-zamin-haciya-sifahi-xeberdarliq-edibler\/\" \/>\n<meta property=\"og:site_name\" content=\"MEYDAN.TV\" \/>\n<meta property=\"article:published_time\" content=\"2015-05-19T22:37:39+00:00\" \/>\n<meta property=\"og:image\" content=\"https:\/\/www.meydan.tv\/wp-content\/uploads\/9005.jpg\" \/>\n\t<meta property=\"og:image:width\" content=\"300\" \/>\n\t<meta property=\"og:image:height\" content=\"300\" \/>\n\t<meta property=\"og:image:type\" content=\"image\/jpeg\" \/>\n<meta name=\"twitter:card\" content=\"summary_large_image\" \/>\n<!-- \/ Yoast SEO plugin. -->","yoast_head_json":{"title":"Bak\u0131 Ba\u015f Polis \u0130dar\u0259sind\u0259 Zamin Hac\u0131ya \u015fifahi x\u0259b\u0259rdarl\u0131q edibl\u0259r - MEYDAN.TV","robots":{"index":"index","follow":"follow","max-snippet":"max-snippet:-1","max-image-preview":"max-image-preview:large","max-video-preview":"max-video-preview:-1"},"canonical":"https:\/\/www.meydan.tv\/az\/article\/baki-bas-polis-idaresinde-zamin-haciya-sifahi-xeberdarliq-edibler\/","og_locale":"az_AZ","og_type":"article","og_title":"Bak\u0131 Ba\u015f Polis \u0130dar\u0259sind\u0259 Zamin Hac\u0131ya \u015fifahi x\u0259b\u0259rdarl\u0131q edibl\u0259r - MEYDAN.TV","og_description":"\"Dedil\u0259r ki, yazd\u0131qlar\u0131ndan q\u0131z\u0131\u015fd\u0131r\u0131c\u0131l\u0131q \u00fc\u00e7\u00fcn istifad\u0259 ed\u0259nl\u0259r ola bil\u0259r\"","og_url":"https:\/\/www.meydan.tv\/az\/article\/baki-bas-polis-idaresinde-zamin-haciya-sifahi-xeberdarliq-edibler\/","og_site_name":"MEYDAN.TV","article_published_time":"2015-05-19T22:37:39+00:00","og_image":[{"width":300,"height":300,"url":"https:\/\/www.meydan.tv\/wp-content\/uploads\/9005.jpg","type":"image\/jpeg"}],"twitter_card":"summary_large_image","schema":{"@context":"https:\/\/schema.org","@graph":[{"@type":"Article","@id":"https:\/\/www.meydan.tv\/az\/article\/baki-bas-polis-idaresinde-zamin-haciya-sifahi-xeberdarliq-edibler\/#article","isPartOf":{"@id":"https:\/\/www.meydan.tv\/az\/article\/baki-bas-polis-idaresinde-zamin-haciya-sifahi-xeberdarliq-edibler\/"},"author":{"name":"user-manager","@id":"https:\/\/www.meydan.tv\/az\/#\/schema\/person\/10d11eccf6da3662cf5fdab9806ea91a"},"headline":"Bak\u0131 Ba\u015f Polis \u0130dar\u0259sind\u0259 Zamin Hac\u0131ya \u015fifahi x\u0259b\u0259rdarl\u0131q edibl\u0259r","datePublished":"2015-05-19T22:37:39+00:00","mainEntityOfPage":{"@id":"https:\/\/www.meydan.tv\/az\/article\/baki-bas-polis-idaresinde-zamin-haciya-sifahi-xeberdarliq-edibler\/"},"wordCount":227,"publisher":{"@id":"https:\/\/www.meydan.tv\/az\/#organization"},"image":{"@id":"https:\/\/www.meydan.tv\/az\/article\/baki-bas-polis-idaresinde-zamin-haciya-sifahi-xeberdarliq-edibler\/#primaryimage"},"thumbnailUrl":"https:\/\/www.meydan.tv\/wp-content\/uploads\/9005.jpg","articleSection":["X\u0259b\u0259rl\u0259r"],"inLanguage":"az"},{"@type":"WebPage","@id":"https:\/\/www.meydan.tv\/az\/article\/baki-bas-polis-idaresinde-zamin-haciya-sifahi-xeberdarliq-edibler\/","url":"https:\/\/www.meydan.tv\/az\/article\/baki-bas-polis-idaresinde-zamin-haciya-sifahi-xeberdarliq-edibler\/","name":"Bak\u0131 Ba\u015f Polis \u0130dar\u0259sind\u0259 Zamin Hac\u0131ya \u015fifahi x\u0259b\u0259rdarl\u0131q edibl\u0259r - MEYDAN.TV","isPartOf":{"@id":"https:\/\/www.meydan.tv\/az\/#website"},"primaryImageOfPage":{"@id":"https:\/\/www.meydan.tv\/az\/article\/baki-bas-polis-idaresinde-zamin-haciya-sifahi-xeberdarliq-edibler\/#primaryimage"},"image":{"@id":"https:\/\/www.meydan.tv\/az\/article\/baki-bas-polis-idaresinde-zamin-haciya-sifahi-xeberdarliq-edibler\/#primaryimage"},"thumbnailUrl":"https:\/\/www.meydan.tv\/wp-content\/uploads\/9005.jpg","datePublished":"2015-05-19T22:37:39+00:00","breadcrumb":{"@id":"https:\/\/www.meydan.tv\/az\/article\/baki-bas-polis-idaresinde-zamin-haciya-sifahi-xeberdarliq-edibler\/#breadcrumb"},"inLanguage":"az","potentialAction":[{"@type":"ReadAction","target":["https:\/\/www.meydan.tv\/az\/article\/baki-bas-polis-idaresinde-zamin-haciya-sifahi-xeberdarliq-edibler\/"]}]},{"@type":"ImageObject","inLanguage":"az","@id":"https:\/\/www.meydan.tv\/az\/article\/baki-bas-polis-idaresinde-zamin-haciya-sifahi-xeberdarliq-edibler\/#primaryimage","url":"https:\/\/www.meydan.tv\/wp-content\/uploads\/9005.jpg","contentUrl":"https:\/\/www.meydan.tv\/wp-content\/uploads\/9005.jpg","width":300,"height":300,"caption":"Source:"},{"@type":"BreadcrumbList","@id":"https:\/\/www.meydan.tv\/az\/article\/baki-bas-polis-idaresinde-zamin-haciya-sifahi-xeberdarliq-edibler\/#breadcrumb","itemListElement":[{"@type":"ListItem","position":1,"name":"Ana s\u0259hif\u0259","item":"https:\/\/www.meydan.tv\/az\/"},{"@type":"ListItem","position":2,"name":"X\u0259b\u0259rl\u0259r","item":"https:\/\/www.meydan.tv\/az\/section\/xeberler\/"},{"@type":"ListItem","position":3,"name":"Bak\u0131 Ba\u015f Polis \u0130dar\u0259sind\u0259 Zamin Hac\u0131ya \u015fifahi x\u0259b\u0259rdarl\u0131q edibl\u0259r"}]},{"@type":"WebSite","@id":"https:\/\/www.meydan.tv\/az\/#website","url":"https:\/\/www.meydan.tv\/az\/","name":"MEYDAN.TV","description":"Meydan TV Az\u0259rbaycan\u0131n media m\u0259kan\u0131ndak\u0131 alternativ s\u0259sidir","publisher":{"@id":"https:\/\/www.meydan.tv\/az\/#organization"},"potentialAction":[{"@type":"SearchAction","target":{"@type":"EntryPoint","urlTemplate":"https:\/\/www.meydan.tv\/az\/?s={search_term_string}"},"query-input":{"@type":"PropertyValueSpecification","valueRequired":true,"valueName":"search_term_string"}}],"inLanguage":"az"},{"@type":"Organization","@id":"https:\/\/www.meydan.tv\/az\/#organization","name":"Meydan TV","url":"https:\/\/www.meydan.tv\/az\/","logo":{"@type":"ImageObject","inLanguage":"az","@id":"https:\/\/www.meydan.tv\/az\/#\/schema\/logo\/image\/","url":"https:\/\/www.meydan.tv\/wp-content\/uploads\/2021\/07\/meydan-logo.svg","contentUrl":"https:\/\/www.meydan.tv\/wp-content\/uploads\/2021\/07\/meydan-logo.svg","width":195,"height":46,"caption":"Meydan TV"},"image":{"@id":"https:\/\/www.meydan.tv\/az\/#\/schema\/logo\/image\/"}},{"@type":"Person","@id":"https:\/\/www.meydan.tv\/az\/#\/schema\/person\/10d11eccf6da3662cf5fdab9806ea91a","name":"user-manager"}]}},"_links":{"self":[{"href":"https:\/\/www.meydan.tv\/az\/wp-json\/wp\/v2\/posts\/167971","targetHints":{"allow":["GET"]}}],"collection":[{"href":"https:\/\/www.meydan.tv\/az\/wp-json\/wp\/v2\/posts"}],"about":[{"href":"https:\/\/www.meydan.tv\/az\/wp-json\/wp\/v2\/types\/post"}],"author":[{"embeddable":true,"href":"https:\/\/www.meydan.tv\/az\/wp-json\/wp\/v2\/users\/11"}],"replies":[{"embeddable":true,"href":"https:\/\/www.meydan.tv\/az\/wp-json\/wp\/v2\/comments?post=167971"}],"version-history":[{"count":0,"href":"https:\/\/www.meydan.tv\/az\/wp-json\/wp\/v2\/posts\/167971\/revisions"}],"wp:featuredmedia":[{"embeddable":true,"href":"https:\/\/www.meydan.tv\/az\/wp-json\/wp\/v2\/media\/24676"}],"wp:attachment":[{"href":"https:\/\/www.meydan.tv\/az\/wp-json\/wp\/v2\/media?parent=167971"}],"wp:term":[{"taxonomy":"category","embeddable":true,"href":"https:\/\/www.meydan.tv\/az\/wp-json\/wp\/v2\/categories?post=167971"},{"taxonomy":"post_tag","embeddable":true,"href":"https:\/\/www.meydan.tv\/az\/wp-json\/wp\/v2\/tags?post=167971"}],"curies":[{"name":"wp","href":"https:\/\/api.w.org\/{rel}","templated":true}]}}