{"id":167969,"date":"2015-05-19T20:22:44","date_gmt":"2015-05-19T20:22:44","guid":{"rendered":"https:\/\/www.meydan.tv\/article\/prezidenti-dovlet-komissiyasinin-yaradilmasi-haqqinda-serencam-imzalayib\/"},"modified":"2015-05-19T20:22:44","modified_gmt":"2015-05-19T20:22:44","slug":"prezidenti-dovlet-komissiyasinin-yaradilmasi-haqqinda-serencam-imzalayib","status":"publish","type":"post","link":"https:\/\/www.meydan.tv\/az\/article\/prezidenti-dovlet-komissiyasinin-yaradilmasi-haqqinda-serencam-imzalayib\/","title":{"rendered":"Prezidenti D\u00f6vl\u0259t Komissiyas\u0131n\u0131n yarad\u0131lmas\u0131 haqq\u0131nda s\u0259r\u0259ncam imzalay\u0131b"},"content":{"rendered":"<figure class=\"wp-block-image size-large\">\n  <img decoding=\"async\" src=\"https:\/\/www.meydan.tv\/az\/24670\/\" alt=\"\" class=\"wp-image-24670\"\/><figcaption><\/figcaption><\/figure>\n<figure class=\"wp-block-image size-large\">\n  <img decoding=\"async\" src=\"https:\/\/www.meydan.tv\/az\/24670\/\" alt=\"\" class=\"wp-image-24670\"\/><figcaption><\/figcaption><\/figure>\n<p><div>\n    Az\u0259rbaycan prezidenti \u0130lham \u018fliyev Bak\u0131 \u015f\u0259h\u0259ri Bin\u0259q\u0259di rayonu \u0259razisind\u0259 \u00e7oxm\u0259rt\u0259b\u0259li binada ba\u015f vermi\u015f yan\u011f\u0131n il\u0259 \u0259laq\u0259dar D\u00f6vl\u0259t Komissiyas\u0131n\u0131n yarad\u0131lmas\u0131 haqq\u0131nda s\u0259r\u0259ncam imzalay\u0131b.\n  <\/div>\n<\/p>\n<p>\n  <a href=\"https:\/\/apa.az\/\"><br \/>\n    APA<br \/>\n  <\/a><br \/>\n  -n\u0131n m\u0259lumat\u0131na g\u00f6r\u0259, s\u0259r\u0259ncama \u0259sas\u0259n, D\u00f6vl\u0259t Komissiyas\u0131 a\u015fa\u011f\u0131dak\u0131 t\u0259rkibd\u0259 yarad\u0131l\u0131b:\n<\/p>\n<\/p>\n<p>\n  <b><br \/>\n    Komissiyan\u0131n s\u0259dri:<br \/>\n  <\/b>\n<\/p>\n<p>\n  <a href=\"http:\/\/az.apa.az\/tag\/Abid+%C5%9E%C9%99rifov\"><br \/>\n    Abid \u015e\u0259rifov<br \/>\n  <\/a><br \/>\n  \u00a0&#8211; Az\u0259rbaycan Respublikas\u0131n\u0131n Ba\u015f nazirinin m\u00fcavini\n<\/p>\n<\/p>\n<p>\n  <b><br \/>\n    Komissiyan\u0131n \u00fczvl\u0259ri:<br \/>\n  <\/b>\n<\/p>\n<\/p>\n<p>\n  <a href=\"http:\/\/az.apa.az\/tag\/Ramil+Usubov\"><br \/>\n    Ramil Usubov<br \/>\n  <\/a><br \/>\n  \u00a0&#8211; Az\u0259rbaycan Respublikas\u0131n\u0131n daxili i\u015fl\u0259r naziri\n<\/p>\n<\/p>\n<p>\n  <a href=\"http:\/\/az.apa.az\/tag\/K%C9%99mal%C9%99ddin+Heyd%C9%99rov\"><br \/>\n    K\u0259mal\u0259ddin Heyd\u0259rov<br \/>\n  <\/a><br \/>\n  \u00a0&#8211; Az\u0259rbaycan Respublikas\u0131n\u0131n f\u00f6vq\u0259lad\u0259 hallar naziri\n<\/p>\n<\/p>\n<p>\n  <a href=\"http:\/\/az.apa.az\/tag\/Zakir+Qaralov\"><br \/>\n    Zakir Qaralov<br \/>\n  <\/a><br \/>\n  \u00a0&#8211; Az\u0259rbaycan Respublikas\u0131n\u0131n Ba\u015f prokuroru\n<\/p>\n<\/p>\n<p>\n  <a href=\"http:\/\/az.apa.az\/tag\/Eldar+Mahmudov\"><br \/>\n    Eldar Mahmudov<br \/>\n  <\/a><br \/>\n  \u00a0&#8211; Az\u0259rbaycan Respublikas\u0131n\u0131n milli t\u0259hl\u00fck\u0259sizlik naziri\n<\/p>\n<\/p>\n<p>\n  <a href=\"http:\/\/az.apa.az\/tag\/Oqtay+%C5%9Eir%C9%99liyev\"><br \/>\n    Oqtay \u015eir\u0259liyev<br \/>\n  <\/a><br \/>\n  \u00a0&#8211; Az\u0259rbaycan Respublikas\u0131n\u0131n s\u0259hiyy\u0259 naziri\n<\/p>\n<\/p>\n<p>\n  <a href=\"http:\/\/az.apa.az\/tag\/Samir+%C5%9E%C9%99rifov\"><br \/>\n    Samir \u015e\u0259rifov<br \/>\n  <\/a><br \/>\n  \u00a0&#8211; Az\u0259rbaycan Respublikas\u0131n\u0131n maliyy\u0259 naziri\n<\/p>\n<\/p>\n<p>\n  <a href=\"http:\/\/az.apa.az\/tag\/S%C9%99lim+M%C3%BCsl%C3%BCmov\"><br \/>\n    S\u0259lim M\u00fcsl\u00fcmov<br \/>\n  <\/a><br \/>\n  \u00a0&#8211; Az\u0259rbaycan Respublikas\u0131n\u0131n \u0259m\u0259k v\u0259 \u0259halinin sosial m\u00fcdafi\u0259si naziri\n<\/p>\n<\/p>\n<p>\n  Hac\u0131bala Abutal\u0131bov &#8211; Bak\u0131 \u015f\u0259h\u0259r \u0130cra Hakimiyy\u0259tinin ba\u015f\u00e7\u0131s\u0131\n<\/p>\n<\/p>\n<p>\n  D\u00f6vl\u0259t ba\u015f\u00e7\u0131s\u0131n\u0131n tap\u015f\u0131r\u0131\u011f\u0131na \u0259sas\u0259n, D\u00f6vl\u0259t Komissiyas\u0131:\n<\/p>\n<\/p>\n<p>\n  &#8211; hadis\u0259nin ba\u015f verm\u0259si s\u0259b\u0259bl\u0259rini v\u0259 \u015f\u0259raitini ara\u015fd\u0131raraq onun n\u0259tic\u0259l\u0259rinin aradan qald\u0131r\u0131lmas\u0131 \u00fc\u00e7\u00fcn t\u0259xir\u0259sal\u0131nmaz t\u0259dbirl\u0259r m\u00fc\u0259yy\u0259nl\u0259\u015fdirsin v\u0259 h\u0259yata ke\u00e7irm\u0259lidir;\n<\/p>\n<\/p>\n<p>\n  &#8211; ba\u015f vermi\u015f yan\u011f\u0131n n\u0259tic\u0259sind\u0259 z\u0259r\u0259r \u00e7\u0259k\u0259nl\u0259rin \u0259mlak\u0131na d\u0259ymi\u015f ziyan\u0131n 15 g\u00fcn m\u00fcdd\u0259tind\u0259 hesablanmas\u0131n\u0131 t\u0259min etm\u0259lidir;\n<\/p>\n<\/p>\n<p>\n  &#8211; hadis\u0259 n\u0259tic\u0259sind\u0259 z\u0259r\u0259r \u00e7\u0259k\u0259nl\u0259r\u0259 v\u0259 h\u0259lak olanlar\u0131n ail\u0259 \u00fczvl\u0259rin\u0259 maddi v\u0259 dig\u0259r z\u0259ruri yard\u0131m g\u00f6st\u0259rilm\u0259sini t\u0259min etm\u0259lidir;\n<\/p>\n<\/p>\n<p>\n  &#8211; yan\u011f\u0131n n\u0259tic\u0259sind\u0259 x\u0259sar\u0259t alanlar\u0131n m\u00fcalic\u0259sini t\u0259min etm\u0259lidir;\n<\/p>\n<\/p>\n<p>\n  &#8211; ya\u015fay\u0131\u015f binas\u0131n\u0131n istifad\u0259y\u0259 yararl\u0131l\u0131q v\u0259ziyy\u0259tini ara\u015fd\u0131rs\u0131n v\u0259 onun sakinl\u0259rinin m\u00fcv\u0259qq\u0259ti yerl\u0259\u015fdirilm\u0259si il\u0259 ba\u011fl\u0131 z\u0259ruri t\u0259dbirl\u0259ri h\u0259yata ke\u00e7irm\u0259lidir;\n<\/p>\n<\/p>\n<p>\n  &#8211; g\u00f6r\u00fclm\u00fc\u015f i\u015fl\u0259r haqq\u0131nda m\u00fct\u0259madi m\u0259lumat verm\u0259lidir.\n<\/p>\n<\/p>\n<p>\n  <a href=\"http:\/\/az.apa.az\/tag\/Ba%C5%9F+Prokurorluq\"><br \/>\n    Ba\u015f Prokurorluq<br \/>\n  <\/a><br \/>\n  \u00a0is\u0259 Daxili \u0130\u015fl\u0259r v\u0259 F\u00f6vq\u0259lad\u0259 Hallar nazirlikl\u0259ri il\u0259 birlikd\u0259 ba\u015f vermi\u015f yan\u011f\u0131n hadis\u0259sinin s\u0259b\u0259bl\u0259rinin ara\u015fd\u0131r\u0131lmas\u0131 v\u0259 t\u0259qsirkar \u015f\u0259xsl\u0259rin m\u00fc\u0259yy\u0259n edil\u0259r\u0259k m\u0259suliyy\u0259t\u0259 c\u0259lb edilm\u0259si \u00fc\u00e7\u00fcn t\u0259xir\u0259sal\u0131nmaz istintaq t\u0259dbirl\u0259rini h\u0259yata ke\u00e7irm\u0259lidir. S\u0259r\u0259ncam imzaland\u0131\u011f\u0131 g\u00fcnd\u0259n q\u00fcvv\u0259y\u0259 minir.<\/p>\n","protected":false},"excerpt":{"rendered":"<p>Az\u0259rbaycan prezidenti \u0130lham \u018fliyev Bak\u0131 \u015f\u0259h\u0259ri Bin\u0259q\u0259di rayonu \u0259razisind\u0259 \u00e7oxm\u0259rt\u0259b\u0259li &#8230; <\/p>\n<p class=\"read-more-container\"><a title=\"Prezidenti D\u00f6vl\u0259t Komissiyas\u0131n\u0131n yarad\u0131lmas\u0131 haqq\u0131nda s\u0259r\u0259ncam imzalay\u0131b\" class=\"read-more button\" href=\"https:\/\/www.meydan.tv\/az\/article\/prezidenti-dovlet-komissiyasinin-yaradilmasi-haqqinda-serencam-imzalayib\/#more-167969\" aria-label=\"Read more about Prezidenti D\u00f6vl\u0259t Komissiyas\u0131n\u0131n yarad\u0131lmas\u0131 haqq\u0131nda s\u0259r\u0259ncam imzalay\u0131b\">Davam\u0131<\/a><\/p>\n","protected":false},"author":11,"featured_media":24670,"comment_status":"closed","ping_status":"open","sticky":false,"template":"","format":"standard","meta":{"_acf_changed":false,"_sitemap_exclude":false,"_sitemap_priority":"","_sitemap_frequency":"","footnotes":""},"categories":[56],"tags":[],"class_list":["post-167969","post","type-post","status-publish","format-standard","has-post-thumbnail","hentry","category-xeberler","infinite-scroll-item","generate-columns","tablet-grid-50","mobile-grid-100","grid-parent","grid-33","no-featured-image-padding"],"acf":[],"yoast_head":"<!-- This site is optimized with the Yoast SEO plugin v28.4 - https:\/\/yoast.com\/product\/yoast-seo-wordpress\/ -->\n<title>Prezidenti D\u00f6vl\u0259t Komissiyas\u0131n\u0131n yarad\u0131lmas\u0131 haqq\u0131nda s\u0259r\u0259ncam imzalay\u0131b - MEYDAN.TV<\/title>\n<meta name=\"robots\" content=\"index, follow, max-snippet:-1, max-image-preview:large, max-video-preview:-1\" \/>\n<link rel=\"canonical\" href=\"https:\/\/www.meydan.tv\/az\/article\/prezidenti-dovlet-komissiyasinin-yaradilmasi-haqqinda-serencam-imzalayib\/\" \/>\n<meta property=\"og:locale\" content=\"az_AZ\" \/>\n<meta property=\"og:type\" content=\"article\" \/>\n<meta property=\"og:title\" content=\"Prezidenti D\u00f6vl\u0259t Komissiyas\u0131n\u0131n yarad\u0131lmas\u0131 haqq\u0131nda s\u0259r\u0259ncam imzalay\u0131b - MEYDAN.TV\" \/>\n<meta property=\"og:description\" content=\"Az\u0259rbaycan prezidenti \u0130lham \u018fliyev Bak\u0131 \u015f\u0259h\u0259ri Bin\u0259q\u0259di rayonu \u0259razisind\u0259 \u00e7oxm\u0259rt\u0259b\u0259li ... Davam\u0131\" \/>\n<meta property=\"og:url\" content=\"https:\/\/www.meydan.tv\/az\/article\/prezidenti-dovlet-komissiyasinin-yaradilmasi-haqqinda-serencam-imzalayib\/\" \/>\n<meta property=\"og:site_name\" content=\"MEYDAN.TV\" \/>\n<meta property=\"article:published_time\" content=\"2015-05-19T20:22:44+00:00\" \/>\n<meta property=\"og:image\" content=\"https:\/\/www.meydan.tv\/wp-content\/uploads\/9003.jpg\" \/>\n\t<meta property=\"og:image:width\" content=\"545\" \/>\n\t<meta property=\"og:image:height\" content=\"340\" \/>\n\t<meta property=\"og:image:type\" content=\"image\/jpeg\" \/>\n<meta name=\"twitter:card\" content=\"summary_large_image\" \/>\n<!-- \/ Yoast SEO plugin. -->","yoast_head_json":{"title":"Prezidenti D\u00f6vl\u0259t Komissiyas\u0131n\u0131n yarad\u0131lmas\u0131 haqq\u0131nda s\u0259r\u0259ncam imzalay\u0131b - MEYDAN.TV","robots":{"index":"index","follow":"follow","max-snippet":"max-snippet:-1","max-image-preview":"max-image-preview:large","max-video-preview":"max-video-preview:-1"},"canonical":"https:\/\/www.meydan.tv\/az\/article\/prezidenti-dovlet-komissiyasinin-yaradilmasi-haqqinda-serencam-imzalayib\/","og_locale":"az_AZ","og_type":"article","og_title":"Prezidenti D\u00f6vl\u0259t Komissiyas\u0131n\u0131n yarad\u0131lmas\u0131 haqq\u0131nda s\u0259r\u0259ncam imzalay\u0131b - MEYDAN.TV","og_description":"Az\u0259rbaycan prezidenti \u0130lham \u018fliyev Bak\u0131 \u015f\u0259h\u0259ri Bin\u0259q\u0259di rayonu \u0259razisind\u0259 \u00e7oxm\u0259rt\u0259b\u0259li ... Davam\u0131","og_url":"https:\/\/www.meydan.tv\/az\/article\/prezidenti-dovlet-komissiyasinin-yaradilmasi-haqqinda-serencam-imzalayib\/","og_site_name":"MEYDAN.TV","article_published_time":"2015-05-19T20:22:44+00:00","og_image":[{"width":545,"height":340,"url":"https:\/\/www.meydan.tv\/wp-content\/uploads\/9003.jpg","type":"image\/jpeg"}],"twitter_card":"summary_large_image","schema":{"@context":"https:\/\/schema.org","@graph":[{"@type":"Article","@id":"https:\/\/www.meydan.tv\/az\/article\/prezidenti-dovlet-komissiyasinin-yaradilmasi-haqqinda-serencam-imzalayib\/#article","isPartOf":{"@id":"https:\/\/www.meydan.tv\/az\/article\/prezidenti-dovlet-komissiyasinin-yaradilmasi-haqqinda-serencam-imzalayib\/"},"author":{"name":"user-manager","@id":"https:\/\/www.meydan.tv\/az\/#\/schema\/person\/10d11eccf6da3662cf5fdab9806ea91a"},"headline":"Prezidenti D\u00f6vl\u0259t Komissiyas\u0131n\u0131n yarad\u0131lmas\u0131 haqq\u0131nda s\u0259r\u0259ncam imzalay\u0131b","datePublished":"2015-05-19T20:22:44+00:00","mainEntityOfPage":{"@id":"https:\/\/www.meydan.tv\/az\/article\/prezidenti-dovlet-komissiyasinin-yaradilmasi-haqqinda-serencam-imzalayib\/"},"wordCount":481,"publisher":{"@id":"https:\/\/www.meydan.tv\/az\/#organization"},"image":{"@id":"https:\/\/www.meydan.tv\/az\/article\/prezidenti-dovlet-komissiyasinin-yaradilmasi-haqqinda-serencam-imzalayib\/#primaryimage"},"thumbnailUrl":"https:\/\/www.meydan.tv\/wp-content\/uploads\/9003.jpg","articleSection":["X\u0259b\u0259rl\u0259r"],"inLanguage":"az"},{"@type":"WebPage","@id":"https:\/\/www.meydan.tv\/az\/article\/prezidenti-dovlet-komissiyasinin-yaradilmasi-haqqinda-serencam-imzalayib\/","url":"https:\/\/www.meydan.tv\/az\/article\/prezidenti-dovlet-komissiyasinin-yaradilmasi-haqqinda-serencam-imzalayib\/","name":"Prezidenti D\u00f6vl\u0259t Komissiyas\u0131n\u0131n yarad\u0131lmas\u0131 haqq\u0131nda s\u0259r\u0259ncam imzalay\u0131b - MEYDAN.TV","isPartOf":{"@id":"https:\/\/www.meydan.tv\/az\/#website"},"primaryImageOfPage":{"@id":"https:\/\/www.meydan.tv\/az\/article\/prezidenti-dovlet-komissiyasinin-yaradilmasi-haqqinda-serencam-imzalayib\/#primaryimage"},"image":{"@id":"https:\/\/www.meydan.tv\/az\/article\/prezidenti-dovlet-komissiyasinin-yaradilmasi-haqqinda-serencam-imzalayib\/#primaryimage"},"thumbnailUrl":"https:\/\/www.meydan.tv\/wp-content\/uploads\/9003.jpg","datePublished":"2015-05-19T20:22:44+00:00","breadcrumb":{"@id":"https:\/\/www.meydan.tv\/az\/article\/prezidenti-dovlet-komissiyasinin-yaradilmasi-haqqinda-serencam-imzalayib\/#breadcrumb"},"inLanguage":"az","potentialAction":[{"@type":"ReadAction","target":["https:\/\/www.meydan.tv\/az\/article\/prezidenti-dovlet-komissiyasinin-yaradilmasi-haqqinda-serencam-imzalayib\/"]}]},{"@type":"ImageObject","inLanguage":"az","@id":"https:\/\/www.meydan.tv\/az\/article\/prezidenti-dovlet-komissiyasinin-yaradilmasi-haqqinda-serencam-imzalayib\/#primaryimage","url":"https:\/\/www.meydan.tv\/wp-content\/uploads\/9003.jpg","contentUrl":"https:\/\/www.meydan.tv\/wp-content\/uploads\/9003.jpg","width":545,"height":340,"caption":"Source:"},{"@type":"BreadcrumbList","@id":"https:\/\/www.meydan.tv\/az\/article\/prezidenti-dovlet-komissiyasinin-yaradilmasi-haqqinda-serencam-imzalayib\/#breadcrumb","itemListElement":[{"@type":"ListItem","position":1,"name":"Ana s\u0259hif\u0259","item":"https:\/\/www.meydan.tv\/az\/"},{"@type":"ListItem","position":2,"name":"X\u0259b\u0259rl\u0259r","item":"https:\/\/www.meydan.tv\/az\/section\/xeberler\/"},{"@type":"ListItem","position":3,"name":"Prezidenti D\u00f6vl\u0259t Komissiyas\u0131n\u0131n yarad\u0131lmas\u0131 haqq\u0131nda s\u0259r\u0259ncam imzalay\u0131b"}]},{"@type":"WebSite","@id":"https:\/\/www.meydan.tv\/az\/#website","url":"https:\/\/www.meydan.tv\/az\/","name":"MEYDAN.TV","description":"Meydan TV Az\u0259rbaycan\u0131n media m\u0259kan\u0131ndak\u0131 alternativ s\u0259sidir","publisher":{"@id":"https:\/\/www.meydan.tv\/az\/#organization"},"potentialAction":[{"@type":"SearchAction","target":{"@type":"EntryPoint","urlTemplate":"https:\/\/www.meydan.tv\/az\/?s={search_term_string}"},"query-input":{"@type":"PropertyValueSpecification","valueRequired":true,"valueName":"search_term_string"}}],"inLanguage":"az"},{"@type":"Organization","@id":"https:\/\/www.meydan.tv\/az\/#organization","name":"Meydan TV","url":"https:\/\/www.meydan.tv\/az\/","logo":{"@type":"ImageObject","inLanguage":"az","@id":"https:\/\/www.meydan.tv\/az\/#\/schema\/logo\/image\/","url":"https:\/\/www.meydan.tv\/wp-content\/uploads\/2021\/07\/meydan-logo.svg","contentUrl":"https:\/\/www.meydan.tv\/wp-content\/uploads\/2021\/07\/meydan-logo.svg","width":195,"height":46,"caption":"Meydan TV"},"image":{"@id":"https:\/\/www.meydan.tv\/az\/#\/schema\/logo\/image\/"}},{"@type":"Person","@id":"https:\/\/www.meydan.tv\/az\/#\/schema\/person\/10d11eccf6da3662cf5fdab9806ea91a","name":"user-manager"}]}},"_links":{"self":[{"href":"https:\/\/www.meydan.tv\/az\/wp-json\/wp\/v2\/posts\/167969","targetHints":{"allow":["GET"]}}],"collection":[{"href":"https:\/\/www.meydan.tv\/az\/wp-json\/wp\/v2\/posts"}],"about":[{"href":"https:\/\/www.meydan.tv\/az\/wp-json\/wp\/v2\/types\/post"}],"author":[{"embeddable":true,"href":"https:\/\/www.meydan.tv\/az\/wp-json\/wp\/v2\/users\/11"}],"replies":[{"embeddable":true,"href":"https:\/\/www.meydan.tv\/az\/wp-json\/wp\/v2\/comments?post=167969"}],"version-history":[{"count":0,"href":"https:\/\/www.meydan.tv\/az\/wp-json\/wp\/v2\/posts\/167969\/revisions"}],"wp:featuredmedia":[{"embeddable":true,"href":"https:\/\/www.meydan.tv\/az\/wp-json\/wp\/v2\/media\/24670"}],"wp:attachment":[{"href":"https:\/\/www.meydan.tv\/az\/wp-json\/wp\/v2\/media?parent=167969"}],"wp:term":[{"taxonomy":"category","embeddable":true,"href":"https:\/\/www.meydan.tv\/az\/wp-json\/wp\/v2\/categories?post=167969"},{"taxonomy":"post_tag","embeddable":true,"href":"https:\/\/www.meydan.tv\/az\/wp-json\/wp\/v2\/tags?post=167969"}],"curies":[{"name":"wp","href":"https:\/\/api.w.org\/{rel}","templated":true}]}}