{"id":167966,"date":"2015-05-19T19:51:19","date_gmt":"2015-05-19T19:51:19","guid":{"rendered":"https:\/\/www.meydan.tv\/article\/yanginda-olenlerin-adlari-aciqlandi\/"},"modified":"2015-05-19T19:51:19","modified_gmt":"2015-05-19T19:51:19","slug":"yanginda-olenlerin-adlari-aciqlandi","status":"publish","type":"post","link":"https:\/\/www.meydan.tv\/az\/article\/yanginda-olenlerin-adlari-aciqlandi\/","title":{"rendered":"Yan\u011f\u0131nda \u00f6l\u0259nl\u0259rin adlar\u0131 a\u00e7\u0131qland\u0131"},"content":{"rendered":"<figure class=\"wp-block-image size-large\">\n  <img decoding=\"async\" src=\"https:\/\/www.meydan.tv\/az\/24667\/\" alt=\"\" class=\"wp-image-24667\"\/><figcaption><\/figcaption><\/figure>\n<figure class=\"wp-block-image size-large\">\n  <img decoding=\"async\" src=\"https:\/\/www.meydan.tv\/az\/24667\/\" alt=\"\" class=\"wp-image-24667\"\/><figcaption><\/figcaption><\/figure>\n<p><div>\n    Bak\u0131da ya\u015fay\u0131\u015f binas\u0131nda ba\u015f ver\u0259n yan\u011f\u0131n n\u0259tic\u0259sind\u0259 \u00f6l\u0259n 16 n\u0259f\u0259rd\u0259n 7-nin \u015f\u0259xsiyy\u0259ti art\u0131q m\u00fc\u0259yy\u0259nl\u0259\u015fib. S\u0259hiyy\u0259 Nazirliyinin M\u0259hk\u0259m\u0259-Tibbi Ekspertiza v\u0259 Patoloji Anatomiya Birliyinin s\u0259dri \u015eakir Musayev Trend-\u0259 bildirib ki, onlar\u0131n 14-n\u00fcn meyiti Birliy\u0259 g\u0259tirilib.\n  <\/div>\n<\/p>\n<p><div><\/div>\n<\/p>\n<p><div>\n    Art\u0131q onlardan 7-nin \u015f\u0259xsiyy\u0259ti m\u00fc\u0259yy\u0259nl\u0259\u015fib. Onlar Cavadov \u00d6m\u0259r V\u00fcqar o\u011flu (ya\u015f yar\u0131ml\u0131q), K\u0259rimova Nazil\u0259 Malik q\u0131z\u0131 (39 ya\u015f), K\u0259rimova Ayan Anar q\u0131z\u0131 (5 ya\u015f), H\u00fcseynov Ayxan \u015eahin o\u011flu (2 ya\u015f), M\u0259h\u0259rr\u0259mova F\u0259r\u0259h Elnur q\u0131z\u0131 (3 ya\u015f) v\u0259 bac\u0131-qarda\u015f &#8211; Ba\u011f\u0131rov Sahib R\u0259him o\u011flu (46 ya\u015f), Ba\u011f\u0131rova Fir\u0259ngiz R\u0259him q\u0131z\u0131d\u0131r (60 ya\u015f).\n  <\/div><\/p>\n","protected":false},"excerpt":{"rendered":"<p>Bak\u0131da ya\u015fay\u0131\u015f binas\u0131nda ba\u015f ver\u0259n yan\u011f\u0131n n\u0259tic\u0259sind\u0259 \u00f6l\u0259n 16 n\u0259f\u0259rd\u0259n &#8230; <\/p>\n<p class=\"read-more-container\"><a title=\"Yan\u011f\u0131nda \u00f6l\u0259nl\u0259rin adlar\u0131 a\u00e7\u0131qland\u0131\" class=\"read-more button\" href=\"https:\/\/www.meydan.tv\/az\/article\/yanginda-olenlerin-adlari-aciqlandi\/#more-167966\" aria-label=\"Read more about Yan\u011f\u0131nda \u00f6l\u0259nl\u0259rin adlar\u0131 a\u00e7\u0131qland\u0131\">Davam\u0131<\/a><\/p>\n","protected":false},"author":11,"featured_media":24667,"comment_status":"closed","ping_status":"open","sticky":false,"template":"","format":"standard","meta":{"_acf_changed":false,"_sitemap_exclude":false,"_sitemap_priority":"","_sitemap_frequency":"","footnotes":""},"categories":[56],"tags":[],"class_list":["post-167966","post","type-post","status-publish","format-standard","has-post-thumbnail","hentry","category-xeberler","infinite-scroll-item","generate-columns","tablet-grid-50","mobile-grid-100","grid-parent","grid-33","no-featured-image-padding"],"acf":[],"yoast_head":"<!-- This site is optimized with the Yoast SEO plugin v28.4 - https:\/\/yoast.com\/product\/yoast-seo-wordpress\/ -->\n<title>Yan\u011f\u0131nda \u00f6l\u0259nl\u0259rin adlar\u0131 a\u00e7\u0131qland\u0131 - MEYDAN.TV<\/title>\n<meta name=\"robots\" content=\"index, follow, max-snippet:-1, max-image-preview:large, max-video-preview:-1\" \/>\n<link rel=\"canonical\" href=\"https:\/\/www.meydan.tv\/az\/article\/yanginda-olenlerin-adlari-aciqlandi\/\" \/>\n<meta property=\"og:locale\" content=\"az_AZ\" \/>\n<meta property=\"og:type\" content=\"article\" \/>\n<meta property=\"og:title\" content=\"Yan\u011f\u0131nda \u00f6l\u0259nl\u0259rin adlar\u0131 a\u00e7\u0131qland\u0131 - MEYDAN.TV\" \/>\n<meta property=\"og:description\" content=\"Bak\u0131da ya\u015fay\u0131\u015f binas\u0131nda ba\u015f ver\u0259n yan\u011f\u0131n n\u0259tic\u0259sind\u0259 \u00f6l\u0259n 16 n\u0259f\u0259rd\u0259n ... Davam\u0131\" \/>\n<meta property=\"og:url\" content=\"https:\/\/www.meydan.tv\/az\/article\/yanginda-olenlerin-adlari-aciqlandi\/\" \/>\n<meta property=\"og:site_name\" content=\"MEYDAN.TV\" \/>\n<meta property=\"article:published_time\" content=\"2015-05-19T19:51:19+00:00\" \/>\n<meta property=\"og:image\" content=\"https:\/\/www.meydan.tv\/wp-content\/uploads\/9001.jpg\" \/>\n\t<meta property=\"og:image:width\" content=\"749\" \/>\n\t<meta property=\"og:image:height\" content=\"500\" \/>\n\t<meta property=\"og:image:type\" content=\"image\/jpeg\" \/>\n<meta name=\"twitter:card\" content=\"summary_large_image\" \/>\n<!-- \/ Yoast SEO plugin. -->","yoast_head_json":{"title":"Yan\u011f\u0131nda \u00f6l\u0259nl\u0259rin adlar\u0131 a\u00e7\u0131qland\u0131 - MEYDAN.TV","robots":{"index":"index","follow":"follow","max-snippet":"max-snippet:-1","max-image-preview":"max-image-preview:large","max-video-preview":"max-video-preview:-1"},"canonical":"https:\/\/www.meydan.tv\/az\/article\/yanginda-olenlerin-adlari-aciqlandi\/","og_locale":"az_AZ","og_type":"article","og_title":"Yan\u011f\u0131nda \u00f6l\u0259nl\u0259rin adlar\u0131 a\u00e7\u0131qland\u0131 - MEYDAN.TV","og_description":"Bak\u0131da ya\u015fay\u0131\u015f binas\u0131nda ba\u015f ver\u0259n yan\u011f\u0131n n\u0259tic\u0259sind\u0259 \u00f6l\u0259n 16 n\u0259f\u0259rd\u0259n ... Davam\u0131","og_url":"https:\/\/www.meydan.tv\/az\/article\/yanginda-olenlerin-adlari-aciqlandi\/","og_site_name":"MEYDAN.TV","article_published_time":"2015-05-19T19:51:19+00:00","og_image":[{"width":749,"height":500,"url":"https:\/\/www.meydan.tv\/wp-content\/uploads\/9001.jpg","type":"image\/jpeg"}],"twitter_card":"summary_large_image","schema":{"@context":"https:\/\/schema.org","@graph":[{"@type":"Article","@id":"https:\/\/www.meydan.tv\/az\/article\/yanginda-olenlerin-adlari-aciqlandi\/#article","isPartOf":{"@id":"https:\/\/www.meydan.tv\/az\/article\/yanginda-olenlerin-adlari-aciqlandi\/"},"author":{"name":"user-manager","@id":"https:\/\/www.meydan.tv\/az\/#\/schema\/person\/10d11eccf6da3662cf5fdab9806ea91a"},"headline":"Yan\u011f\u0131nda \u00f6l\u0259nl\u0259rin adlar\u0131 a\u00e7\u0131qland\u0131","datePublished":"2015-05-19T19:51:19+00:00","mainEntityOfPage":{"@id":"https:\/\/www.meydan.tv\/az\/article\/yanginda-olenlerin-adlari-aciqlandi\/"},"wordCount":141,"publisher":{"@id":"https:\/\/www.meydan.tv\/az\/#organization"},"image":{"@id":"https:\/\/www.meydan.tv\/az\/article\/yanginda-olenlerin-adlari-aciqlandi\/#primaryimage"},"thumbnailUrl":"https:\/\/www.meydan.tv\/wp-content\/uploads\/9001.jpg","articleSection":["X\u0259b\u0259rl\u0259r"],"inLanguage":"az"},{"@type":"WebPage","@id":"https:\/\/www.meydan.tv\/az\/article\/yanginda-olenlerin-adlari-aciqlandi\/","url":"https:\/\/www.meydan.tv\/az\/article\/yanginda-olenlerin-adlari-aciqlandi\/","name":"Yan\u011f\u0131nda \u00f6l\u0259nl\u0259rin adlar\u0131 a\u00e7\u0131qland\u0131 - MEYDAN.TV","isPartOf":{"@id":"https:\/\/www.meydan.tv\/az\/#website"},"primaryImageOfPage":{"@id":"https:\/\/www.meydan.tv\/az\/article\/yanginda-olenlerin-adlari-aciqlandi\/#primaryimage"},"image":{"@id":"https:\/\/www.meydan.tv\/az\/article\/yanginda-olenlerin-adlari-aciqlandi\/#primaryimage"},"thumbnailUrl":"https:\/\/www.meydan.tv\/wp-content\/uploads\/9001.jpg","datePublished":"2015-05-19T19:51:19+00:00","breadcrumb":{"@id":"https:\/\/www.meydan.tv\/az\/article\/yanginda-olenlerin-adlari-aciqlandi\/#breadcrumb"},"inLanguage":"az","potentialAction":[{"@type":"ReadAction","target":["https:\/\/www.meydan.tv\/az\/article\/yanginda-olenlerin-adlari-aciqlandi\/"]}]},{"@type":"ImageObject","inLanguage":"az","@id":"https:\/\/www.meydan.tv\/az\/article\/yanginda-olenlerin-adlari-aciqlandi\/#primaryimage","url":"https:\/\/www.meydan.tv\/wp-content\/uploads\/9001.jpg","contentUrl":"https:\/\/www.meydan.tv\/wp-content\/uploads\/9001.jpg","width":749,"height":500,"caption":"Source:"},{"@type":"BreadcrumbList","@id":"https:\/\/www.meydan.tv\/az\/article\/yanginda-olenlerin-adlari-aciqlandi\/#breadcrumb","itemListElement":[{"@type":"ListItem","position":1,"name":"Ana s\u0259hif\u0259","item":"https:\/\/www.meydan.tv\/az\/"},{"@type":"ListItem","position":2,"name":"X\u0259b\u0259rl\u0259r","item":"https:\/\/www.meydan.tv\/az\/section\/xeberler\/"},{"@type":"ListItem","position":3,"name":"Yan\u011f\u0131nda \u00f6l\u0259nl\u0259rin adlar\u0131 a\u00e7\u0131qland\u0131"}]},{"@type":"WebSite","@id":"https:\/\/www.meydan.tv\/az\/#website","url":"https:\/\/www.meydan.tv\/az\/","name":"MEYDAN.TV","description":"Meydan TV Az\u0259rbaycan\u0131n media m\u0259kan\u0131ndak\u0131 alternativ s\u0259sidir","publisher":{"@id":"https:\/\/www.meydan.tv\/az\/#organization"},"potentialAction":[{"@type":"SearchAction","target":{"@type":"EntryPoint","urlTemplate":"https:\/\/www.meydan.tv\/az\/?s={search_term_string}"},"query-input":{"@type":"PropertyValueSpecification","valueRequired":true,"valueName":"search_term_string"}}],"inLanguage":"az"},{"@type":"Organization","@id":"https:\/\/www.meydan.tv\/az\/#organization","name":"Meydan TV","url":"https:\/\/www.meydan.tv\/az\/","logo":{"@type":"ImageObject","inLanguage":"az","@id":"https:\/\/www.meydan.tv\/az\/#\/schema\/logo\/image\/","url":"https:\/\/www.meydan.tv\/wp-content\/uploads\/2021\/07\/meydan-logo.svg","contentUrl":"https:\/\/www.meydan.tv\/wp-content\/uploads\/2021\/07\/meydan-logo.svg","width":195,"height":46,"caption":"Meydan TV"},"image":{"@id":"https:\/\/www.meydan.tv\/az\/#\/schema\/logo\/image\/"}},{"@type":"Person","@id":"https:\/\/www.meydan.tv\/az\/#\/schema\/person\/10d11eccf6da3662cf5fdab9806ea91a","name":"user-manager"}]}},"_links":{"self":[{"href":"https:\/\/www.meydan.tv\/az\/wp-json\/wp\/v2\/posts\/167966","targetHints":{"allow":["GET"]}}],"collection":[{"href":"https:\/\/www.meydan.tv\/az\/wp-json\/wp\/v2\/posts"}],"about":[{"href":"https:\/\/www.meydan.tv\/az\/wp-json\/wp\/v2\/types\/post"}],"author":[{"embeddable":true,"href":"https:\/\/www.meydan.tv\/az\/wp-json\/wp\/v2\/users\/11"}],"replies":[{"embeddable":true,"href":"https:\/\/www.meydan.tv\/az\/wp-json\/wp\/v2\/comments?post=167966"}],"version-history":[{"count":0,"href":"https:\/\/www.meydan.tv\/az\/wp-json\/wp\/v2\/posts\/167966\/revisions"}],"wp:featuredmedia":[{"embeddable":true,"href":"https:\/\/www.meydan.tv\/az\/wp-json\/wp\/v2\/media\/24667"}],"wp:attachment":[{"href":"https:\/\/www.meydan.tv\/az\/wp-json\/wp\/v2\/media?parent=167966"}],"wp:term":[{"taxonomy":"category","embeddable":true,"href":"https:\/\/www.meydan.tv\/az\/wp-json\/wp\/v2\/categories?post=167966"},{"taxonomy":"post_tag","embeddable":true,"href":"https:\/\/www.meydan.tv\/az\/wp-json\/wp\/v2\/tags?post=167966"}],"curies":[{"name":"wp","href":"https:\/\/api.w.org\/{rel}","templated":true}]}}