{"id":167964,"date":"2015-05-19T19:25:48","date_gmt":"2015-05-19T19:25:48","guid":{"rendered":"https:\/\/www.meydan.tv\/article\/yasayis-binasinda-istifade-olunan-uzluyun-istehsalcisi-tutuldu\/"},"modified":"2015-05-19T19:25:48","modified_gmt":"2015-05-19T19:25:48","slug":"yasayis-binasinda-istifade-olunan-uzluyun-istehsalcisi-tutuldu","status":"publish","type":"post","link":"https:\/\/www.meydan.tv\/az\/article\/yasayis-binasinda-istifade-olunan-uzluyun-istehsalcisi-tutuldu\/","title":{"rendered":"Ya\u015fay\u0131\u015f binas\u0131nda istifad\u0259 olunan \u00fczl\u00fcy\u00fcn istehsal\u00e7\u0131s\u0131 tutuldu"},"content":{"rendered":"<figure class=\"wp-block-image size-large\">\n  <img decoding=\"async\" src=\"https:\/\/www.meydan.tv\/az\/24652\/\" alt=\"\" class=\"wp-image-24652\"\/><figcaption><\/figcaption><\/figure>\n<figure class=\"wp-block-image size-large\">\n  <img decoding=\"async\" src=\"https:\/\/www.meydan.tv\/az\/24652\/\" alt=\"\" class=\"wp-image-24652\"\/><figcaption><\/figcaption><\/figure>\n<p>\n  <i><br \/>\n    Paytaxt\u0131n icra hakimiyy\u0259tl\u0259rin\u0259 b\u00fct\u00fcn bu binalar\u0131n birinci m\u0259rt\u0259b\u0259l\u0259rinin demontaj\u0131na ba\u015flamaq v\u0259 m\u00fcmk\u00fcn yan\u011f\u0131n\u0131n s\u00f6nd\u00fcr\u00fclm\u0259si \u00fc\u00e7\u00fcn su il\u0259 dolu y\u00fck ma\u015f\u0131nlar\u0131n\u0131 haz\u0131r saxlamaq tap\u015f\u0131r\u0131l\u0131b<br \/>\n  <\/i>\n<\/p>\n<p>\n  Bak\u0131da ya\u015fay\u0131\u015f binas\u0131nda ba\u015f ver\u0259n yan\u011f\u0131nla ba\u011fl\u0131 h\u0259yata ke\u00e7iril\u0259n istintaq v\u0259 \u0259m\u0259liyyat-axtar\u0131\u015f t\u0259dbirl\u0259ri Az\u0259rbaycan Respublikas\u0131 Prezidentinin n\u0259zar\u0259tind\u0259dir.\n<\/p>\n<p>\n  Trend-in m\u0259lumat\u0131na g\u00f6r\u0259, bu bar\u0259d\u0259 Ba\u015f Prokurorluq, FHN v\u0259 Daxili \u0130\u015fl\u0259r Nazirliyinin m\u0259tbuat xidm\u0259tl\u0259rinin yayd\u0131\u011f\u0131 birg\u0259 m\u0259lumatda qeyd edilir.\n<\/p>\n<p>\n  Birg\u0259 m\u0259lumatda daha sonra qeyd edilib ki, qulluq m\u0259nafeyi t\u0259l\u0259b etdiyi halda s\u0259lahiyy\u0259tl\u0259rind\u0259n istifad\u0259 etm\u0259y\u0259n v\u0259 istehsal etdiyi keyfiyy\u0259tsiz \u00fczl\u00fckl\u0259rl\u0259 h\u0259min binada fasadlama i\u015fl\u0259ri aparm\u0131\u015f \u201cGlobal Construction\u201d \u015firk\u0259tinin r\u0259hb\u0259ri Miryusif Mahmudov i\u015f \u00fczr\u0259 \u015f\u00fcbh\u0259li \u015f\u0259xs qismind\u0259 tutulub.\n<\/p>\n<p>\n  &#8220;Turan \u0130A&#8221;-\u0131n m\u0259lumat\u0131na g\u00f6r\u0259, Bak\u0131da 800-\u0259 yax\u0131n ya\u015fay\u0131\u015f binas\u0131 bel\u0259 \u201cal\u0131\u015fan\u201d \u00fczl\u0259m\u0259 material\u0131 il\u0259 \u00fczl\u0259nib. \u00dczl\u0259m\u0259 d\u00f6rd n\u00f6vd\u0259dir v\u0259 onlar ham\u0131s\u0131 bu v\u0259 ya dig\u0259r temperaturda yan\u0131r. Paytaxt\u0131n icra hakimiyy\u0259tl\u0259rin\u0259 b\u00fct\u00fcn bu binalar\u0131n birinci m\u0259rt\u0259b\u0259l\u0259rinin demontaj\u0131na ba\u015flamaq v\u0259 m\u00fcmk\u00fcn yan\u011f\u0131n\u0131n s\u00f6nd\u00fcr\u00fclm\u0259si \u00fc\u00e7\u00fcn su il\u0259 dolu y\u00fck ma\u015f\u0131nlar\u0131n\u0131 haz\u0131r saxlamaq tap\u015f\u0131r\u0131l\u0131b.\n<\/p>\n<p>\n  Birinci m\u0259rt\u0259b\u0259l\u0259rd\u0259n yuxar\u0131da \u00fczl\u0259m\u0259nin demontaj\u0131 daha sonra \u2013 Birinci Avropa Oyunlar\u0131ndan sonra h\u0259yata ke\u00e7iril\u0259c\u0259k.\n<\/p>\n<p>\n  \u0130stintaq orqanlar\u0131 binalar\u0131n m\u0259hz bu materiallarla \u00fczl\u0259nm\u0259sin\u0259 kimin v\u0259 nec\u0259 icaz\u0259 verdiyinin ara\u015fd\u0131r\u0131lmas\u0131 il\u0259 m\u0259\u015f\u011ful olacaq. T\u0259qsirkarlar cinay\u0259t m\u0259suliyy\u0259tin\u0259 c\u0259lb edil\u0259c\u0259k.\n<\/p>\n<p>\n  Agentliyin m\u0259lumat\u0131nda bildirilib ki, \u00fczl\u0259m\u0259 material\u0131n\u0131n haz\u0131rki v\u0259 bundan \u0259vv\u0259lki al\u0131\u015fmas\u0131nda diversiya versiyas\u0131 az ehtimal olunur. \u0130st\u0259nil\u0259n halda, ba\u015f prokurorun yan\u011f\u0131n\u0131n s\u0259b\u0259binin keyfiyy\u0259tsiz \u00fczl\u0259m\u0259 material\u0131 olmas\u0131 haqq\u0131nda b\u0259yanat\u0131 \u00e7ox \u015feyd\u0259n x\u0259b\u0259r verir: &#8220;Bu i\u015fl\u0259r \u201cGlobal Construction\u201d\u00a0\u015firk\u0259ti t\u0259r\u0259find\u0259n h\u0259yata ke\u00e7irilib. \u00dczl\u0259m\u0259 material\u0131n\u0131n t\u0259dar\u00fck\u00e7\u00fcs\u00fc h\u0259l\u0259ki m\u0259lum deyil. B\u0259zi m\u0259lumatlara g\u00f6r\u0259, bu firma Beyn\u0259lxalq Bank\u0131n t\u0259r\u0259fda\u015f\u0131 idi&#8221;.\n<\/p>\n<p>\n  &#8220;Lakin \u0259n maraql\u0131s\u0131 odur ki, bu \u015firk\u0259t kim\u0259 m\u0259xsusdur? M\u0259lumatl\u0131 m\u0259nb\u0259nin s\u00f6zl\u0259rin\u0259 g\u00f6r\u0259, firman\u0131n sahibi Az\u0259rbaycan\u0131n \u00e7ox y\u00fcks\u0259k v\u0259zif\u0259li m\u0259murunun k\u00fcr\u0259k\u0259nidir. Bel\u0259 hallarda \u00e7ox vaxt oldu\u011fu kimi, firma sahibl\u0259ri d\u0259rhal t\u0259sis\u00e7il\u0259ri d\u0259yi\u015fir v\u0259 m\u0259suliyy\u0259td\u0259n qa\u00e7\u0131r. Buna g\u00f6r\u0259 bu halda \u00f6lk\u0259nin ali r\u0259hb\u0259rliyinin nec\u0259 davranaca\u011f\u0131 maraql\u0131d\u0131r \u2013 ba\u015f ver\u0259nl\u0259r\u0259 prinsipial qiym\u0259t verm\u0259k ist\u0259y\u0259c\u0259k, yoxsa \u201ch\u0259d\u0259fi\u201d tapacaq? Bu sual\u0131n cavab\u0131 yax\u0131n g\u0259l\u0259c\u0259kd\u0259 ayd\u0131n olacaq&#8221;,- dey\u0259 &#8220;Turan \u0130A&#8221;-\u0131n m\u0259lumat\u0131 bu fikirl\u0259rl\u0259 yekunla\u015f\u0131r.<\/p>\n","protected":false},"excerpt":{"rendered":"<p>Paytaxt\u0131n icra hakimiyy\u0259tl\u0259rin\u0259 b\u00fct\u00fcn bu binalar\u0131n birinci m\u0259rt\u0259b\u0259l\u0259rinin demontaj\u0131na ba\u015flamaq v\u0259 m\u00fcmk\u00fcn yan\u011f\u0131n\u0131n s\u00f6nd\u00fcr\u00fclm\u0259si \u00fc\u00e7\u00fcn su il\u0259 dolu y\u00fck ma\u015f\u0131nlar\u0131n\u0131 haz\u0131r saxlamaq tap\u015f\u0131r\u0131l\u0131b<\/p>\n","protected":false},"author":11,"featured_media":24652,"comment_status":"closed","ping_status":"open","sticky":false,"template":"","format":"standard","meta":{"_acf_changed":false,"_sitemap_exclude":false,"_sitemap_priority":"","_sitemap_frequency":"","footnotes":""},"categories":[56],"tags":[],"class_list":["post-167964","post","type-post","status-publish","format-standard","has-post-thumbnail","hentry","category-xeberler","infinite-scroll-item","generate-columns","tablet-grid-50","mobile-grid-100","grid-parent","grid-33","no-featured-image-padding"],"acf":[],"yoast_head":"<!-- This site is optimized with the Yoast SEO plugin v28.4 - https:\/\/yoast.com\/product\/yoast-seo-wordpress\/ -->\n<title>Ya\u015fay\u0131\u015f binas\u0131nda istifad\u0259 olunan \u00fczl\u00fcy\u00fcn istehsal\u00e7\u0131s\u0131 tutuldu - MEYDAN.TV<\/title>\n<meta name=\"robots\" content=\"index, follow, max-snippet:-1, max-image-preview:large, max-video-preview:-1\" \/>\n<link rel=\"canonical\" href=\"https:\/\/www.meydan.tv\/az\/article\/yasayis-binasinda-istifade-olunan-uzluyun-istehsalcisi-tutuldu\/\" \/>\n<meta property=\"og:locale\" content=\"az_AZ\" \/>\n<meta property=\"og:type\" content=\"article\" \/>\n<meta property=\"og:title\" content=\"Ya\u015fay\u0131\u015f binas\u0131nda istifad\u0259 olunan \u00fczl\u00fcy\u00fcn istehsal\u00e7\u0131s\u0131 tutuldu - MEYDAN.TV\" \/>\n<meta property=\"og:description\" content=\"Paytaxt\u0131n icra hakimiyy\u0259tl\u0259rin\u0259 b\u00fct\u00fcn bu binalar\u0131n birinci m\u0259rt\u0259b\u0259l\u0259rinin demontaj\u0131na ba\u015flamaq v\u0259 m\u00fcmk\u00fcn yan\u011f\u0131n\u0131n s\u00f6nd\u00fcr\u00fclm\u0259si \u00fc\u00e7\u00fcn su il\u0259 dolu y\u00fck ma\u015f\u0131nlar\u0131n\u0131 haz\u0131r saxlamaq tap\u015f\u0131r\u0131l\u0131b\" \/>\n<meta property=\"og:url\" content=\"https:\/\/www.meydan.tv\/az\/article\/yasayis-binasinda-istifade-olunan-uzluyun-istehsalcisi-tutuldu\/\" \/>\n<meta property=\"og:site_name\" content=\"MEYDAN.TV\" \/>\n<meta property=\"article:published_time\" content=\"2015-05-19T19:25:48+00:00\" \/>\n<meta property=\"og:image\" content=\"https:\/\/www.meydan.tv\/wp-content\/uploads\/8994.jpg\" \/>\n\t<meta property=\"og:image:width\" content=\"749\" \/>\n\t<meta property=\"og:image:height\" content=\"500\" \/>\n\t<meta property=\"og:image:type\" content=\"image\/jpeg\" \/>\n<meta name=\"twitter:card\" content=\"summary_large_image\" \/>\n<!-- \/ Yoast SEO plugin. -->","yoast_head_json":{"title":"Ya\u015fay\u0131\u015f binas\u0131nda istifad\u0259 olunan \u00fczl\u00fcy\u00fcn istehsal\u00e7\u0131s\u0131 tutuldu - MEYDAN.TV","robots":{"index":"index","follow":"follow","max-snippet":"max-snippet:-1","max-image-preview":"max-image-preview:large","max-video-preview":"max-video-preview:-1"},"canonical":"https:\/\/www.meydan.tv\/az\/article\/yasayis-binasinda-istifade-olunan-uzluyun-istehsalcisi-tutuldu\/","og_locale":"az_AZ","og_type":"article","og_title":"Ya\u015fay\u0131\u015f binas\u0131nda istifad\u0259 olunan \u00fczl\u00fcy\u00fcn istehsal\u00e7\u0131s\u0131 tutuldu - MEYDAN.TV","og_description":"Paytaxt\u0131n icra hakimiyy\u0259tl\u0259rin\u0259 b\u00fct\u00fcn bu binalar\u0131n birinci m\u0259rt\u0259b\u0259l\u0259rinin demontaj\u0131na ba\u015flamaq v\u0259 m\u00fcmk\u00fcn yan\u011f\u0131n\u0131n s\u00f6nd\u00fcr\u00fclm\u0259si \u00fc\u00e7\u00fcn su il\u0259 dolu y\u00fck ma\u015f\u0131nlar\u0131n\u0131 haz\u0131r saxlamaq tap\u015f\u0131r\u0131l\u0131b","og_url":"https:\/\/www.meydan.tv\/az\/article\/yasayis-binasinda-istifade-olunan-uzluyun-istehsalcisi-tutuldu\/","og_site_name":"MEYDAN.TV","article_published_time":"2015-05-19T19:25:48+00:00","og_image":[{"width":749,"height":500,"url":"https:\/\/www.meydan.tv\/wp-content\/uploads\/8994.jpg","type":"image\/jpeg"}],"twitter_card":"summary_large_image","schema":{"@context":"https:\/\/schema.org","@graph":[{"@type":"Article","@id":"https:\/\/www.meydan.tv\/az\/article\/yasayis-binasinda-istifade-olunan-uzluyun-istehsalcisi-tutuldu\/#article","isPartOf":{"@id":"https:\/\/www.meydan.tv\/az\/article\/yasayis-binasinda-istifade-olunan-uzluyun-istehsalcisi-tutuldu\/"},"author":{"name":"user-manager","@id":"https:\/\/www.meydan.tv\/az\/#\/schema\/person\/10d11eccf6da3662cf5fdab9806ea91a"},"headline":"Ya\u015fay\u0131\u015f binas\u0131nda istifad\u0259 olunan \u00fczl\u00fcy\u00fcn istehsal\u00e7\u0131s\u0131 tutuldu","datePublished":"2015-05-19T19:25:48+00:00","mainEntityOfPage":{"@id":"https:\/\/www.meydan.tv\/az\/article\/yasayis-binasinda-istifade-olunan-uzluyun-istehsalcisi-tutuldu\/"},"wordCount":565,"publisher":{"@id":"https:\/\/www.meydan.tv\/az\/#organization"},"image":{"@id":"https:\/\/www.meydan.tv\/az\/article\/yasayis-binasinda-istifade-olunan-uzluyun-istehsalcisi-tutuldu\/#primaryimage"},"thumbnailUrl":"https:\/\/www.meydan.tv\/wp-content\/uploads\/8994.jpg","articleSection":["X\u0259b\u0259rl\u0259r"],"inLanguage":"az"},{"@type":"WebPage","@id":"https:\/\/www.meydan.tv\/az\/article\/yasayis-binasinda-istifade-olunan-uzluyun-istehsalcisi-tutuldu\/","url":"https:\/\/www.meydan.tv\/az\/article\/yasayis-binasinda-istifade-olunan-uzluyun-istehsalcisi-tutuldu\/","name":"Ya\u015fay\u0131\u015f binas\u0131nda istifad\u0259 olunan \u00fczl\u00fcy\u00fcn istehsal\u00e7\u0131s\u0131 tutuldu - MEYDAN.TV","isPartOf":{"@id":"https:\/\/www.meydan.tv\/az\/#website"},"primaryImageOfPage":{"@id":"https:\/\/www.meydan.tv\/az\/article\/yasayis-binasinda-istifade-olunan-uzluyun-istehsalcisi-tutuldu\/#primaryimage"},"image":{"@id":"https:\/\/www.meydan.tv\/az\/article\/yasayis-binasinda-istifade-olunan-uzluyun-istehsalcisi-tutuldu\/#primaryimage"},"thumbnailUrl":"https:\/\/www.meydan.tv\/wp-content\/uploads\/8994.jpg","datePublished":"2015-05-19T19:25:48+00:00","breadcrumb":{"@id":"https:\/\/www.meydan.tv\/az\/article\/yasayis-binasinda-istifade-olunan-uzluyun-istehsalcisi-tutuldu\/#breadcrumb"},"inLanguage":"az","potentialAction":[{"@type":"ReadAction","target":["https:\/\/www.meydan.tv\/az\/article\/yasayis-binasinda-istifade-olunan-uzluyun-istehsalcisi-tutuldu\/"]}]},{"@type":"ImageObject","inLanguage":"az","@id":"https:\/\/www.meydan.tv\/az\/article\/yasayis-binasinda-istifade-olunan-uzluyun-istehsalcisi-tutuldu\/#primaryimage","url":"https:\/\/www.meydan.tv\/wp-content\/uploads\/8994.jpg","contentUrl":"https:\/\/www.meydan.tv\/wp-content\/uploads\/8994.jpg","width":749,"height":500,"caption":"Source:"},{"@type":"BreadcrumbList","@id":"https:\/\/www.meydan.tv\/az\/article\/yasayis-binasinda-istifade-olunan-uzluyun-istehsalcisi-tutuldu\/#breadcrumb","itemListElement":[{"@type":"ListItem","position":1,"name":"Ana s\u0259hif\u0259","item":"https:\/\/www.meydan.tv\/az\/"},{"@type":"ListItem","position":2,"name":"X\u0259b\u0259rl\u0259r","item":"https:\/\/www.meydan.tv\/az\/section\/xeberler\/"},{"@type":"ListItem","position":3,"name":"Ya\u015fay\u0131\u015f binas\u0131nda istifad\u0259 olunan \u00fczl\u00fcy\u00fcn istehsal\u00e7\u0131s\u0131 tutuldu"}]},{"@type":"WebSite","@id":"https:\/\/www.meydan.tv\/az\/#website","url":"https:\/\/www.meydan.tv\/az\/","name":"MEYDAN.TV","description":"Meydan TV Az\u0259rbaycan\u0131n media m\u0259kan\u0131ndak\u0131 alternativ s\u0259sidir","publisher":{"@id":"https:\/\/www.meydan.tv\/az\/#organization"},"potentialAction":[{"@type":"SearchAction","target":{"@type":"EntryPoint","urlTemplate":"https:\/\/www.meydan.tv\/az\/?s={search_term_string}"},"query-input":{"@type":"PropertyValueSpecification","valueRequired":true,"valueName":"search_term_string"}}],"inLanguage":"az"},{"@type":"Organization","@id":"https:\/\/www.meydan.tv\/az\/#organization","name":"Meydan TV","url":"https:\/\/www.meydan.tv\/az\/","logo":{"@type":"ImageObject","inLanguage":"az","@id":"https:\/\/www.meydan.tv\/az\/#\/schema\/logo\/image\/","url":"https:\/\/www.meydan.tv\/wp-content\/uploads\/2021\/07\/meydan-logo.svg","contentUrl":"https:\/\/www.meydan.tv\/wp-content\/uploads\/2021\/07\/meydan-logo.svg","width":195,"height":46,"caption":"Meydan TV"},"image":{"@id":"https:\/\/www.meydan.tv\/az\/#\/schema\/logo\/image\/"}},{"@type":"Person","@id":"https:\/\/www.meydan.tv\/az\/#\/schema\/person\/10d11eccf6da3662cf5fdab9806ea91a","name":"user-manager"}]}},"_links":{"self":[{"href":"https:\/\/www.meydan.tv\/az\/wp-json\/wp\/v2\/posts\/167964","targetHints":{"allow":["GET"]}}],"collection":[{"href":"https:\/\/www.meydan.tv\/az\/wp-json\/wp\/v2\/posts"}],"about":[{"href":"https:\/\/www.meydan.tv\/az\/wp-json\/wp\/v2\/types\/post"}],"author":[{"embeddable":true,"href":"https:\/\/www.meydan.tv\/az\/wp-json\/wp\/v2\/users\/11"}],"replies":[{"embeddable":true,"href":"https:\/\/www.meydan.tv\/az\/wp-json\/wp\/v2\/comments?post=167964"}],"version-history":[{"count":0,"href":"https:\/\/www.meydan.tv\/az\/wp-json\/wp\/v2\/posts\/167964\/revisions"}],"wp:featuredmedia":[{"embeddable":true,"href":"https:\/\/www.meydan.tv\/az\/wp-json\/wp\/v2\/media\/24652"}],"wp:attachment":[{"href":"https:\/\/www.meydan.tv\/az\/wp-json\/wp\/v2\/media?parent=167964"}],"wp:term":[{"taxonomy":"category","embeddable":true,"href":"https:\/\/www.meydan.tv\/az\/wp-json\/wp\/v2\/categories?post=167964"},{"taxonomy":"post_tag","embeddable":true,"href":"https:\/\/www.meydan.tv\/az\/wp-json\/wp\/v2\/tags?post=167964"}],"curies":[{"name":"wp","href":"https:\/\/api.w.org\/{rel}","templated":true}]}}