{"id":167960,"date":"2015-05-19T18:49:45","date_gmt":"2015-05-19T18:49:45","guid":{"rendered":"https:\/\/www.meydan.tv\/article\/prezident-ilham-eliyev-helak-olanlarin-ailelerine-bassagligi-verib\/"},"modified":"2015-05-19T18:49:45","modified_gmt":"2015-05-19T18:49:45","slug":"prezident-ilham-eliyev-helak-olanlarin-ailelerine-bassagligi-verib","status":"publish","type":"post","link":"https:\/\/www.meydan.tv\/az\/article\/prezident-ilham-eliyev-helak-olanlarin-ailelerine-bassagligi-verib\/","title":{"rendered":"Prezident \u0130lham \u018fliyev h\u0259lak olanlar\u0131n ail\u0259l\u0259rin\u0259 ba\u015fsa\u011fl\u0131\u011f\u0131 verib"},"content":{"rendered":"<figure class=\"wp-block-image size-large\">\n  <img decoding=\"async\" src=\"https:\/\/www.meydan.tv\/az\/24640\/\" alt=\"\" class=\"wp-image-24640\"\/><figcaption><\/figcaption><\/figure>\n<figure class=\"wp-block-image size-large\">\n  <img decoding=\"async\" src=\"https:\/\/www.meydan.tv\/az\/24640\/\" alt=\"\" class=\"wp-image-24640\"\/><figcaption><\/figcaption><\/figure>\n<p><div>\n    \u018fli H\u0259s\u0259nov: &#8220;H\u0259min materiallarla \u00fczl\u0259nmi\u015f binalarla ba\u011fl\u0131 m\u00fcvafiq t\u0259dbirl\u0259r g\u00f6r\u00fcl\u0259c\u0259k&#8221;\n  <\/div>\n<\/p>\n<p><div><\/div>\n<\/p>\n<p><div>\n    Az\u0259rbaycan Respublikas\u0131 Prezidentinin ictimai-siyasi m\u0259s\u0259l\u0259l\u0259r \u00fczr\u0259 k\u00f6m\u0259k\u00e7isi \u018fli H\u0259s\u0259nov bu g\u00fcn ba\u015f ver\u0259n yan\u011f\u0131nla ba\u011fl\u0131 a\u00e7\u0131qlama verib.\n  <\/div>\n<\/p>\n<p><div><\/div>\n<\/p>\n<p><div>\n    \u018f. H\u0259s\u0259nov bildirib ki, Bin\u0259q\u0259di rayonunda ba\u015f vermi\u015f yan\u011f\u0131n Prezident \u0130lham \u018fliyevin ciddi narahatl\u0131\u011f\u0131na s\u0259b\u0259b olub: \u201cPrezident yan\u011f\u0131n\u0131n n\u0259tic\u0259l\u0259rinin aradan qald\u0131r\u0131lmas\u0131, z\u0259r\u0259r \u00e7\u0259kmi\u015f \u015f\u0259xsl\u0259r\u0259 h\u0259rt\u0259r\u0259fli k\u00f6m\u0259k g\u00f6st\u0259rilm\u0259si il\u0259 ba\u011fl\u0131 aidiyy\u0259ti d\u00f6vl\u0259t orqanlar\u0131na tap\u015f\u0131r\u0131qlar verib. Haz\u0131rda S\u0259hiyy\u0259 Nazirliyi yan\u011f\u0131ndan x\u0259sar\u0259t alm\u0131\u015f \u015f\u0259xsl\u0259r\u0259 t\u0259cili tibbi yard\u0131m g\u00f6st\u0259rilm\u0259si il\u0259 ba\u011fl\u0131 t\u0259dbirl\u0259r g\u00f6r\u00fcr\u201d.\n  <\/div>\n<\/p>\n<p><div><\/div>\n<\/p>\n<p><div>\n    \u018fli H\u0259s\u0259nov qeyd edib ki, Prezident X\u0259tai v\u0259 Bin\u0259q\u0259di rayonlar\u0131nda iki ya\u015fay\u0131\u015f binas\u0131nda ba\u015f vermi\u015f yan\u011f\u0131n\u0131n s\u0259b\u0259bl\u0259rinin b\u00fct\u00fcn t\u0259f\u0259rr\u00fcatlar\u0131 il\u0259 ara\u015fd\u0131r\u0131lmas\u0131 \u00fc\u00e7\u00fcn x\u00fcsusi komissiyan\u0131n yarad\u0131lmas\u0131 bar\u0259d\u0259 g\u00f6st\u0259ri\u015f verib. H\u0259m\u00e7inin yan\u011f\u0131na m\u0259ruz qalm\u0131\u015f \u00fczl\u00fck materiallar\u0131n istehsal\u0131na uy\u011funluq serifikat\u0131n\u0131n verilm\u0259si, onlardan ya\u015fay\u0131\u015f binalar\u0131nda \u00fczl\u00fck kimi istifad\u0259 edilm\u0259si, bu halda t\u0259hl\u00fck\u0259sizlik normalar\u0131na riay\u0259t olunub-olunmamas\u0131 m\u0259s\u0259l\u0259l\u0259ri d\u0259 ara\u015fd\u0131r\u0131lacaq, pozuntuya yol vermi\u015f qurumlar v\u0259 \u015f\u0259xsl\u0259r ciddi \u015f\u0259kild\u0259 c\u0259zaland\u0131r\u0131lacaq. H\u0259min materiallarla \u00fczl\u0259nmi\u015f binalarla ba\u011fl\u0131 m\u00fcvafiq t\u0259dbirl\u0259r g\u00f6r\u00fcl\u0259c\u0259k.\n  <\/div>\n<\/p>\n<p><div><\/div>\n<\/p>\n<p><div>\n    \u018fli H\u0259s\u0259nov deyib ki, Prezident \u0130lham \u018fliyev yan\u011f\u0131n n\u0259tic\u0259sind\u0259 h\u0259lak olanlar\u0131n ail\u0259l\u0259rin\u0259 d\u0259rin h\u00fcznl\u0259 ba\u015fsa\u011fl\u0131\u011f\u0131 verib, h\u0259m\u00e7inin onlar\u0131n d\u0259fninin v\u0259 yas m\u0259rasiml\u0259rinin d\u00f6vl\u0259t hesab\u0131na t\u0259\u015fkili m\u0259s\u0259l\u0259sini Bak\u0131 \u015e\u0259h\u0259r \u0130cra Hakimiyy\u0259tin\u0259 tap\u015f\u0131r\u0131b.\n  <\/div>\n<\/p>\n<p><div><\/div>\n<\/p>\n<p><div>\n    Prezidentin k\u00f6m\u0259k\u00e7isi bildirib ki, bu c\u00fcr hallara yol verilm\u0259m\u0259si v\u0259 m\u00fcmk\u00fcn t\u0259hl\u00fck\u0259l\u0259rin qar\u015f\u0131s\u0131n\u0131n al\u0131nmas\u0131 m\u0259qs\u0259dil\u0259 yax\u0131n g\u0259l\u0259c\u0259kd\u0259 b\u00fct\u00fcn laz\u0131mi t\u0259dbirl\u0259r g\u00f6r\u00fcl\u0259c\u0259k.\n  <\/div><\/p>\n","protected":false},"excerpt":{"rendered":"<p>\u018fli H\u0259s\u0259nov: &#8220;H\u0259min materiallarla \u00fczl\u0259nmi\u015f binalarla ba\u011fl\u0131 m\u00fcvafiq t\u0259dbirl\u0259r g\u00f6r\u00fcl\u0259c\u0259k&#8221;<\/p>\n","protected":false},"author":11,"featured_media":24640,"comment_status":"closed","ping_status":"open","sticky":false,"template":"","format":"standard","meta":{"_acf_changed":false,"_sitemap_exclude":false,"_sitemap_priority":"","_sitemap_frequency":"","footnotes":""},"categories":[56],"tags":[],"class_list":["post-167960","post","type-post","status-publish","format-standard","has-post-thumbnail","hentry","category-xeberler","infinite-scroll-item","generate-columns","tablet-grid-50","mobile-grid-100","grid-parent","grid-33","no-featured-image-padding"],"acf":[],"yoast_head":"<!-- This site is optimized with the Yoast SEO plugin v28.4 - https:\/\/yoast.com\/product\/yoast-seo-wordpress\/ -->\n<title>Prezident \u0130lham \u018fliyev h\u0259lak olanlar\u0131n ail\u0259l\u0259rin\u0259 ba\u015fsa\u011fl\u0131\u011f\u0131 verib - MEYDAN.TV<\/title>\n<meta name=\"robots\" content=\"index, follow, max-snippet:-1, max-image-preview:large, max-video-preview:-1\" \/>\n<link rel=\"canonical\" href=\"https:\/\/www.meydan.tv\/az\/article\/prezident-ilham-eliyev-helak-olanlarin-ailelerine-bassagligi-verib\/\" \/>\n<meta property=\"og:locale\" content=\"az_AZ\" \/>\n<meta property=\"og:type\" content=\"article\" \/>\n<meta property=\"og:title\" content=\"Prezident \u0130lham \u018fliyev h\u0259lak olanlar\u0131n ail\u0259l\u0259rin\u0259 ba\u015fsa\u011fl\u0131\u011f\u0131 verib - MEYDAN.TV\" \/>\n<meta property=\"og:description\" content=\"\u018fli H\u0259s\u0259nov: &quot;H\u0259min materiallarla \u00fczl\u0259nmi\u015f binalarla ba\u011fl\u0131 m\u00fcvafiq t\u0259dbirl\u0259r g\u00f6r\u00fcl\u0259c\u0259k&quot;\" \/>\n<meta property=\"og:url\" content=\"https:\/\/www.meydan.tv\/az\/article\/prezident-ilham-eliyev-helak-olanlarin-ailelerine-bassagligi-verib\/\" \/>\n<meta property=\"og:site_name\" content=\"MEYDAN.TV\" \/>\n<meta property=\"article:published_time\" content=\"2015-05-19T18:49:45+00:00\" \/>\n<meta property=\"og:image\" content=\"https:\/\/www.meydan.tv\/wp-content\/uploads\/8990.jpg\" \/>\n\t<meta property=\"og:image:width\" content=\"598\" \/>\n\t<meta property=\"og:image:height\" content=\"400\" \/>\n\t<meta property=\"og:image:type\" content=\"image\/jpeg\" \/>\n<meta name=\"twitter:card\" content=\"summary_large_image\" \/>\n<!-- \/ Yoast SEO plugin. -->","yoast_head_json":{"title":"Prezident \u0130lham \u018fliyev h\u0259lak olanlar\u0131n ail\u0259l\u0259rin\u0259 ba\u015fsa\u011fl\u0131\u011f\u0131 verib - MEYDAN.TV","robots":{"index":"index","follow":"follow","max-snippet":"max-snippet:-1","max-image-preview":"max-image-preview:large","max-video-preview":"max-video-preview:-1"},"canonical":"https:\/\/www.meydan.tv\/az\/article\/prezident-ilham-eliyev-helak-olanlarin-ailelerine-bassagligi-verib\/","og_locale":"az_AZ","og_type":"article","og_title":"Prezident \u0130lham \u018fliyev h\u0259lak olanlar\u0131n ail\u0259l\u0259rin\u0259 ba\u015fsa\u011fl\u0131\u011f\u0131 verib - MEYDAN.TV","og_description":"\u018fli H\u0259s\u0259nov: \"H\u0259min materiallarla \u00fczl\u0259nmi\u015f binalarla ba\u011fl\u0131 m\u00fcvafiq t\u0259dbirl\u0259r g\u00f6r\u00fcl\u0259c\u0259k\"","og_url":"https:\/\/www.meydan.tv\/az\/article\/prezident-ilham-eliyev-helak-olanlarin-ailelerine-bassagligi-verib\/","og_site_name":"MEYDAN.TV","article_published_time":"2015-05-19T18:49:45+00:00","og_image":[{"width":598,"height":400,"url":"https:\/\/www.meydan.tv\/wp-content\/uploads\/8990.jpg","type":"image\/jpeg"}],"twitter_card":"summary_large_image","schema":{"@context":"https:\/\/schema.org","@graph":[{"@type":"Article","@id":"https:\/\/www.meydan.tv\/az\/article\/prezident-ilham-eliyev-helak-olanlarin-ailelerine-bassagligi-verib\/#article","isPartOf":{"@id":"https:\/\/www.meydan.tv\/az\/article\/prezident-ilham-eliyev-helak-olanlarin-ailelerine-bassagligi-verib\/"},"author":{"name":"user-manager","@id":"https:\/\/www.meydan.tv\/az\/#\/schema\/person\/10d11eccf6da3662cf5fdab9806ea91a"},"headline":"Prezident \u0130lham \u018fliyev h\u0259lak olanlar\u0131n ail\u0259l\u0259rin\u0259 ba\u015fsa\u011fl\u0131\u011f\u0131 verib","datePublished":"2015-05-19T18:49:45+00:00","mainEntityOfPage":{"@id":"https:\/\/www.meydan.tv\/az\/article\/prezident-ilham-eliyev-helak-olanlarin-ailelerine-bassagligi-verib\/"},"wordCount":417,"publisher":{"@id":"https:\/\/www.meydan.tv\/az\/#organization"},"image":{"@id":"https:\/\/www.meydan.tv\/az\/article\/prezident-ilham-eliyev-helak-olanlarin-ailelerine-bassagligi-verib\/#primaryimage"},"thumbnailUrl":"https:\/\/www.meydan.tv\/wp-content\/uploads\/8990.jpg","articleSection":["X\u0259b\u0259rl\u0259r"],"inLanguage":"az"},{"@type":"WebPage","@id":"https:\/\/www.meydan.tv\/az\/article\/prezident-ilham-eliyev-helak-olanlarin-ailelerine-bassagligi-verib\/","url":"https:\/\/www.meydan.tv\/az\/article\/prezident-ilham-eliyev-helak-olanlarin-ailelerine-bassagligi-verib\/","name":"Prezident \u0130lham \u018fliyev h\u0259lak olanlar\u0131n ail\u0259l\u0259rin\u0259 ba\u015fsa\u011fl\u0131\u011f\u0131 verib - MEYDAN.TV","isPartOf":{"@id":"https:\/\/www.meydan.tv\/az\/#website"},"primaryImageOfPage":{"@id":"https:\/\/www.meydan.tv\/az\/article\/prezident-ilham-eliyev-helak-olanlarin-ailelerine-bassagligi-verib\/#primaryimage"},"image":{"@id":"https:\/\/www.meydan.tv\/az\/article\/prezident-ilham-eliyev-helak-olanlarin-ailelerine-bassagligi-verib\/#primaryimage"},"thumbnailUrl":"https:\/\/www.meydan.tv\/wp-content\/uploads\/8990.jpg","datePublished":"2015-05-19T18:49:45+00:00","breadcrumb":{"@id":"https:\/\/www.meydan.tv\/az\/article\/prezident-ilham-eliyev-helak-olanlarin-ailelerine-bassagligi-verib\/#breadcrumb"},"inLanguage":"az","potentialAction":[{"@type":"ReadAction","target":["https:\/\/www.meydan.tv\/az\/article\/prezident-ilham-eliyev-helak-olanlarin-ailelerine-bassagligi-verib\/"]}]},{"@type":"ImageObject","inLanguage":"az","@id":"https:\/\/www.meydan.tv\/az\/article\/prezident-ilham-eliyev-helak-olanlarin-ailelerine-bassagligi-verib\/#primaryimage","url":"https:\/\/www.meydan.tv\/wp-content\/uploads\/8990.jpg","contentUrl":"https:\/\/www.meydan.tv\/wp-content\/uploads\/8990.jpg","width":598,"height":400,"caption":"Source:"},{"@type":"BreadcrumbList","@id":"https:\/\/www.meydan.tv\/az\/article\/prezident-ilham-eliyev-helak-olanlarin-ailelerine-bassagligi-verib\/#breadcrumb","itemListElement":[{"@type":"ListItem","position":1,"name":"Ana s\u0259hif\u0259","item":"https:\/\/www.meydan.tv\/az\/"},{"@type":"ListItem","position":2,"name":"X\u0259b\u0259rl\u0259r","item":"https:\/\/www.meydan.tv\/az\/section\/xeberler\/"},{"@type":"ListItem","position":3,"name":"Prezident \u0130lham \u018fliyev h\u0259lak olanlar\u0131n ail\u0259l\u0259rin\u0259 ba\u015fsa\u011fl\u0131\u011f\u0131 verib"}]},{"@type":"WebSite","@id":"https:\/\/www.meydan.tv\/az\/#website","url":"https:\/\/www.meydan.tv\/az\/","name":"MEYDAN.TV","description":"Meydan TV Az\u0259rbaycan\u0131n media m\u0259kan\u0131ndak\u0131 alternativ s\u0259sidir","publisher":{"@id":"https:\/\/www.meydan.tv\/az\/#organization"},"potentialAction":[{"@type":"SearchAction","target":{"@type":"EntryPoint","urlTemplate":"https:\/\/www.meydan.tv\/az\/?s={search_term_string}"},"query-input":{"@type":"PropertyValueSpecification","valueRequired":true,"valueName":"search_term_string"}}],"inLanguage":"az"},{"@type":"Organization","@id":"https:\/\/www.meydan.tv\/az\/#organization","name":"Meydan TV","url":"https:\/\/www.meydan.tv\/az\/","logo":{"@type":"ImageObject","inLanguage":"az","@id":"https:\/\/www.meydan.tv\/az\/#\/schema\/logo\/image\/","url":"https:\/\/www.meydan.tv\/wp-content\/uploads\/2021\/07\/meydan-logo.svg","contentUrl":"https:\/\/www.meydan.tv\/wp-content\/uploads\/2021\/07\/meydan-logo.svg","width":195,"height":46,"caption":"Meydan TV"},"image":{"@id":"https:\/\/www.meydan.tv\/az\/#\/schema\/logo\/image\/"}},{"@type":"Person","@id":"https:\/\/www.meydan.tv\/az\/#\/schema\/person\/10d11eccf6da3662cf5fdab9806ea91a","name":"user-manager"}]}},"_links":{"self":[{"href":"https:\/\/www.meydan.tv\/az\/wp-json\/wp\/v2\/posts\/167960","targetHints":{"allow":["GET"]}}],"collection":[{"href":"https:\/\/www.meydan.tv\/az\/wp-json\/wp\/v2\/posts"}],"about":[{"href":"https:\/\/www.meydan.tv\/az\/wp-json\/wp\/v2\/types\/post"}],"author":[{"embeddable":true,"href":"https:\/\/www.meydan.tv\/az\/wp-json\/wp\/v2\/users\/11"}],"replies":[{"embeddable":true,"href":"https:\/\/www.meydan.tv\/az\/wp-json\/wp\/v2\/comments?post=167960"}],"version-history":[{"count":0,"href":"https:\/\/www.meydan.tv\/az\/wp-json\/wp\/v2\/posts\/167960\/revisions"}],"wp:featuredmedia":[{"embeddable":true,"href":"https:\/\/www.meydan.tv\/az\/wp-json\/wp\/v2\/media\/24640"}],"wp:attachment":[{"href":"https:\/\/www.meydan.tv\/az\/wp-json\/wp\/v2\/media?parent=167960"}],"wp:term":[{"taxonomy":"category","embeddable":true,"href":"https:\/\/www.meydan.tv\/az\/wp-json\/wp\/v2\/categories?post=167960"},{"taxonomy":"post_tag","embeddable":true,"href":"https:\/\/www.meydan.tv\/az\/wp-json\/wp\/v2\/tags?post=167960"}],"curies":[{"name":"wp","href":"https:\/\/api.w.org\/{rel}","templated":true}]}}