{"id":167957,"date":"2015-05-19T17:06:38","date_gmt":"2015-05-19T17:06:38","guid":{"rendered":"https:\/\/www.meydan.tv\/article\/yanan-binada-olenleri-sayi-14-nefere-catdi-yenilenib\/"},"modified":"2015-05-19T17:06:38","modified_gmt":"2015-05-19T17:06:38","slug":"yanan-binada-olenleri-sayi-14-nefere-catdi-yenilenib","status":"publish","type":"post","link":"https:\/\/www.meydan.tv\/az\/article\/yanan-binada-olenleri-sayi-14-nefere-catdi-yenilenib\/","title":{"rendered":"Yanan binada \u00f6l\u0259nl\u0259ri say\u0131 14 n\u0259f\u0259r\u0259 \u00e7atd\u0131 (yenil\u0259nib)"},"content":{"rendered":"<figure class=\"wp-block-image size-large\">\n  <img decoding=\"async\" src=\"https:\/\/www.meydan.tv\/az\/24547\/\" alt=\"\" class=\"wp-image-24547\"\/><figcaption><\/figcaption><\/figure>\n<p><div>\n    <i><br \/>\n      15.22.\u00a0Yan\u011f\u0131n zaman\u0131 \u00f6l\u0259nl\u0259rin say\u0131 14 n\u0259f\u0259r\u0259 \u00e7at\u0131b, x\u0259sar\u0259t alanlar is\u0259 61 n\u0259f\u0259rd\u0259r. Bu bar\u0259d\u0259 Trend-\u0259 SN-nin m\u0259tbuat xidm\u0259tinin \u0259m\u0259kda\u015f\u0131 S\u0259fay\u0259 \u018fhm\u0259dova m\u0259lumat verib.<br \/>\n    <\/i><\/p>\n<p>\n      <i><br \/>\n        15.05. Yan\u011f\u0131n zaman\u0131 \u00f6l\u0259nl\u0259rin say\u0131 13 n\u0259f\u0259r\u0259 \u00e7at\u0131b, x\u0259sar\u0259t alanlar is\u0259 61 n\u0259f\u0259rd\u0259r. Bu bar\u0259d\u0259 Trend-\u0259 SN-nin m\u0259tbuat xidm\u0259tinin \u0259m\u0259kda\u015f\u0131 S\u0259fay\u0259 \u018fhm\u0259dova m\u0259lumat verib.<br \/>\n      <\/i>\n    <\/p>\n<p>\n      <i><br \/>\n        14.42.\u00a0Bin\u0259q\u0259di rayonu, Azadl\u0131q prospekti 200\/36 \u00fcnvan\u0131nda ba\u015f ver\u0259n yan\u011f\u0131n zaman\u0131 \u00f6l\u0259nl\u0259rin say\u0131 10-a \u00e7at\u0131b. Bunu<br \/>\n        <a href=\"http:\/\/lent.az\/\"><br \/>\n          Lent.az<br \/>\n        <\/a><br \/>\n        -a S\u0259hiyy\u0259 Nazirliyinin \u00a0(SN) m\u0259tbuat xidm\u0259tinin r\u0259hb\u0259ri Liya Bayramova bildirib. Onun s\u00f6zl\u0259rin\u0259 g\u00f6r\u0259, hadis\u0259 n\u0259tic\u0259sind\u0259 43 n\u0259f\u0259r yaralan\u0131b. Onlardan 24 n\u0259f\u0259ri x\u0259st\u0259xanalara yerl\u0259\u015fdirilib. Daha \u00e7ox yaral\u0131 Toksikologiya M\u0259rk\u0259zin\u0259 yerl\u0259\u015fdirilib. 9 n\u0259f\u0259r\u0259 yerind\u0259 yard\u0131m g\u00f6st\u0259rilib.<br \/>\n      <\/i>\n    <\/p>\n<p>\n      <i><br \/>\n        14.02. S\u0259hiyy\u0259 Nazirliyinin m\u0259tbuat xidm\u0259tinin r\u0259hb\u0259ri Liya Bayramova<br \/>\n        <a href=\"https:\/\/apa.az\/\"><br \/>\n          APA<br \/>\n        <\/a><br \/>\n        -ya bildirib ki, haz\u0131rda \u00f6l\u0259nl\u0259rin kimliyi d\u0259qiql\u0259\u015fdirilir. \u00d6l\u0259nl\u0259rd\u0259n biri \u00f6z\u00fcn\u00fc binadan at\u0131b, 2 n\u0259f\u0259r is\u0259 t\u00fcst\u00fcd\u0259n bo\u011fulub. Bo\u011fulanlar\u0131n h\u0259r ikisi azya\u015fl\u0131d\u0131r.<br \/>\n      <\/i>\n    <\/p>\n<p>\n      <i><br \/>\n        Onun s\u00f6zl\u0259rin\u0259 g\u00f6r\u0259, hadis\u0259 n\u0259tic\u0259sind\u0259 20 n\u0259f\u0259r x\u0259st\u0259xanaya yerl\u0259\u015fdirilib, 6 n\u0259f\u0259r\u0259 is\u0259 yerind\u0259 yard\u0131m edilib.<br \/>\n      <\/i>\n    <\/p>\n<p>\n      <i><br \/>\n        13.30. Bak\u0131da ya\u015fay\u0131\u015f binas\u0131nda ba\u015f ver\u0259n yan\u011f\u0131nla ba\u011fl\u0131 F\u00f6vq\u0259lad\u0259 Hallar, Daxili \u0130\u015fl\u0259r nazirlikl\u0259ri v\u0259\u00a0Ba\u015f Prokurorluq\u00a0birg\u0259 istintaq qrupu yarad\u0131b.<br \/>\n      <\/i>\n    <\/p>\n<p>\n      <i><br \/>\n        <a href=\"https:\/\/apa.az\/\"><br \/>\n          APA<br \/>\n        <\/a><br \/>\n        -n\u0131n x\u0259b\u0259rin\u0259 g\u00f6r\u0259, bunu hadis\u0259 yerind\u0259 olan ba\u015f prokuror\u00a0Zakir Qaralov\u00a0deyib.<br \/>\n      <\/i>\n    <\/p>\n<p>\n      <i><br \/>\n        Zakir Qaralov\u00a0bildirib ki, bu sah\u0259d\u0259 ixtisasla\u015fd\u0131r\u0131lm\u0131\u015f kadrlar istintaqa, \u0259m\u0259liyyat qrupuna c\u0259lb olunub: \u201cYan\u011f\u0131na ilkin s\u0259b\u0259b binan\u0131n \u00fczl\u00fck \u00f6rt\u00fcy\u00fcn\u00fcn laz\u0131m\u0131 keyfiyy\u0259td\u0259 olmamas\u0131d\u0131r. \u0130cra orqanlar\u0131ndan t\u0259hvil-t\u0259slim aktlar\u0131 g\u00f6t\u00fcr\u00fcl\u00fcb. Bu h\u0259r\u0259k\u0259t\u0259 laz\u0131mi qiym\u0259t veril\u0259c\u0259k\u201d.<br \/>\n      <\/i>\n    <\/p>\n<\/p><\/div>\n<\/p>\n<p><div>\n    <i><br \/>\n      Bak\u0131n\u0131n Bin\u0259q\u0259di rayonunda ba\u015f ver\u0259n yan\u011f\u0131nda 4 n\u0259f\u0259r \u00f6l\u00fcb. \u201cReport\u201dun x\u0259b\u0259rin\u0259 g\u00f6r\u0259, bu bar\u0259d\u0259 jurnalistl\u0259r\u0259 a\u00e7\u0131qlamas\u0131nda ba\u015f prokuror Zakir Qaralov m\u0259lumat verib. O, yaral\u0131lar\u0131n oldu\u011funu da bildirib.<br \/>\n    <\/i>\n  <\/div>\n<\/p>\n<p><div>\n    <i><br \/>\n      Ramil Usubov v\u0259 Zakir Qaralov hadis\u0259 yerind\u0259dir<br \/>\n    <\/i>\n  <\/div>\n<\/p>\n<p><div><\/div>\n<\/p>\n<p>\n  Bin\u0259q\u0259di rayonu \u0259razisind\u0259, Azadl\u0131q prospekti 289 \u00fcnvan\u0131nda ba\u015f ver\u0259n yan\u011f\u0131n\u0131 s\u00f6nd\u00fcrm\u0259k \u00fc\u00e7\u00fcn FHN-in yan\u011f\u0131ns\u00f6nd\u00fcr\u0259n helikopterl\u0259ri c\u0259lb edilib. Hadis\u0259 yerind\u0259 olan Meydan TV \u0259m\u0259kda\u015f\u0131n\u0131n s\u00f6zl\u0259rin\u0259 g\u00f6r\u0259, h\u0259l\u0259 yan\u011f\u0131n tam s\u00f6nd\u00fcr\u00fclm\u0259yib. B\u0130nada qaz olmay\u0131b. Yan\u011f\u0131n \u00fczl\u00fckl\u0259rin al\u0131\u015fmas\u0131 n\u0259tic\u0259sind\u0259 ba\u015f verib.\n<\/p>\n<p><div>\n    APA-n\u0131n x\u0259b\u0259rind\u0259 bildirilir ki, hadis\u0259 yerin\u0259 30 t\u0259cili yard\u0131m briqadas\u0131 c\u0259lb olunub.\u00a0S\u0259hiyy\u0259 Nazirliyinin m\u0259tbuat xidm\u0259tinin\u00a0m\u0259lumat\u0131na g\u00f6r\u0259, indiy\u0259 q\u0259d\u0259r yan\u011f\u0131ndan z\u0259r\u0259r \u00e7\u0259kmi\u015f 15 n\u0259f\u0259r \u0259razid\u0259n g\u00f6t\u00fcr\u00fcl\u0259r\u0259k m\u00fcxt\u0259lif x\u0259st\u0259xanalara yerl\u0259\u015fdirilib.<\/p>\n<p>\n      \u00a0Hadis\u0259 n\u0259tic\u0259sind\u0259 x\u0259sar\u0259t alanlarla ba\u011fl\u0131 t\u0259dbirl\u0259rin g\u00f6r\u00fclm\u0259si \u00fc\u00e7\u00fcn Kliniki Tibbi M\u0259rk\u0259z\u0259, Travmatologiya \u0130nstitutuna v\u0259 Respublika Yan\u0131q M\u0259rk\u0259zind\u0259 x\u00fcsusi tap\u015f\u0131r\u0131qlar verilib.\n    <\/p>\n<p>\n      Bildirilib ki, bir n\u0259f\u0259rin qorxudan \u00f6z\u00fcn\u00fc binadan atd\u0131\u011f\u0131 ehtimal olunur. Haz\u0131rda bununla ba\u011fl\u0131 m\u0259lumat d\u0259qiql\u0259\u015fdirilir.\n    <\/p>\n<p>\n      Hadis\u0259 yerin\u0259 Ramil Usubov v\u0259 Zakir Qaralov, daxili\u00a0i\u015fl\u0259r nazirinin m\u00fcavini Oruc Zalov, f\u00f6vq\u0259lad\u0259 hallar nazirinin m\u00fcavini Etibar Mirz\u0259yev g\u0259libl\u0259r.\n    <\/p>\n<\/p><\/div>\n<\/p>\n<figure class=\"wp-block-image size-large\">\n  <img decoding=\"async\" src=\"https:\/\/www.meydan.tv\/az\/24550\/\" alt=\"\" class=\"wp-image-24550\"\/><figcaption><\/figcaption><\/figure>\n<figure class=\"wp-block-image size-large\">\n  <img decoding=\"async\" src=\"https:\/\/www.meydan.tv\/az\/24553\/\" alt=\"\" class=\"wp-image-24553\"\/><figcaption><\/figcaption><\/figure>\n<figure class=\"wp-block-image size-large\">\n  <img decoding=\"async\" src=\"https:\/\/www.meydan.tv\/az\/24556\/\" alt=\"\" class=\"wp-image-24556\"\/><figcaption><\/figcaption><\/figure>\n<figure class=\"wp-block-image size-large\">\n  <img decoding=\"async\" src=\"https:\/\/www.meydan.tv\/az\/24559\/\" alt=\"\" class=\"wp-image-24559\"\/><figcaption><\/figcaption><\/figure>\n<figure class=\"wp-block-image size-large\">\n  <img decoding=\"async\" src=\"https:\/\/www.meydan.tv\/az\/24562\/\" alt=\"\" class=\"wp-image-24562\"\/><figcaption><\/figcaption><\/figure>\n<div>\n<\/p><\/div><\/p>\n","protected":false},"excerpt":{"rendered":"<p>Ramil Usubov v\u0259 Zakir Qaralov hadis\u0259 yerind\u0259dir<\/p>\n","protected":false},"author":11,"featured_media":24547,"comment_status":"closed","ping_status":"open","sticky":false,"template":"","format":"standard","meta":{"_acf_changed":false,"_sitemap_exclude":false,"_sitemap_priority":"","_sitemap_frequency":"","footnotes":""},"categories":[56],"tags":[],"class_list":["post-167957","post","type-post","status-publish","format-standard","has-post-thumbnail","hentry","category-xeberler","infinite-scroll-item","generate-columns","tablet-grid-50","mobile-grid-100","grid-parent","grid-33","no-featured-image-padding"],"acf":[],"yoast_head":"<!-- This site is optimized with the Yoast SEO plugin v28.4 - https:\/\/yoast.com\/product\/yoast-seo-wordpress\/ -->\n<title>Yanan binada \u00f6l\u0259nl\u0259ri say\u0131 14 n\u0259f\u0259r\u0259 \u00e7atd\u0131 (yenil\u0259nib) - MEYDAN.TV<\/title>\n<meta name=\"robots\" content=\"index, follow, max-snippet:-1, max-image-preview:large, max-video-preview:-1\" \/>\n<link rel=\"canonical\" href=\"https:\/\/www.meydan.tv\/az\/article\/yanan-binada-olenleri-sayi-14-nefere-catdi-yenilenib\/\" \/>\n<meta property=\"og:locale\" content=\"az_AZ\" \/>\n<meta property=\"og:type\" content=\"article\" \/>\n<meta property=\"og:title\" content=\"Yanan binada \u00f6l\u0259nl\u0259ri say\u0131 14 n\u0259f\u0259r\u0259 \u00e7atd\u0131 (yenil\u0259nib) - MEYDAN.TV\" \/>\n<meta property=\"og:description\" content=\"Ramil Usubov v\u0259 Zakir Qaralov hadis\u0259 yerind\u0259dir\" \/>\n<meta property=\"og:url\" content=\"https:\/\/www.meydan.tv\/az\/article\/yanan-binada-olenleri-sayi-14-nefere-catdi-yenilenib\/\" \/>\n<meta property=\"og:site_name\" content=\"MEYDAN.TV\" \/>\n<meta property=\"article:published_time\" content=\"2015-05-19T17:06:38+00:00\" \/>\n<meta property=\"og:image\" content=\"https:\/\/www.meydan.tv\/wp-content\/uploads\/8939.jpg\" \/>\n\t<meta property=\"og:image:width\" content=\"960\" \/>\n\t<meta property=\"og:image:height\" content=\"540\" \/>\n\t<meta property=\"og:image:type\" content=\"image\/jpeg\" \/>\n<meta name=\"twitter:card\" content=\"summary_large_image\" \/>\n<!-- \/ Yoast SEO plugin. -->","yoast_head_json":{"title":"Yanan binada \u00f6l\u0259nl\u0259ri say\u0131 14 n\u0259f\u0259r\u0259 \u00e7atd\u0131 (yenil\u0259nib) - MEYDAN.TV","robots":{"index":"index","follow":"follow","max-snippet":"max-snippet:-1","max-image-preview":"max-image-preview:large","max-video-preview":"max-video-preview:-1"},"canonical":"https:\/\/www.meydan.tv\/az\/article\/yanan-binada-olenleri-sayi-14-nefere-catdi-yenilenib\/","og_locale":"az_AZ","og_type":"article","og_title":"Yanan binada \u00f6l\u0259nl\u0259ri say\u0131 14 n\u0259f\u0259r\u0259 \u00e7atd\u0131 (yenil\u0259nib) - MEYDAN.TV","og_description":"Ramil Usubov v\u0259 Zakir Qaralov hadis\u0259 yerind\u0259dir","og_url":"https:\/\/www.meydan.tv\/az\/article\/yanan-binada-olenleri-sayi-14-nefere-catdi-yenilenib\/","og_site_name":"MEYDAN.TV","article_published_time":"2015-05-19T17:06:38+00:00","og_image":[{"width":960,"height":540,"url":"https:\/\/www.meydan.tv\/wp-content\/uploads\/8939.jpg","type":"image\/jpeg"}],"twitter_card":"summary_large_image","schema":{"@context":"https:\/\/schema.org","@graph":[{"@type":"Article","@id":"https:\/\/www.meydan.tv\/az\/article\/yanan-binada-olenleri-sayi-14-nefere-catdi-yenilenib\/#article","isPartOf":{"@id":"https:\/\/www.meydan.tv\/az\/article\/yanan-binada-olenleri-sayi-14-nefere-catdi-yenilenib\/"},"author":{"name":"user-manager","@id":"https:\/\/www.meydan.tv\/az\/#\/schema\/person\/10d11eccf6da3662cf5fdab9806ea91a"},"headline":"Yanan binada \u00f6l\u0259nl\u0259ri say\u0131 14 n\u0259f\u0259r\u0259 \u00e7atd\u0131 (yenil\u0259nib)","datePublished":"2015-05-19T17:06:38+00:00","mainEntityOfPage":{"@id":"https:\/\/www.meydan.tv\/az\/article\/yanan-binada-olenleri-sayi-14-nefere-catdi-yenilenib\/"},"wordCount":639,"publisher":{"@id":"https:\/\/www.meydan.tv\/az\/#organization"},"image":{"@id":"https:\/\/www.meydan.tv\/az\/article\/yanan-binada-olenleri-sayi-14-nefere-catdi-yenilenib\/#primaryimage"},"thumbnailUrl":"https:\/\/www.meydan.tv\/wp-content\/uploads\/8939.jpg","articleSection":["X\u0259b\u0259rl\u0259r"],"inLanguage":"az"},{"@type":"WebPage","@id":"https:\/\/www.meydan.tv\/az\/article\/yanan-binada-olenleri-sayi-14-nefere-catdi-yenilenib\/","url":"https:\/\/www.meydan.tv\/az\/article\/yanan-binada-olenleri-sayi-14-nefere-catdi-yenilenib\/","name":"Yanan binada \u00f6l\u0259nl\u0259ri say\u0131 14 n\u0259f\u0259r\u0259 \u00e7atd\u0131 (yenil\u0259nib) - MEYDAN.TV","isPartOf":{"@id":"https:\/\/www.meydan.tv\/az\/#website"},"primaryImageOfPage":{"@id":"https:\/\/www.meydan.tv\/az\/article\/yanan-binada-olenleri-sayi-14-nefere-catdi-yenilenib\/#primaryimage"},"image":{"@id":"https:\/\/www.meydan.tv\/az\/article\/yanan-binada-olenleri-sayi-14-nefere-catdi-yenilenib\/#primaryimage"},"thumbnailUrl":"https:\/\/www.meydan.tv\/wp-content\/uploads\/8939.jpg","datePublished":"2015-05-19T17:06:38+00:00","breadcrumb":{"@id":"https:\/\/www.meydan.tv\/az\/article\/yanan-binada-olenleri-sayi-14-nefere-catdi-yenilenib\/#breadcrumb"},"inLanguage":"az","potentialAction":[{"@type":"ReadAction","target":["https:\/\/www.meydan.tv\/az\/article\/yanan-binada-olenleri-sayi-14-nefere-catdi-yenilenib\/"]}]},{"@type":"ImageObject","inLanguage":"az","@id":"https:\/\/www.meydan.tv\/az\/article\/yanan-binada-olenleri-sayi-14-nefere-catdi-yenilenib\/#primaryimage","url":"https:\/\/www.meydan.tv\/wp-content\/uploads\/8939.jpg","contentUrl":"https:\/\/www.meydan.tv\/wp-content\/uploads\/8939.jpg","width":960,"height":540,"caption":"Source:"},{"@type":"BreadcrumbList","@id":"https:\/\/www.meydan.tv\/az\/article\/yanan-binada-olenleri-sayi-14-nefere-catdi-yenilenib\/#breadcrumb","itemListElement":[{"@type":"ListItem","position":1,"name":"Ana s\u0259hif\u0259","item":"https:\/\/www.meydan.tv\/az\/"},{"@type":"ListItem","position":2,"name":"X\u0259b\u0259rl\u0259r","item":"https:\/\/www.meydan.tv\/az\/section\/xeberler\/"},{"@type":"ListItem","position":3,"name":"Yanan binada \u00f6l\u0259nl\u0259ri say\u0131 14 n\u0259f\u0259r\u0259 \u00e7atd\u0131 (yenil\u0259nib)"}]},{"@type":"WebSite","@id":"https:\/\/www.meydan.tv\/az\/#website","url":"https:\/\/www.meydan.tv\/az\/","name":"MEYDAN.TV","description":"Meydan TV Az\u0259rbaycan\u0131n media m\u0259kan\u0131ndak\u0131 alternativ s\u0259sidir","publisher":{"@id":"https:\/\/www.meydan.tv\/az\/#organization"},"potentialAction":[{"@type":"SearchAction","target":{"@type":"EntryPoint","urlTemplate":"https:\/\/www.meydan.tv\/az\/?s={search_term_string}"},"query-input":{"@type":"PropertyValueSpecification","valueRequired":true,"valueName":"search_term_string"}}],"inLanguage":"az"},{"@type":"Organization","@id":"https:\/\/www.meydan.tv\/az\/#organization","name":"Meydan TV","url":"https:\/\/www.meydan.tv\/az\/","logo":{"@type":"ImageObject","inLanguage":"az","@id":"https:\/\/www.meydan.tv\/az\/#\/schema\/logo\/image\/","url":"https:\/\/www.meydan.tv\/wp-content\/uploads\/2021\/07\/meydan-logo.svg","contentUrl":"https:\/\/www.meydan.tv\/wp-content\/uploads\/2021\/07\/meydan-logo.svg","width":195,"height":46,"caption":"Meydan TV"},"image":{"@id":"https:\/\/www.meydan.tv\/az\/#\/schema\/logo\/image\/"}},{"@type":"Person","@id":"https:\/\/www.meydan.tv\/az\/#\/schema\/person\/10d11eccf6da3662cf5fdab9806ea91a","name":"user-manager"}]}},"_links":{"self":[{"href":"https:\/\/www.meydan.tv\/az\/wp-json\/wp\/v2\/posts\/167957","targetHints":{"allow":["GET"]}}],"collection":[{"href":"https:\/\/www.meydan.tv\/az\/wp-json\/wp\/v2\/posts"}],"about":[{"href":"https:\/\/www.meydan.tv\/az\/wp-json\/wp\/v2\/types\/post"}],"author":[{"embeddable":true,"href":"https:\/\/www.meydan.tv\/az\/wp-json\/wp\/v2\/users\/11"}],"replies":[{"embeddable":true,"href":"https:\/\/www.meydan.tv\/az\/wp-json\/wp\/v2\/comments?post=167957"}],"version-history":[{"count":0,"href":"https:\/\/www.meydan.tv\/az\/wp-json\/wp\/v2\/posts\/167957\/revisions"}],"wp:featuredmedia":[{"embeddable":true,"href":"https:\/\/www.meydan.tv\/az\/wp-json\/wp\/v2\/media\/24547"}],"wp:attachment":[{"href":"https:\/\/www.meydan.tv\/az\/wp-json\/wp\/v2\/media?parent=167957"}],"wp:term":[{"taxonomy":"category","embeddable":true,"href":"https:\/\/www.meydan.tv\/az\/wp-json\/wp\/v2\/categories?post=167957"},{"taxonomy":"post_tag","embeddable":true,"href":"https:\/\/www.meydan.tv\/az\/wp-json\/wp\/v2\/tags?post=167957"}],"curies":[{"name":"wp","href":"https:\/\/api.w.org\/{rel}","templated":true}]}}