{"id":167956,"date":"2015-05-19T18:03:04","date_gmt":"2015-05-19T18:03:04","guid":{"rendered":"https:\/\/www.meydan.tv\/article\/xezer-adalari-klubundaki-legionerler-olkeni-terk-edir\/"},"modified":"2015-05-19T18:03:04","modified_gmt":"2015-05-19T18:03:04","slug":"xezer-adalari-klubundaki-legionerler-olkeni-terk-edir","status":"publish","type":"post","link":"https:\/\/www.meydan.tv\/az\/article\/xezer-adalari-klubundaki-legionerler-olkeni-terk-edir\/","title":{"rendered":"&#8220;X\u0259z\u0259r adalar\u0131&#8221; klubundak\u0131 legionerl\u0259r \u00f6lk\u0259ni t\u0259rk edir"},"content":{"rendered":"<figure class=\"wp-block-image size-large\">\n  <img decoding=\"async\" src=\"https:\/\/www.meydan.tv\/az\/24574\/\" alt=\"\" class=\"wp-image-24574\"\/><figcaption><\/figcaption><\/figure>\n<figure class=\"wp-block-image size-large\">\n  <img decoding=\"async\" src=\"https:\/\/www.meydan.tv\/az\/24574\/\" alt=\"\" class=\"wp-image-24574\"\/><figcaption><\/figcaption><\/figure>\n<p><div>\n    <i><br \/>\n      Hac\u0131 \u0130brahim Nehr\u0259mli futbol\u00e7ular\u0131n m\u0259vacibini \u00f6d\u0259m\u0259y\u0259 s\u00f6z verib<br \/>\n    <\/i>\n  <\/div>\n<\/p>\n<p><div><\/div>\n<\/p>\n<p><div>\n    \u0130\u015f adam\u0131 Hac\u0131 \u0130brahim Nehr\u0259mli\u00a0&#8220;X\u0259z\u0259r adalar\u0131&#8221; futzal klubuna sponsorluqdan imtina edib. Bu bar\u0259d\u0259 m\u0259lumat\u0131<br \/>\n    <a href=\"http:\/\/komanda.az\/xeber\/8295\/\" target=\"_blank\" rel=\"noopener\"><br \/>\n      Komanda.az<br \/>\n    <\/a><br \/>\n    \u00a0sayt\u0131 yay\u0131b. AFFA-dak\u0131 m\u0259nb\u0259l\u0259rin\u0259 istinad ed\u0259n sayt yaz\u0131r ki, bu m\u00f6vs\u00fcm \u00f6lk\u0259 \u00e7empionu olan, Az\u0259rbaycan\u0131 UEFA kubokunda t\u0259msil ed\u0259c\u0259k komanda haz\u0131rda ba\u015fs\u0131z qal\u0131b. \u0130brahim Nehr\u0259mli h\u0259m\u00e7inin futzal\u00e7\u0131lara qalan borcu da \u00f6d\u0259m\u0259y\u0259c\u0259yini deyib.\n  <\/div>\n<\/p>\n<p><div><\/div>\n<\/p>\n<p><div>\n    Komanda.az-\u0131n m\u0259lumat\u0131na g\u00f6r\u0259, futzal\u00e7\u0131lar \u00fc\u00e7 ayd\u0131r m\u0259vacib alm\u0131rlar. \u0130brahim Nehr\u0259mli m\u0259tbuata verdiyi a\u00e7\u0131qlamada m\u0259vacibl\u0259rin gecikdiyini etiraf etmi\u015fdi v\u0259 bildirmi\u015fdi ki, iki ay\u0131n m\u0259vacibi may\u0131n 12-n\u0259, bu ay\u0131n m\u0259vacibi is\u0259 may\u0131n 17-n\u0259 q\u0259d\u0259r \u00f6d\u0259nil\u0259c\u0259k.\n  <\/div>\n<\/p>\n<p><div><\/div>\n<\/p>\n<p><div>\n    Ancaq borclar \u00f6d\u0259nilm\u0259yib. \u0130brahim Nehr\u0259mli is\u0259 komanda \u00fczvl\u0259rin\u0259 borcu \u00f6d\u0259y\u0259 bilm\u0259y\u0259c\u0259yiyl\u0259 ba\u011fl\u0131 klubun icra\u00e7\u0131 direktoru Fuad Q\u0259mb\u0259rov vasit\u0259sil\u0259 x\u0259b\u0259r g\u00f6nd\u0259rib. X\u0259b\u0259rd\u0259 bildirilir ki, m\u0259vacibl\u0259rini ala bilm\u0259y\u0259n legionerl\u0259r \u00f6lk\u0259l\u0259rin\u0259 qay\u0131da bilmirl\u0259r. Federasiyan\u0131n prezidenti Zaur Axundov legionerl\u0259rl\u0259 g\u00f6r\u00fc\u015f\u0259r\u0259k, onlardan bir ne\u00e7\u0259 g\u00fcn d\u0259 s\u0259br etm\u0259yi xahi\u015f edib. Ancaq legionerl\u0259r Axundova inanmad\u0131qlar\u0131n\u0131 bildiribl\u0259r. Onlar m\u0259vacibl\u0259ri verilm\u0259y\u0259c\u0259yi t\u0259qdird\u0259, aksiya ke\u00e7ir\u0259c\u0259kl\u0259rini, Bak\u0131da girov saxland\u0131qlar\u0131n\u0131 b\u00fct\u00fcn d\u00fcnyaya b\u0259yan ed\u0259c\u0259kl\u0259rini deyibl\u0259r.\n  <\/div>\n<\/p>\n<p><div>\n    Legionerl\u0259r UEFA-ya \u015fikay\u0259t ed\u0259c\u0259yi halda, Az\u0259rbaycan c\u0259zaya m\u0259ruz qala, UEFA kubokuna, \u00fcmumiyy\u0259tl\u0259, he\u00e7 bir Az\u0259rbaycan klubu burax\u0131lmaya bil\u0259r.\n  <\/div>\n<\/p>\n<p><div><\/div>\n<\/p>\n<p><div>\n    AFFA-n\u0131n m\u0259tbuat xidm\u0259tinin r\u0259hb\u0259ri Mikay\u0131l N\u0259rimano\u011flu is\u0259 Meydan TV-y\u0259 deyib ki,\u00a0bu bar\u0259d\u0259 onlarda he\u00e7 bir m\u0259lumat yoxdur. \u018fn \u0259sas\u0131 klublar m\u00fcst\u0259qil oldu\u011fundan AFFA onlar\u0131n daxili i\u015fin\u0259 m\u00fcdaxil\u0259 etmir: &#8220;H\u0259m d\u0259 AFFA-ya he\u00e7 bir r\u0259smi m\u0259ktub daxil olmay\u0131b. Bir daha deyir\u0259m, klublar m\u00fcst\u0259qil oldu\u011fundan maliyy\u0259 v\u0259 h\u00fcququ bax\u0131mdan AFFA-dan as\u0131l\u0131 deyill\u0259r&#8221;.\n  <\/div>\n<\/p>\n<p><div><\/div>\n<\/p>\n<p><div>\n    &#8220;X\u0259z\u0259r adalar\u0131&#8221; klubunun ba\u015f m\u0259\u015fq\u00e7isi Elnur Q\u0259mb\u0259rov Meydan TV-y\u0259 deyib ki, art\u0131q legionerl\u0259r \u00fc\u00e7\u00fcn t\u0259yyar\u0259 bileti al\u0131n\u0131b: &#8220;&#8221;Avesta&#8221; \u015firk\u0259tind\u0259 bununla ba\u011fl\u0131 t\u0259dbir ke\u00e7irilib v\u0259 q\u0259rara al\u0131n\u0131b ki, onlar\u0131n m\u0259vacibi \u00f6d\u0259nilsin. Art\u0131q may\u0131n 21-i \u00fc\u00e7\u00fcn bilet al\u0131n\u0131b, ham\u0131s\u0131 yola sal\u0131nacaq&#8221;.\n  <\/div>\n<\/p>\n<p><div><\/div>\n<\/p>\n<p><div>\n    &#8220;Avesta&#8221; konserni Hac\u0131 \u0130brahim Nehr\u0259mliy\u0259 m\u0259xsusdur.\n  <\/div><\/p>\n","protected":false},"excerpt":{"rendered":"<p>Hac\u0131 \u0130brahim Nehr\u0259mli futbol\u00e7ular\u0131n m\u0259vacibini \u00f6d\u0259m\u0259y\u0259 s\u00f6z verib<\/p>\n","protected":false},"author":11,"featured_media":24574,"comment_status":"closed","ping_status":"open","sticky":false,"template":"","format":"standard","meta":{"_acf_changed":false,"_sitemap_exclude":false,"_sitemap_priority":"","_sitemap_frequency":"","footnotes":""},"categories":[56],"tags":[],"class_list":["post-167956","post","type-post","status-publish","format-standard","has-post-thumbnail","hentry","category-xeberler","infinite-scroll-item","generate-columns","tablet-grid-50","mobile-grid-100","grid-parent","grid-33","no-featured-image-padding"],"acf":[],"yoast_head":"<!-- This site is optimized with the Yoast SEO plugin v28.4 - https:\/\/yoast.com\/product\/yoast-seo-wordpress\/ -->\n<title>&quot;X\u0259z\u0259r adalar\u0131&quot; klubundak\u0131 legionerl\u0259r \u00f6lk\u0259ni t\u0259rk edir - MEYDAN.TV<\/title>\n<meta name=\"robots\" content=\"index, follow, max-snippet:-1, max-image-preview:large, max-video-preview:-1\" \/>\n<link rel=\"canonical\" href=\"https:\/\/www.meydan.tv\/az\/article\/xezer-adalari-klubundaki-legionerler-olkeni-terk-edir\/\" \/>\n<meta property=\"og:locale\" content=\"az_AZ\" \/>\n<meta property=\"og:type\" content=\"article\" \/>\n<meta property=\"og:title\" content=\"&quot;X\u0259z\u0259r adalar\u0131&quot; klubundak\u0131 legionerl\u0259r \u00f6lk\u0259ni t\u0259rk edir - MEYDAN.TV\" \/>\n<meta property=\"og:description\" content=\"Hac\u0131 \u0130brahim Nehr\u0259mli futbol\u00e7ular\u0131n m\u0259vacibini \u00f6d\u0259m\u0259y\u0259 s\u00f6z verib\" \/>\n<meta property=\"og:url\" content=\"https:\/\/www.meydan.tv\/az\/article\/xezer-adalari-klubundaki-legionerler-olkeni-terk-edir\/\" \/>\n<meta property=\"og:site_name\" content=\"MEYDAN.TV\" \/>\n<meta property=\"article:published_time\" content=\"2015-05-19T18:03:04+00:00\" \/>\n<meta property=\"og:image\" content=\"https:\/\/www.meydan.tv\/wp-content\/uploads\/8951.jpg\" \/>\n\t<meta property=\"og:image:width\" content=\"503\" \/>\n\t<meta property=\"og:image:height\" content=\"500\" \/>\n\t<meta property=\"og:image:type\" content=\"image\/jpeg\" \/>\n<meta name=\"twitter:card\" content=\"summary_large_image\" \/>\n<!-- \/ Yoast SEO plugin. -->","yoast_head_json":{"title":"\"X\u0259z\u0259r adalar\u0131\" klubundak\u0131 legionerl\u0259r \u00f6lk\u0259ni t\u0259rk edir - MEYDAN.TV","robots":{"index":"index","follow":"follow","max-snippet":"max-snippet:-1","max-image-preview":"max-image-preview:large","max-video-preview":"max-video-preview:-1"},"canonical":"https:\/\/www.meydan.tv\/az\/article\/xezer-adalari-klubundaki-legionerler-olkeni-terk-edir\/","og_locale":"az_AZ","og_type":"article","og_title":"\"X\u0259z\u0259r adalar\u0131\" klubundak\u0131 legionerl\u0259r \u00f6lk\u0259ni t\u0259rk edir - MEYDAN.TV","og_description":"Hac\u0131 \u0130brahim Nehr\u0259mli futbol\u00e7ular\u0131n m\u0259vacibini \u00f6d\u0259m\u0259y\u0259 s\u00f6z verib","og_url":"https:\/\/www.meydan.tv\/az\/article\/xezer-adalari-klubundaki-legionerler-olkeni-terk-edir\/","og_site_name":"MEYDAN.TV","article_published_time":"2015-05-19T18:03:04+00:00","og_image":[{"width":503,"height":500,"url":"https:\/\/www.meydan.tv\/wp-content\/uploads\/8951.jpg","type":"image\/jpeg"}],"twitter_card":"summary_large_image","schema":{"@context":"https:\/\/schema.org","@graph":[{"@type":"Article","@id":"https:\/\/www.meydan.tv\/az\/article\/xezer-adalari-klubundaki-legionerler-olkeni-terk-edir\/#article","isPartOf":{"@id":"https:\/\/www.meydan.tv\/az\/article\/xezer-adalari-klubundaki-legionerler-olkeni-terk-edir\/"},"author":{"name":"user-manager","@id":"https:\/\/www.meydan.tv\/az\/#\/schema\/person\/10d11eccf6da3662cf5fdab9806ea91a"},"headline":"&#8220;X\u0259z\u0259r adalar\u0131&#8221; klubundak\u0131 legionerl\u0259r \u00f6lk\u0259ni t\u0259rk edir","datePublished":"2015-05-19T18:03:04+00:00","mainEntityOfPage":{"@id":"https:\/\/www.meydan.tv\/az\/article\/xezer-adalari-klubundaki-legionerler-olkeni-terk-edir\/"},"wordCount":469,"publisher":{"@id":"https:\/\/www.meydan.tv\/az\/#organization"},"image":{"@id":"https:\/\/www.meydan.tv\/az\/article\/xezer-adalari-klubundaki-legionerler-olkeni-terk-edir\/#primaryimage"},"thumbnailUrl":"https:\/\/www.meydan.tv\/wp-content\/uploads\/8951.jpg","articleSection":["X\u0259b\u0259rl\u0259r"],"inLanguage":"az"},{"@type":"WebPage","@id":"https:\/\/www.meydan.tv\/az\/article\/xezer-adalari-klubundaki-legionerler-olkeni-terk-edir\/","url":"https:\/\/www.meydan.tv\/az\/article\/xezer-adalari-klubundaki-legionerler-olkeni-terk-edir\/","name":"\"X\u0259z\u0259r adalar\u0131\" klubundak\u0131 legionerl\u0259r \u00f6lk\u0259ni t\u0259rk edir - MEYDAN.TV","isPartOf":{"@id":"https:\/\/www.meydan.tv\/az\/#website"},"primaryImageOfPage":{"@id":"https:\/\/www.meydan.tv\/az\/article\/xezer-adalari-klubundaki-legionerler-olkeni-terk-edir\/#primaryimage"},"image":{"@id":"https:\/\/www.meydan.tv\/az\/article\/xezer-adalari-klubundaki-legionerler-olkeni-terk-edir\/#primaryimage"},"thumbnailUrl":"https:\/\/www.meydan.tv\/wp-content\/uploads\/8951.jpg","datePublished":"2015-05-19T18:03:04+00:00","breadcrumb":{"@id":"https:\/\/www.meydan.tv\/az\/article\/xezer-adalari-klubundaki-legionerler-olkeni-terk-edir\/#breadcrumb"},"inLanguage":"az","potentialAction":[{"@type":"ReadAction","target":["https:\/\/www.meydan.tv\/az\/article\/xezer-adalari-klubundaki-legionerler-olkeni-terk-edir\/"]}]},{"@type":"ImageObject","inLanguage":"az","@id":"https:\/\/www.meydan.tv\/az\/article\/xezer-adalari-klubundaki-legionerler-olkeni-terk-edir\/#primaryimage","url":"https:\/\/www.meydan.tv\/wp-content\/uploads\/8951.jpg","contentUrl":"https:\/\/www.meydan.tv\/wp-content\/uploads\/8951.jpg","width":503,"height":500,"caption":"Source:"},{"@type":"BreadcrumbList","@id":"https:\/\/www.meydan.tv\/az\/article\/xezer-adalari-klubundaki-legionerler-olkeni-terk-edir\/#breadcrumb","itemListElement":[{"@type":"ListItem","position":1,"name":"Ana s\u0259hif\u0259","item":"https:\/\/www.meydan.tv\/az\/"},{"@type":"ListItem","position":2,"name":"X\u0259b\u0259rl\u0259r","item":"https:\/\/www.meydan.tv\/az\/section\/xeberler\/"},{"@type":"ListItem","position":3,"name":"&#8220;X\u0259z\u0259r adalar\u0131&#8221; klubundak\u0131 legionerl\u0259r \u00f6lk\u0259ni t\u0259rk edir"}]},{"@type":"WebSite","@id":"https:\/\/www.meydan.tv\/az\/#website","url":"https:\/\/www.meydan.tv\/az\/","name":"MEYDAN.TV","description":"Meydan TV Az\u0259rbaycan\u0131n media m\u0259kan\u0131ndak\u0131 alternativ s\u0259sidir","publisher":{"@id":"https:\/\/www.meydan.tv\/az\/#organization"},"potentialAction":[{"@type":"SearchAction","target":{"@type":"EntryPoint","urlTemplate":"https:\/\/www.meydan.tv\/az\/?s={search_term_string}"},"query-input":{"@type":"PropertyValueSpecification","valueRequired":true,"valueName":"search_term_string"}}],"inLanguage":"az"},{"@type":"Organization","@id":"https:\/\/www.meydan.tv\/az\/#organization","name":"Meydan TV","url":"https:\/\/www.meydan.tv\/az\/","logo":{"@type":"ImageObject","inLanguage":"az","@id":"https:\/\/www.meydan.tv\/az\/#\/schema\/logo\/image\/","url":"https:\/\/www.meydan.tv\/wp-content\/uploads\/2021\/07\/meydan-logo.svg","contentUrl":"https:\/\/www.meydan.tv\/wp-content\/uploads\/2021\/07\/meydan-logo.svg","width":195,"height":46,"caption":"Meydan TV"},"image":{"@id":"https:\/\/www.meydan.tv\/az\/#\/schema\/logo\/image\/"}},{"@type":"Person","@id":"https:\/\/www.meydan.tv\/az\/#\/schema\/person\/10d11eccf6da3662cf5fdab9806ea91a","name":"user-manager"}]}},"_links":{"self":[{"href":"https:\/\/www.meydan.tv\/az\/wp-json\/wp\/v2\/posts\/167956","targetHints":{"allow":["GET"]}}],"collection":[{"href":"https:\/\/www.meydan.tv\/az\/wp-json\/wp\/v2\/posts"}],"about":[{"href":"https:\/\/www.meydan.tv\/az\/wp-json\/wp\/v2\/types\/post"}],"author":[{"embeddable":true,"href":"https:\/\/www.meydan.tv\/az\/wp-json\/wp\/v2\/users\/11"}],"replies":[{"embeddable":true,"href":"https:\/\/www.meydan.tv\/az\/wp-json\/wp\/v2\/comments?post=167956"}],"version-history":[{"count":0,"href":"https:\/\/www.meydan.tv\/az\/wp-json\/wp\/v2\/posts\/167956\/revisions"}],"wp:featuredmedia":[{"embeddable":true,"href":"https:\/\/www.meydan.tv\/az\/wp-json\/wp\/v2\/media\/24574"}],"wp:attachment":[{"href":"https:\/\/www.meydan.tv\/az\/wp-json\/wp\/v2\/media?parent=167956"}],"wp:term":[{"taxonomy":"category","embeddable":true,"href":"https:\/\/www.meydan.tv\/az\/wp-json\/wp\/v2\/categories?post=167956"},{"taxonomy":"post_tag","embeddable":true,"href":"https:\/\/www.meydan.tv\/az\/wp-json\/wp\/v2\/tags?post=167956"}],"curies":[{"name":"wp","href":"https:\/\/api.w.org\/{rel}","templated":true}]}}