{"id":167954,"date":"2015-05-19T16:01:09","date_gmt":"2015-05-19T16:01:09","guid":{"rendered":"https:\/\/www.meydan.tv\/article\/generalin-oglu-xestexanaya-yerlesdirildi\/"},"modified":"2015-05-19T16:01:09","modified_gmt":"2015-05-19T16:01:09","slug":"generalin-oglu-xestexanaya-yerlesdirildi","status":"publish","type":"post","link":"https:\/\/www.meydan.tv\/az\/article\/generalin-oglu-xestexanaya-yerlesdirildi\/","title":{"rendered":"General\u0131n o\u011flu x\u0259st\u0259xanaya yerl\u0259\u015fdirildi"},"content":{"rendered":"<figure class=\"wp-block-image size-large\">\n  <img decoding=\"async\" src=\"https:\/\/www.meydan.tv\/az\/24571\/\" alt=\"\" class=\"wp-image-24571\"\/><figcaption><\/figcaption><\/figure>\n<figure class=\"wp-block-image size-large\">\n  <img decoding=\"async\" src=\"https:\/\/www.meydan.tv\/az\/24571\/\" alt=\"\" class=\"wp-image-24571\"\/><figcaption><\/figcaption><\/figure>\n<p><div>\n    <i><br \/>\n      Tamerlan \u018fs\u0259dullayev Cinay\u0259t M\u0259c\u0259ll\u0259sinin 126.2.4 v\u0259 221.3-c\u00fc madd\u0259l\u0259ri il\u0259 ittiham olunur<br \/>\n    <\/i>\n  <\/div>\n<\/p>\n<p><div><\/div>\n<\/p>\n<p><div>\n    Daxili \u0130\u015fl\u0259r Nazirliyi (D\u0130N) \u0130nsan Alverin\u0259 Qar\u015f\u0131 M\u00fcbariz\u0259 \u0130dar\u0259sinin r\u0259isi, polis general-mayoru \u015e\u0259rif \u018fs\u0259dullayev o\u011flu Tamerlan \u018fs\u0259dullayev \u018fdliyy\u0259 Nazirliyinin M\u00fcalic\u0259 M\u00fc\u0259ssis\u0259sin\u0259 k\u00f6\u00e7\u00fcr\u00fcl\u00fcb.\n  <\/div>\n<\/p>\n<p><div><\/div>\n<\/p>\n<p><div>\n    \u0130\u015fg\u0259nc\u0259l\u0259r\u0259 Qar\u015f\u0131 Az\u0259rbaycan Komit\u0259sinin r\u0259hb\u0259ri El\u00e7in Behbudovun Modern.az sayt\u0131na verdiyi m\u0259lumata g\u00f6r\u0259, Tamerlan \u018fs\u0259dullayev Bak\u0131 \u0130stintaq T\u0259cridxanas\u0131nda saxlan\u0131l\u0131r: \u201cOnunla g\u00f6r\u00fc\u015fm\u0259mi\u015f\u0259m. Amma m\u0259nd\u0259 olan m\u0259lumata g\u00f6r\u0259, general\u0131n o\u011flu Tamerlan \u018fs\u0259dullayev s\u0259hh\u0259tind\u0259 yaranan narahatl\u0131\u011fa g\u00f6r\u0259 M\u00fcalic\u0259 M\u00fc\u0259ssis\u0259sin\u0259 k\u00f6\u00e7\u00fcr\u00fcl\u00fcb\u201d.\n  <\/div>\n<\/p>\n<p><div><\/div>\n<\/p>\n<p><div>\n    Tamerlan \u018fs\u0259dullayev Cinay\u0259t M\u0259c\u0259ll\u0259sinin 126.2.4 (q\u0259sd\u0259n sa\u011flaml\u0131\u011fa a\u011f\u0131r z\u0259r\u0259r vurma) v\u0259 221.3-c\u00fc (xuliqanl\u0131q) madd\u0259l\u0259ri il\u0259 ittiham olunur.\n  <\/div>\n<\/p>\n<p><div><\/div>\n<\/p>\n<p><div>\n    Ba\u015f Prokurorlu\u011fun m\u0259lumat\u0131na g\u00f6r\u0259, aprelin 10-da Bak\u0131n\u0131n \u00abSenator\u00bb restoran\u0131nda Tamerlan \u018fs\u0259dullayevin i\u015ftirak\u0131 il\u0259 dava-dala\u015f ba\u015f verib. Davada bir n\u0259f\u0259r b\u0131\u00e7aqlanaraq yaralan\u0131b. Tamerlan \u018fs\u0259dullayev i\u015f \u00fczr\u0259 t\u0259qsirl\u0259ndiril\u0259n \u015f\u0259xs qismind\u0259 c\u0259lb edil\u0259r\u0259k, Yasamal rayon M\u0259hk\u0259m\u0259sinin m\u00fcvafiq q\u0259rar\u0131 il\u0259 bar\u0259sind\u0259 4 ayl\u0131q h\u0259bs q\u0259ti-imkan t\u0259dbiri se\u00e7ilib.\n  <\/div>\n<\/p>\n<p><div><\/div>\n<\/p>\n<p><div>\n    M\u0259lumata g\u00f6r\u0259, Tamerlan \u018fs\u0259dullayevin h\u0259bs olunmas\u0131n\u0131 atas\u0131 general \u015e\u0259rif \u018fs\u0259dullayev xahi\u015f edib.\n  <\/div><\/p>\n","protected":false},"excerpt":{"rendered":"<p>Tamerlan \u018fs\u0259dullayev Cinay\u0259t M\u0259c\u0259ll\u0259sinin 126.2.4 v\u0259 221.3-c\u00fc madd\u0259l\u0259ri il\u0259 ittiham olunur<\/p>\n","protected":false},"author":11,"featured_media":24571,"comment_status":"closed","ping_status":"open","sticky":false,"template":"","format":"standard","meta":{"_acf_changed":false,"_sitemap_exclude":false,"_sitemap_priority":"","_sitemap_frequency":"","footnotes":""},"categories":[56],"tags":[],"class_list":["post-167954","post","type-post","status-publish","format-standard","has-post-thumbnail","hentry","category-xeberler","infinite-scroll-item","generate-columns","tablet-grid-50","mobile-grid-100","grid-parent","grid-33","no-featured-image-padding"],"acf":[],"yoast_head":"<!-- This site is optimized with the Yoast SEO plugin v28.4 - https:\/\/yoast.com\/product\/yoast-seo-wordpress\/ -->\n<title>General\u0131n o\u011flu x\u0259st\u0259xanaya yerl\u0259\u015fdirildi - MEYDAN.TV<\/title>\n<meta name=\"robots\" content=\"index, follow, max-snippet:-1, max-image-preview:large, max-video-preview:-1\" \/>\n<link rel=\"canonical\" href=\"https:\/\/www.meydan.tv\/az\/article\/generalin-oglu-xestexanaya-yerlesdirildi\/\" \/>\n<meta property=\"og:locale\" content=\"az_AZ\" \/>\n<meta property=\"og:type\" content=\"article\" \/>\n<meta property=\"og:title\" content=\"General\u0131n o\u011flu x\u0259st\u0259xanaya yerl\u0259\u015fdirildi - MEYDAN.TV\" \/>\n<meta property=\"og:description\" content=\"Tamerlan \u018fs\u0259dullayev Cinay\u0259t M\u0259c\u0259ll\u0259sinin 126.2.4 v\u0259 221.3-c\u00fc madd\u0259l\u0259ri il\u0259 ittiham olunur\" \/>\n<meta property=\"og:url\" content=\"https:\/\/www.meydan.tv\/az\/article\/generalin-oglu-xestexanaya-yerlesdirildi\/\" \/>\n<meta property=\"og:site_name\" content=\"MEYDAN.TV\" \/>\n<meta property=\"article:published_time\" content=\"2015-05-19T16:01:09+00:00\" \/>\n<meta property=\"og:image\" content=\"https:\/\/www.meydan.tv\/wp-content\/uploads\/8948.jpg\" \/>\n\t<meta property=\"og:image:width\" content=\"383\" \/>\n\t<meta property=\"og:image:height\" content=\"289\" \/>\n\t<meta property=\"og:image:type\" content=\"image\/jpeg\" \/>\n<meta name=\"twitter:card\" content=\"summary_large_image\" \/>\n<!-- \/ Yoast SEO plugin. -->","yoast_head_json":{"title":"General\u0131n o\u011flu x\u0259st\u0259xanaya yerl\u0259\u015fdirildi - MEYDAN.TV","robots":{"index":"index","follow":"follow","max-snippet":"max-snippet:-1","max-image-preview":"max-image-preview:large","max-video-preview":"max-video-preview:-1"},"canonical":"https:\/\/www.meydan.tv\/az\/article\/generalin-oglu-xestexanaya-yerlesdirildi\/","og_locale":"az_AZ","og_type":"article","og_title":"General\u0131n o\u011flu x\u0259st\u0259xanaya yerl\u0259\u015fdirildi - MEYDAN.TV","og_description":"Tamerlan \u018fs\u0259dullayev Cinay\u0259t M\u0259c\u0259ll\u0259sinin 126.2.4 v\u0259 221.3-c\u00fc madd\u0259l\u0259ri il\u0259 ittiham olunur","og_url":"https:\/\/www.meydan.tv\/az\/article\/generalin-oglu-xestexanaya-yerlesdirildi\/","og_site_name":"MEYDAN.TV","article_published_time":"2015-05-19T16:01:09+00:00","og_image":[{"width":383,"height":289,"url":"https:\/\/www.meydan.tv\/wp-content\/uploads\/8948.jpg","type":"image\/jpeg"}],"twitter_card":"summary_large_image","schema":{"@context":"https:\/\/schema.org","@graph":[{"@type":"Article","@id":"https:\/\/www.meydan.tv\/az\/article\/generalin-oglu-xestexanaya-yerlesdirildi\/#article","isPartOf":{"@id":"https:\/\/www.meydan.tv\/az\/article\/generalin-oglu-xestexanaya-yerlesdirildi\/"},"author":{"name":"user-manager","@id":"https:\/\/www.meydan.tv\/az\/#\/schema\/person\/10d11eccf6da3662cf5fdab9806ea91a"},"headline":"General\u0131n o\u011flu x\u0259st\u0259xanaya yerl\u0259\u015fdirildi","datePublished":"2015-05-19T16:01:09+00:00","mainEntityOfPage":{"@id":"https:\/\/www.meydan.tv\/az\/article\/generalin-oglu-xestexanaya-yerlesdirildi\/"},"wordCount":257,"publisher":{"@id":"https:\/\/www.meydan.tv\/az\/#organization"},"image":{"@id":"https:\/\/www.meydan.tv\/az\/article\/generalin-oglu-xestexanaya-yerlesdirildi\/#primaryimage"},"thumbnailUrl":"https:\/\/www.meydan.tv\/wp-content\/uploads\/8948.jpg","articleSection":["X\u0259b\u0259rl\u0259r"],"inLanguage":"az"},{"@type":"WebPage","@id":"https:\/\/www.meydan.tv\/az\/article\/generalin-oglu-xestexanaya-yerlesdirildi\/","url":"https:\/\/www.meydan.tv\/az\/article\/generalin-oglu-xestexanaya-yerlesdirildi\/","name":"General\u0131n o\u011flu x\u0259st\u0259xanaya yerl\u0259\u015fdirildi - MEYDAN.TV","isPartOf":{"@id":"https:\/\/www.meydan.tv\/az\/#website"},"primaryImageOfPage":{"@id":"https:\/\/www.meydan.tv\/az\/article\/generalin-oglu-xestexanaya-yerlesdirildi\/#primaryimage"},"image":{"@id":"https:\/\/www.meydan.tv\/az\/article\/generalin-oglu-xestexanaya-yerlesdirildi\/#primaryimage"},"thumbnailUrl":"https:\/\/www.meydan.tv\/wp-content\/uploads\/8948.jpg","datePublished":"2015-05-19T16:01:09+00:00","breadcrumb":{"@id":"https:\/\/www.meydan.tv\/az\/article\/generalin-oglu-xestexanaya-yerlesdirildi\/#breadcrumb"},"inLanguage":"az","potentialAction":[{"@type":"ReadAction","target":["https:\/\/www.meydan.tv\/az\/article\/generalin-oglu-xestexanaya-yerlesdirildi\/"]}]},{"@type":"ImageObject","inLanguage":"az","@id":"https:\/\/www.meydan.tv\/az\/article\/generalin-oglu-xestexanaya-yerlesdirildi\/#primaryimage","url":"https:\/\/www.meydan.tv\/wp-content\/uploads\/8948.jpg","contentUrl":"https:\/\/www.meydan.tv\/wp-content\/uploads\/8948.jpg","width":383,"height":289,"caption":"Source:"},{"@type":"BreadcrumbList","@id":"https:\/\/www.meydan.tv\/az\/article\/generalin-oglu-xestexanaya-yerlesdirildi\/#breadcrumb","itemListElement":[{"@type":"ListItem","position":1,"name":"Ana s\u0259hif\u0259","item":"https:\/\/www.meydan.tv\/az\/"},{"@type":"ListItem","position":2,"name":"X\u0259b\u0259rl\u0259r","item":"https:\/\/www.meydan.tv\/az\/section\/xeberler\/"},{"@type":"ListItem","position":3,"name":"General\u0131n o\u011flu x\u0259st\u0259xanaya yerl\u0259\u015fdirildi"}]},{"@type":"WebSite","@id":"https:\/\/www.meydan.tv\/az\/#website","url":"https:\/\/www.meydan.tv\/az\/","name":"MEYDAN.TV","description":"Meydan TV Az\u0259rbaycan\u0131n media m\u0259kan\u0131ndak\u0131 alternativ s\u0259sidir","publisher":{"@id":"https:\/\/www.meydan.tv\/az\/#organization"},"potentialAction":[{"@type":"SearchAction","target":{"@type":"EntryPoint","urlTemplate":"https:\/\/www.meydan.tv\/az\/?s={search_term_string}"},"query-input":{"@type":"PropertyValueSpecification","valueRequired":true,"valueName":"search_term_string"}}],"inLanguage":"az"},{"@type":"Organization","@id":"https:\/\/www.meydan.tv\/az\/#organization","name":"Meydan TV","url":"https:\/\/www.meydan.tv\/az\/","logo":{"@type":"ImageObject","inLanguage":"az","@id":"https:\/\/www.meydan.tv\/az\/#\/schema\/logo\/image\/","url":"https:\/\/www.meydan.tv\/wp-content\/uploads\/2021\/07\/meydan-logo.svg","contentUrl":"https:\/\/www.meydan.tv\/wp-content\/uploads\/2021\/07\/meydan-logo.svg","width":195,"height":46,"caption":"Meydan TV"},"image":{"@id":"https:\/\/www.meydan.tv\/az\/#\/schema\/logo\/image\/"}},{"@type":"Person","@id":"https:\/\/www.meydan.tv\/az\/#\/schema\/person\/10d11eccf6da3662cf5fdab9806ea91a","name":"user-manager"}]}},"_links":{"self":[{"href":"https:\/\/www.meydan.tv\/az\/wp-json\/wp\/v2\/posts\/167954","targetHints":{"allow":["GET"]}}],"collection":[{"href":"https:\/\/www.meydan.tv\/az\/wp-json\/wp\/v2\/posts"}],"about":[{"href":"https:\/\/www.meydan.tv\/az\/wp-json\/wp\/v2\/types\/post"}],"author":[{"embeddable":true,"href":"https:\/\/www.meydan.tv\/az\/wp-json\/wp\/v2\/users\/11"}],"replies":[{"embeddable":true,"href":"https:\/\/www.meydan.tv\/az\/wp-json\/wp\/v2\/comments?post=167954"}],"version-history":[{"count":0,"href":"https:\/\/www.meydan.tv\/az\/wp-json\/wp\/v2\/posts\/167954\/revisions"}],"wp:featuredmedia":[{"embeddable":true,"href":"https:\/\/www.meydan.tv\/az\/wp-json\/wp\/v2\/media\/24571"}],"wp:attachment":[{"href":"https:\/\/www.meydan.tv\/az\/wp-json\/wp\/v2\/media?parent=167954"}],"wp:term":[{"taxonomy":"category","embeddable":true,"href":"https:\/\/www.meydan.tv\/az\/wp-json\/wp\/v2\/categories?post=167954"},{"taxonomy":"post_tag","embeddable":true,"href":"https:\/\/www.meydan.tv\/az\/wp-json\/wp\/v2\/tags?post=167954"}],"curies":[{"name":"wp","href":"https:\/\/api.w.org\/{rel}","templated":true}]}}