{"id":167953,"date":"2015-05-19T15:33:09","date_gmt":"2015-05-19T15:33:09","guid":{"rendered":"https:\/\/www.meydan.tv\/article\/azerbaycanda-huquq-ve-azadliqlarin-pozulmasi-dovlet-siyasetidir\/"},"modified":"2015-05-19T15:33:09","modified_gmt":"2015-05-19T15:33:09","slug":"azerbaycanda-huquq-ve-azadliqlarin-pozulmasi-dovlet-siyasetidir","status":"publish","type":"post","link":"https:\/\/www.meydan.tv\/az\/article\/azerbaycanda-huquq-ve-azadliqlarin-pozulmasi-dovlet-siyasetidir\/","title":{"rendered":"&#8220;Az\u0259rbaycanda h\u00fcquq v\u0259 azadl\u0131qlar\u0131n pozulmas\u0131 d\u00f6vl\u0259t siyas\u0259tidir&#8221;"},"content":{"rendered":"<figure class=\"wp-block-image size-large\">\n  <img decoding=\"async\" src=\"https:\/\/www.meydan.tv\/az\/24565\/\" alt=\"\" class=\"wp-image-24565\"\/><figcaption><\/figcaption><\/figure>\n<figure class=\"wp-block-image size-large\">\n  <img decoding=\"async\" src=\"https:\/\/www.meydan.tv\/az\/24565\/\" alt=\"\" class=\"wp-image-24565\"\/><figcaption><\/figcaption><\/figure>\n<p>\n  <i><br \/>\n    Norve\u00e7 h\u00fcquq-m\u00fcdafi\u0259 t\u0259\u015fkilatlar\u0131: &#8220;Bak\u0131 \u00f6z \u00f6hd\u0259likl\u0259rini v\u0259 beyn\u0259lxalq h\u00fcquq normalar\u0131n\u0131 a\u00e7\u0131q \u015f\u0259kild\u0259 pozur&#8221;<br \/>\n  <\/i>\n<\/p>\n<p>\n  Az\u0259rbaycanda \u0259sas h\u00fcquq v\u0259 azadl\u0131qlar\u0131n pozulmas\u0131 il\u0259 ba\u011fl\u0131 v\u0259ziyy\u0259t h\u0259tta t\u0259cr\u00fcb\u0259li m\u00fc\u015fahid\u0259\u00e7il\u0259ri bel\u0259 heyr\u0259t\u0259 sal\u0131r. T\u0259zyiq obyekti jurnalistl\u0259r, m\u00fcxalif\u0259t\u00e7il\u0259r, v\u0259t\u0259nda\u015f f\u0259allar\u0131 v\u0259 h\u00fcquq m\u00fcdafi\u0259\u00e7il\u0259ridir.\n<\/p>\n<p>\n  T\u0259nqidi s\u0259sl\u0259rin susdurulmas\u0131 il\u0259 ba\u011fl\u0131 h\u00f6kum\u0259tin strategiyas\u0131nda siyasi \u00a0cinay\u0259t t\u0259qibl\u0259ri \u0259sas yer tutur. Buna nail olmaqdan \u00f6tr\u00fc 2009-cu ild\u0259 hakimiyy\u0259t qanunvericiliy\u0259 d\u00fcz\u0259li\u015fl\u0259r ed\u0259r\u0259k ifad\u0259, birl\u0259\u015fm\u0259 v\u0259 dinc topla\u015fma azadl\u0131\u011f\u0131 h\u00fcququnu m\u0259hdudla\u015fd\u0131r\u0131b. N\u0259tic\u0259d\u0259 \u00f6lk\u0259d\u0259 v\u0259t\u0259nda\u015f c\u0259miyy\u0259ti da\u011f\u0131d\u0131l\u0131b. Bu bar\u0259d\u0259 Norve\u00e7 h\u00fcquq-m\u00fcdafi\u0259 t\u0259\u015fkilatlar\u0131 \u2013 \u0130nsan H\u00fcquqlar\u0131 Evi v\u0259 \u201cAzadl\u0131q indi\u201d \u00a0(Human Rights House Network , Freedom Now) bu g\u00fcn a\u00e7\u0131qlad\u0131qlar\u0131 hesabatda deyilir.\n<\/p>\n<p>\n  Hesabatda qanunsuz h\u0259bsl\u0259r v\u0259 t\u0259qibl\u0259r, d\u00f6vl\u0259tin\u00a0 pozdu\u011fu beyn\u0259lxalq standartlar t\u0259hlil edilir. Avropa Oyunlar\u0131 \u0259r\u0259f\u0259sind\u0259 repressiyalarda m\u0259qs\u0259d t\u0259nqidi s\u0259sl\u0259ri susdurmaqd\u0131r.\n<\/p>\n<p>\n  Siyasi h\u00fcquqlar\u0131n pozulmas\u0131ndan ba\u015fqa hakimiyy\u0259t korrupsiyan\u0131 t\u0259nqid ed\u0259nl\u0259ri d\u0259 susdurma\u011fa \u00e7al\u0131\u015f\u0131r. Odur ki, hakimiyy\u0259t m\u00fcst\u0259qil K\u0130V v\u0259 QHT-l\u0259ri s\u0131radan \u00e7\u0131xarmaq siyas\u0259ti y\u00fcr\u00fcd\u00fcr.\n<\/p>\n<p>\n  \u201cEurovision 2012\u201d m\u00fcsabiq\u0259si \u0259r\u0259f\u0259sind\u0259 hakimiyy\u0259t t\u0259nqidi s\u0259sl\u0259ri susdura bilm\u0259di. Bu s\u0259b\u0259bd\u0259n v\u0259ziyy\u0259ti t\u0259krarlamaq q\u0259rar\u0131na g\u0259lib.\n<\/p>\n<p>\n  Haz\u0131rda v\u0259t\u0259nda\u015f c\u0259miyy\u0259tinin \u0259n tan\u0131nm\u0131\u015f liderl\u0259ri, g\u0259nc f\u0259allar, \u00a0jurnalistl\u0259r uydurma v\u0259 saxta ittihamlarla h\u0259bsd\u0259dir.\n<\/p>\n<p>\n  Eyni zamanda hakimiyy\u0259t xarici donorlar\u0131n v\u0259t\u0259nda\u015f c\u0259miyy\u0259tini maliyy\u0259l\u0259\u015fdirm\u0259sini qada\u011fan etm\u0259k \u00fc\u00e7\u00fcn h\u0259r \u015feyi edir.\n<\/p>\n<p>\n  Avropa qurumlar\u0131n\u0131n t\u0259nqidl\u0259rin\u0259 baxmayaraq, Bak\u0131 \u00f6z \u00f6hd\u0259likl\u0259rini v\u0259 beyn\u0259lxalq h\u00fcquq normalar\u0131n\u0131 a\u00e7\u0131q \u015f\u0259kild\u0259 pozur, hesabatda deyilir.\n<\/p>\n<p>\n  Bu \u00e7oxs\u0259hif\u0259lik s\u0259n\u0259dd\u0259 siyasi m\u0259hbuslar\u0131n i\u015fl\u0259ri v\u0259 onlar\u0131n t\u0259qib olunmas\u0131na dair \u0259trafl\u0131 m\u0259lumatlar \u0259ksini tap\u0131b. Hesabatda hakimiyy\u0259tin qanunvericilik siyas\u0259ti v\u0259 Az\u0259rbaycan\u0131n beyn\u0259lxalq \u00f6hd\u0259likl\u0259ri haqda m\u0259lumatlar toplan\u0131b (Turan \u0130A).<\/p>\n","protected":false},"excerpt":{"rendered":"<p>Norve\u00e7 h\u00fcquq-m\u00fcdafi\u0259 t\u0259\u015fkilatlar\u0131: &#8220;Bak\u0131 \u00f6z \u00f6hd\u0259likl\u0259rini v\u0259 beyn\u0259lxalq h\u00fcquq normalar\u0131n\u0131 a\u00e7\u0131q \u015f\u0259kild\u0259 pozur&#8221;<\/p>\n","protected":false},"author":11,"featured_media":24565,"comment_status":"closed","ping_status":"open","sticky":false,"template":"","format":"standard","meta":{"_acf_changed":false,"_sitemap_exclude":false,"_sitemap_priority":"","_sitemap_frequency":"","footnotes":""},"categories":[56],"tags":[],"class_list":["post-167953","post","type-post","status-publish","format-standard","has-post-thumbnail","hentry","category-xeberler","infinite-scroll-item","generate-columns","tablet-grid-50","mobile-grid-100","grid-parent","grid-33","no-featured-image-padding"],"acf":[],"yoast_head":"<!-- This site is optimized with the Yoast SEO plugin v28.4 - https:\/\/yoast.com\/product\/yoast-seo-wordpress\/ -->\n<title>&quot;Az\u0259rbaycanda h\u00fcquq v\u0259 azadl\u0131qlar\u0131n pozulmas\u0131 d\u00f6vl\u0259t siyas\u0259tidir&quot; - MEYDAN.TV<\/title>\n<meta name=\"robots\" content=\"index, follow, max-snippet:-1, max-image-preview:large, max-video-preview:-1\" \/>\n<link rel=\"canonical\" href=\"https:\/\/www.meydan.tv\/az\/article\/azerbaycanda-huquq-ve-azadliqlarin-pozulmasi-dovlet-siyasetidir\/\" \/>\n<meta property=\"og:locale\" content=\"az_AZ\" \/>\n<meta property=\"og:type\" content=\"article\" \/>\n<meta property=\"og:title\" content=\"&quot;Az\u0259rbaycanda h\u00fcquq v\u0259 azadl\u0131qlar\u0131n pozulmas\u0131 d\u00f6vl\u0259t siyas\u0259tidir&quot; - MEYDAN.TV\" \/>\n<meta property=\"og:description\" content=\"Norve\u00e7 h\u00fcquq-m\u00fcdafi\u0259 t\u0259\u015fkilatlar\u0131: &quot;Bak\u0131 \u00f6z \u00f6hd\u0259likl\u0259rini v\u0259 beyn\u0259lxalq h\u00fcquq normalar\u0131n\u0131 a\u00e7\u0131q \u015f\u0259kild\u0259 pozur&quot;\" \/>\n<meta property=\"og:url\" content=\"https:\/\/www.meydan.tv\/az\/article\/azerbaycanda-huquq-ve-azadliqlarin-pozulmasi-dovlet-siyasetidir\/\" \/>\n<meta property=\"og:site_name\" content=\"MEYDAN.TV\" \/>\n<meta property=\"article:published_time\" content=\"2015-05-19T15:33:09+00:00\" \/>\n<meta property=\"og:image\" content=\"https:\/\/www.meydan.tv\/wp-content\/uploads\/8947.jpg\" \/>\n\t<meta property=\"og:image:width\" content=\"400\" \/>\n\t<meta property=\"og:image:height\" content=\"569\" \/>\n\t<meta property=\"og:image:type\" content=\"image\/jpeg\" \/>\n<meta name=\"twitter:card\" content=\"summary_large_image\" \/>\n<!-- \/ Yoast SEO plugin. -->","yoast_head_json":{"title":"\"Az\u0259rbaycanda h\u00fcquq v\u0259 azadl\u0131qlar\u0131n pozulmas\u0131 d\u00f6vl\u0259t siyas\u0259tidir\" - MEYDAN.TV","robots":{"index":"index","follow":"follow","max-snippet":"max-snippet:-1","max-image-preview":"max-image-preview:large","max-video-preview":"max-video-preview:-1"},"canonical":"https:\/\/www.meydan.tv\/az\/article\/azerbaycanda-huquq-ve-azadliqlarin-pozulmasi-dovlet-siyasetidir\/","og_locale":"az_AZ","og_type":"article","og_title":"\"Az\u0259rbaycanda h\u00fcquq v\u0259 azadl\u0131qlar\u0131n pozulmas\u0131 d\u00f6vl\u0259t siyas\u0259tidir\" - MEYDAN.TV","og_description":"Norve\u00e7 h\u00fcquq-m\u00fcdafi\u0259 t\u0259\u015fkilatlar\u0131: \"Bak\u0131 \u00f6z \u00f6hd\u0259likl\u0259rini v\u0259 beyn\u0259lxalq h\u00fcquq normalar\u0131n\u0131 a\u00e7\u0131q \u015f\u0259kild\u0259 pozur\"","og_url":"https:\/\/www.meydan.tv\/az\/article\/azerbaycanda-huquq-ve-azadliqlarin-pozulmasi-dovlet-siyasetidir\/","og_site_name":"MEYDAN.TV","article_published_time":"2015-05-19T15:33:09+00:00","og_image":[{"width":400,"height":569,"url":"https:\/\/www.meydan.tv\/wp-content\/uploads\/8947.jpg","type":"image\/jpeg"}],"twitter_card":"summary_large_image","schema":{"@context":"https:\/\/schema.org","@graph":[{"@type":"Article","@id":"https:\/\/www.meydan.tv\/az\/article\/azerbaycanda-huquq-ve-azadliqlarin-pozulmasi-dovlet-siyasetidir\/#article","isPartOf":{"@id":"https:\/\/www.meydan.tv\/az\/article\/azerbaycanda-huquq-ve-azadliqlarin-pozulmasi-dovlet-siyasetidir\/"},"author":{"name":"user-manager","@id":"https:\/\/www.meydan.tv\/az\/#\/schema\/person\/10d11eccf6da3662cf5fdab9806ea91a"},"headline":"&#8220;Az\u0259rbaycanda h\u00fcquq v\u0259 azadl\u0131qlar\u0131n pozulmas\u0131 d\u00f6vl\u0259t siyas\u0259tidir&#8221;","datePublished":"2015-05-19T15:33:09+00:00","mainEntityOfPage":{"@id":"https:\/\/www.meydan.tv\/az\/article\/azerbaycanda-huquq-ve-azadliqlarin-pozulmasi-dovlet-siyasetidir\/"},"wordCount":428,"publisher":{"@id":"https:\/\/www.meydan.tv\/az\/#organization"},"image":{"@id":"https:\/\/www.meydan.tv\/az\/article\/azerbaycanda-huquq-ve-azadliqlarin-pozulmasi-dovlet-siyasetidir\/#primaryimage"},"thumbnailUrl":"https:\/\/www.meydan.tv\/wp-content\/uploads\/8947.jpg","articleSection":["X\u0259b\u0259rl\u0259r"],"inLanguage":"az"},{"@type":"WebPage","@id":"https:\/\/www.meydan.tv\/az\/article\/azerbaycanda-huquq-ve-azadliqlarin-pozulmasi-dovlet-siyasetidir\/","url":"https:\/\/www.meydan.tv\/az\/article\/azerbaycanda-huquq-ve-azadliqlarin-pozulmasi-dovlet-siyasetidir\/","name":"\"Az\u0259rbaycanda h\u00fcquq v\u0259 azadl\u0131qlar\u0131n pozulmas\u0131 d\u00f6vl\u0259t siyas\u0259tidir\" - MEYDAN.TV","isPartOf":{"@id":"https:\/\/www.meydan.tv\/az\/#website"},"primaryImageOfPage":{"@id":"https:\/\/www.meydan.tv\/az\/article\/azerbaycanda-huquq-ve-azadliqlarin-pozulmasi-dovlet-siyasetidir\/#primaryimage"},"image":{"@id":"https:\/\/www.meydan.tv\/az\/article\/azerbaycanda-huquq-ve-azadliqlarin-pozulmasi-dovlet-siyasetidir\/#primaryimage"},"thumbnailUrl":"https:\/\/www.meydan.tv\/wp-content\/uploads\/8947.jpg","datePublished":"2015-05-19T15:33:09+00:00","breadcrumb":{"@id":"https:\/\/www.meydan.tv\/az\/article\/azerbaycanda-huquq-ve-azadliqlarin-pozulmasi-dovlet-siyasetidir\/#breadcrumb"},"inLanguage":"az","potentialAction":[{"@type":"ReadAction","target":["https:\/\/www.meydan.tv\/az\/article\/azerbaycanda-huquq-ve-azadliqlarin-pozulmasi-dovlet-siyasetidir\/"]}]},{"@type":"ImageObject","inLanguage":"az","@id":"https:\/\/www.meydan.tv\/az\/article\/azerbaycanda-huquq-ve-azadliqlarin-pozulmasi-dovlet-siyasetidir\/#primaryimage","url":"https:\/\/www.meydan.tv\/wp-content\/uploads\/8947.jpg","contentUrl":"https:\/\/www.meydan.tv\/wp-content\/uploads\/8947.jpg","width":400,"height":569,"caption":"Source:"},{"@type":"BreadcrumbList","@id":"https:\/\/www.meydan.tv\/az\/article\/azerbaycanda-huquq-ve-azadliqlarin-pozulmasi-dovlet-siyasetidir\/#breadcrumb","itemListElement":[{"@type":"ListItem","position":1,"name":"Ana s\u0259hif\u0259","item":"https:\/\/www.meydan.tv\/az\/"},{"@type":"ListItem","position":2,"name":"X\u0259b\u0259rl\u0259r","item":"https:\/\/www.meydan.tv\/az\/section\/xeberler\/"},{"@type":"ListItem","position":3,"name":"&#8220;Az\u0259rbaycanda h\u00fcquq v\u0259 azadl\u0131qlar\u0131n pozulmas\u0131 d\u00f6vl\u0259t siyas\u0259tidir&#8221;"}]},{"@type":"WebSite","@id":"https:\/\/www.meydan.tv\/az\/#website","url":"https:\/\/www.meydan.tv\/az\/","name":"MEYDAN.TV","description":"Meydan TV Az\u0259rbaycan\u0131n media m\u0259kan\u0131ndak\u0131 alternativ s\u0259sidir","publisher":{"@id":"https:\/\/www.meydan.tv\/az\/#organization"},"potentialAction":[{"@type":"SearchAction","target":{"@type":"EntryPoint","urlTemplate":"https:\/\/www.meydan.tv\/az\/?s={search_term_string}"},"query-input":{"@type":"PropertyValueSpecification","valueRequired":true,"valueName":"search_term_string"}}],"inLanguage":"az"},{"@type":"Organization","@id":"https:\/\/www.meydan.tv\/az\/#organization","name":"Meydan TV","url":"https:\/\/www.meydan.tv\/az\/","logo":{"@type":"ImageObject","inLanguage":"az","@id":"https:\/\/www.meydan.tv\/az\/#\/schema\/logo\/image\/","url":"https:\/\/www.meydan.tv\/wp-content\/uploads\/2021\/07\/meydan-logo.svg","contentUrl":"https:\/\/www.meydan.tv\/wp-content\/uploads\/2021\/07\/meydan-logo.svg","width":195,"height":46,"caption":"Meydan TV"},"image":{"@id":"https:\/\/www.meydan.tv\/az\/#\/schema\/logo\/image\/"}},{"@type":"Person","@id":"https:\/\/www.meydan.tv\/az\/#\/schema\/person\/10d11eccf6da3662cf5fdab9806ea91a","name":"user-manager"}]}},"_links":{"self":[{"href":"https:\/\/www.meydan.tv\/az\/wp-json\/wp\/v2\/posts\/167953","targetHints":{"allow":["GET"]}}],"collection":[{"href":"https:\/\/www.meydan.tv\/az\/wp-json\/wp\/v2\/posts"}],"about":[{"href":"https:\/\/www.meydan.tv\/az\/wp-json\/wp\/v2\/types\/post"}],"author":[{"embeddable":true,"href":"https:\/\/www.meydan.tv\/az\/wp-json\/wp\/v2\/users\/11"}],"replies":[{"embeddable":true,"href":"https:\/\/www.meydan.tv\/az\/wp-json\/wp\/v2\/comments?post=167953"}],"version-history":[{"count":0,"href":"https:\/\/www.meydan.tv\/az\/wp-json\/wp\/v2\/posts\/167953\/revisions"}],"wp:featuredmedia":[{"embeddable":true,"href":"https:\/\/www.meydan.tv\/az\/wp-json\/wp\/v2\/media\/24565"}],"wp:attachment":[{"href":"https:\/\/www.meydan.tv\/az\/wp-json\/wp\/v2\/media?parent=167953"}],"wp:term":[{"taxonomy":"category","embeddable":true,"href":"https:\/\/www.meydan.tv\/az\/wp-json\/wp\/v2\/categories?post=167953"},{"taxonomy":"post_tag","embeddable":true,"href":"https:\/\/www.meydan.tv\/az\/wp-json\/wp\/v2\/tags?post=167953"}],"curies":[{"name":"wp","href":"https:\/\/api.w.org\/{rel}","templated":true}]}}