{"id":167952,"date":"2015-05-19T14:26:59","date_gmt":"2015-05-19T14:26:59","guid":{"rendered":"https:\/\/www.meydan.tv\/article\/rusiya-tecrubesi-ofsor-zonalardan-vesaitlerin-geri-getirilmesini-mumkunsuz-etdi\/"},"modified":"2015-05-19T14:26:59","modified_gmt":"2015-05-19T14:26:59","slug":"rusiya-tecrubesi-ofsor-zonalardan-vesaitlerin-geri-getirilmesini-mumkunsuz-etdi","status":"publish","type":"post","link":"https:\/\/www.meydan.tv\/az\/article\/rusiya-tecrubesi-ofsor-zonalardan-vesaitlerin-geri-getirilmesini-mumkunsuz-etdi\/","title":{"rendered":"&#8220;Rusiya t\u0259cr\u00fcb\u0259si of\u015for zonalardan v\u0259saitl\u0259rin geri g\u0259tirilm\u0259sini m\u00fcmk\u00fcns\u00fcz etdi&#8221;"},"content":{"rendered":"<figure class=\"wp-block-image size-large\">\n  <img decoding=\"async\" src=\"https:\/\/www.meydan.tv\/az\/24541\/\" alt=\"\" class=\"wp-image-24541\"\/><figcaption><\/figcaption><\/figure>\n<figure class=\"wp-block-image size-large\">\n  <img decoding=\"async\" src=\"https:\/\/www.meydan.tv\/az\/24541\/\" alt=\"\" class=\"wp-image-24541\"\/><figcaption><\/figcaption><\/figure>\n<p><div>\n    <i><br \/>\n      Nazim M\u0259mm\u0259dov: &#8220;Pamb\u0131q\u00e7\u0131l\u0131q, t\u00fct\u00fcn\u00e7\u00fcl\u00fck sah\u0259l\u0259ri \u00fczr\u0259 qanun q\u0259bul olunarsa, Milli M\u0259clisin bel\u0259 bir add\u0131m ataca\u011f\u0131n\u0131 g\u00f6zl\u0259m\u0259k m\u00fcmk\u00fcnd\u00fcr&#8221;<br \/>\n    <\/i>\n  <\/div>\n<\/p>\n<p><div><\/div>\n<\/p>\n<p><div>\n    Az\u0259rbaycanda of\u015for zonalardan kapital\u0131n geri qaytar\u0131lmas\u0131n\u0131 nizamlayan qanun layih\u0259sinin haz\u0131rlanmas\u0131 il\u0259 ba\u011fl\u0131 m\u00fczakir\u0259l\u0259r gedir. Fineco.az agentliyinin m\u0259lumat\u0131na g\u00f6r\u0259, art\u0131q maliyy\u0259 of\u015forlar\u0131nda yerl\u0259\u015fdirilmi\u015f kapitala aministiya verilm\u0259sinin h\u00fcquqi \u0259saslar\u0131 i\u015fl\u0259nib haz\u0131rlan\u0131r.\n  <\/div>\n<\/p>\n<p><div>\n    Ancaq layih\u0259nin t\u0259f\u0259rr\u00fcatlar\u0131 h\u0259l\u0259 m\u0259lum deyil.\n  <\/div>\n<\/p>\n<p><div><\/div>\n<\/p>\n<p><div>\n    M\u0259lumat\u0131 Meydan TV-y\u0259 \u015f\u0259rh ed\u0259n sabiq deputat, iqtisad\u00e7\u0131 Nazim M\u0259mm\u0259dov bel\u0259 bir qanunun q\u0259bul edil\u0259c\u0259yini g\u00fcman etmir: &#8220;Ancaq Az\u0259rbaycanda pamb\u0131q\u00e7\u0131l\u0131q, t\u00fct\u00fcn\u00e7\u00fcl\u00fck sah\u0259l\u0259ri \u00fczr\u0259 qanun q\u0259bul olunarsa, Milli M\u0259clisin bel\u0259 bir add\u0131m ataca\u011f\u0131n\u0131 g\u00f6zl\u0259m\u0259k m\u00fcmk\u00fcnd\u00fcr. \u0130st\u0259nil\u0259n ad alt\u0131nda bu c\u00fcr qanun ola bil\u0259r, sad\u0259c\u0259, i\u015fl\u0259k mexanizmi olmad\u0131\u011f\u0131ndan bel\u0259 qanunun t\u0259tbiqini ehtimal etmir\u0259m. Xat\u0131rlay\u0131rs\u0131zsa, Ukrayna t\u0259cav\u00fcz\u00fcnd\u0259n sonra Rusiyadan kifay\u0259t q\u0259d\u0259r maliyy\u0259 \u00e7\u0131xar\u0131\u015f\u0131 ba\u015f verdi. H\u0259min vaxt prezident Putin oliqarxlara of\u015for zonalardak\u0131 v\u0259saitl\u0259rini g\u0259tirm\u0259k tap\u015f\u0131r\u0131\u011f\u0131 verdi. Y\u0259ni stimulla\u015fd\u0131r\u0131c\u0131 tap\u015f\u0131r\u0131q idi, daha yax\u015f\u0131 iqtisadi \u015f\u0259rtl\u0259r yarad\u0131l\u0131r, amma v\u0259saitl\u0259rinizi g\u0259tirin. H\u0259tta Rusiya Nazirl\u0259r Kabineti bu y\u00f6nd\u0259 stimulla\u015fd\u0131r\u0131c\u0131 add\u0131mlar atd\u0131. Amma yen\u0259 d\u0259 \u00f6lk\u0259d\u0259n xaric\u0259 maliyy\u0259 ax\u0131n\u0131n\u0131n qar\u015f\u0131s\u0131n\u0131 ala bilm\u0259di. Bel\u0259likl\u0259, Rusiya t\u0259cr\u00fcb\u0259si of\u015for zonalardan v\u0259saitl\u0259rin geri g\u0259tirilm\u0259sini m\u00fcmk\u00fcns\u00fcz etdi&#8221;.\n  <\/div>\n<\/p>\n<p><div><\/div>\n<\/p>\n<p><div>\n    Nazim M\u0259mm\u0259dov hesab edir ki, iqtisadi \u015f\u0259rtl\u0259r o q\u0259d\u0259r y\u00fcng\u00fcl olmal\u0131d\u0131r ki, i\u015f adamlar\u0131 v\u0259saitl\u0259rini \u00f6z \u00f6lk\u0259sind\u0259 i\u015fl\u0259tsinl\u0259r: &#8220;M\u0259s\u0259l\u0259 ondad\u0131r ki, Az\u0259rbaycanda iqtisadi \u015f\u0259rtl\u0259r f\u0259rqlidir, inhisar\u00e7\u0131l\u0131q, ba\u015fqas\u0131n\u0131n \u0259mlak\u0131n\u0131 zorla \u0259l\u0259 ke\u00e7irm\u0259k adi hala \u00e7evrilib. Konkret olaraq, 2012-ci ild\u0259 &#8220;Baku Steel Company&#8221;nin ba\u015f\u0131na g\u0259l\u0259nl\u0259ri xat\u0131rlatmaq yet\u0259r. B\u00fct\u00fcn bunlar\u0131n fonunda h\u0259tta oliqarx, v\u0259zif\u0259li \u015f\u0259xs olsun, he\u00e7 k\u0259s v\u0259saitl\u0259rini \u00f6lk\u0259y\u0259 g\u0259tirm\u0259z. \u018fslind\u0259, h\u00f6kum\u0259t \u00e7oxlu qanunlar q\u0259bul etm\u0259m\u0259lidir, qanunlar\u0131n ad\u0131 d\u0259yi\u015fdikc\u0259, mahiyy\u0259ti d\u0259yi\u015fmir. Ona g\u00f6r\u0259 h\u00f6kum\u0259t ayr\u0131-ayr\u0131 proqramlar haz\u0131rlay\u0131b stimulla\u015fd\u0131r\u0131c\u0131 add\u0131mlar atmal\u0131d\u0131r. Birinci n\u00f6vb\u0259d\u0259 inhisar\u00e7\u0131l\u0131q aradan qald\u0131r\u0131lmal\u0131, Nazirl\u0259r Kabinetinin strukturu dinamik v\u0259ziyy\u0259t\u0259 g\u0259tirilm\u0259li, bir-birini t\u0259krar ed\u0259n qurumlar ixtisar olunmal\u0131 v\u0259 x\u0259rcl\u0259r azald\u0131lmal\u0131d\u0131r. Ham\u0131 \u0259min olmal\u0131d\u0131r ki, biznes f\u0259aliyy\u0259ti t\u0259hl\u00fck\u0259li deyil, kredit resurslar\u0131 \u0259l\u00e7atan olmal\u0131d\u0131r. Bir s\u00f6zl\u0259, normal bazar m\u00fcnasib\u0259tl\u0259ri formala\u015fd\u0131r\u0131lmal\u0131d\u0131r ki, insanlar of\u015for zonalara \u00fcz tutmas\u0131n. Bax\u0131n, \u00a0d\u00f6vl\u0259t \u015firk\u0259tl\u0259ri G\u00fcrc\u00fcstanda, T\u00fcrkiy\u0259d\u0259, Moldovada v\u0259 ba\u015fqa \u00f6lk\u0259l\u0259rd\u0259 milyardlarla v\u0259sait qoyur, ordan da of\u015for zonalara ke\u00e7ir. Y\u0259ni bunun mexanizmi budur&#8221;.\n  <\/div>\n<\/p>\n<p><div><\/div>\n<\/p>\n<p><div><\/div><\/p>\n","protected":false},"excerpt":{"rendered":"<p>Nazim M\u0259mm\u0259dov: &#8220;Pamb\u0131q\u00e7\u0131l\u0131q, t\u00fct\u00fcn\u00e7\u00fcl\u00fck sah\u0259l\u0259ri \u00fczr\u0259 qanun q\u0259bul olunarsa, Milli M\u0259clisin bel\u0259 bir add\u0131m ataca\u011f\u0131n\u0131 g\u00f6zl\u0259m\u0259k m\u00fcmk\u00fcnd\u00fcr&#8221;<\/p>\n","protected":false},"author":11,"featured_media":24541,"comment_status":"closed","ping_status":"open","sticky":false,"template":"","format":"standard","meta":{"_acf_changed":false,"_sitemap_exclude":false,"_sitemap_priority":"","_sitemap_frequency":"","footnotes":""},"categories":[56],"tags":[],"class_list":["post-167952","post","type-post","status-publish","format-standard","has-post-thumbnail","hentry","category-xeberler","infinite-scroll-item","generate-columns","tablet-grid-50","mobile-grid-100","grid-parent","grid-33","no-featured-image-padding"],"acf":[],"yoast_head":"<!-- This site is optimized with the Yoast SEO plugin v28.4 - https:\/\/yoast.com\/product\/yoast-seo-wordpress\/ -->\n<title>&quot;Rusiya t\u0259cr\u00fcb\u0259si of\u015for zonalardan v\u0259saitl\u0259rin geri g\u0259tirilm\u0259sini m\u00fcmk\u00fcns\u00fcz etdi&quot; - MEYDAN.TV<\/title>\n<meta name=\"robots\" content=\"index, follow, max-snippet:-1, max-image-preview:large, max-video-preview:-1\" \/>\n<link rel=\"canonical\" href=\"https:\/\/www.meydan.tv\/az\/article\/rusiya-tecrubesi-ofsor-zonalardan-vesaitlerin-geri-getirilmesini-mumkunsuz-etdi\/\" \/>\n<meta property=\"og:locale\" content=\"az_AZ\" \/>\n<meta property=\"og:type\" content=\"article\" \/>\n<meta property=\"og:title\" content=\"&quot;Rusiya t\u0259cr\u00fcb\u0259si of\u015for zonalardan v\u0259saitl\u0259rin geri g\u0259tirilm\u0259sini m\u00fcmk\u00fcns\u00fcz etdi&quot; - MEYDAN.TV\" \/>\n<meta property=\"og:description\" content=\"Nazim M\u0259mm\u0259dov: &quot;Pamb\u0131q\u00e7\u0131l\u0131q, t\u00fct\u00fcn\u00e7\u00fcl\u00fck sah\u0259l\u0259ri \u00fczr\u0259 qanun q\u0259bul olunarsa, Milli M\u0259clisin bel\u0259 bir add\u0131m ataca\u011f\u0131n\u0131 g\u00f6zl\u0259m\u0259k m\u00fcmk\u00fcnd\u00fcr&quot;\" \/>\n<meta property=\"og:url\" content=\"https:\/\/www.meydan.tv\/az\/article\/rusiya-tecrubesi-ofsor-zonalardan-vesaitlerin-geri-getirilmesini-mumkunsuz-etdi\/\" \/>\n<meta property=\"og:site_name\" content=\"MEYDAN.TV\" \/>\n<meta property=\"article:published_time\" content=\"2015-05-19T14:26:59+00:00\" \/>\n<meta property=\"og:image\" content=\"https:\/\/www.meydan.tv\/wp-content\/uploads\/8938.jpg\" \/>\n\t<meta property=\"og:image:width\" content=\"442\" \/>\n\t<meta property=\"og:image:height\" content=\"335\" \/>\n\t<meta property=\"og:image:type\" content=\"image\/jpeg\" \/>\n<meta name=\"twitter:card\" content=\"summary_large_image\" \/>\n<!-- \/ Yoast SEO plugin. -->","yoast_head_json":{"title":"\"Rusiya t\u0259cr\u00fcb\u0259si of\u015for zonalardan v\u0259saitl\u0259rin geri g\u0259tirilm\u0259sini m\u00fcmk\u00fcns\u00fcz etdi\" - MEYDAN.TV","robots":{"index":"index","follow":"follow","max-snippet":"max-snippet:-1","max-image-preview":"max-image-preview:large","max-video-preview":"max-video-preview:-1"},"canonical":"https:\/\/www.meydan.tv\/az\/article\/rusiya-tecrubesi-ofsor-zonalardan-vesaitlerin-geri-getirilmesini-mumkunsuz-etdi\/","og_locale":"az_AZ","og_type":"article","og_title":"\"Rusiya t\u0259cr\u00fcb\u0259si of\u015for zonalardan v\u0259saitl\u0259rin geri g\u0259tirilm\u0259sini m\u00fcmk\u00fcns\u00fcz etdi\" - MEYDAN.TV","og_description":"Nazim M\u0259mm\u0259dov: \"Pamb\u0131q\u00e7\u0131l\u0131q, t\u00fct\u00fcn\u00e7\u00fcl\u00fck sah\u0259l\u0259ri \u00fczr\u0259 qanun q\u0259bul olunarsa, Milli M\u0259clisin bel\u0259 bir add\u0131m ataca\u011f\u0131n\u0131 g\u00f6zl\u0259m\u0259k m\u00fcmk\u00fcnd\u00fcr\"","og_url":"https:\/\/www.meydan.tv\/az\/article\/rusiya-tecrubesi-ofsor-zonalardan-vesaitlerin-geri-getirilmesini-mumkunsuz-etdi\/","og_site_name":"MEYDAN.TV","article_published_time":"2015-05-19T14:26:59+00:00","og_image":[{"width":442,"height":335,"url":"https:\/\/www.meydan.tv\/wp-content\/uploads\/8938.jpg","type":"image\/jpeg"}],"twitter_card":"summary_large_image","schema":{"@context":"https:\/\/schema.org","@graph":[{"@type":"Article","@id":"https:\/\/www.meydan.tv\/az\/article\/rusiya-tecrubesi-ofsor-zonalardan-vesaitlerin-geri-getirilmesini-mumkunsuz-etdi\/#article","isPartOf":{"@id":"https:\/\/www.meydan.tv\/az\/article\/rusiya-tecrubesi-ofsor-zonalardan-vesaitlerin-geri-getirilmesini-mumkunsuz-etdi\/"},"author":{"name":"user-manager","@id":"https:\/\/www.meydan.tv\/az\/#\/schema\/person\/10d11eccf6da3662cf5fdab9806ea91a"},"headline":"&#8220;Rusiya t\u0259cr\u00fcb\u0259si of\u015for zonalardan v\u0259saitl\u0259rin geri g\u0259tirilm\u0259sini m\u00fcmk\u00fcns\u00fcz etdi&#8221;","datePublished":"2015-05-19T14:26:59+00:00","mainEntityOfPage":{"@id":"https:\/\/www.meydan.tv\/az\/article\/rusiya-tecrubesi-ofsor-zonalardan-vesaitlerin-geri-getirilmesini-mumkunsuz-etdi\/"},"wordCount":602,"publisher":{"@id":"https:\/\/www.meydan.tv\/az\/#organization"},"image":{"@id":"https:\/\/www.meydan.tv\/az\/article\/rusiya-tecrubesi-ofsor-zonalardan-vesaitlerin-geri-getirilmesini-mumkunsuz-etdi\/#primaryimage"},"thumbnailUrl":"https:\/\/www.meydan.tv\/wp-content\/uploads\/8938.jpg","articleSection":["X\u0259b\u0259rl\u0259r"],"inLanguage":"az"},{"@type":"WebPage","@id":"https:\/\/www.meydan.tv\/az\/article\/rusiya-tecrubesi-ofsor-zonalardan-vesaitlerin-geri-getirilmesini-mumkunsuz-etdi\/","url":"https:\/\/www.meydan.tv\/az\/article\/rusiya-tecrubesi-ofsor-zonalardan-vesaitlerin-geri-getirilmesini-mumkunsuz-etdi\/","name":"\"Rusiya t\u0259cr\u00fcb\u0259si of\u015for zonalardan v\u0259saitl\u0259rin geri g\u0259tirilm\u0259sini m\u00fcmk\u00fcns\u00fcz etdi\" - MEYDAN.TV","isPartOf":{"@id":"https:\/\/www.meydan.tv\/az\/#website"},"primaryImageOfPage":{"@id":"https:\/\/www.meydan.tv\/az\/article\/rusiya-tecrubesi-ofsor-zonalardan-vesaitlerin-geri-getirilmesini-mumkunsuz-etdi\/#primaryimage"},"image":{"@id":"https:\/\/www.meydan.tv\/az\/article\/rusiya-tecrubesi-ofsor-zonalardan-vesaitlerin-geri-getirilmesini-mumkunsuz-etdi\/#primaryimage"},"thumbnailUrl":"https:\/\/www.meydan.tv\/wp-content\/uploads\/8938.jpg","datePublished":"2015-05-19T14:26:59+00:00","breadcrumb":{"@id":"https:\/\/www.meydan.tv\/az\/article\/rusiya-tecrubesi-ofsor-zonalardan-vesaitlerin-geri-getirilmesini-mumkunsuz-etdi\/#breadcrumb"},"inLanguage":"az","potentialAction":[{"@type":"ReadAction","target":["https:\/\/www.meydan.tv\/az\/article\/rusiya-tecrubesi-ofsor-zonalardan-vesaitlerin-geri-getirilmesini-mumkunsuz-etdi\/"]}]},{"@type":"ImageObject","inLanguage":"az","@id":"https:\/\/www.meydan.tv\/az\/article\/rusiya-tecrubesi-ofsor-zonalardan-vesaitlerin-geri-getirilmesini-mumkunsuz-etdi\/#primaryimage","url":"https:\/\/www.meydan.tv\/wp-content\/uploads\/8938.jpg","contentUrl":"https:\/\/www.meydan.tv\/wp-content\/uploads\/8938.jpg","width":442,"height":335,"caption":"Source:"},{"@type":"BreadcrumbList","@id":"https:\/\/www.meydan.tv\/az\/article\/rusiya-tecrubesi-ofsor-zonalardan-vesaitlerin-geri-getirilmesini-mumkunsuz-etdi\/#breadcrumb","itemListElement":[{"@type":"ListItem","position":1,"name":"Ana s\u0259hif\u0259","item":"https:\/\/www.meydan.tv\/az\/"},{"@type":"ListItem","position":2,"name":"X\u0259b\u0259rl\u0259r","item":"https:\/\/www.meydan.tv\/az\/section\/xeberler\/"},{"@type":"ListItem","position":3,"name":"&#8220;Rusiya t\u0259cr\u00fcb\u0259si of\u015for zonalardan v\u0259saitl\u0259rin geri g\u0259tirilm\u0259sini m\u00fcmk\u00fcns\u00fcz etdi&#8221;"}]},{"@type":"WebSite","@id":"https:\/\/www.meydan.tv\/az\/#website","url":"https:\/\/www.meydan.tv\/az\/","name":"MEYDAN.TV","description":"Meydan TV Az\u0259rbaycan\u0131n media m\u0259kan\u0131ndak\u0131 alternativ s\u0259sidir","publisher":{"@id":"https:\/\/www.meydan.tv\/az\/#organization"},"potentialAction":[{"@type":"SearchAction","target":{"@type":"EntryPoint","urlTemplate":"https:\/\/www.meydan.tv\/az\/?s={search_term_string}"},"query-input":{"@type":"PropertyValueSpecification","valueRequired":true,"valueName":"search_term_string"}}],"inLanguage":"az"},{"@type":"Organization","@id":"https:\/\/www.meydan.tv\/az\/#organization","name":"Meydan TV","url":"https:\/\/www.meydan.tv\/az\/","logo":{"@type":"ImageObject","inLanguage":"az","@id":"https:\/\/www.meydan.tv\/az\/#\/schema\/logo\/image\/","url":"https:\/\/www.meydan.tv\/wp-content\/uploads\/2021\/07\/meydan-logo.svg","contentUrl":"https:\/\/www.meydan.tv\/wp-content\/uploads\/2021\/07\/meydan-logo.svg","width":195,"height":46,"caption":"Meydan TV"},"image":{"@id":"https:\/\/www.meydan.tv\/az\/#\/schema\/logo\/image\/"}},{"@type":"Person","@id":"https:\/\/www.meydan.tv\/az\/#\/schema\/person\/10d11eccf6da3662cf5fdab9806ea91a","name":"user-manager"}]}},"_links":{"self":[{"href":"https:\/\/www.meydan.tv\/az\/wp-json\/wp\/v2\/posts\/167952","targetHints":{"allow":["GET"]}}],"collection":[{"href":"https:\/\/www.meydan.tv\/az\/wp-json\/wp\/v2\/posts"}],"about":[{"href":"https:\/\/www.meydan.tv\/az\/wp-json\/wp\/v2\/types\/post"}],"author":[{"embeddable":true,"href":"https:\/\/www.meydan.tv\/az\/wp-json\/wp\/v2\/users\/11"}],"replies":[{"embeddable":true,"href":"https:\/\/www.meydan.tv\/az\/wp-json\/wp\/v2\/comments?post=167952"}],"version-history":[{"count":0,"href":"https:\/\/www.meydan.tv\/az\/wp-json\/wp\/v2\/posts\/167952\/revisions"}],"wp:featuredmedia":[{"embeddable":true,"href":"https:\/\/www.meydan.tv\/az\/wp-json\/wp\/v2\/media\/24541"}],"wp:attachment":[{"href":"https:\/\/www.meydan.tv\/az\/wp-json\/wp\/v2\/media?parent=167952"}],"wp:term":[{"taxonomy":"category","embeddable":true,"href":"https:\/\/www.meydan.tv\/az\/wp-json\/wp\/v2\/categories?post=167952"},{"taxonomy":"post_tag","embeddable":true,"href":"https:\/\/www.meydan.tv\/az\/wp-json\/wp\/v2\/tags?post=167952"}],"curies":[{"name":"wp","href":"https:\/\/api.w.org\/{rel}","templated":true}]}}