{"id":167948,"date":"2015-05-19T00:13:27","date_gmt":"2015-05-19T00:13:27","guid":{"rendered":"https:\/\/www.meydan.tv\/article\/cerimelenen-surucu-menim-burda-ne-isim-var-video\/"},"modified":"2015-05-19T00:13:27","modified_gmt":"2015-05-19T00:13:27","slug":"cerimelenen-surucu-menim-burda-ne-isim-var-video","status":"publish","type":"post","link":"https:\/\/www.meydan.tv\/az\/article\/cerimelenen-surucu-menim-burda-ne-isim-var-video\/","title":{"rendered":"C\u0259rim\u0259l\u0259n\u0259n s\u00fcr\u00fcc\u00fc: &#8220;M\u0259nim burda n\u0259 i\u015fim var?&#8221; (V\u0130DEO)"},"content":{"rendered":"<figure class=\"wp-block-embed is-type-video is-provider-youtube wp-block-embed-youtube wp-embed-aspect-16-9 wp-has-aspect-ratio\">\n<div class=\"wp-block-embed__wrapper\">\n    <iframe loading=\"lazy\"\ttitle=\"\" width=\"1200\" height=\"675\" src=\"https:\/\/www.youtube.com\/embed\/BpP-h2O_8Xs\"\tframeborder=\"0\"\tallow=\"accelerometer; autoplay; clipboard-write; encrypted-media; gyroscope; picture-in-picture\" allowfullscreen><\/iframe>\n  <\/div><figcaption><\/figcaption><\/figure>\n<p>\n  Metronun \u201cElml\u0259r Akademiyas\u0131\u201d stansiyas\u0131 istiqam\u0259tin\u0259 h\u0259r\u0259k\u0259t ed\u0259n 5 sayl\u0131 mar\u015frut avtobusunun s\u00fcr\u00fcc\u00fcs\u00fcnu D\u00f6vl\u0259t Yol Polisi (DYP) saxlay\u0131b. Yol h\u0259r\u0259k\u0259ti qaydas\u0131n\u0131 pozdu\u011funa g\u00f6r\u0259 c\u0259rim\u0259l\u0259n\u0259n s\u00fcr\u00fcc\u00fc yolun ba\u011fl\u0131 oldu\u011funu, m\u0259hz bu s\u0259b\u0259bd\u0259n d\u0259 istiqam\u0259ti d\u0259yi\u015fm\u0259k m\u0259cburiyy\u0259tind\u0259 qald\u0131\u011f\u0131n\u0131 deyir. Lakin buna baxmayaraq, s\u00fcr\u00fcc\u00fc c\u0259rim\u0259l\u0259ndi.<\/p>\n","protected":false},"excerpt":{"rendered":"<p>Yol h\u0259r\u0259k\u0259ti qaydas\u0131n\u0131 pozdu\u011funa g\u00f6r\u0259 c\u0259rim\u0259l\u0259n\u0259n s\u00fcr\u00fcc\u00fc yolun ba\u011fl\u0131 oldu\u011funu, m\u0259hz bu s\u0259b\u0259bd\u0259n d\u0259 istiqam\u0259ti d\u0259yi\u015fm\u0259k m\u0259cburiyy\u0259tind\u0259 qald\u0131\u011f\u0131n\u0131 deyir.<\/p>\n","protected":false},"author":11,"featured_media":24535,"comment_status":"closed","ping_status":"open","sticky":false,"template":"","format":"standard","meta":{"_acf_changed":false,"_sitemap_exclude":false,"_sitemap_priority":"","_sitemap_frequency":"","footnotes":""},"categories":[63],"tags":[],"class_list":["post-167948","post","type-post","status-publish","format-standard","has-post-thumbnail","hentry","category-video-2","infinite-scroll-item","generate-columns","tablet-grid-50","mobile-grid-100","grid-parent","grid-33","no-featured-image-padding"],"acf":[],"yoast_head":"<!-- This site is optimized with the Yoast SEO plugin v28.3 - https:\/\/yoast.com\/product\/yoast-seo-wordpress\/ -->\n<title>C\u0259rim\u0259l\u0259n\u0259n s\u00fcr\u00fcc\u00fc: &quot;M\u0259nim burda n\u0259 i\u015fim var?&quot; (V\u0130DEO) - MEYDAN.TV<\/title>\n<meta name=\"robots\" content=\"index, follow, max-snippet:-1, max-image-preview:large, max-video-preview:-1\" \/>\n<link rel=\"canonical\" href=\"https:\/\/www.meydan.tv\/az\/article\/cerimelenen-surucu-menim-burda-ne-isim-var-video\/\" \/>\n<meta property=\"og:locale\" content=\"az_AZ\" \/>\n<meta property=\"og:type\" content=\"article\" \/>\n<meta property=\"og:title\" content=\"C\u0259rim\u0259l\u0259n\u0259n s\u00fcr\u00fcc\u00fc: &quot;M\u0259nim burda n\u0259 i\u015fim var?&quot; (V\u0130DEO) - MEYDAN.TV\" \/>\n<meta property=\"og:description\" content=\"Yol h\u0259r\u0259k\u0259ti qaydas\u0131n\u0131 pozdu\u011funa g\u00f6r\u0259 c\u0259rim\u0259l\u0259n\u0259n s\u00fcr\u00fcc\u00fc yolun ba\u011fl\u0131 oldu\u011funu, m\u0259hz bu s\u0259b\u0259bd\u0259n d\u0259 istiqam\u0259ti d\u0259yi\u015fm\u0259k m\u0259cburiyy\u0259tind\u0259 qald\u0131\u011f\u0131n\u0131 deyir.\" \/>\n<meta property=\"og:url\" content=\"https:\/\/www.meydan.tv\/az\/article\/cerimelenen-surucu-menim-burda-ne-isim-var-video\/\" \/>\n<meta property=\"og:site_name\" content=\"MEYDAN.TV\" \/>\n<meta property=\"article:published_time\" content=\"2015-05-19T00:13:27+00:00\" \/>\n<meta property=\"og:image\" content=\"https:\/\/www.meydan.tv\/wp-content\/uploads\/8932.jpg\" \/>\n\t<meta property=\"og:image:width\" content=\"1133\" \/>\n\t<meta property=\"og:image:height\" content=\"639\" \/>\n\t<meta property=\"og:image:type\" content=\"image\/jpeg\" \/>\n<meta name=\"twitter:card\" content=\"summary_large_image\" \/>\n<!-- \/ Yoast SEO plugin. -->","yoast_head_json":{"title":"C\u0259rim\u0259l\u0259n\u0259n s\u00fcr\u00fcc\u00fc: \"M\u0259nim burda n\u0259 i\u015fim var?\" (V\u0130DEO) - MEYDAN.TV","robots":{"index":"index","follow":"follow","max-snippet":"max-snippet:-1","max-image-preview":"max-image-preview:large","max-video-preview":"max-video-preview:-1"},"canonical":"https:\/\/www.meydan.tv\/az\/article\/cerimelenen-surucu-menim-burda-ne-isim-var-video\/","og_locale":"az_AZ","og_type":"article","og_title":"C\u0259rim\u0259l\u0259n\u0259n s\u00fcr\u00fcc\u00fc: \"M\u0259nim burda n\u0259 i\u015fim var?\" (V\u0130DEO) - MEYDAN.TV","og_description":"Yol h\u0259r\u0259k\u0259ti qaydas\u0131n\u0131 pozdu\u011funa g\u00f6r\u0259 c\u0259rim\u0259l\u0259n\u0259n s\u00fcr\u00fcc\u00fc yolun ba\u011fl\u0131 oldu\u011funu, m\u0259hz bu s\u0259b\u0259bd\u0259n d\u0259 istiqam\u0259ti d\u0259yi\u015fm\u0259k m\u0259cburiyy\u0259tind\u0259 qald\u0131\u011f\u0131n\u0131 deyir.","og_url":"https:\/\/www.meydan.tv\/az\/article\/cerimelenen-surucu-menim-burda-ne-isim-var-video\/","og_site_name":"MEYDAN.TV","article_published_time":"2015-05-19T00:13:27+00:00","og_image":[{"width":1133,"height":639,"url":"https:\/\/www.meydan.tv\/wp-content\/uploads\/8932.jpg","type":"image\/jpeg"}],"twitter_card":"summary_large_image","schema":{"@context":"https:\/\/schema.org","@graph":[{"@type":"Article","@id":"https:\/\/www.meydan.tv\/az\/article\/cerimelenen-surucu-menim-burda-ne-isim-var-video\/#article","isPartOf":{"@id":"https:\/\/www.meydan.tv\/az\/article\/cerimelenen-surucu-menim-burda-ne-isim-var-video\/"},"author":{"name":"user-manager","@id":"https:\/\/www.meydan.tv\/az\/#\/schema\/person\/10d11eccf6da3662cf5fdab9806ea91a"},"headline":"C\u0259rim\u0259l\u0259n\u0259n s\u00fcr\u00fcc\u00fc: &#8220;M\u0259nim burda n\u0259 i\u015fim var?&#8221; (V\u0130DEO)","datePublished":"2015-05-19T00:13:27+00:00","mainEntityOfPage":{"@id":"https:\/\/www.meydan.tv\/az\/article\/cerimelenen-surucu-menim-burda-ne-isim-var-video\/"},"wordCount":101,"publisher":{"@id":"https:\/\/www.meydan.tv\/az\/#organization"},"image":{"@id":"https:\/\/www.meydan.tv\/az\/article\/cerimelenen-surucu-menim-burda-ne-isim-var-video\/#primaryimage"},"thumbnailUrl":"https:\/\/www.meydan.tv\/wp-content\/uploads\/8932.jpg","articleSection":["Video"],"inLanguage":"az"},{"@type":"WebPage","@id":"https:\/\/www.meydan.tv\/az\/article\/cerimelenen-surucu-menim-burda-ne-isim-var-video\/","url":"https:\/\/www.meydan.tv\/az\/article\/cerimelenen-surucu-menim-burda-ne-isim-var-video\/","name":"C\u0259rim\u0259l\u0259n\u0259n s\u00fcr\u00fcc\u00fc: \"M\u0259nim burda n\u0259 i\u015fim var?\" (V\u0130DEO) - MEYDAN.TV","isPartOf":{"@id":"https:\/\/www.meydan.tv\/az\/#website"},"primaryImageOfPage":{"@id":"https:\/\/www.meydan.tv\/az\/article\/cerimelenen-surucu-menim-burda-ne-isim-var-video\/#primaryimage"},"image":{"@id":"https:\/\/www.meydan.tv\/az\/article\/cerimelenen-surucu-menim-burda-ne-isim-var-video\/#primaryimage"},"thumbnailUrl":"https:\/\/www.meydan.tv\/wp-content\/uploads\/8932.jpg","datePublished":"2015-05-19T00:13:27+00:00","breadcrumb":{"@id":"https:\/\/www.meydan.tv\/az\/article\/cerimelenen-surucu-menim-burda-ne-isim-var-video\/#breadcrumb"},"inLanguage":"az","potentialAction":[{"@type":"ReadAction","target":["https:\/\/www.meydan.tv\/az\/article\/cerimelenen-surucu-menim-burda-ne-isim-var-video\/"]}]},{"@type":"ImageObject","inLanguage":"az","@id":"https:\/\/www.meydan.tv\/az\/article\/cerimelenen-surucu-menim-burda-ne-isim-var-video\/#primaryimage","url":"https:\/\/www.meydan.tv\/wp-content\/uploads\/8932.jpg","contentUrl":"https:\/\/www.meydan.tv\/wp-content\/uploads\/8932.jpg","width":1133,"height":639,"caption":"Source:"},{"@type":"BreadcrumbList","@id":"https:\/\/www.meydan.tv\/az\/article\/cerimelenen-surucu-menim-burda-ne-isim-var-video\/#breadcrumb","itemListElement":[{"@type":"ListItem","position":1,"name":"Ana s\u0259hif\u0259","item":"https:\/\/www.meydan.tv\/az\/"},{"@type":"ListItem","position":2,"name":"Video","item":"https:\/\/www.meydan.tv\/az\/section\/video-2\/"},{"@type":"ListItem","position":3,"name":"C\u0259rim\u0259l\u0259n\u0259n s\u00fcr\u00fcc\u00fc: &#8220;M\u0259nim burda n\u0259 i\u015fim var?&#8221; (V\u0130DEO)"}]},{"@type":"WebSite","@id":"https:\/\/www.meydan.tv\/az\/#website","url":"https:\/\/www.meydan.tv\/az\/","name":"MEYDAN.TV","description":"Meydan TV Az\u0259rbaycan\u0131n media m\u0259kan\u0131ndak\u0131 alternativ s\u0259sidir","publisher":{"@id":"https:\/\/www.meydan.tv\/az\/#organization"},"potentialAction":[{"@type":"SearchAction","target":{"@type":"EntryPoint","urlTemplate":"https:\/\/www.meydan.tv\/az\/?s={search_term_string}"},"query-input":{"@type":"PropertyValueSpecification","valueRequired":true,"valueName":"search_term_string"}}],"inLanguage":"az"},{"@type":"Organization","@id":"https:\/\/www.meydan.tv\/az\/#organization","name":"Meydan TV","url":"https:\/\/www.meydan.tv\/az\/","logo":{"@type":"ImageObject","inLanguage":"az","@id":"https:\/\/www.meydan.tv\/az\/#\/schema\/logo\/image\/","url":"https:\/\/www.meydan.tv\/wp-content\/uploads\/2021\/07\/meydan-logo.svg","contentUrl":"https:\/\/www.meydan.tv\/wp-content\/uploads\/2021\/07\/meydan-logo.svg","width":195,"height":46,"caption":"Meydan TV"},"image":{"@id":"https:\/\/www.meydan.tv\/az\/#\/schema\/logo\/image\/"}},{"@type":"Person","@id":"https:\/\/www.meydan.tv\/az\/#\/schema\/person\/10d11eccf6da3662cf5fdab9806ea91a","name":"user-manager"}]}},"_links":{"self":[{"href":"https:\/\/www.meydan.tv\/az\/wp-json\/wp\/v2\/posts\/167948","targetHints":{"allow":["GET"]}}],"collection":[{"href":"https:\/\/www.meydan.tv\/az\/wp-json\/wp\/v2\/posts"}],"about":[{"href":"https:\/\/www.meydan.tv\/az\/wp-json\/wp\/v2\/types\/post"}],"author":[{"embeddable":true,"href":"https:\/\/www.meydan.tv\/az\/wp-json\/wp\/v2\/users\/11"}],"replies":[{"embeddable":true,"href":"https:\/\/www.meydan.tv\/az\/wp-json\/wp\/v2\/comments?post=167948"}],"version-history":[{"count":0,"href":"https:\/\/www.meydan.tv\/az\/wp-json\/wp\/v2\/posts\/167948\/revisions"}],"wp:featuredmedia":[{"embeddable":true,"href":"https:\/\/www.meydan.tv\/az\/wp-json\/wp\/v2\/media\/24535"}],"wp:attachment":[{"href":"https:\/\/www.meydan.tv\/az\/wp-json\/wp\/v2\/media?parent=167948"}],"wp:term":[{"taxonomy":"category","embeddable":true,"href":"https:\/\/www.meydan.tv\/az\/wp-json\/wp\/v2\/categories?post=167948"},{"taxonomy":"post_tag","embeddable":true,"href":"https:\/\/www.meydan.tv\/az\/wp-json\/wp\/v2\/tags?post=167948"}],"curies":[{"name":"wp","href":"https:\/\/api.w.org\/{rel}","templated":true}]}}