{"id":167942,"date":"2015-05-18T17:31:03","date_gmt":"2015-05-18T17:31:03","guid":{"rendered":"https:\/\/www.meydan.tv\/article\/bir-daha-vetenperverlik-haqqinda\/"},"modified":"2015-05-18T17:31:03","modified_gmt":"2015-05-18T17:31:03","slug":"bir-daha-vetenperverlik-haqqinda","status":"publish","type":"post","link":"https:\/\/www.meydan.tv\/az\/article\/bir-daha-vetenperverlik-haqqinda\/","title":{"rendered":"Bir daha v\u0259t\u0259np\u0259rv\u0259rlik haqq\u0131nda"},"content":{"rendered":"<figure class=\"wp-block-image size-large\">\n  <img decoding=\"async\" src=\"https:\/\/www.meydan.tv\/az\/23994\/\" alt=\"\" class=\"wp-image-23994\"\/><figcaption><\/figcaption><\/figure>\n<figure class=\"wp-block-image size-large\">\n  <img decoding=\"async\" src=\"https:\/\/www.meydan.tv\/az\/24000\/\" alt=\"\" class=\"wp-image-24000\"\/><figcaption><\/figcaption><\/figure>\n<p>\n  1-ci yaz\u0131&#8230;\n<\/p>\n<p>\n  Yerd\u0259n atmaca atd\u0131m ki, b\u0259li, b\u0259li, do\u011frudu, h\u0259tta Ad\u0259m v\u0259 H\u0259vva da \u0259sl\u0259n az\u0259rbaycanl\u0131 olublar. Sizin alim bir az da \u00fcr\u0259kl\u0259ndi, dedi ki, fikrimc\u0259, Ad\u0259m v\u0259 H\u0259vva t\u00fcrk olub, bu, bir xalq kimi t\u00fcrk (T\u00fcrkiy\u0259 t\u00fcrkl\u0259ri) v\u0259 az\u0259rbaycanl\u0131lar\u0131n b\u00f6l\u00fcnm\u0259sind\u0259n \u00e7ox \u0259vv\u0259l ba\u015f verib&#8230;\n<\/p>\n<p>\n  <i><br \/>\n    \u00a0\u201cV\u0259t\u0259np\u0259rv\u0259rlik- \u0259claf\u0131n son s\u0131\u011f\u0131naca\u011f\u0131d\u0131r\u201d<br \/>\n  <\/i>\n<\/p>\n<p>\n  <i><br \/>\n    (Samuel Conson)<br \/>\n  <\/i>\n<\/p>\n<p>\n  Bir ne\u00e7\u0259 il bundan \u0259vv\u0259l T\u00fcrk Dil Qurumunda qonaq idik. Bizi dostcas\u0131na qar\u015f\u0131lad\u0131lar, t\u00fckrsaya\u011f\u0131 qonaqp\u0259rv\u0259rlik n\u00fcmayi\u015f etdirdil\u0259r. Az\u0131\u00a0 10-15 d\u0259f\u0259 qaynad\u0131lm\u0131\u015f, qaynamaqdan r\u0259ngi qapqara qaralm\u0131\u015f v\u0259 bir az da qat\u0131la\u015fm\u0131\u015f, z\u0259h\u0259r kimi ac\u0131 tam ver\u0259n \u00e7ay s\u00fczd\u00fcl\u0259r, \u00f6z\u00fc d\u0259 \u00fcsk\u00fck boyda armudu st\u0259kanda, onun da yar\u0131s\u0131ndan \u00e7oxu \u201cdodaq yeri\u201d, yan\u0131nda da bir d\u0259n\u0259 noxud boyda q\u0259nd&#8230;\n<\/p>\n<p>\n  Q\u0259tiyy\u0259n gileyl\u0259nmir\u0259m! \u018fv\u0259zind\u0259 d\u0259y\u0259rli aliml\u0259rl\u0259 tan\u0131\u015f olduq, qol-boyun \u015f\u0259kil \u00e7\u0259kdirdik. Bu aliml\u0259rd\u0259n biri il\u0259 t\u00fcrkologiyan\u0131n \u00fcm\u00fcmi m\u0259s\u0259l\u0259l\u0259ri, aktual probleml\u0259ri, m\u00fcasir Az\u0259rbaycan v\u0259 t\u00fcrk dill\u0259rinin bir-birin\u0259 t\u0259siri v\u0259 s. m\u00f6vzularda xeyli fikir m\u00fcbadil\u0259si apard\u0131q. S\u00f6hb\u0259timiz xo\u015funa g\u0259ldi. S\u00f6hb\u0259td\u0259n sonra m\u00fcsahibimiz bizi t\u0259kidl\u0259 vaxta\u015f\u0131r\u0131 T\u00fcrkiy\u0259d\u0259 ke\u00e7iril\u0259n elmi simpoziumlara d\u0259v\u0259t etdi. Biz etiraz etdikc\u0259, \u00f6z\u00fcm\u00fcz\u00fc naza \u00e7\u0259kdikc\u0259, o daha da ciddil\u0259\u015firdi. H\u0259tta yol v\u0259 hotel x\u0259rcini \u00f6z \u00fcz\u0259rin\u0259 g\u00f6t\u00fcrd\u00fc. \u00c7\u0131x\u0131\u015flara g\u00f6r\u0259 sanball\u0131 qonorar da veril\u0259c\u0259yini v\u0259d etdi. Sonralar m\u0259n h\u0259min adamla ara-s\u0131ra yaz\u0131\u015f\u0131rd\u0131m. Bir d\u0259f\u0259 utanma\u011f\u0131 burax\u0131b, ona bel\u0259 bir sual verdim:<br \/>\n  <br \/>\n  -Hocam, bax, bizd\u0259 \u00e7ox adl\u0131-sanl\u0131 t\u00fcrkoloq aliml\u0259r var, siz niy\u0259 onlar\u0131 yox, m\u0259hz bizi d\u0259v\u0259t edirsiz?<br \/>\n  <br \/>\n  O, el\u0259 bil, suala haz\u0131r idi, dedi:<br \/>\n  <br \/>\n  -Bilirs\u0259n, 90-c\u0131 ill\u0259rin \u0259vv\u0259ll\u0259rind\u0259 biz sizin aliml\u0259ri tez-tez d\u0259v\u0259t edirdik. G\u0259lirdil\u0259r. G\u0259zirdil\u0259r. Al\u0131\u015f-veri\u015f edirdil\u0259r. \u00c7\u0131x\u0131\u015flar\u0131nda is\u0259 yeni bir \u015fey olmurdu.\u00a0 Ad\u0259t\u0259n, sizinkil\u0259r t\u00fcrk etnosunun q\u0259dimliyind\u0259n d\u0259m vurur, az qala, t\u00fcrkl\u0259ri d\u00fcnyan\u0131n \u0259n q\u0259dim xalq\u0131 elan edirdil\u0259r. Ax\u0131 biz bilirik ki, bu bel\u0259 deyil. Bir d\u0259f\u0259 is\u0259 h\u0259min aliml\u0259rinizin biri (m\u00fcsahibim h\u0259min alimin ad\u0131n\u0131 \u00e7\u0259kdi, amma m\u0259n \u00f6z\u00fcn\u00fc el\u0259 aparacam ki, guya bu adam\u0131n ad\u0131n\u0131 unutmu\u015fam, \u00fcst\u00fcn\u00fc vurmay\u0131n) ciddi bir t\u0259dbird\u0259 Az\u0259rbaycan dilinin ya\u015f\u0131n\u0131 30 min il\u0259 q\u0259d\u0259r qald\u0131rd\u0131. D\u00fcz\u00fc, buna haz\u0131r idik, \u00e7\u00fcnki sizinkil\u0259r h\u0259r d\u0259f\u0259 bir-iki min il art\u0131r\u0131rlar. Amma bu d\u0259f\u0259 lap a\u011f oldu. Yerd\u0259n atmaca atd\u0131m ki, b\u0259li, b\u0259li, do\u011frudu, h\u0259tta Ad\u0259m v\u0259 H\u0259vva da \u0259sl\u0259n az\u0259rbaycanl\u0131 olub. Sizin alim bir az da \u00fcr\u0259kl\u0259ndi, dedi ki, fikrimc\u0259, Ad\u0259m v\u0259 H\u0259vva t\u00fcrk olub, bu, bir xalq kimi t\u00fcrk (T\u00fcrkiy\u0259 t\u00fcrkl\u0259ri) v\u0259 Az\u0259rbaycanl\u0131lar\u0131n b\u00f6l\u00fcnm\u0259sind\u0259n \u00e7ox \u0259vv\u0259l ba\u015f verib&#8230;\n<\/p>\n<p>\n  Bu \u0259hvalat\u0131 ona g\u00f6r\u0259 dan\u0131\u015f\u0131ram ki, d\u00fcnyan\u0131n, h\u0259tta \u00f6z a\u015f\u0131r\u0131 mill\u0259t\u00e7i meyill\u0259rin\u0259 baxmayaraq t\u00fcrk fikir adamlar\u0131n\u0131n bizim yalan\u00e7\u0131 v\u0259t\u0259np\u0259rv\u0259rliyimiz haqq\u0131nda n\u0259 d\u00fc\u015f\u00fcnd\u00fckl\u0259ri ayd\u0131n olsun.\n<\/p>\n<p>\n  <b><br \/>\n    Biz v\u0259t\u0259np\u0259rv\u0259rlik m\u0259s\u0259l\u0259sind\u0259 lov\u011fa v\u0259 na\u015f\u0131y\u0131q.<br \/>\n  <\/b>\n<\/p>\n<p>\n  Yad\u0131n\u0131zdad\u0131rsa, aliml\u0259rl\u0259 g\u00f6r\u00fc\u015f\u00fc zaman\u0131 (S\u0259hv etmir\u0259ms\u0259, bu, Milli Az\u0259rbaycan Ensiklopediyas\u0131n\u0131n m\u00fczakir\u0259si zaman\u0131 idi, \u00fcmumiyy\u0259tl\u0259, \u0259hvalat\u0131 detallar\u0131 il\u0259 xat\u0131rlam\u0131ram. \u018fg\u0259r yanl\u0131\u015fl\u0131q ets\u0259m, \u00fczrl\u00fc say\u0131n) H.\u018fliyev tarix\u00e7i-alim \u0130qrar \u018fliyev\u0259 \u00f6z t\u00f6vsiy\u0259l\u0259rini verirdi. \u0130qrar m\u00fc\u0259llim is\u0259 prezidentin xo\u015funa g\u0259lm\u0259k\u00e7\u00fcn deyib ki, c\u0259nab prezident, siz dey\u0259nd\u0259n sonra m\u0259nim a\u011fz\u0131m n\u0259dir ki, el\u0259 yazmay\u0131m! H.\u018fliyev bir az \u0259s\u0259bl\u0259\u015fmi\u015f v\u0259 \u0130qrar m\u00fc\u0259llim\u0259 tarixi bir cavab vermi\u015fdi:<br \/>\n  <br \/>\n  -Nec\u0259 y\u0259ni, m\u0259nim a\u011fz\u0131m n\u0259di?! S\u0259nin a\u011fz\u0131n alimdi!\n<\/p>\n<p>\n  Bizim t\u0259dqiqat\u00e7\u0131lar hans\u0131sa elmi ara\u015fd\u0131rma aparan zaman, sanki, qar\u015f\u0131lar\u0131na konkret m\u0259qs\u0259d qoyurlar v\u0259 b\u00fct\u00fcn ara\u015fd\u0131rma h\u0259min m\u0259qs\u0259d\u0259 \u00e7atma\u011fa xidm\u0259t edir. Bu m\u0259qs\u0259d is\u0259 t\u0259xmin\u0259n bundan ibar\u0259t olur: Az\u0259rbaycan xalq\u0131n\u0131n d\u00fcnyan\u0131n \u0259n q\u0259dim, \u0259n q\u00fcdr\u0259tli xalq oldu\u011funu s\u00fcb\u00fct etm\u0259k! Az\u0259rbaycan dilinin d\u00fcnyan\u0131n \u0259n q\u0259dim v\u0259 \u0259n z\u0259ngin dili oldu\u011funu s\u00fcb\u00fct etm\u0259k! Az qala, sivilizasiyan\u0131n Az\u0259rbaycandan ba\u015flad\u0131\u011f\u0131n\u0131 s\u00fcb\u00fct etm\u0259k!\n<\/p>\n<p>\n  He\u00e7 d\u0259 t\u0259sad\u00fcfi deyil ki, Oljas Suleymenovun elmi faktlardan daha \u00e7ox yaz\u0131\u00e7\u0131 t\u0259x\u0259yy\u00fcl\u00fcn\u00fcn g\u00fcc\u00fcn\u0259 \u0259saslanan \u201cAz i Ya\u201d \u0259s\u0259ri tezlikl\u0259 populyarla\u015fd\u0131, ham\u0131n\u0131n sevimli \u0259s\u0259srin\u0259 \u00e7evrildi. Bu c\u00fcr yana\u015fma il\u0259 obyektiv n\u0259tic\u0259y\u0259 g\u0259lm\u0259z olmaz!\n<\/p>\n<p>\n  Vaxtil\u0259 Stalin Sovet t\u0259dqiqat\u00e7\u0131lar\u0131n\u0131n qar\u015f\u0131s\u0131nda bel\u0259 bir t\u0259l\u0259b qoymu\u015fdu: Siz s\u00fcbut etm\u0259lisiniz ki, SSR\u0130-d\u0259 bir n\u0259f\u0259rd\u0259 olsun, t\u00fcrk ya\u015fam\u0131r! Bu, geni\u015f m\u00f6vzudu, imkan olsa, n\u00f6vb\u0259ti yaz\u0131lar\u0131mda buna toxunacam. H\u0259l\u0259lik is\u0259 tarixi ara\u015fd\u0131rmada obyektivlikd\u0259n v\u0259 bu m\u0259s\u0259l\u0259l\u0259rin inzibati yolla t\u0259nziml\u0259nm\u0259sind\u0259n dan\u0131\u015f\u0131r\u0131q. B\u0259l\u0259 d\u0259, dan\u0131\u015fas\u0131 olmad\u0131q.<br \/>\n  <br \/>\n  Bizim ziyal\u0131lar\u0131m\u0131z xalq qar\u015f\u0131s\u0131nda m\u00fcmk\u00fcns\u00fcz v\u0259 fikrimc\u0259, laz\u0131ms\u0131z bir t\u0259l\u0259b qoyurlar: s\u0259n d\u00fcnyan\u0131n \u0259n q\u0259dim xalq\u0131, \u0259n z\u0259ngin m\u0259d\u0259niyy\u0259t\u0259 malik mill\u0259ti olmal\u0131san! Ax\u0131 bu qeyri-m\u00fcmk\u00fcnd\u00fcr. Ax\u0131 d\u00fcnya \u00f6z tarixinin 21-ci \u0259srind\u0259dir. Art\u0131q \u00e7ox gecdir. N\u0259 olubsa, olub. Ke\u00e7\u0259n\u0259 g\u00fcz\u0259\u015ft dem\u0259k laz\u0131d\u0131r.\n<\/p>\n<p>\n  Bu yerd\u0259, \u00f6z\u00fcm\u00fcn g\u00f6z\u0259l bir s\u00f6z\u00fcm yad\u0131ma d\u00fc\u015f\u00fcr: \u201cGeriy\u0259 baxa-baxa qaba\u011fa ged\u0259nl\u0259rin \u00e7uxura d\u00fc\u015fm\u0259yi qanunauy\u011funluqdur.\u201d Yaman demi\u015f\u0259m ha!<br \/>\n  <br \/>\n  Biz d\u00fcnyan\u0131n \u0259n q\u0259dim xalq\u0131 olma\u011fa borclu deyilik! Bir xalq olaraq, d\u00fcnyan\u0131n qar\u015f\u0131s\u0131nda bel\u0259 bir \u00f6hd\u0259lik g\u00f6t\u00fcrm\u0259mi\u015fik. Bizim daha vacib probleml\u0259rimiz var.\n<\/p>\n<p>\n  Narahat olmay\u0131n, m\u00f6vzudan yay\u0131nam\u0131\u015fam. M\u0259s\u0259l\u0259 buras\u0131nda ki, biz \u00f6z\u00fcn\u00fc aldatma\u011f\u0131 v\u0259t\u0259np\u0259rv\u0259rlik kimi anlay\u0131r\u0131q. Biz \u00f6z xalq\u0131n\u0131 d\u00fcnyan\u0131n \u0259n q\u0259dim v\u0259 \u0259n q\u00fcdr\u0259tli xalq\u0131 hesab etm\u0259y\u0259n adam\u0131 v\u0259t\u0259np\u0259rv\u0259r kimi q\u0259bul ed\u0259 bilmirik. Biz \u015firin na\u011f\u0131llar h\u0259v\u0259skar\u0131y\u0131q, ax\u0131rda da g\u00f6yd\u0259n \u00fc\u00e7 alma d\u00fc\u015f\u00fcr. O almalar\u0131n b\u00f6l\u00fcnm\u0259sind\u0259ki \u0259dal\u0259tsizlik is\u0259 Az\u0259rbaycan reall\u0131\u011f\u0131na uy\u011fun&#8230;\n<\/p>\n<p>\n  <b><br \/>\n    Yaz\u0131dak\u0131 fikirl\u0259r m\u00fc\u0259llif\u0259 m\u0259xsusdur v\u0259 onlara g\u00f6r\u0259 Meydan TV m\u0259suliyy\u0259t da\u015f\u0131m\u0131r.<br \/>\n  <\/b><\/p>\n","protected":false},"excerpt":{"rendered":"<p>Biz v\u0259t\u0259np\u0259rv\u0259rlik m\u0259s\u0259l\u0259sind\u0259 lov\u011fa v\u0259 na\u015f\u0131y\u0131q.<\/p>\n","protected":false},"author":11,"featured_media":23994,"comment_status":"closed","ping_status":"open","sticky":false,"template":"","format":"standard","meta":{"_acf_changed":false,"_sitemap_exclude":false,"_sitemap_priority":"","_sitemap_frequency":"","footnotes":""},"categories":[57],"tags":[],"class_list":["post-167942","post","type-post","status-publish","format-standard","has-post-thumbnail","hentry","category-menim-fikrimce","infinite-scroll-item","generate-columns","tablet-grid-50","mobile-grid-100","grid-parent","grid-33","no-featured-image-padding"],"acf":[],"yoast_head":"<!-- This site is optimized with the Yoast SEO plugin v27.5 - https:\/\/yoast.com\/product\/yoast-seo-wordpress\/ -->\n<title>Bir daha v\u0259t\u0259np\u0259rv\u0259rlik haqq\u0131nda - MEYDAN.TV<\/title>\n<meta name=\"robots\" content=\"index, follow, max-snippet:-1, max-image-preview:large, max-video-preview:-1\" \/>\n<link rel=\"canonical\" href=\"https:\/\/www.meydan.tv\/az\/article\/bir-daha-vetenperverlik-haqqinda\/\" \/>\n<meta property=\"og:locale\" content=\"az_AZ\" \/>\n<meta property=\"og:type\" content=\"article\" \/>\n<meta property=\"og:title\" content=\"Bir daha v\u0259t\u0259np\u0259rv\u0259rlik haqq\u0131nda - MEYDAN.TV\" \/>\n<meta property=\"og:description\" content=\"Biz v\u0259t\u0259np\u0259rv\u0259rlik m\u0259s\u0259l\u0259sind\u0259 lov\u011fa v\u0259 na\u015f\u0131y\u0131q.\" \/>\n<meta property=\"og:url\" content=\"https:\/\/www.meydan.tv\/az\/article\/bir-daha-vetenperverlik-haqqinda\/\" \/>\n<meta property=\"og:site_name\" content=\"MEYDAN.TV\" \/>\n<meta property=\"article:published_time\" content=\"2015-05-18T17:31:03+00:00\" \/>\n<meta property=\"og:image\" content=\"https:\/\/www.meydan.tv\/wp-content\/uploads\/8733.jpg\" \/>\n\t<meta property=\"og:image:width\" content=\"500\" \/>\n\t<meta property=\"og:image:height\" content=\"500\" \/>\n\t<meta property=\"og:image:type\" content=\"image\/jpeg\" \/>\n<meta name=\"author\" content=\"user-manager\" \/>\n<meta name=\"twitter:card\" content=\"summary_large_image\" \/>\n<script type=\"application\/ld+json\" class=\"yoast-schema-graph\">{\"@context\":\"https:\\\/\\\/schema.org\",\"@graph\":[{\"@type\":\"Article\",\"@id\":\"https:\\\/\\\/www.meydan.tv\\\/az\\\/article\\\/bir-daha-vetenperverlik-haqqinda\\\/#article\",\"isPartOf\":{\"@id\":\"https:\\\/\\\/www.meydan.tv\\\/az\\\/article\\\/bir-daha-vetenperverlik-haqqinda\\\/\"},\"author\":{\"name\":\"user-manager\",\"@id\":\"https:\\\/\\\/www.meydan.tv\\\/az\\\/#\\\/schema\\\/person\\\/10d11eccf6da3662cf5fdab9806ea91a\"},\"headline\":\"Bir daha v\u0259t\u0259np\u0259rv\u0259rlik haqq\u0131nda\",\"datePublished\":\"2015-05-18T17:31:03+00:00\",\"mainEntityOfPage\":{\"@id\":\"https:\\\/\\\/www.meydan.tv\\\/az\\\/article\\\/bir-daha-vetenperverlik-haqqinda\\\/\"},\"wordCount\":1263,\"publisher\":{\"@id\":\"https:\\\/\\\/www.meydan.tv\\\/az\\\/#organization\"},\"image\":{\"@id\":\"https:\\\/\\\/www.meydan.tv\\\/az\\\/article\\\/bir-daha-vetenperverlik-haqqinda\\\/#primaryimage\"},\"thumbnailUrl\":\"https:\\\/\\\/www.meydan.tv\\\/wp-content\\\/uploads\\\/8733.jpg\",\"articleSection\":[\"M\u0259nim Fikrimc\u0259\"],\"inLanguage\":\"az\"},{\"@type\":\"WebPage\",\"@id\":\"https:\\\/\\\/www.meydan.tv\\\/az\\\/article\\\/bir-daha-vetenperverlik-haqqinda\\\/\",\"url\":\"https:\\\/\\\/www.meydan.tv\\\/az\\\/article\\\/bir-daha-vetenperverlik-haqqinda\\\/\",\"name\":\"Bir daha v\u0259t\u0259np\u0259rv\u0259rlik haqq\u0131nda - MEYDAN.TV\",\"isPartOf\":{\"@id\":\"https:\\\/\\\/www.meydan.tv\\\/az\\\/#website\"},\"primaryImageOfPage\":{\"@id\":\"https:\\\/\\\/www.meydan.tv\\\/az\\\/article\\\/bir-daha-vetenperverlik-haqqinda\\\/#primaryimage\"},\"image\":{\"@id\":\"https:\\\/\\\/www.meydan.tv\\\/az\\\/article\\\/bir-daha-vetenperverlik-haqqinda\\\/#primaryimage\"},\"thumbnailUrl\":\"https:\\\/\\\/www.meydan.tv\\\/wp-content\\\/uploads\\\/8733.jpg\",\"datePublished\":\"2015-05-18T17:31:03+00:00\",\"breadcrumb\":{\"@id\":\"https:\\\/\\\/www.meydan.tv\\\/az\\\/article\\\/bir-daha-vetenperverlik-haqqinda\\\/#breadcrumb\"},\"inLanguage\":\"az\",\"potentialAction\":[{\"@type\":\"ReadAction\",\"target\":[\"https:\\\/\\\/www.meydan.tv\\\/az\\\/article\\\/bir-daha-vetenperverlik-haqqinda\\\/\"]}]},{\"@type\":\"ImageObject\",\"inLanguage\":\"az\",\"@id\":\"https:\\\/\\\/www.meydan.tv\\\/az\\\/article\\\/bir-daha-vetenperverlik-haqqinda\\\/#primaryimage\",\"url\":\"https:\\\/\\\/www.meydan.tv\\\/wp-content\\\/uploads\\\/8733.jpg\",\"contentUrl\":\"https:\\\/\\\/www.meydan.tv\\\/wp-content\\\/uploads\\\/8733.jpg\",\"width\":500,\"height\":500,\"caption\":\"Source:\"},{\"@type\":\"BreadcrumbList\",\"@id\":\"https:\\\/\\\/www.meydan.tv\\\/az\\\/article\\\/bir-daha-vetenperverlik-haqqinda\\\/#breadcrumb\",\"itemListElement\":[{\"@type\":\"ListItem\",\"position\":1,\"name\":\"Ana s\u0259hif\u0259\",\"item\":\"https:\\\/\\\/www.meydan.tv\\\/az\\\/\"},{\"@type\":\"ListItem\",\"position\":2,\"name\":\"M\u0259nim Fikrimc\u0259\",\"item\":\"https:\\\/\\\/www.meydan.tv\\\/az\\\/section\\\/menim-fikrimce\\\/\"},{\"@type\":\"ListItem\",\"position\":3,\"name\":\"Bir daha v\u0259t\u0259np\u0259rv\u0259rlik haqq\u0131nda\"}]},{\"@type\":\"WebSite\",\"@id\":\"https:\\\/\\\/www.meydan.tv\\\/az\\\/#website\",\"url\":\"https:\\\/\\\/www.meydan.tv\\\/az\\\/\",\"name\":\"MEYDAN.TV\",\"description\":\"Meydan TV Az\u0259rbaycan\u0131n media m\u0259kan\u0131ndak\u0131 alternativ s\u0259sidir\",\"publisher\":{\"@id\":\"https:\\\/\\\/www.meydan.tv\\\/az\\\/#organization\"},\"potentialAction\":[{\"@type\":\"SearchAction\",\"target\":{\"@type\":\"EntryPoint\",\"urlTemplate\":\"https:\\\/\\\/www.meydan.tv\\\/az\\\/?s={search_term_string}\"},\"query-input\":{\"@type\":\"PropertyValueSpecification\",\"valueRequired\":true,\"valueName\":\"search_term_string\"}}],\"inLanguage\":\"az\"},{\"@type\":\"Organization\",\"@id\":\"https:\\\/\\\/www.meydan.tv\\\/az\\\/#organization\",\"name\":\"Meydan TV\",\"url\":\"https:\\\/\\\/www.meydan.tv\\\/az\\\/\",\"logo\":{\"@type\":\"ImageObject\",\"inLanguage\":\"az\",\"@id\":\"https:\\\/\\\/www.meydan.tv\\\/az\\\/#\\\/schema\\\/logo\\\/image\\\/\",\"url\":\"https:\\\/\\\/www.meydan.tv\\\/wp-content\\\/uploads\\\/2021\\\/07\\\/meydan-logo.svg\",\"contentUrl\":\"https:\\\/\\\/www.meydan.tv\\\/wp-content\\\/uploads\\\/2021\\\/07\\\/meydan-logo.svg\",\"width\":195,\"height\":46,\"caption\":\"Meydan TV\"},\"image\":{\"@id\":\"https:\\\/\\\/www.meydan.tv\\\/az\\\/#\\\/schema\\\/logo\\\/image\\\/\"}},{\"@type\":\"Person\",\"@id\":\"https:\\\/\\\/www.meydan.tv\\\/az\\\/#\\\/schema\\\/person\\\/10d11eccf6da3662cf5fdab9806ea91a\",\"name\":\"user-manager\"}]}<\/script>\n<!-- \/ Yoast SEO plugin. -->","yoast_head_json":{"title":"Bir daha v\u0259t\u0259np\u0259rv\u0259rlik haqq\u0131nda - MEYDAN.TV","robots":{"index":"index","follow":"follow","max-snippet":"max-snippet:-1","max-image-preview":"max-image-preview:large","max-video-preview":"max-video-preview:-1"},"canonical":"https:\/\/www.meydan.tv\/az\/article\/bir-daha-vetenperverlik-haqqinda\/","og_locale":"az_AZ","og_type":"article","og_title":"Bir daha v\u0259t\u0259np\u0259rv\u0259rlik haqq\u0131nda - MEYDAN.TV","og_description":"Biz v\u0259t\u0259np\u0259rv\u0259rlik m\u0259s\u0259l\u0259sind\u0259 lov\u011fa v\u0259 na\u015f\u0131y\u0131q.","og_url":"https:\/\/www.meydan.tv\/az\/article\/bir-daha-vetenperverlik-haqqinda\/","og_site_name":"MEYDAN.TV","article_published_time":"2015-05-18T17:31:03+00:00","og_image":[{"width":500,"height":500,"url":"https:\/\/www.meydan.tv\/wp-content\/uploads\/8733.jpg","type":"image\/jpeg"}],"author":"user-manager","twitter_card":"summary_large_image","schema":{"@context":"https:\/\/schema.org","@graph":[{"@type":"Article","@id":"https:\/\/www.meydan.tv\/az\/article\/bir-daha-vetenperverlik-haqqinda\/#article","isPartOf":{"@id":"https:\/\/www.meydan.tv\/az\/article\/bir-daha-vetenperverlik-haqqinda\/"},"author":{"name":"user-manager","@id":"https:\/\/www.meydan.tv\/az\/#\/schema\/person\/10d11eccf6da3662cf5fdab9806ea91a"},"headline":"Bir daha v\u0259t\u0259np\u0259rv\u0259rlik haqq\u0131nda","datePublished":"2015-05-18T17:31:03+00:00","mainEntityOfPage":{"@id":"https:\/\/www.meydan.tv\/az\/article\/bir-daha-vetenperverlik-haqqinda\/"},"wordCount":1263,"publisher":{"@id":"https:\/\/www.meydan.tv\/az\/#organization"},"image":{"@id":"https:\/\/www.meydan.tv\/az\/article\/bir-daha-vetenperverlik-haqqinda\/#primaryimage"},"thumbnailUrl":"https:\/\/www.meydan.tv\/wp-content\/uploads\/8733.jpg","articleSection":["M\u0259nim Fikrimc\u0259"],"inLanguage":"az"},{"@type":"WebPage","@id":"https:\/\/www.meydan.tv\/az\/article\/bir-daha-vetenperverlik-haqqinda\/","url":"https:\/\/www.meydan.tv\/az\/article\/bir-daha-vetenperverlik-haqqinda\/","name":"Bir daha v\u0259t\u0259np\u0259rv\u0259rlik haqq\u0131nda - MEYDAN.TV","isPartOf":{"@id":"https:\/\/www.meydan.tv\/az\/#website"},"primaryImageOfPage":{"@id":"https:\/\/www.meydan.tv\/az\/article\/bir-daha-vetenperverlik-haqqinda\/#primaryimage"},"image":{"@id":"https:\/\/www.meydan.tv\/az\/article\/bir-daha-vetenperverlik-haqqinda\/#primaryimage"},"thumbnailUrl":"https:\/\/www.meydan.tv\/wp-content\/uploads\/8733.jpg","datePublished":"2015-05-18T17:31:03+00:00","breadcrumb":{"@id":"https:\/\/www.meydan.tv\/az\/article\/bir-daha-vetenperverlik-haqqinda\/#breadcrumb"},"inLanguage":"az","potentialAction":[{"@type":"ReadAction","target":["https:\/\/www.meydan.tv\/az\/article\/bir-daha-vetenperverlik-haqqinda\/"]}]},{"@type":"ImageObject","inLanguage":"az","@id":"https:\/\/www.meydan.tv\/az\/article\/bir-daha-vetenperverlik-haqqinda\/#primaryimage","url":"https:\/\/www.meydan.tv\/wp-content\/uploads\/8733.jpg","contentUrl":"https:\/\/www.meydan.tv\/wp-content\/uploads\/8733.jpg","width":500,"height":500,"caption":"Source:"},{"@type":"BreadcrumbList","@id":"https:\/\/www.meydan.tv\/az\/article\/bir-daha-vetenperverlik-haqqinda\/#breadcrumb","itemListElement":[{"@type":"ListItem","position":1,"name":"Ana s\u0259hif\u0259","item":"https:\/\/www.meydan.tv\/az\/"},{"@type":"ListItem","position":2,"name":"M\u0259nim Fikrimc\u0259","item":"https:\/\/www.meydan.tv\/az\/section\/menim-fikrimce\/"},{"@type":"ListItem","position":3,"name":"Bir daha v\u0259t\u0259np\u0259rv\u0259rlik haqq\u0131nda"}]},{"@type":"WebSite","@id":"https:\/\/www.meydan.tv\/az\/#website","url":"https:\/\/www.meydan.tv\/az\/","name":"MEYDAN.TV","description":"Meydan TV Az\u0259rbaycan\u0131n media m\u0259kan\u0131ndak\u0131 alternativ s\u0259sidir","publisher":{"@id":"https:\/\/www.meydan.tv\/az\/#organization"},"potentialAction":[{"@type":"SearchAction","target":{"@type":"EntryPoint","urlTemplate":"https:\/\/www.meydan.tv\/az\/?s={search_term_string}"},"query-input":{"@type":"PropertyValueSpecification","valueRequired":true,"valueName":"search_term_string"}}],"inLanguage":"az"},{"@type":"Organization","@id":"https:\/\/www.meydan.tv\/az\/#organization","name":"Meydan TV","url":"https:\/\/www.meydan.tv\/az\/","logo":{"@type":"ImageObject","inLanguage":"az","@id":"https:\/\/www.meydan.tv\/az\/#\/schema\/logo\/image\/","url":"https:\/\/www.meydan.tv\/wp-content\/uploads\/2021\/07\/meydan-logo.svg","contentUrl":"https:\/\/www.meydan.tv\/wp-content\/uploads\/2021\/07\/meydan-logo.svg","width":195,"height":46,"caption":"Meydan TV"},"image":{"@id":"https:\/\/www.meydan.tv\/az\/#\/schema\/logo\/image\/"}},{"@type":"Person","@id":"https:\/\/www.meydan.tv\/az\/#\/schema\/person\/10d11eccf6da3662cf5fdab9806ea91a","name":"user-manager"}]}},"_links":{"self":[{"href":"https:\/\/www.meydan.tv\/az\/wp-json\/wp\/v2\/posts\/167942","targetHints":{"allow":["GET"]}}],"collection":[{"href":"https:\/\/www.meydan.tv\/az\/wp-json\/wp\/v2\/posts"}],"about":[{"href":"https:\/\/www.meydan.tv\/az\/wp-json\/wp\/v2\/types\/post"}],"author":[{"embeddable":true,"href":"https:\/\/www.meydan.tv\/az\/wp-json\/wp\/v2\/users\/11"}],"replies":[{"embeddable":true,"href":"https:\/\/www.meydan.tv\/az\/wp-json\/wp\/v2\/comments?post=167942"}],"version-history":[{"count":0,"href":"https:\/\/www.meydan.tv\/az\/wp-json\/wp\/v2\/posts\/167942\/revisions"}],"wp:featuredmedia":[{"embeddable":true,"href":"https:\/\/www.meydan.tv\/az\/wp-json\/wp\/v2\/media\/23994"}],"wp:attachment":[{"href":"https:\/\/www.meydan.tv\/az\/wp-json\/wp\/v2\/media?parent=167942"}],"wp:term":[{"taxonomy":"category","embeddable":true,"href":"https:\/\/www.meydan.tv\/az\/wp-json\/wp\/v2\/categories?post=167942"},{"taxonomy":"post_tag","embeddable":true,"href":"https:\/\/www.meydan.tv\/az\/wp-json\/wp\/v2\/tags?post=167942"}],"curies":[{"name":"wp","href":"https:\/\/api.w.org\/{rel}","templated":true}]}}