{"id":167934,"date":"2015-05-18T01:09:51","date_gmt":"2015-05-18T01:09:51","guid":{"rendered":"https:\/\/www.meydan.tv\/article\/ellada-memmedli-de-musavatdan-cixarildi\/"},"modified":"2015-05-18T01:09:51","modified_gmt":"2015-05-18T01:09:51","slug":"ellada-memmedli-de-musavatdan-cixarildi","status":"publish","type":"post","link":"https:\/\/www.meydan.tv\/az\/article\/ellada-memmedli-de-musavatdan-cixarildi\/","title":{"rendered":"Ellada M\u0259mm\u0259dli d\u0259 M\u00fcsavatdan \u00e7\u0131xar\u0131ld\u0131"},"content":{"rendered":"<figure class=\"wp-block-image size-large\">\n  <img decoding=\"async\" src=\"https:\/\/www.meydan.tv\/az\/24493\/\" alt=\"\" class=\"wp-image-24493\"\/><figcaption><\/figcaption><\/figure>\n<figure class=\"wp-block-image size-large\">\n  <img decoding=\"async\" src=\"https:\/\/www.meydan.tv\/az\/24493\/\" alt=\"\" class=\"wp-image-24493\"\/><figcaption><\/figcaption><\/figure>\n<p>\n  <i><br \/>\n    M\u00fcsavat Divan\u0131n\u0131n \u00fczv\u00fc Nem\u0259t K\u0259rimli M\u00fcsavat Qad\u0131nlar Birliyinin f\u0259aliyy\u0259tinin iflic oldu\u011funu, s\u0259dr E. M\u0259mm\u0259dlinin s\u0259m\u0259r\u0259siz f\u0259aliyy\u0259t g\u00f6st\u0259rdiyini demi\u015fdi<br \/>\n  <\/i>\n<\/p>\n<p>\n  M\u00fcsavat Partiyas\u0131n\u0131n Qad\u0131nlar Birliyinin s\u0259dri Ellada M\u0259mm\u0259dli partiyan\u0131n s\u0131ralar\u0131ndan xaric edilib.\n<\/p>\n<p><div>\n    Bu haqda m\u0259lumat\u0131 M\u00fcsavat partiyas\u0131ndan bildiribl\u0259r. M\u0259lumata g\u00f6r\u0259, q\u0259rar partiyan\u0131n X\u0259tai rayon t\u0259\u015fkilat\u0131n\u0131n bu g\u00fcn ke\u00e7irdiyi \u015eura iclas\u0131nda verilib.\n  <\/div>\n<\/p>\n<p><div><\/div>\n<\/p>\n<p><div>\n    Az\u0259rbaycan Demokratiya v\u0259 Rifah h\u0259r\u0259kat\u0131n\u0131n s\u0259dr m\u00fcavini Ellada M\u0259mm\u0259dlinin M\u00fcsavat Partiyas\u0131ndan \u00e7\u0131xar\u0131laca\u011f\u0131 he\u00e7 d\u0259 s\u00fcrpriz hesab edilmir.\n  <\/div>\n<\/p>\n<p><div><\/div>\n<\/p>\n<p><div>\n    \u00c7\u00fcnki bir ne\u00e7\u0259 g\u00fcn bundan \u00f6nc\u0259 M\u00fcsavat Divan\u0131n\u0131n \u00fczv\u00fc Nem\u0259t K\u0259rimli M\u00fcsavat Qad\u0131nlar Birliyinin f\u0259aliyy\u0259tinin iflic oldu\u011funu, s\u0259dr E. M\u0259mm\u0259dlinin s\u0259m\u0259r\u0259siz f\u0259aliyy\u0259t g\u00f6st\u0259rdiyini demi\u015fdi v\u0259 bildirmi\u015fdi ki, bu m\u0259s\u0259l\u0259 Divanda m\u00fczakir\u0259y\u0259 \u00e7\u0131xar\u0131lacaq.\n  <\/div>\n<\/p>\n<p><div><\/div>\n<\/p>\n<p><div>\n    E. M\u0259mm\u0259dli is\u0259 Nem\u0259t K\u0259rimliy\u0259 k\u0259skin etiraz\u0131n\u0131 s\u0259sl\u0259ndirmi\u015fdi: \u201cHans\u0131sa c\u0131l\u0131z, he\u00e7 bir n\u00fcfuzu olmayan adamlar bizim f\u0259aliyy\u0259timiz\u0259 qiym\u0259t ver\u0259 bilm\u0259z\u201d. (aznews.az)\n  <\/div><\/p>\n","protected":false},"excerpt":{"rendered":"<p>M\u00fcsavat Divan\u0131n\u0131n \u00fczv\u00fc Nem\u0259t K\u0259rimli M\u00fcsavat Qad\u0131nlar Birliyinin f\u0259aliyy\u0259tinin iflic oldu\u011funu, s\u0259dr E. M\u0259mm\u0259dlinin s\u0259m\u0259r\u0259siz f\u0259aliyy\u0259t g\u00f6st\u0259rdiyini demi\u015fdi<\/p>\n","protected":false},"author":11,"featured_media":24493,"comment_status":"closed","ping_status":"open","sticky":false,"template":"","format":"standard","meta":{"_acf_changed":false,"_sitemap_exclude":false,"_sitemap_priority":"","_sitemap_frequency":"","footnotes":""},"categories":[56],"tags":[],"class_list":["post-167934","post","type-post","status-publish","format-standard","has-post-thumbnail","hentry","category-xeberler","infinite-scroll-item","generate-columns","tablet-grid-50","mobile-grid-100","grid-parent","grid-33","no-featured-image-padding"],"acf":[],"yoast_head":"<!-- This site is optimized with the Yoast SEO plugin v28.4 - https:\/\/yoast.com\/product\/yoast-seo-wordpress\/ -->\n<title>Ellada M\u0259mm\u0259dli d\u0259 M\u00fcsavatdan \u00e7\u0131xar\u0131ld\u0131 - MEYDAN.TV<\/title>\n<meta name=\"robots\" content=\"index, follow, max-snippet:-1, max-image-preview:large, max-video-preview:-1\" \/>\n<link rel=\"canonical\" href=\"https:\/\/www.meydan.tv\/az\/article\/ellada-memmedli-de-musavatdan-cixarildi\/\" \/>\n<meta property=\"og:locale\" content=\"az_AZ\" \/>\n<meta property=\"og:type\" content=\"article\" \/>\n<meta property=\"og:title\" content=\"Ellada M\u0259mm\u0259dli d\u0259 M\u00fcsavatdan \u00e7\u0131xar\u0131ld\u0131 - MEYDAN.TV\" \/>\n<meta property=\"og:description\" content=\"M\u00fcsavat Divan\u0131n\u0131n \u00fczv\u00fc Nem\u0259t K\u0259rimli M\u00fcsavat Qad\u0131nlar Birliyinin f\u0259aliyy\u0259tinin iflic oldu\u011funu, s\u0259dr E. M\u0259mm\u0259dlinin s\u0259m\u0259r\u0259siz f\u0259aliyy\u0259t g\u00f6st\u0259rdiyini demi\u015fdi\" \/>\n<meta property=\"og:url\" content=\"https:\/\/www.meydan.tv\/az\/article\/ellada-memmedli-de-musavatdan-cixarildi\/\" \/>\n<meta property=\"og:site_name\" content=\"MEYDAN.TV\" \/>\n<meta property=\"article:published_time\" content=\"2015-05-18T01:09:51+00:00\" \/>\n<meta property=\"og:image\" content=\"https:\/\/www.meydan.tv\/wp-content\/uploads\/8916.jpg\" \/>\n\t<meta property=\"og:image:width\" content=\"424\" \/>\n\t<meta property=\"og:image:height\" content=\"300\" \/>\n\t<meta property=\"og:image:type\" content=\"image\/jpeg\" \/>\n<meta name=\"twitter:card\" content=\"summary_large_image\" \/>\n<!-- \/ Yoast SEO plugin. -->","yoast_head_json":{"title":"Ellada M\u0259mm\u0259dli d\u0259 M\u00fcsavatdan \u00e7\u0131xar\u0131ld\u0131 - MEYDAN.TV","robots":{"index":"index","follow":"follow","max-snippet":"max-snippet:-1","max-image-preview":"max-image-preview:large","max-video-preview":"max-video-preview:-1"},"canonical":"https:\/\/www.meydan.tv\/az\/article\/ellada-memmedli-de-musavatdan-cixarildi\/","og_locale":"az_AZ","og_type":"article","og_title":"Ellada M\u0259mm\u0259dli d\u0259 M\u00fcsavatdan \u00e7\u0131xar\u0131ld\u0131 - MEYDAN.TV","og_description":"M\u00fcsavat Divan\u0131n\u0131n \u00fczv\u00fc Nem\u0259t K\u0259rimli M\u00fcsavat Qad\u0131nlar Birliyinin f\u0259aliyy\u0259tinin iflic oldu\u011funu, s\u0259dr E. M\u0259mm\u0259dlinin s\u0259m\u0259r\u0259siz f\u0259aliyy\u0259t g\u00f6st\u0259rdiyini demi\u015fdi","og_url":"https:\/\/www.meydan.tv\/az\/article\/ellada-memmedli-de-musavatdan-cixarildi\/","og_site_name":"MEYDAN.TV","article_published_time":"2015-05-18T01:09:51+00:00","og_image":[{"width":424,"height":300,"url":"https:\/\/www.meydan.tv\/wp-content\/uploads\/8916.jpg","type":"image\/jpeg"}],"twitter_card":"summary_large_image","schema":{"@context":"https:\/\/schema.org","@graph":[{"@type":"Article","@id":"https:\/\/www.meydan.tv\/az\/article\/ellada-memmedli-de-musavatdan-cixarildi\/#article","isPartOf":{"@id":"https:\/\/www.meydan.tv\/az\/article\/ellada-memmedli-de-musavatdan-cixarildi\/"},"author":{"name":"user-manager","@id":"https:\/\/www.meydan.tv\/az\/#\/schema\/person\/10d11eccf6da3662cf5fdab9806ea91a"},"headline":"Ellada M\u0259mm\u0259dli d\u0259 M\u00fcsavatdan \u00e7\u0131xar\u0131ld\u0131","datePublished":"2015-05-18T01:09:51+00:00","mainEntityOfPage":{"@id":"https:\/\/www.meydan.tv\/az\/article\/ellada-memmedli-de-musavatdan-cixarildi\/"},"wordCount":232,"publisher":{"@id":"https:\/\/www.meydan.tv\/az\/#organization"},"image":{"@id":"https:\/\/www.meydan.tv\/az\/article\/ellada-memmedli-de-musavatdan-cixarildi\/#primaryimage"},"thumbnailUrl":"https:\/\/www.meydan.tv\/wp-content\/uploads\/8916.jpg","articleSection":["X\u0259b\u0259rl\u0259r"],"inLanguage":"az"},{"@type":"WebPage","@id":"https:\/\/www.meydan.tv\/az\/article\/ellada-memmedli-de-musavatdan-cixarildi\/","url":"https:\/\/www.meydan.tv\/az\/article\/ellada-memmedli-de-musavatdan-cixarildi\/","name":"Ellada M\u0259mm\u0259dli d\u0259 M\u00fcsavatdan \u00e7\u0131xar\u0131ld\u0131 - MEYDAN.TV","isPartOf":{"@id":"https:\/\/www.meydan.tv\/az\/#website"},"primaryImageOfPage":{"@id":"https:\/\/www.meydan.tv\/az\/article\/ellada-memmedli-de-musavatdan-cixarildi\/#primaryimage"},"image":{"@id":"https:\/\/www.meydan.tv\/az\/article\/ellada-memmedli-de-musavatdan-cixarildi\/#primaryimage"},"thumbnailUrl":"https:\/\/www.meydan.tv\/wp-content\/uploads\/8916.jpg","datePublished":"2015-05-18T01:09:51+00:00","breadcrumb":{"@id":"https:\/\/www.meydan.tv\/az\/article\/ellada-memmedli-de-musavatdan-cixarildi\/#breadcrumb"},"inLanguage":"az","potentialAction":[{"@type":"ReadAction","target":["https:\/\/www.meydan.tv\/az\/article\/ellada-memmedli-de-musavatdan-cixarildi\/"]}]},{"@type":"ImageObject","inLanguage":"az","@id":"https:\/\/www.meydan.tv\/az\/article\/ellada-memmedli-de-musavatdan-cixarildi\/#primaryimage","url":"https:\/\/www.meydan.tv\/wp-content\/uploads\/8916.jpg","contentUrl":"https:\/\/www.meydan.tv\/wp-content\/uploads\/8916.jpg","width":424,"height":300,"caption":"Source:"},{"@type":"BreadcrumbList","@id":"https:\/\/www.meydan.tv\/az\/article\/ellada-memmedli-de-musavatdan-cixarildi\/#breadcrumb","itemListElement":[{"@type":"ListItem","position":1,"name":"Ana s\u0259hif\u0259","item":"https:\/\/www.meydan.tv\/az\/"},{"@type":"ListItem","position":2,"name":"X\u0259b\u0259rl\u0259r","item":"https:\/\/www.meydan.tv\/az\/section\/xeberler\/"},{"@type":"ListItem","position":3,"name":"Ellada M\u0259mm\u0259dli d\u0259 M\u00fcsavatdan \u00e7\u0131xar\u0131ld\u0131"}]},{"@type":"WebSite","@id":"https:\/\/www.meydan.tv\/az\/#website","url":"https:\/\/www.meydan.tv\/az\/","name":"MEYDAN.TV","description":"Meydan TV Az\u0259rbaycan\u0131n media m\u0259kan\u0131ndak\u0131 alternativ s\u0259sidir","publisher":{"@id":"https:\/\/www.meydan.tv\/az\/#organization"},"potentialAction":[{"@type":"SearchAction","target":{"@type":"EntryPoint","urlTemplate":"https:\/\/www.meydan.tv\/az\/?s={search_term_string}"},"query-input":{"@type":"PropertyValueSpecification","valueRequired":true,"valueName":"search_term_string"}}],"inLanguage":"az"},{"@type":"Organization","@id":"https:\/\/www.meydan.tv\/az\/#organization","name":"Meydan TV","url":"https:\/\/www.meydan.tv\/az\/","logo":{"@type":"ImageObject","inLanguage":"az","@id":"https:\/\/www.meydan.tv\/az\/#\/schema\/logo\/image\/","url":"https:\/\/www.meydan.tv\/wp-content\/uploads\/2021\/07\/meydan-logo.svg","contentUrl":"https:\/\/www.meydan.tv\/wp-content\/uploads\/2021\/07\/meydan-logo.svg","width":195,"height":46,"caption":"Meydan TV"},"image":{"@id":"https:\/\/www.meydan.tv\/az\/#\/schema\/logo\/image\/"}},{"@type":"Person","@id":"https:\/\/www.meydan.tv\/az\/#\/schema\/person\/10d11eccf6da3662cf5fdab9806ea91a","name":"user-manager"}]}},"_links":{"self":[{"href":"https:\/\/www.meydan.tv\/az\/wp-json\/wp\/v2\/posts\/167934","targetHints":{"allow":["GET"]}}],"collection":[{"href":"https:\/\/www.meydan.tv\/az\/wp-json\/wp\/v2\/posts"}],"about":[{"href":"https:\/\/www.meydan.tv\/az\/wp-json\/wp\/v2\/types\/post"}],"author":[{"embeddable":true,"href":"https:\/\/www.meydan.tv\/az\/wp-json\/wp\/v2\/users\/11"}],"replies":[{"embeddable":true,"href":"https:\/\/www.meydan.tv\/az\/wp-json\/wp\/v2\/comments?post=167934"}],"version-history":[{"count":0,"href":"https:\/\/www.meydan.tv\/az\/wp-json\/wp\/v2\/posts\/167934\/revisions"}],"wp:featuredmedia":[{"embeddable":true,"href":"https:\/\/www.meydan.tv\/az\/wp-json\/wp\/v2\/media\/24493"}],"wp:attachment":[{"href":"https:\/\/www.meydan.tv\/az\/wp-json\/wp\/v2\/media?parent=167934"}],"wp:term":[{"taxonomy":"category","embeddable":true,"href":"https:\/\/www.meydan.tv\/az\/wp-json\/wp\/v2\/categories?post=167934"},{"taxonomy":"post_tag","embeddable":true,"href":"https:\/\/www.meydan.tv\/az\/wp-json\/wp\/v2\/tags?post=167934"}],"curies":[{"name":"wp","href":"https:\/\/api.w.org\/{rel}","templated":true}]}}