{"id":167932,"date":"2015-05-17T12:53:22","date_gmt":"2015-05-17T12:53:22","guid":{"rendered":"https:\/\/www.meydan.tv\/article\/serhedsiz-reportyorlar-avropa-oyunlarina-qeder-mehbus-jurnalistler-azad-olunmalidir\/"},"modified":"2015-05-17T12:53:22","modified_gmt":"2015-05-17T12:53:22","slug":"serhedsiz-reportyorlar-avropa-oyunlarina-qeder-mehbus-jurnalistler-azad-olunmalidir","status":"publish","type":"post","link":"https:\/\/www.meydan.tv\/az\/article\/serhedsiz-reportyorlar-avropa-oyunlarina-qeder-mehbus-jurnalistler-azad-olunmalidir\/","title":{"rendered":"S\u0259rh\u0259dsiz Reportyorlar: Avropa Oyunlar\u0131na q\u0259d\u0259r m\u0259hbus jurnalistl\u0259r azad olunmal\u0131d\u0131r"},"content":{"rendered":"<figure class=\"wp-block-image size-large\">\n  <img decoding=\"async\" src=\"https:\/\/www.meydan.tv\/az\/24483\/\" alt=\"\" class=\"wp-image-24483\"\/><figcaption><\/figcaption><\/figure>\n<figure class=\"wp-block-image size-large\">\n  <img decoding=\"async\" src=\"https:\/\/www.meydan.tv\/az\/24483\/\" alt=\"\" class=\"wp-image-24483\"\/><figcaption><\/figcaption><\/figure>\n<p>\n  <i><br \/>\n    \u201cAvropa Olimpiya Komit\u0259si Az\u0259rbaycan hakimiyy\u0259ti il\u0259 \u0259lbir olmamal\u0131, Avropa Oyunlar\u0131 \u0259r\u0259f\u0259sind\u0259 m\u0259tbuata qar\u015f\u0131 repressiyalar\u0131 pisl\u0259m\u0259lidir\u201d<br \/>\n  <\/i>\n<\/p>\n<p>\n  \u201cS\u0259rh\u0259dsiz reportyorlar\u201d Az\u0259rbaycan hakimiyy\u0259tini Avropa Oyunlar\u0131 ba\u015flayana q\u0259d\u0259r h\u0259bsd\u0259 olan jurnalist v\u0259 blogerl\u0259rin azad edilm\u0259sin\u0259 \u00e7a\u011f\u0131r\u0131b.\n<\/p>\n<p>\n  T\u0259\u015fkilat h\u0259m\u00e7inin Avropa Olimpiya Komit\u0259sini K\u0130V n\u00fcmay\u0259nd\u0259l\u0259rin\u0259 qar\u015f\u0131 repressiyalar\u0131 pisl\u0259m\u0259y\u0259 \u00e7a\u011f\u0131r\u0131b. Bu bar\u0259d\u0259 t\u0259\u015fkilat\u0131n b\u0259yanat\u0131nda deyilir.\n<\/p>\n<p>\n  \u201c\u00d6z\u00fcn\u00fc b\u00f6y\u00fck idman t\u0259dbirinin sahibi kimi t\u0259qdim ed\u0259n Az\u0259rbaycan hakimiyy\u0259tinin jurnalistl\u0259ri \u00f6z t\u0259nqidi fikirl\u0259rin\u0259 v\u0259 ara\u015fd\u0131rmalar\u0131na g\u00f6r\u0259 t\u0259crid etm\u0259si yolverilm\u0259zdir\u201d, &#8211; t\u0259\u015fkilat\u0131n Almaniya \u00fczr\u0259 icra\u00e7\u0131 direktoru Kristian Mir bildirib.\n<\/p>\n<p>\n  \u201cAvropa Olimpiya Komit\u0259si Az\u0259rbaycan hakimiyy\u0259ti il\u0259 \u0259lbir olmamal\u0131, Avropa Oyunlar\u0131 \u0259r\u0259f\u0259sind\u0259 m\u0259tbuata qar\u015f\u0131 repressiyalar\u0131 pisl\u0259m\u0259lidir\u201d, &#8211; o \u0259lav\u0259 edib.\n<\/p>\n<p>\n  Haz\u0131rda Az\u0259rbaycanda \u0259n az\u0131 8 jurnalist v\u0259 bloger h\u0259bsd\u0259dir. H\u0259bsl\u0259r, repressiyalar v\u0259 iqtisadi t\u0259zyiql\u0259r onsuz da az olan m\u00fcst\u0259qil v\u0259 m\u00fcxalif\u0259t K\u0130V-in i\u015fini \u00e7\u0259tinl\u0259\u015fdirir.\n<\/p>\n<p>\n  Son repressiya dal\u011fas\u0131n\u0131n aras\u0131nda jurnalist QHT-l\u0259ri d\u0259 var. Az\u0259rbaycanda siyasi m\u0259hbuslar\u0131n \u00fcmumi say\u0131 80 n\u0259f\u0259r\u0259 yax\u0131n t\u0259\u015fkil edir.\n<\/p>\n<p>\n  H\u0259bsd\u0259 olan jurnalistl\u0259r aras\u0131nda Rauf Mirq\u0259dirov, X\u0259dic\u0259 \u0130smay\u0131lova, Seymur H\u0259zi v\u0259 ba\u015fqalar\u0131 var.\n<\/p>\n<p>\n  Az\u0259rbaycanda\u00a0 t\u0259nqid\u00e7i K\u0130V-l\u0259r \u00f6t\u0259n ilin yay\u0131ndan ba\u015flayan repressiyalar\u0131n qurbanlar\u0131 olub.\n<\/p>\n<p>\n  Bel\u0259 ki, polis Azadl\u0131q Radiosunu ba\u011flay\u0131b,\u00a0 rusdilli \u201cZerkalo\u201d q\u0259zeti ba\u011flan\u0131b, \u201cAzadl\u0131q\u201d q\u0259zeti \u00e7ox \u00e7\u0259tinlikl\u0259 n\u0259\u015fr olunur. Q\u0259zet b\u00f6y\u00fck miqdarda c\u0259rim\u0259l\u0259r\u0259 m\u0259ruz qal\u0131b. Eyni zamanda K\u0130V-\u0259 D\u00f6vl\u0259t D\u0259st\u0259yi Fondunun dig\u0259r \u00e7ap orqanlar\u0131na ay\u0131rd\u0131\u011f\u0131 v\u0259saitd\u0259n m\u0259hrum edilib.\n<\/p>\n<p>\n  Reportyorlar\u0131n Azadl\u0131q v\u0259 T\u0259hl\u00fck\u0259sizlik \u0130nstitutu, Amerikan\u0131n \u0130REX t\u0259\u015fkilat\u0131 v\u0259 \u0130nsan H\u00fcquqlar\u0131 Evi d\u0259 repressiya qurbanlar\u0131 olub. Onlar\u0131n f\u0259aliyy\u0259ti dondurulub, bank hesablar\u0131na h\u0259bs\u00a0 qoyulub. RAT\u0130-nin direktoru Emin H\u00fcseynov onun ofisind\u0259 axtar\u0131\u015f apar\u0131ld\u0131qdan v\u0259 \u00f6lk\u0259y\u0259 \u00e7\u0131x\u0131\u015f\u0131na qada\u011fa qoyulduqdan sonra \u0130sve\u00e7r\u0259 s\u0259firliyind\u0259 gizl\u0259nm\u0259y\u0259 m\u0259cbur olub.\n<\/p>\n<p>\n  \u00d6t\u0259n h\u0259ft\u0259 Avropa \u0130nsan H\u00fcquqlar\u0131 M\u0259hk\u0259m\u0259si E.H\u00fcseynova 2008-ci ild\u0259 qanunsuz saxlanmas\u0131na v\u0259 polis m\u0259nt\u0259q\u0259sind\u0259 zorak\u0131l\u0131\u011fa g\u00f6r\u0259 15\u00a0000 avro h\u0259cmind\u0259 kompensasiya verilm\u0259si bar\u0259d\u0259 q\u0259rar \u00e7\u0131xar\u0131b.\n<\/p>\n<p>\n  2-15-ci il fevraln \u0259vv\u0259lind\u0259 K\u0130V haqq\u0131nda qanuna daha iki m\u0259hdudiyy\u0259t q\u0259bul edilib.\n<\/p>\n<p>\n  Bundan sonra \u0259g\u0259r K\u0130V-in xaricd\u0259n maliyy\u0259 yard\u0131m\u0131 almas\u0131 m\u00fc\u0259yy\u0259n edil\u0259rs\u0259\u00a0 o ba\u011flana bil\u0259r. Bundan \u0259lav\u0259, K\u0130V il \u0259rzind\u0259 iki d\u0259f\u0259 b\u00f6htanda g\u00fcnahkar bilin\u0259rs\u0259 ba\u011flana bil\u0259r.\n<\/p>\n<p>\n  Az\u0259rbaycan S\u0259rh\u0259dsiz Reportyorlar\u0131n 2015-ci il m\u0259tbuat azadl\u0131\u011f\u0131 indeksi \u00fczr\u0259 180 \u00f6lk\u0259 aras\u0131nda 160-c\u0131 yeri tutur.\n<\/p><\/p>\n","protected":false},"excerpt":{"rendered":"<p>\u201cAvropa Olimpiya Komit\u0259si Az\u0259rbaycan hakimiyy\u0259ti il\u0259 \u0259lbir olmamal\u0131, Avropa Oyunlar\u0131 \u0259r\u0259f\u0259sind\u0259 m\u0259tbuata qar\u015f\u0131 repressiyalar\u0131 pisl\u0259m\u0259lidir\u201d<\/p>\n","protected":false},"author":11,"featured_media":24483,"comment_status":"closed","ping_status":"open","sticky":false,"template":"","format":"standard","meta":{"_acf_changed":false,"_sitemap_exclude":false,"_sitemap_priority":"","_sitemap_frequency":"","footnotes":""},"categories":[56],"tags":[],"class_list":["post-167932","post","type-post","status-publish","format-standard","has-post-thumbnail","hentry","category-xeberler","infinite-scroll-item","generate-columns","tablet-grid-50","mobile-grid-100","grid-parent","grid-33","no-featured-image-padding"],"acf":[],"yoast_head":"<!-- This site is optimized with the Yoast SEO plugin v28.4 - https:\/\/yoast.com\/product\/yoast-seo-wordpress\/ -->\n<title>S\u0259rh\u0259dsiz Reportyorlar: Avropa Oyunlar\u0131na q\u0259d\u0259r m\u0259hbus jurnalistl\u0259r azad olunmal\u0131d\u0131r - MEYDAN.TV<\/title>\n<meta name=\"robots\" content=\"index, follow, max-snippet:-1, max-image-preview:large, max-video-preview:-1\" \/>\n<link rel=\"canonical\" href=\"https:\/\/www.meydan.tv\/az\/article\/serhedsiz-reportyorlar-avropa-oyunlarina-qeder-mehbus-jurnalistler-azad-olunmalidir\/\" \/>\n<meta property=\"og:locale\" content=\"az_AZ\" \/>\n<meta property=\"og:type\" content=\"article\" \/>\n<meta property=\"og:title\" content=\"S\u0259rh\u0259dsiz Reportyorlar: Avropa Oyunlar\u0131na q\u0259d\u0259r m\u0259hbus jurnalistl\u0259r azad olunmal\u0131d\u0131r - MEYDAN.TV\" \/>\n<meta property=\"og:description\" content=\"\u201cAvropa Olimpiya Komit\u0259si Az\u0259rbaycan hakimiyy\u0259ti il\u0259 \u0259lbir olmamal\u0131, Avropa Oyunlar\u0131 \u0259r\u0259f\u0259sind\u0259 m\u0259tbuata qar\u015f\u0131 repressiyalar\u0131 pisl\u0259m\u0259lidir\u201d\" \/>\n<meta property=\"og:url\" content=\"https:\/\/www.meydan.tv\/az\/article\/serhedsiz-reportyorlar-avropa-oyunlarina-qeder-mehbus-jurnalistler-azad-olunmalidir\/\" \/>\n<meta property=\"og:site_name\" content=\"MEYDAN.TV\" \/>\n<meta property=\"article:published_time\" content=\"2015-05-17T12:53:22+00:00\" \/>\n<meta property=\"og:image\" content=\"https:\/\/www.meydan.tv\/wp-content\/uploads\/8912.jpg\" \/>\n\t<meta property=\"og:image:width\" content=\"400\" \/>\n\t<meta property=\"og:image:height\" content=\"281\" \/>\n\t<meta property=\"og:image:type\" content=\"image\/jpeg\" \/>\n<meta name=\"twitter:card\" content=\"summary_large_image\" \/>\n<!-- \/ Yoast SEO plugin. -->","yoast_head_json":{"title":"S\u0259rh\u0259dsiz Reportyorlar: Avropa Oyunlar\u0131na q\u0259d\u0259r m\u0259hbus jurnalistl\u0259r azad olunmal\u0131d\u0131r - MEYDAN.TV","robots":{"index":"index","follow":"follow","max-snippet":"max-snippet:-1","max-image-preview":"max-image-preview:large","max-video-preview":"max-video-preview:-1"},"canonical":"https:\/\/www.meydan.tv\/az\/article\/serhedsiz-reportyorlar-avropa-oyunlarina-qeder-mehbus-jurnalistler-azad-olunmalidir\/","og_locale":"az_AZ","og_type":"article","og_title":"S\u0259rh\u0259dsiz Reportyorlar: Avropa Oyunlar\u0131na q\u0259d\u0259r m\u0259hbus jurnalistl\u0259r azad olunmal\u0131d\u0131r - MEYDAN.TV","og_description":"\u201cAvropa Olimpiya Komit\u0259si Az\u0259rbaycan hakimiyy\u0259ti il\u0259 \u0259lbir olmamal\u0131, Avropa Oyunlar\u0131 \u0259r\u0259f\u0259sind\u0259 m\u0259tbuata qar\u015f\u0131 repressiyalar\u0131 pisl\u0259m\u0259lidir\u201d","og_url":"https:\/\/www.meydan.tv\/az\/article\/serhedsiz-reportyorlar-avropa-oyunlarina-qeder-mehbus-jurnalistler-azad-olunmalidir\/","og_site_name":"MEYDAN.TV","article_published_time":"2015-05-17T12:53:22+00:00","og_image":[{"width":400,"height":281,"url":"https:\/\/www.meydan.tv\/wp-content\/uploads\/8912.jpg","type":"image\/jpeg"}],"twitter_card":"summary_large_image","schema":{"@context":"https:\/\/schema.org","@graph":[{"@type":"Article","@id":"https:\/\/www.meydan.tv\/az\/article\/serhedsiz-reportyorlar-avropa-oyunlarina-qeder-mehbus-jurnalistler-azad-olunmalidir\/#article","isPartOf":{"@id":"https:\/\/www.meydan.tv\/az\/article\/serhedsiz-reportyorlar-avropa-oyunlarina-qeder-mehbus-jurnalistler-azad-olunmalidir\/"},"author":{"name":"user-manager","@id":"https:\/\/www.meydan.tv\/az\/#\/schema\/person\/10d11eccf6da3662cf5fdab9806ea91a"},"headline":"S\u0259rh\u0259dsiz Reportyorlar: Avropa Oyunlar\u0131na q\u0259d\u0259r m\u0259hbus jurnalistl\u0259r azad olunmal\u0131d\u0131r","datePublished":"2015-05-17T12:53:22+00:00","mainEntityOfPage":{"@id":"https:\/\/www.meydan.tv\/az\/article\/serhedsiz-reportyorlar-avropa-oyunlarina-qeder-mehbus-jurnalistler-azad-olunmalidir\/"},"wordCount":539,"publisher":{"@id":"https:\/\/www.meydan.tv\/az\/#organization"},"image":{"@id":"https:\/\/www.meydan.tv\/az\/article\/serhedsiz-reportyorlar-avropa-oyunlarina-qeder-mehbus-jurnalistler-azad-olunmalidir\/#primaryimage"},"thumbnailUrl":"https:\/\/www.meydan.tv\/wp-content\/uploads\/8912.jpg","articleSection":["X\u0259b\u0259rl\u0259r"],"inLanguage":"az"},{"@type":"WebPage","@id":"https:\/\/www.meydan.tv\/az\/article\/serhedsiz-reportyorlar-avropa-oyunlarina-qeder-mehbus-jurnalistler-azad-olunmalidir\/","url":"https:\/\/www.meydan.tv\/az\/article\/serhedsiz-reportyorlar-avropa-oyunlarina-qeder-mehbus-jurnalistler-azad-olunmalidir\/","name":"S\u0259rh\u0259dsiz Reportyorlar: Avropa Oyunlar\u0131na q\u0259d\u0259r m\u0259hbus jurnalistl\u0259r azad olunmal\u0131d\u0131r - MEYDAN.TV","isPartOf":{"@id":"https:\/\/www.meydan.tv\/az\/#website"},"primaryImageOfPage":{"@id":"https:\/\/www.meydan.tv\/az\/article\/serhedsiz-reportyorlar-avropa-oyunlarina-qeder-mehbus-jurnalistler-azad-olunmalidir\/#primaryimage"},"image":{"@id":"https:\/\/www.meydan.tv\/az\/article\/serhedsiz-reportyorlar-avropa-oyunlarina-qeder-mehbus-jurnalistler-azad-olunmalidir\/#primaryimage"},"thumbnailUrl":"https:\/\/www.meydan.tv\/wp-content\/uploads\/8912.jpg","datePublished":"2015-05-17T12:53:22+00:00","breadcrumb":{"@id":"https:\/\/www.meydan.tv\/az\/article\/serhedsiz-reportyorlar-avropa-oyunlarina-qeder-mehbus-jurnalistler-azad-olunmalidir\/#breadcrumb"},"inLanguage":"az","potentialAction":[{"@type":"ReadAction","target":["https:\/\/www.meydan.tv\/az\/article\/serhedsiz-reportyorlar-avropa-oyunlarina-qeder-mehbus-jurnalistler-azad-olunmalidir\/"]}]},{"@type":"ImageObject","inLanguage":"az","@id":"https:\/\/www.meydan.tv\/az\/article\/serhedsiz-reportyorlar-avropa-oyunlarina-qeder-mehbus-jurnalistler-azad-olunmalidir\/#primaryimage","url":"https:\/\/www.meydan.tv\/wp-content\/uploads\/8912.jpg","contentUrl":"https:\/\/www.meydan.tv\/wp-content\/uploads\/8912.jpg","width":400,"height":281,"caption":"Source:"},{"@type":"BreadcrumbList","@id":"https:\/\/www.meydan.tv\/az\/article\/serhedsiz-reportyorlar-avropa-oyunlarina-qeder-mehbus-jurnalistler-azad-olunmalidir\/#breadcrumb","itemListElement":[{"@type":"ListItem","position":1,"name":"Ana s\u0259hif\u0259","item":"https:\/\/www.meydan.tv\/az\/"},{"@type":"ListItem","position":2,"name":"X\u0259b\u0259rl\u0259r","item":"https:\/\/www.meydan.tv\/az\/section\/xeberler\/"},{"@type":"ListItem","position":3,"name":"S\u0259rh\u0259dsiz Reportyorlar: Avropa Oyunlar\u0131na q\u0259d\u0259r m\u0259hbus jurnalistl\u0259r azad olunmal\u0131d\u0131r"}]},{"@type":"WebSite","@id":"https:\/\/www.meydan.tv\/az\/#website","url":"https:\/\/www.meydan.tv\/az\/","name":"MEYDAN.TV","description":"Meydan TV Az\u0259rbaycan\u0131n media m\u0259kan\u0131ndak\u0131 alternativ s\u0259sidir","publisher":{"@id":"https:\/\/www.meydan.tv\/az\/#organization"},"potentialAction":[{"@type":"SearchAction","target":{"@type":"EntryPoint","urlTemplate":"https:\/\/www.meydan.tv\/az\/?s={search_term_string}"},"query-input":{"@type":"PropertyValueSpecification","valueRequired":true,"valueName":"search_term_string"}}],"inLanguage":"az"},{"@type":"Organization","@id":"https:\/\/www.meydan.tv\/az\/#organization","name":"Meydan TV","url":"https:\/\/www.meydan.tv\/az\/","logo":{"@type":"ImageObject","inLanguage":"az","@id":"https:\/\/www.meydan.tv\/az\/#\/schema\/logo\/image\/","url":"https:\/\/www.meydan.tv\/wp-content\/uploads\/2021\/07\/meydan-logo.svg","contentUrl":"https:\/\/www.meydan.tv\/wp-content\/uploads\/2021\/07\/meydan-logo.svg","width":195,"height":46,"caption":"Meydan TV"},"image":{"@id":"https:\/\/www.meydan.tv\/az\/#\/schema\/logo\/image\/"}},{"@type":"Person","@id":"https:\/\/www.meydan.tv\/az\/#\/schema\/person\/10d11eccf6da3662cf5fdab9806ea91a","name":"user-manager"}]}},"_links":{"self":[{"href":"https:\/\/www.meydan.tv\/az\/wp-json\/wp\/v2\/posts\/167932","targetHints":{"allow":["GET"]}}],"collection":[{"href":"https:\/\/www.meydan.tv\/az\/wp-json\/wp\/v2\/posts"}],"about":[{"href":"https:\/\/www.meydan.tv\/az\/wp-json\/wp\/v2\/types\/post"}],"author":[{"embeddable":true,"href":"https:\/\/www.meydan.tv\/az\/wp-json\/wp\/v2\/users\/11"}],"replies":[{"embeddable":true,"href":"https:\/\/www.meydan.tv\/az\/wp-json\/wp\/v2\/comments?post=167932"}],"version-history":[{"count":0,"href":"https:\/\/www.meydan.tv\/az\/wp-json\/wp\/v2\/posts\/167932\/revisions"}],"wp:featuredmedia":[{"embeddable":true,"href":"https:\/\/www.meydan.tv\/az\/wp-json\/wp\/v2\/media\/24483"}],"wp:attachment":[{"href":"https:\/\/www.meydan.tv\/az\/wp-json\/wp\/v2\/media?parent=167932"}],"wp:term":[{"taxonomy":"category","embeddable":true,"href":"https:\/\/www.meydan.tv\/az\/wp-json\/wp\/v2\/categories?post=167932"},{"taxonomy":"post_tag","embeddable":true,"href":"https:\/\/www.meydan.tv\/az\/wp-json\/wp\/v2\/tags?post=167932"}],"curies":[{"name":"wp","href":"https:\/\/api.w.org\/{rel}","templated":true}]}}