{"id":167931,"date":"2015-05-16T23:02:25","date_gmt":"2015-05-16T23:02:25","guid":{"rendered":"https:\/\/www.meydan.tv\/article\/real-in-meclis-sedri-saxlanilib\/"},"modified":"2015-05-16T23:02:25","modified_gmt":"2015-05-16T23:02:25","slug":"real-in-meclis-sedri-saxlanilib","status":"publish","type":"post","link":"https:\/\/www.meydan.tv\/az\/article\/real-in-meclis-sedri-saxlanilib\/","title":{"rendered":"REAL-\u0131n M\u0259clis s\u0259dri saxlan\u0131l\u0131b"},"content":{"rendered":"<figure class=\"wp-block-image size-large\">\n  <img decoding=\"async\" src=\"https:\/\/www.meydan.tv\/az\/24480\/\" alt=\"\" class=\"wp-image-24480\"\/><figcaption><\/figcaption><\/figure>\n<p>\n  <b><br \/>\n    <i><br \/>\n      Polis b\u00f6lm\u0259sind\u0259 Hafiz Babal\u0131dan izahat al\u0131nd\u0131qdan sonra o, s\u0259rb\u0259st burax\u0131l\u0131b<br \/>\n    <\/i><br \/>\n  <\/b>\n<\/p>\n<p>\n  REAL H\u0259r\u0259kat\u0131n\u0131n Sumqay\u0131t m\u0259clisinin s\u0259dri Hafiz Babal\u0131 v\u0259 onunla b\u0259rab\u0259r olan 2 n\u0259f\u0259ri polis\u00a0 saxlay\u0131b. Bel\u0259 ki,onlar \u00a0H\u0259r\u0259kat\u0131n tan\u0131t\u0131m \u00a0bra\u015furalar\u0131n\u0131 Sumqay\u0131t \u015f\u0259h\u0259ri 34-c\u00fc m\u0259h\u0259ll\u0259d\u0259 olan ticar\u0259t v\u0259 xidm\u0259t obyektl\u0259rin\u0259 paylayan \u00a0zaman polisl\u0259r yax\u0131nla\u015f\u0131b v\u0259 n\u0259 i\u015fl\u0259 m\u0259\u015f\u011ful olduqlar\u0131n\u0131 soru\u015fublar. Hafiz Babal\u0131 cavab\u0131nda qanunsuz he\u00e7 n\u0259 olmad\u0131\u011f\u0131n\u0131, bra\u015furada partiyan\u0131n\u00a0 m\u0259ram\u0131n\u0131 a\u00e7\u0131qlayan v\u0259 parlamentar \u00fcsul idar\u0259 formas\u0131na ke\u00e7idl\u0259 ba\u011fl\u0131 fikirl\u0259rin oldu\u011funu bildirib.\n<\/p>\n<p>\n  \u201cM\u0259ni polis b\u00f6lm\u0259sind\u0259 4 saata q\u0259d\u0259r saxta raport \u0259sas\u0131nda \u00a0dindirdil\u0259r. Guya bra\u015furalar v\u0259t\u0259nda\u015flara m\u0259cbur\u0259n verilib. M\u0259n is\u0259 bildirdim ki, \u0259ksin\u0259 he\u00e7 bir t\u0259zyiq olmay\u0131b, insanlar bunu m\u0259mnuniyy\u0259tl\u0259 q\u0259bul edibl\u0259r. Biz\u0259 hans\u0131 M\u0259c\u0259ll\u0259y\u0259 uy\u011fun qanun pozuntusu etdiyimizi a\u00e7\u0131qlamad\u0131lar. M\u0259nd\u0259n iltizam ald\u0131lar ki, h\u0259ft\u0259nin birinci g\u00fcn\u00fc polis b\u00f6lm\u0259sin\u0259 ba\u015f \u00e7\u0259kim. D\u00fc\u015f\u00fcn\u00fcr\u0259m ki, bu izahat \u0259sas\u0131nda hans\u0131sa bir protokol t\u0259rtib olunacaq\u201d-dey\u0259 Hafiz Babal\u0131 bildirib.<\/p>\n","protected":false},"excerpt":{"rendered":"<p>Polis b\u00f6lm\u0259sind\u0259 Hafiz Babal\u0131dan izahat al\u0131nd\u0131qdan sonra o, s\u0259rb\u0259st burax\u0131l\u0131b<\/p>\n","protected":false},"author":11,"featured_media":24480,"comment_status":"closed","ping_status":"open","sticky":false,"template":"","format":"standard","meta":{"_acf_changed":false,"_sitemap_exclude":false,"_sitemap_priority":"","_sitemap_frequency":"","footnotes":""},"categories":[56],"tags":[],"class_list":["post-167931","post","type-post","status-publish","format-standard","has-post-thumbnail","hentry","category-xeberler","infinite-scroll-item","generate-columns","tablet-grid-50","mobile-grid-100","grid-parent","grid-33","no-featured-image-padding"],"acf":[],"yoast_head":"<!-- This site is optimized with the Yoast SEO plugin v28.4 - https:\/\/yoast.com\/product\/yoast-seo-wordpress\/ -->\n<title>REAL-\u0131n M\u0259clis s\u0259dri saxlan\u0131l\u0131b - MEYDAN.TV<\/title>\n<meta name=\"robots\" content=\"index, follow, max-snippet:-1, max-image-preview:large, max-video-preview:-1\" \/>\n<link rel=\"canonical\" href=\"https:\/\/www.meydan.tv\/az\/article\/real-in-meclis-sedri-saxlanilib\/\" \/>\n<meta property=\"og:locale\" content=\"az_AZ\" \/>\n<meta property=\"og:type\" content=\"article\" \/>\n<meta property=\"og:title\" content=\"REAL-\u0131n M\u0259clis s\u0259dri saxlan\u0131l\u0131b - MEYDAN.TV\" \/>\n<meta property=\"og:description\" content=\"Polis b\u00f6lm\u0259sind\u0259 Hafiz Babal\u0131dan izahat al\u0131nd\u0131qdan sonra o, s\u0259rb\u0259st burax\u0131l\u0131b\" \/>\n<meta property=\"og:url\" content=\"https:\/\/www.meydan.tv\/az\/article\/real-in-meclis-sedri-saxlanilib\/\" \/>\n<meta property=\"og:site_name\" content=\"MEYDAN.TV\" \/>\n<meta property=\"article:published_time\" content=\"2015-05-16T23:02:25+00:00\" \/>\n<meta property=\"og:image\" content=\"https:\/\/www.meydan.tv\/wp-content\/uploads\/8911.jpg\" \/>\n\t<meta property=\"og:image:width\" content=\"800\" \/>\n\t<meta property=\"og:image:height\" content=\"600\" \/>\n\t<meta property=\"og:image:type\" content=\"image\/jpeg\" \/>\n<meta name=\"twitter:card\" content=\"summary_large_image\" \/>\n<!-- \/ Yoast SEO plugin. -->","yoast_head_json":{"title":"REAL-\u0131n M\u0259clis s\u0259dri saxlan\u0131l\u0131b - MEYDAN.TV","robots":{"index":"index","follow":"follow","max-snippet":"max-snippet:-1","max-image-preview":"max-image-preview:large","max-video-preview":"max-video-preview:-1"},"canonical":"https:\/\/www.meydan.tv\/az\/article\/real-in-meclis-sedri-saxlanilib\/","og_locale":"az_AZ","og_type":"article","og_title":"REAL-\u0131n M\u0259clis s\u0259dri saxlan\u0131l\u0131b - MEYDAN.TV","og_description":"Polis b\u00f6lm\u0259sind\u0259 Hafiz Babal\u0131dan izahat al\u0131nd\u0131qdan sonra o, s\u0259rb\u0259st burax\u0131l\u0131b","og_url":"https:\/\/www.meydan.tv\/az\/article\/real-in-meclis-sedri-saxlanilib\/","og_site_name":"MEYDAN.TV","article_published_time":"2015-05-16T23:02:25+00:00","og_image":[{"width":800,"height":600,"url":"https:\/\/www.meydan.tv\/wp-content\/uploads\/8911.jpg","type":"image\/jpeg"}],"twitter_card":"summary_large_image","schema":{"@context":"https:\/\/schema.org","@graph":[{"@type":"Article","@id":"https:\/\/www.meydan.tv\/az\/article\/real-in-meclis-sedri-saxlanilib\/#article","isPartOf":{"@id":"https:\/\/www.meydan.tv\/az\/article\/real-in-meclis-sedri-saxlanilib\/"},"author":{"name":"user-manager","@id":"https:\/\/www.meydan.tv\/az\/#\/schema\/person\/10d11eccf6da3662cf5fdab9806ea91a"},"headline":"REAL-\u0131n M\u0259clis s\u0259dri saxlan\u0131l\u0131b","datePublished":"2015-05-16T23:02:25+00:00","mainEntityOfPage":{"@id":"https:\/\/www.meydan.tv\/az\/article\/real-in-meclis-sedri-saxlanilib\/"},"wordCount":235,"publisher":{"@id":"https:\/\/www.meydan.tv\/az\/#organization"},"image":{"@id":"https:\/\/www.meydan.tv\/az\/article\/real-in-meclis-sedri-saxlanilib\/#primaryimage"},"thumbnailUrl":"https:\/\/www.meydan.tv\/wp-content\/uploads\/8911.jpg","articleSection":["X\u0259b\u0259rl\u0259r"],"inLanguage":"az"},{"@type":"WebPage","@id":"https:\/\/www.meydan.tv\/az\/article\/real-in-meclis-sedri-saxlanilib\/","url":"https:\/\/www.meydan.tv\/az\/article\/real-in-meclis-sedri-saxlanilib\/","name":"REAL-\u0131n M\u0259clis s\u0259dri saxlan\u0131l\u0131b - MEYDAN.TV","isPartOf":{"@id":"https:\/\/www.meydan.tv\/az\/#website"},"primaryImageOfPage":{"@id":"https:\/\/www.meydan.tv\/az\/article\/real-in-meclis-sedri-saxlanilib\/#primaryimage"},"image":{"@id":"https:\/\/www.meydan.tv\/az\/article\/real-in-meclis-sedri-saxlanilib\/#primaryimage"},"thumbnailUrl":"https:\/\/www.meydan.tv\/wp-content\/uploads\/8911.jpg","datePublished":"2015-05-16T23:02:25+00:00","breadcrumb":{"@id":"https:\/\/www.meydan.tv\/az\/article\/real-in-meclis-sedri-saxlanilib\/#breadcrumb"},"inLanguage":"az","potentialAction":[{"@type":"ReadAction","target":["https:\/\/www.meydan.tv\/az\/article\/real-in-meclis-sedri-saxlanilib\/"]}]},{"@type":"ImageObject","inLanguage":"az","@id":"https:\/\/www.meydan.tv\/az\/article\/real-in-meclis-sedri-saxlanilib\/#primaryimage","url":"https:\/\/www.meydan.tv\/wp-content\/uploads\/8911.jpg","contentUrl":"https:\/\/www.meydan.tv\/wp-content\/uploads\/8911.jpg","width":800,"height":600,"caption":"Source:"},{"@type":"BreadcrumbList","@id":"https:\/\/www.meydan.tv\/az\/article\/real-in-meclis-sedri-saxlanilib\/#breadcrumb","itemListElement":[{"@type":"ListItem","position":1,"name":"Ana s\u0259hif\u0259","item":"https:\/\/www.meydan.tv\/az\/"},{"@type":"ListItem","position":2,"name":"X\u0259b\u0259rl\u0259r","item":"https:\/\/www.meydan.tv\/az\/section\/xeberler\/"},{"@type":"ListItem","position":3,"name":"REAL-\u0131n M\u0259clis s\u0259dri saxlan\u0131l\u0131b"}]},{"@type":"WebSite","@id":"https:\/\/www.meydan.tv\/az\/#website","url":"https:\/\/www.meydan.tv\/az\/","name":"MEYDAN.TV","description":"Meydan TV Az\u0259rbaycan\u0131n media m\u0259kan\u0131ndak\u0131 alternativ s\u0259sidir","publisher":{"@id":"https:\/\/www.meydan.tv\/az\/#organization"},"potentialAction":[{"@type":"SearchAction","target":{"@type":"EntryPoint","urlTemplate":"https:\/\/www.meydan.tv\/az\/?s={search_term_string}"},"query-input":{"@type":"PropertyValueSpecification","valueRequired":true,"valueName":"search_term_string"}}],"inLanguage":"az"},{"@type":"Organization","@id":"https:\/\/www.meydan.tv\/az\/#organization","name":"Meydan TV","url":"https:\/\/www.meydan.tv\/az\/","logo":{"@type":"ImageObject","inLanguage":"az","@id":"https:\/\/www.meydan.tv\/az\/#\/schema\/logo\/image\/","url":"https:\/\/www.meydan.tv\/wp-content\/uploads\/2021\/07\/meydan-logo.svg","contentUrl":"https:\/\/www.meydan.tv\/wp-content\/uploads\/2021\/07\/meydan-logo.svg","width":195,"height":46,"caption":"Meydan TV"},"image":{"@id":"https:\/\/www.meydan.tv\/az\/#\/schema\/logo\/image\/"}},{"@type":"Person","@id":"https:\/\/www.meydan.tv\/az\/#\/schema\/person\/10d11eccf6da3662cf5fdab9806ea91a","name":"user-manager"}]}},"_links":{"self":[{"href":"https:\/\/www.meydan.tv\/az\/wp-json\/wp\/v2\/posts\/167931","targetHints":{"allow":["GET"]}}],"collection":[{"href":"https:\/\/www.meydan.tv\/az\/wp-json\/wp\/v2\/posts"}],"about":[{"href":"https:\/\/www.meydan.tv\/az\/wp-json\/wp\/v2\/types\/post"}],"author":[{"embeddable":true,"href":"https:\/\/www.meydan.tv\/az\/wp-json\/wp\/v2\/users\/11"}],"replies":[{"embeddable":true,"href":"https:\/\/www.meydan.tv\/az\/wp-json\/wp\/v2\/comments?post=167931"}],"version-history":[{"count":0,"href":"https:\/\/www.meydan.tv\/az\/wp-json\/wp\/v2\/posts\/167931\/revisions"}],"wp:featuredmedia":[{"embeddable":true,"href":"https:\/\/www.meydan.tv\/az\/wp-json\/wp\/v2\/media\/24480"}],"wp:attachment":[{"href":"https:\/\/www.meydan.tv\/az\/wp-json\/wp\/v2\/media?parent=167931"}],"wp:term":[{"taxonomy":"category","embeddable":true,"href":"https:\/\/www.meydan.tv\/az\/wp-json\/wp\/v2\/categories?post=167931"},{"taxonomy":"post_tag","embeddable":true,"href":"https:\/\/www.meydan.tv\/az\/wp-json\/wp\/v2\/tags?post=167931"}],"curies":[{"name":"wp","href":"https:\/\/api.w.org\/{rel}","templated":true}]}}