{"id":167929,"date":"2015-05-16T15:56:53","date_gmt":"2015-05-16T15:56:53","guid":{"rendered":"https:\/\/www.meydan.tv\/article\/dagilan-komanda\/"},"modified":"2015-05-16T15:56:53","modified_gmt":"2015-05-16T15:56:53","slug":"dagilan-komanda","status":"publish","type":"post","link":"https:\/\/www.meydan.tv\/az\/article\/dagilan-komanda\/","title":{"rendered":"Da\u011f\u0131lan komanda"},"content":{"rendered":"<figure class=\"wp-block-image size-large\">\n  <img decoding=\"async\" src=\"https:\/\/www.meydan.tv\/az\/24474\/\" alt=\"\" class=\"wp-image-24474\"\/><figcaption><\/figcaption><\/figure>\n<figure class=\"wp-block-image size-large\">\n  <img decoding=\"async\" src=\"https:\/\/www.meydan.tv\/az\/24477\/\" alt=\"\" class=\"wp-image-24477\"\/><figcaption><\/figcaption><\/figure>\n<p>\n  <i><br \/>\n    Rusiyaya r\u0259\u011fb\u0259ti olan v\u0259 \u0259n\u0259n\u0259vi m\u00fcxalif\u0259td\u0259n f\u0259rqli d\u00fc\u015f\u00fcnc\u0259y\u0259 malik siyasi q\u00fcvv\u0259l\u0259ri d\u0259st\u0259kl\u0259y\u0259n \u015f\u0259xsl\u0259rin h\u0259d\u0259fd\u0259 ola bil\u0259c\u0259yini ehtimal ed\u0259 bil\u0259rik<br \/>\n  <\/i>\n<\/p>\n<p>\n  Az\u0259rbaycanda ciddi n\u00fcfuz sahibi olan bankir v\u0259 i\u015f adamlar\u0131n\u0131n h\u0259bsi \u00f6lk\u0259d\u0259 \u201cmafiya qanunlar\u0131\u201dn\u0131n i\u015fl\u0259diyini bir daha s\u00fcbuta yetirdi. He\u00e7 k\u0259sin taleyi s\u0131\u011fortalanmay\u0131b. H\u0259r k\u0259s ist\u0259nil\u0259n anda milyonlar\u0131ndan m\u0259hrum ola v\u0259 azadl\u0131\u011f\u0131n\u0131 itir\u0259 bil\u0259r. Az\u0259rbaycanda qanunlar i\u015fl\u0259mir. Qanunu pozmaq adi hald\u0131r. Lakin \u201cail\u0259 biznesi\u201dn\u0259 x\u0259yan\u0259t etm\u0259k olmaz. Bu, ba\u011f\u0131\u015flan\u0131lmazd\u0131r.\n<\/p>\n<p>\n  Son h\u0259bsl\u0259r dal\u011fas\u0131na n\u0259z\u0259r sald\u0131qda maraql\u0131 tendensiyan\u0131n \u015fahidi oluruq. Vur\u011fulamaq laz\u0131md\u0131r ki, h\u0259bs edil\u0259n v\u0259 yaxud istintaqa c\u0259lb edil\u0259nl\u0259rin \u0259sas biznesi hakim ail\u0259 il\u0259 ba\u011fl\u0131d\u0131r. Bu h\u0259bsl\u0259r fonunda Hac\u0131 \u0130brahim \u0130brahimlinin \u015f\u0259xsiyy\u0259ti daha \u00e7ox m\u00fczakir\u0259 edildi.\n<\/p>\n<p>\n  Heyd\u0259r \u018fliyevin hakimiyy\u0259t\u0259 g\u0259lm\u0259sind\u0259 \u00f6n\u0259mli rol oynayan bu sima y\u0259qin ki, yaln\u0131z ail\u0259y\u0259 m\u0259xsus milyardlar\u0131 m\u0259nims\u0259diyin\u0259 g\u00f6r\u0259 c\u0259zaland\u0131r\u0131lmay\u0131b. \u0130stisna deyil ki, bu v\u0259 h\u0259bs edil\u0259n bankirl\u0259rin xarici \u0259laq\u0259si iqtidar\u0131 narahat edib. B\u0259zi m\u0259lumatlara g\u00f6r\u0259, h\u0259d\u0259f se\u00e7il\u0259n bankir v\u0259 i\u015f adamlar\u0131n\u0131n \u015fimal qon\u015fusu il\u0259 s\u0131x ba\u011fl\u0131l\u0131\u011f\u0131 var.\n<\/p>\n<p>\n  Odur ki, tezlikl\u0259 h\u0259bsl\u0259rin siyasi \u00e7alar ala bil\u0259c\u0259yi d\u0259 istisna deyil. H\u0259tta m\u0259s\u0259l\u0259y\u0259 m\u00fcxalif\u0259tin d\u0259 qat\u0131la bil\u0259c\u0259yi ehtimal\u0131 m\u00f6vcuddur. Bu amilin ictimai r\u0259yd\u0259 \u00f6z\u00fcn\u0259 d\u0259st\u0259k tapa bilm\u0259sind\u0259 m\u00fcxalif\u0259tin d\u0259 g\u00fcnah\u0131 az deyil.\n<\/p>\n<p>\n  M\u00fcxalif\u0259t Rusiya amilind\u0259 t\u0259r\u0259dd\u00fcdl\u0259r etm\u0259kd\u0259dir v\u0259 Kreml\u0259 qar\u015f\u0131 a\u00e7\u0131q \u00e7\u0131x\u0131\u015flar etmir. Hakimiyy\u0259td\u0259 olan b\u0259zi m\u0259murlar v\u0259 oliqarxlar Rusiyan\u0131 \u00f6zl\u0259rin\u0259 dayaq se\u00e7ibl\u0259r. Dig\u0259r t\u0259r\u0259fd\u0259n onlar\u0131n m\u00fcxalif\u0259t d\u00fc\u015f\u0259rg\u0259sind\u0259 maraqlar\u0131n\u0131 m\u00fcdafi\u0259 ed\u0259c\u0259k ciddi simalara ehtiyac yaranmay\u0131b. Bel\u0259 d\u00fc\u015f\u00fcnc\u0259 is\u0259 ba\u011f\u0131\u015flanm\u0131r.\n<\/p>\n<p>\n  Bu fonda bankirl\u0259rin h\u0259bs olunmas\u0131 ba\u015f ver\u0259nl\u0259r\u0259 ciddi yana\u015fma\u011fa \u0259sas yarad\u0131r v\u0259 m\u00fc\u0259yy\u0259n m\u0259nada hakimiyy\u0259tin qar\u015f\u0131dak\u0131 h\u0259d\u0259fl\u0259rinin x\u0259b\u0259r\u00e7\u0131s\u0131d\u0131r. T\u0259hlill\u0259r onu dem\u0259y\u0259 \u0259sas verir ki, h\u0259bsl\u0259r davam ed\u0259 bil\u0259r.\n<\/p>\n<p>\n  \u0130qtidar daxilind\u0259 olan m\u00fcxt\u0259lif maraq qruplar\u0131n\u0131 z\u0259r\u0259rsizl\u0259\u015fdirm\u0259kd\u0259 israrl\u0131 g\u00f6r\u00fcn\u00fcr.\n<\/p>\n<p>\n  \u0130qtidar AB\u015e siyasi elitas\u0131n\u0131 l\u0259n\u0259tl\u0259nm\u0259kd\u0259 davam edir. Lakin g\u00f6r\u00fcn\u0259n budur ki, Bak\u0131n\u0131n ehtiyat etdiyi yegan\u0259 d\u00f6vl\u0259t Rusiyad\u0131r. Hakimiyy\u0259t oliqarxlar\u0131n m\u00fcxalif\u0259t\u0259 transfer ed\u0259 bil\u0259c\u0259yind\u0259n d\u0259 ehtiyat edir. B\u00fct\u00fcn bunlar Az\u0259rbaycan\u0131n k\u00fcnc\u0259 s\u0131x\u0131ld\u0131\u011f\u0131 bir zamanda h\u0259yata ke\u00e7irilir.<br \/>\n  <br \/>\n  Bir s\u00f6zl\u0259, Az\u0259rbaycan hakimiyy\u0259ti Q\u0259rb v\u0259 Rusiyan\u0131n r\u0259smi Bak\u0131ya qar\u015f\u0131 n\u00f6vb\u0259ti t\u0259zyiql\u0259rin\u0259 k\u00fctl\u0259vi h\u0259bsl\u0259rl\u0259 cavab ver\u0259, bu fonda da b\u00fct\u00f6vl\u00fckd\u0259 m\u00fcxalif\u0259t\u0259 a\u011f\u0131r z\u0259rb\u0259l\u0259r endir\u0259 bil\u0259r. Yaranm\u0131\u015f v\u0259ziyy\u0259td\u0259, Rusiya il\u0259 ba\u011fl\u0131l\u0131\u011f\u0131 olan h\u0259r bir k\u0259s \u00fc\u00e7\u00fcn a\u011f\u0131r s\u0131naq d\u00f6vr\u00fcn\u00fcn ba\u015flanmas\u0131 qa\u00e7\u0131lmazd\u0131r. \u0130st\u0259nil\u0259n halda, h\u0259bsl\u0259rin davam ed\u0259c\u0259yi, m\u00fcxalif\u0259tin guya Rusiya layih\u0259si oldu\u011funu \u201cs\u00fcbut\u201d ed\u0259c\u0259k faktlar\u0131n tirajlanaca\u011f\u0131 \u015f\u00fcbh\u0259sizdir. \u0130lk n\u00f6vb\u0259d\u0259, Rusiyaya r\u0259\u011fb\u0259ti olan v\u0259 \u0259n\u0259n\u0259vi m\u00fcxalif\u0259td\u0259n f\u0259rqli d\u00fc\u015f\u00fcnc\u0259y\u0259 malik siyasi q\u00fcvv\u0259l\u0259ri d\u0259st\u0259kl\u0259y\u0259n \u015f\u0259xsl\u0259rin h\u0259d\u0259fd\u0259 ola bil\u0259c\u0259yini ehtimal ed\u0259 bil\u0259rik. Sonrak\u0131 m\u0259rh\u0259l\u0259d\u0259 is\u0259 bu miqyas\u0131n daha da geni\u015fl\u0259nm\u0259si m\u00fcmk\u00fcnd\u00fcr. Odur ki, \u00e7\u0131x\u0131\u015f yollar\u0131 tapmaq, qabaqlay\u0131c\u0131 add\u0131mlar\u0131n at\u0131lmas\u0131 z\u0259rur\u0259ti yaran\u0131r. M\u00fcxalif\u0259t m\u0259tbuat\u0131n\u0131n susdurulmas\u0131 \u00fc\u00e7\u00fcn add\u0131mlar\u0131n at\u0131ld\u0131\u011f\u0131 bir s\u0131rada yeni h\u0259bsl\u0259rin d\u0259 apar\u0131laca\u011f\u0131 ehtimal\u0131 y\u00fcks\u0259kdir.\u00a0 N\u0259z\u0259r\u0259 almaq laz\u0131md\u0131r ki, Rusiyaya qar\u015f\u0131 t\u0259nqidi fikirl\u0259ri h\u0259tta b\u0259zi m\u00fcxalif\u0259t m\u0259tbuat\u0131 da tirajlamaqdan \u00e7\u0259kinir.\n<\/p>\n<p>\n  Bir s\u00f6zl\u0259, g\u00f6r\u00fcn\u0259n budur ki, hakimiyy\u0259t parlament se\u00e7kil\u0259rin\u0259 haz\u0131rla\u015f\u0131r. \u0130qtidar daha s\u0259rt idar\u0259\u00e7iliy\u0259 ke\u00e7ir. Siyasi m\u00fcst\u0259vid\u0259 vintl\u0259ri s\u0131x\u0131l\u0131r v\u0259 \u0259sas h\u0259d\u0259find\u0259 d\u0259 t\u0259nqid\u00e7i median\u0131n, m\u00fcxalif\u0259t partiyalar\u0131n\u0131n, sosial \u015f\u0259b\u0259k\u0259l\u0259rin v\u0259 \u00f6zl\u0259rini m\u00fcst\u0259qil aparma\u011fa ba\u015flayan m\u0259murlar\u0131n s\u0131radan \u00e7\u0131xar\u0131lmas\u0131 durur. Odur ki, d\u0259qiq dey\u0259 bil\u0259rik: \u00a0qar\u015f\u0131da bizi olduqca s\u0259rt d\u00f6vr \u00a0g\u00f6zl\u0259yir. V\u0259ziyy\u0259t daha kritik \u00e7alar al\u0131r. \u0130qtisadi b\u00f6hran daha da d\u0259rinl\u0259\u015fm\u0259kd\u0259dir. Avropa Yay Oyunlar\u0131n\u0131n n\u0259 il\u0259 sonuclanaca\u011f\u0131 b\u0259lli deyil. Hakimiyy\u0259t v\u0259ziyy\u0259td\u0259n \u00e7\u0131x\u0131\u015f yollar\u0131 axtar\u0131r. H\u0259l\u0259 ki repressiyalarla ictimai r\u0259y\u0259 n\u0259zar\u0259t ed\u0259 bilir. Lakin hakim komandan\u0131n da\u011f\u0131lmas\u0131 perspektivi iqtidar\u0131 labirint\u0259 s\u00fcr\u00fckl\u0259yir. Bir s\u00f6zl\u0259, v\u0259ziyy\u0259t, do\u011frudan da, ruscad\u0131r\u2026<\/p>\n","protected":false},"excerpt":{"rendered":"<p>Rusiyaya r\u0259\u011fb\u0259ti olan v\u0259 \u0259n\u0259n\u0259vi m\u00fcxalif\u0259td\u0259n f\u0259rqli d\u00fc\u015f\u00fcnc\u0259y\u0259 malik siyasi q\u00fcvv\u0259l\u0259ri d\u0259st\u0259kl\u0259y\u0259n \u015f\u0259xsl\u0259rin h\u0259d\u0259fd\u0259 ola bil\u0259c\u0259yini ehtimal ed\u0259 bil\u0259rik<\/p>\n","protected":false},"author":11,"featured_media":24474,"comment_status":"closed","ping_status":"open","sticky":false,"template":"","format":"standard","meta":{"_acf_changed":false,"_sitemap_exclude":false,"_sitemap_priority":"","_sitemap_frequency":"","footnotes":""},"categories":[56],"tags":[],"class_list":["post-167929","post","type-post","status-publish","format-standard","has-post-thumbnail","hentry","category-xeberler","infinite-scroll-item","generate-columns","tablet-grid-50","mobile-grid-100","grid-parent","grid-33","no-featured-image-padding"],"acf":[],"yoast_head":"<!-- This site is optimized with the Yoast SEO plugin v28.4 - https:\/\/yoast.com\/product\/yoast-seo-wordpress\/ -->\n<title>Da\u011f\u0131lan komanda - MEYDAN.TV<\/title>\n<meta name=\"robots\" content=\"index, follow, max-snippet:-1, max-image-preview:large, max-video-preview:-1\" \/>\n<link rel=\"canonical\" href=\"https:\/\/www.meydan.tv\/az\/article\/dagilan-komanda\/\" \/>\n<meta property=\"og:locale\" content=\"az_AZ\" \/>\n<meta property=\"og:type\" content=\"article\" \/>\n<meta property=\"og:title\" content=\"Da\u011f\u0131lan komanda - MEYDAN.TV\" \/>\n<meta property=\"og:description\" content=\"Rusiyaya r\u0259\u011fb\u0259ti olan v\u0259 \u0259n\u0259n\u0259vi m\u00fcxalif\u0259td\u0259n f\u0259rqli d\u00fc\u015f\u00fcnc\u0259y\u0259 malik siyasi q\u00fcvv\u0259l\u0259ri d\u0259st\u0259kl\u0259y\u0259n \u015f\u0259xsl\u0259rin h\u0259d\u0259fd\u0259 ola bil\u0259c\u0259yini ehtimal ed\u0259 bil\u0259rik\" \/>\n<meta property=\"og:url\" content=\"https:\/\/www.meydan.tv\/az\/article\/dagilan-komanda\/\" \/>\n<meta property=\"og:site_name\" content=\"MEYDAN.TV\" \/>\n<meta property=\"article:published_time\" content=\"2015-05-16T15:56:53+00:00\" \/>\n<meta property=\"og:image\" content=\"https:\/\/www.meydan.tv\/wp-content\/uploads\/8908.jpg\" \/>\n\t<meta property=\"og:image:width\" content=\"500\" \/>\n\t<meta property=\"og:image:height\" content=\"304\" \/>\n\t<meta property=\"og:image:type\" content=\"image\/jpeg\" \/>\n<meta name=\"twitter:card\" content=\"summary_large_image\" \/>\n<!-- \/ Yoast SEO plugin. -->","yoast_head_json":{"title":"Da\u011f\u0131lan komanda - MEYDAN.TV","robots":{"index":"index","follow":"follow","max-snippet":"max-snippet:-1","max-image-preview":"max-image-preview:large","max-video-preview":"max-video-preview:-1"},"canonical":"https:\/\/www.meydan.tv\/az\/article\/dagilan-komanda\/","og_locale":"az_AZ","og_type":"article","og_title":"Da\u011f\u0131lan komanda - MEYDAN.TV","og_description":"Rusiyaya r\u0259\u011fb\u0259ti olan v\u0259 \u0259n\u0259n\u0259vi m\u00fcxalif\u0259td\u0259n f\u0259rqli d\u00fc\u015f\u00fcnc\u0259y\u0259 malik siyasi q\u00fcvv\u0259l\u0259ri d\u0259st\u0259kl\u0259y\u0259n \u015f\u0259xsl\u0259rin h\u0259d\u0259fd\u0259 ola bil\u0259c\u0259yini ehtimal ed\u0259 bil\u0259rik","og_url":"https:\/\/www.meydan.tv\/az\/article\/dagilan-komanda\/","og_site_name":"MEYDAN.TV","article_published_time":"2015-05-16T15:56:53+00:00","og_image":[{"width":500,"height":304,"url":"https:\/\/www.meydan.tv\/wp-content\/uploads\/8908.jpg","type":"image\/jpeg"}],"twitter_card":"summary_large_image","schema":{"@context":"https:\/\/schema.org","@graph":[{"@type":"Article","@id":"https:\/\/www.meydan.tv\/az\/article\/dagilan-komanda\/#article","isPartOf":{"@id":"https:\/\/www.meydan.tv\/az\/article\/dagilan-komanda\/"},"author":{"name":"user-manager","@id":"https:\/\/www.meydan.tv\/az\/#\/schema\/person\/10d11eccf6da3662cf5fdab9806ea91a"},"headline":"Da\u011f\u0131lan komanda","datePublished":"2015-05-16T15:56:53+00:00","mainEntityOfPage":{"@id":"https:\/\/www.meydan.tv\/az\/article\/dagilan-komanda\/"},"wordCount":939,"publisher":{"@id":"https:\/\/www.meydan.tv\/az\/#organization"},"image":{"@id":"https:\/\/www.meydan.tv\/az\/article\/dagilan-komanda\/#primaryimage"},"thumbnailUrl":"https:\/\/www.meydan.tv\/wp-content\/uploads\/8908.jpg","articleSection":["X\u0259b\u0259rl\u0259r"],"inLanguage":"az"},{"@type":"WebPage","@id":"https:\/\/www.meydan.tv\/az\/article\/dagilan-komanda\/","url":"https:\/\/www.meydan.tv\/az\/article\/dagilan-komanda\/","name":"Da\u011f\u0131lan komanda - MEYDAN.TV","isPartOf":{"@id":"https:\/\/www.meydan.tv\/az\/#website"},"primaryImageOfPage":{"@id":"https:\/\/www.meydan.tv\/az\/article\/dagilan-komanda\/#primaryimage"},"image":{"@id":"https:\/\/www.meydan.tv\/az\/article\/dagilan-komanda\/#primaryimage"},"thumbnailUrl":"https:\/\/www.meydan.tv\/wp-content\/uploads\/8908.jpg","datePublished":"2015-05-16T15:56:53+00:00","breadcrumb":{"@id":"https:\/\/www.meydan.tv\/az\/article\/dagilan-komanda\/#breadcrumb"},"inLanguage":"az","potentialAction":[{"@type":"ReadAction","target":["https:\/\/www.meydan.tv\/az\/article\/dagilan-komanda\/"]}]},{"@type":"ImageObject","inLanguage":"az","@id":"https:\/\/www.meydan.tv\/az\/article\/dagilan-komanda\/#primaryimage","url":"https:\/\/www.meydan.tv\/wp-content\/uploads\/8908.jpg","contentUrl":"https:\/\/www.meydan.tv\/wp-content\/uploads\/8908.jpg","width":500,"height":304,"caption":"Source:"},{"@type":"BreadcrumbList","@id":"https:\/\/www.meydan.tv\/az\/article\/dagilan-komanda\/#breadcrumb","itemListElement":[{"@type":"ListItem","position":1,"name":"Ana s\u0259hif\u0259","item":"https:\/\/www.meydan.tv\/az\/"},{"@type":"ListItem","position":2,"name":"X\u0259b\u0259rl\u0259r","item":"https:\/\/www.meydan.tv\/az\/section\/xeberler\/"},{"@type":"ListItem","position":3,"name":"Da\u011f\u0131lan komanda"}]},{"@type":"WebSite","@id":"https:\/\/www.meydan.tv\/az\/#website","url":"https:\/\/www.meydan.tv\/az\/","name":"MEYDAN.TV","description":"Meydan TV Az\u0259rbaycan\u0131n media m\u0259kan\u0131ndak\u0131 alternativ s\u0259sidir","publisher":{"@id":"https:\/\/www.meydan.tv\/az\/#organization"},"potentialAction":[{"@type":"SearchAction","target":{"@type":"EntryPoint","urlTemplate":"https:\/\/www.meydan.tv\/az\/?s={search_term_string}"},"query-input":{"@type":"PropertyValueSpecification","valueRequired":true,"valueName":"search_term_string"}}],"inLanguage":"az"},{"@type":"Organization","@id":"https:\/\/www.meydan.tv\/az\/#organization","name":"Meydan TV","url":"https:\/\/www.meydan.tv\/az\/","logo":{"@type":"ImageObject","inLanguage":"az","@id":"https:\/\/www.meydan.tv\/az\/#\/schema\/logo\/image\/","url":"https:\/\/www.meydan.tv\/wp-content\/uploads\/2021\/07\/meydan-logo.svg","contentUrl":"https:\/\/www.meydan.tv\/wp-content\/uploads\/2021\/07\/meydan-logo.svg","width":195,"height":46,"caption":"Meydan TV"},"image":{"@id":"https:\/\/www.meydan.tv\/az\/#\/schema\/logo\/image\/"}},{"@type":"Person","@id":"https:\/\/www.meydan.tv\/az\/#\/schema\/person\/10d11eccf6da3662cf5fdab9806ea91a","name":"user-manager"}]}},"_links":{"self":[{"href":"https:\/\/www.meydan.tv\/az\/wp-json\/wp\/v2\/posts\/167929","targetHints":{"allow":["GET"]}}],"collection":[{"href":"https:\/\/www.meydan.tv\/az\/wp-json\/wp\/v2\/posts"}],"about":[{"href":"https:\/\/www.meydan.tv\/az\/wp-json\/wp\/v2\/types\/post"}],"author":[{"embeddable":true,"href":"https:\/\/www.meydan.tv\/az\/wp-json\/wp\/v2\/users\/11"}],"replies":[{"embeddable":true,"href":"https:\/\/www.meydan.tv\/az\/wp-json\/wp\/v2\/comments?post=167929"}],"version-history":[{"count":0,"href":"https:\/\/www.meydan.tv\/az\/wp-json\/wp\/v2\/posts\/167929\/revisions"}],"wp:featuredmedia":[{"embeddable":true,"href":"https:\/\/www.meydan.tv\/az\/wp-json\/wp\/v2\/media\/24474"}],"wp:attachment":[{"href":"https:\/\/www.meydan.tv\/az\/wp-json\/wp\/v2\/media?parent=167929"}],"wp:term":[{"taxonomy":"category","embeddable":true,"href":"https:\/\/www.meydan.tv\/az\/wp-json\/wp\/v2\/categories?post=167929"},{"taxonomy":"post_tag","embeddable":true,"href":"https:\/\/www.meydan.tv\/az\/wp-json\/wp\/v2\/tags?post=167929"}],"curies":[{"name":"wp","href":"https:\/\/api.w.org\/{rel}","templated":true}]}}