{"id":167926,"date":"2015-05-16T12:01:30","date_gmt":"2015-05-16T12:01:30","guid":{"rendered":"https:\/\/www.meydan.tv\/article\/vyetnam-boyuk-eliyevden-kicik-eliyeve\/"},"modified":"2015-05-16T12:01:30","modified_gmt":"2015-05-16T12:01:30","slug":"vyetnam-boyuk-eliyevden-kicik-eliyeve","status":"publish","type":"post","link":"https:\/\/www.meydan.tv\/az\/article\/vyetnam-boyuk-eliyevden-kicik-eliyeve\/","title":{"rendered":"Vyetnam &#8211; b\u00f6y\u00fck \u018fliyevd\u0259n ki\u00e7ik \u018fliyev\u0259"},"content":{"rendered":"<figure class=\"wp-block-image size-large\">\n  <img decoding=\"async\" src=\"https:\/\/www.meydan.tv\/az\/24471\/\" alt=\"\" class=\"wp-image-24471\"\/><figcaption><\/figcaption><\/figure>\n<figure class=\"wp-block-image size-large\">\n  <img decoding=\"async\" src=\"https:\/\/www.meydan.tv\/az\/24471\/\" alt=\"\" class=\"wp-image-24471\"\/><figcaption><\/figcaption><\/figure>\n<p>\n  <i><br \/>\n    Vyetnam prezidentinin n\u0259tic\u0259l\u0259rinin prezident \u018fliyevin iki \u00f6lk\u0259 aras\u0131nda \u201cticar\u0259t-iqtisadi \u0259laq\u0259l\u0259rin u\u011furlu inki\u015faf\u0131 v\u0259 art\u0131m\u0131 haqq\u0131nda\u201d nikbin \u0259hval-ruhiyy\u0259sini m\u00f6hk\u0259ml\u0259ndirib-m\u00f6hk\u0259ml\u0259ndirm\u0259diyi m\u0259lum deyil<br \/>\n  <\/i>\n<\/p>\n<p>\n  \u0421\u00fcm\u0259 g\u00fcn\u00fc, may\u0131n 15-d\u0259 Vyetnam prezidenti \u00c7onq Tanq \u015eanq\u0131n Az\u0259rbaycana \u00fc\u00e7 g\u00fcnl\u00fck r\u0259smi s\u0259f\u0259ri ba\u015fa \u00e7at\u0131b. Bu s\u0259f\u0259r Az\u0259rbaycan prezidenti \u0130lham \u018fliyevin Vyetnama r\u0259smi s\u0259f\u0259rind\u0259n d\u00fcz bir il sonra ba\u015f tutub.\n<\/p>\n<p>\n  H\u0259r iki s\u0259f\u0259r 11 avqust 2010-cu ild\u0259 Az\u0259rbaycan tankerinin Zunq Kvat neft emal\u0131 zavodu \u00fc\u00e7\u00fcn Vyetnam\u0131n C\u0259nubi Tan liman\u0131na ilk partiya nefti aparmas\u0131ndan sonra ticar\u0259t d\u00f6vriyy\u0259sinin ard\u0131c\u0131l olaraq artmas\u0131ndan bir ne\u00e7\u0259 il sonra Vyetnam v\u0259 Az\u0259rbaycan\u0131n ikit\u0259r\u0259fli ticar\u0259t-iqtisadi f\u0259all\u0131\u011f\u0131n\u0131n azald\u0131\u011f\u0131 d\u00f6vr\u0259 t\u0259sad\u00fcf edib. H\u0259min vaxtdan etibar\u0259n ticar\u0259t d\u00f6vriyy\u0259sinin \u0259ks\u0259r hiss\u0259sini Az\u0259rbaycan nefti t\u0259\u015fkil edib. 2013-c\u00fc ild\u0259 ticar\u0259t d\u00f6vriyy\u0259si 308 mln. dollara \u00e7at\u0131b, bunun 300 mln. dollar\u0131 Az\u0259rbaycan neftinin pay\u0131na d\u00fc\u015f\u00fcb. Lakin 2014-c\u00fc ild\u0259 art\u0131q bu g\u00f6st\u0259rici d\u00f6rd d\u0259f\u0259 azalaraq, 79,76 mln. t\u0259\u015fkil edib, bunun 75,37 mln. dollar\u0131 neft ixrac\u0131n\u0131n pay\u0131na d\u00fc\u015f\u00fcb. Neft qiym\u0259tl\u0259rinin azalmas\u0131 da burada b\u00f6y\u00fck olmasa da, m\u00fc\u0259yy\u0259n d\u0259r\u0259c\u0259d\u0259 rol oynay\u0131b.\n<\/p>\n<p>\n  T\u0259r\u0259fl\u0259r ticar\u0259t d\u00f6vriyy\u0259sinin bu q\u0259d\u0259r azalmas\u0131n\u0131 he\u00e7 c\u00fcr izah etmir. H\u0259m d\u0259 neft ixrac\u0131n\u0131n ba\u015flan\u011f\u0131c\u0131nda iqtisadi \u0259m\u0259kda\u015fl\u0131q g\u00f6st\u0259ricisini t\u0259xmin\u0259n bir ne\u00e7\u0259 ild\u0259 1 mlrd. dollara \u00e7atd\u0131rmaq planlar\u0131ndan dan\u0131\u015f\u0131l\u0131rd\u0131. Tayvan, Tayland v\u0259 \u0130ndoneziya il\u0259 buna m\u00fcv\u0259ff\u0259q olmaq m\u00fcmk\u00fcn olub.\n<\/p>\n<p>\n  Vyetnam prezidentinin n\u0259tic\u0259l\u0259rinin prezident \u018fliyevin iki \u00f6lk\u0259 aras\u0131nda \u201cticar\u0259t-iqtisadi \u0259laq\u0259l\u0259rin u\u011furlu inki\u015faf\u0131 v\u0259 art\u0131m\u0131 haqq\u0131nda\u201d nikbin \u0259hval-ruhiyy\u0259sini m\u00f6hk\u0259ml\u0259ndirib-m\u00f6hk\u0259ml\u0259ndirm\u0259diyi m\u0259lum deyil.\n<\/p>\n<p>\n  S\u0259f\u0259rin n\u0259tic\u0259l\u0259rin\u0259 g\u00f6r\u0259, SOCAR d\u00f6vl\u0259t neft \u015firk\u0259ti v\u0259 Vyetnam\u0131n Petrovetnam \u015firk\u0259ti aras\u0131nda, k\u0259nd t\u0259s\u0259rr\u00fcfat\u0131 nazirlikl\u0259ri, g\u00f6mr\u00fck orqanlar\u0131 v\u0259 n\u0259qliyyat nazirlikl\u0259ri aras\u0131nda qar\u015f\u0131l\u0131ql\u0131 anla\u015fma memorandumlar\u0131 imzalan\u0131b. Memorandumlar\u0131n m\u0259zmunu a\u00e7\u0131qlanm\u0131r, lakin s\u0259f\u0259ri haz\u0131rlayan Vyetnam\u0131n maliyy\u0259 nazirinin m\u00fcavini Do Xoanq An Tuan d\u00fcn\u0259n bildirib ki, s\u00f6hb\u0259t qar\u015f\u0131l\u0131ql\u0131 investisiyalar \u00fc\u00e7\u00fcn \u015f\u0259rait yarad\u0131lmas\u0131ndan, narkotik qa\u00e7aqmal\u00e7\u0131l\u0131\u011f\u0131na v\u0259 g\u00f6mr\u00fck h\u00fcquqpozmalar\u0131na qar\u015f\u0131 m\u00fcbariz\u0259 sah\u0259l\u0259rind\u0259 \u0259m\u0259kda\u015fl\u0131\u011f\u0131n g\u00fccl\u0259ndirilm\u0259sind\u0259n gedir.\n<\/p>\n<p>\n  Az\u0259rbaycan\u0131n Vyetnama mara\u011f\u0131 h\u0259l\u0259 prezident Heyd\u0259r \u018fliyevin d\u00f6vr\u00fcnd\u0259 yaran\u0131b. Onun \u00fc\u00e7\u00fcn sosialist qurulu\u015funu qoruyub saxlam\u0131\u015f bu \u00f6lk\u0259 ke\u00e7mi\u015fin nostalji adas\u0131 idi. \u018fliyev sovet politb\u00fcrosunun \u00fczv\u00fc kimi Vyetnama s\u0259f\u0259r edirdi v\u0259 \u00f6lk\u0259 xalq\u0131n\u0131n m\u0259d\u0259niyy\u0259ti v\u0259 \u0259n\u0259n\u0259l\u0259ri il\u0259 yax\u015f\u0131 tan\u0131\u015f idi. Sovet d\u00f6vr\u00fcnd\u0259 Bak\u0131 ali m\u0259kt\u0259bl\u0259rind\u0259 bu xalq\u0131n n\u00fcmay\u0259nd\u0259l\u0259rini g\u00f6rm\u0259k olard\u0131.\n<\/p>\n<p>\n  \u0130lham \u018fliyev d\u00f6vr\u00fcnd\u0259 is\u0259 Vyetnam enerji resurslar\u0131n\u0131n ixrac\u0131 istiqam\u0259tinin Avropadan dinamik inki\u015faf ed\u0259n Asiya t\u0259r\u0259f\u0259 d\u0259yi\u015fdirilm\u0259si konsepsiyas\u0131 \u00e7\u0259r\u00e7iv\u0259sind\u0259 praqmatik maraq do\u011furub. Bu zaman s\u00f6hb\u0259t t\u0259kc\u0259 xammal ixrac\u0131ndan deyil, h\u0259m d\u0259 onun yerli m\u00fc\u0259ssis\u0259l\u0259rd\u0259 emal\u0131nda i\u015ftirak\u0131ndan, h\u0259m\u00e7inin neftd\u0259n \u0259ld\u0259 edilmi\u015f g\u0259lirl\u0259rin Sakit Okean regionunda m\u00fcxt\u0259lif layih\u0259l\u0259r\u0259 investisiyas\u0131ndan gedirdi.\n<\/p>\n<p>\n  2008-ci ild\u0259n \u2013 \u201c\u018fsrin m\u00fcqavil\u0259si\u201dnd\u0259 g\u0259lirli neftd\u0259 Az\u0259rbaycan t\u0259r\u0259fin pay\u0131 20 faizd\u0259n 80 faiz\u0259 q\u0259d\u0259r artd\u0131\u011f\u0131 andan etibar\u0259n neft ixrac\u0131 Asiyaya y\u00f6n\u0259lm\u0259y\u0259 ba\u015flay\u0131r v\u0259 12,2 faizd\u0259n 2013-c\u00fc ild\u0259 31 faiz\u0259 q\u0259d\u0259r art\u0131b.\n<\/p>\n<p>\n  Bu regionda Vyetnam bir ne\u00e7\u0259 parametr\u0259 g\u00f6r\u0259 c\u0259lbedicidir: s\u0259rf\u0259li co\u011frafi m\u00f6vqeyi (Tayland, \u00c7in, Kamboca, Filippin, Malayziya, Sinqapur, \u0130ndoneziya il\u0259 qon\u015fuluq), \u00f6lk\u0259 \u00f6z\u00fc 19 mln. ton neft istehsal edir, \u0259halisi 92 mln. n\u0259f\u0259rdir, ucuz i\u015f\u00e7i q\u00fcvv\u0259si var (adamba\u015f\u0131na \u00dcDM 3000), Az\u0259rbaycandak\u0131 kimi birpartiyal\u0131 d\u00f6vl\u0259t idar\u0259etm\u0259 sistemi var.\n<\/p>\n<p>\n  Se\u00e7ilmi\u015f c\u0259nub-\u015f\u0259rq strategiyas\u0131 azalmaqda olan xarici ticar\u0259t n\u0259tic\u0259l\u0259rin\u0259 he\u00e7 c\u00fcr uy\u011fun g\u0259lmir v\u0259 g\u00f6r\u00fcn\u00fcr, prezidentl\u0259rin ikit\u0259r\u0259fli s\u0259f\u0259rl\u0259ri \u201cVyetnam layih\u0259si\u201d yolunda yaranm\u0131\u015f mane\u0259l\u0259rin aradan qald\u0131r\u0131lmas\u0131 m\u0259qs\u0259di da\u015f\u0131y\u0131r. \u0130mzalanm\u0131\u015f memorandumlara neft ticar\u0259ti f\u0259all\u0131\u011f\u0131n\u0131n reanimasiyas\u0131 \u00fc\u00e7\u00fcn platforma kimi qiym\u0259tl\u0259ndirm\u0259k olmasa da, onlara ke\u00e7mi\u015fd\u0259 c\u0131z\u0131lm\u0131\u015f planlar\u0131n h\u0259yata ke\u00e7irilm\u0259si \u00fc\u00e7\u00fcn imkan kimi baxmaq olar. Prezident \u018fliyev birinci r\u00fcbd\u0259 ticar\u0259t d\u00f6vriyy\u0259sinin art\u0131q artd\u0131\u011f\u0131n\u0131 qeyd edib. Lakin 2013-c\u00fc il g\u00f6st\u0259ricil\u0259rinin b\u0259rpas\u0131n\u0131n m\u00fcmk\u00fcn olub-olmad\u0131\u011f\u0131n\u0131 n\u00f6vb\u0259ti r\u00fcbl\u0259rin n\u0259tic\u0259l\u0259ri g\u00f6st\u0259r\u0259c\u0259k. Onlara \u0259sas\u0259n prezident \u00c7onq Tanq \u015eanq\u0131n s\u0259f\u0259rinin n\u0259tic\u0259l\u0259rini m\u00fchakim\u0259 etm\u0259k olacaq.\n<\/p>\n<p>\n  <b><br \/>\n    Turan Analitika Xidm\u0259ti<br \/>\n  <\/b><\/p>\n","protected":false},"excerpt":{"rendered":"<p>Vyetnam prezidentinin n\u0259tic\u0259l\u0259rinin prezident \u018fliyevin iki \u00f6lk\u0259 aras\u0131nda \u201cticar\u0259t-iqtisadi \u0259laq\u0259l\u0259rin u\u011furlu inki\u015faf\u0131 v\u0259 art\u0131m\u0131 haqq\u0131nda\u201d nikbin \u0259hval-ruhiyy\u0259sini m\u00f6hk\u0259ml\u0259ndirib-m\u00f6hk\u0259ml\u0259ndirm\u0259diyi m\u0259lum deyil<\/p>\n","protected":false},"author":11,"featured_media":24471,"comment_status":"closed","ping_status":"open","sticky":false,"template":"","format":"standard","meta":{"_acf_changed":false,"_sitemap_exclude":false,"_sitemap_priority":"","_sitemap_frequency":"","footnotes":""},"categories":[56],"tags":[],"class_list":["post-167926","post","type-post","status-publish","format-standard","has-post-thumbnail","hentry","category-xeberler","infinite-scroll-item","generate-columns","tablet-grid-50","mobile-grid-100","grid-parent","grid-33","no-featured-image-padding"],"acf":[],"yoast_head":"<!-- This site is optimized with the Yoast SEO plugin v28.4 - https:\/\/yoast.com\/product\/yoast-seo-wordpress\/ -->\n<title>Vyetnam - b\u00f6y\u00fck \u018fliyevd\u0259n ki\u00e7ik \u018fliyev\u0259 - MEYDAN.TV<\/title>\n<meta name=\"robots\" content=\"index, follow, max-snippet:-1, max-image-preview:large, max-video-preview:-1\" \/>\n<link rel=\"canonical\" href=\"https:\/\/www.meydan.tv\/az\/article\/vyetnam-boyuk-eliyevden-kicik-eliyeve\/\" \/>\n<meta property=\"og:locale\" content=\"az_AZ\" \/>\n<meta property=\"og:type\" content=\"article\" \/>\n<meta property=\"og:title\" content=\"Vyetnam - b\u00f6y\u00fck \u018fliyevd\u0259n ki\u00e7ik \u018fliyev\u0259 - MEYDAN.TV\" \/>\n<meta property=\"og:description\" content=\"Vyetnam prezidentinin n\u0259tic\u0259l\u0259rinin prezident \u018fliyevin iki \u00f6lk\u0259 aras\u0131nda \u201cticar\u0259t-iqtisadi \u0259laq\u0259l\u0259rin u\u011furlu inki\u015faf\u0131 v\u0259 art\u0131m\u0131 haqq\u0131nda\u201d nikbin \u0259hval-ruhiyy\u0259sini m\u00f6hk\u0259ml\u0259ndirib-m\u00f6hk\u0259ml\u0259ndirm\u0259diyi m\u0259lum deyil\" \/>\n<meta property=\"og:url\" content=\"https:\/\/www.meydan.tv\/az\/article\/vyetnam-boyuk-eliyevden-kicik-eliyeve\/\" \/>\n<meta property=\"og:site_name\" content=\"MEYDAN.TV\" \/>\n<meta property=\"article:published_time\" content=\"2015-05-16T12:01:30+00:00\" \/>\n<meta property=\"og:image\" content=\"https:\/\/www.meydan.tv\/wp-content\/uploads\/8906.jpg\" \/>\n\t<meta property=\"og:image:width\" content=\"593\" \/>\n\t<meta property=\"og:image:height\" content=\"400\" \/>\n\t<meta property=\"og:image:type\" content=\"image\/jpeg\" \/>\n<meta name=\"twitter:card\" content=\"summary_large_image\" \/>\n<!-- \/ Yoast SEO plugin. -->","yoast_head_json":{"title":"Vyetnam - b\u00f6y\u00fck \u018fliyevd\u0259n ki\u00e7ik \u018fliyev\u0259 - MEYDAN.TV","robots":{"index":"index","follow":"follow","max-snippet":"max-snippet:-1","max-image-preview":"max-image-preview:large","max-video-preview":"max-video-preview:-1"},"canonical":"https:\/\/www.meydan.tv\/az\/article\/vyetnam-boyuk-eliyevden-kicik-eliyeve\/","og_locale":"az_AZ","og_type":"article","og_title":"Vyetnam - b\u00f6y\u00fck \u018fliyevd\u0259n ki\u00e7ik \u018fliyev\u0259 - MEYDAN.TV","og_description":"Vyetnam prezidentinin n\u0259tic\u0259l\u0259rinin prezident \u018fliyevin iki \u00f6lk\u0259 aras\u0131nda \u201cticar\u0259t-iqtisadi \u0259laq\u0259l\u0259rin u\u011furlu inki\u015faf\u0131 v\u0259 art\u0131m\u0131 haqq\u0131nda\u201d nikbin \u0259hval-ruhiyy\u0259sini m\u00f6hk\u0259ml\u0259ndirib-m\u00f6hk\u0259ml\u0259ndirm\u0259diyi m\u0259lum deyil","og_url":"https:\/\/www.meydan.tv\/az\/article\/vyetnam-boyuk-eliyevden-kicik-eliyeve\/","og_site_name":"MEYDAN.TV","article_published_time":"2015-05-16T12:01:30+00:00","og_image":[{"width":593,"height":400,"url":"https:\/\/www.meydan.tv\/wp-content\/uploads\/8906.jpg","type":"image\/jpeg"}],"twitter_card":"summary_large_image","schema":{"@context":"https:\/\/schema.org","@graph":[{"@type":"Article","@id":"https:\/\/www.meydan.tv\/az\/article\/vyetnam-boyuk-eliyevden-kicik-eliyeve\/#article","isPartOf":{"@id":"https:\/\/www.meydan.tv\/az\/article\/vyetnam-boyuk-eliyevden-kicik-eliyeve\/"},"author":{"name":"user-manager","@id":"https:\/\/www.meydan.tv\/az\/#\/schema\/person\/10d11eccf6da3662cf5fdab9806ea91a"},"headline":"Vyetnam &#8211; b\u00f6y\u00fck \u018fliyevd\u0259n ki\u00e7ik \u018fliyev\u0259","datePublished":"2015-05-16T12:01:30+00:00","mainEntityOfPage":{"@id":"https:\/\/www.meydan.tv\/az\/article\/vyetnam-boyuk-eliyevden-kicik-eliyeve\/"},"wordCount":1067,"publisher":{"@id":"https:\/\/www.meydan.tv\/az\/#organization"},"image":{"@id":"https:\/\/www.meydan.tv\/az\/article\/vyetnam-boyuk-eliyevden-kicik-eliyeve\/#primaryimage"},"thumbnailUrl":"https:\/\/www.meydan.tv\/wp-content\/uploads\/8906.jpg","articleSection":["X\u0259b\u0259rl\u0259r"],"inLanguage":"az"},{"@type":"WebPage","@id":"https:\/\/www.meydan.tv\/az\/article\/vyetnam-boyuk-eliyevden-kicik-eliyeve\/","url":"https:\/\/www.meydan.tv\/az\/article\/vyetnam-boyuk-eliyevden-kicik-eliyeve\/","name":"Vyetnam - b\u00f6y\u00fck \u018fliyevd\u0259n ki\u00e7ik \u018fliyev\u0259 - MEYDAN.TV","isPartOf":{"@id":"https:\/\/www.meydan.tv\/az\/#website"},"primaryImageOfPage":{"@id":"https:\/\/www.meydan.tv\/az\/article\/vyetnam-boyuk-eliyevden-kicik-eliyeve\/#primaryimage"},"image":{"@id":"https:\/\/www.meydan.tv\/az\/article\/vyetnam-boyuk-eliyevden-kicik-eliyeve\/#primaryimage"},"thumbnailUrl":"https:\/\/www.meydan.tv\/wp-content\/uploads\/8906.jpg","datePublished":"2015-05-16T12:01:30+00:00","breadcrumb":{"@id":"https:\/\/www.meydan.tv\/az\/article\/vyetnam-boyuk-eliyevden-kicik-eliyeve\/#breadcrumb"},"inLanguage":"az","potentialAction":[{"@type":"ReadAction","target":["https:\/\/www.meydan.tv\/az\/article\/vyetnam-boyuk-eliyevden-kicik-eliyeve\/"]}]},{"@type":"ImageObject","inLanguage":"az","@id":"https:\/\/www.meydan.tv\/az\/article\/vyetnam-boyuk-eliyevden-kicik-eliyeve\/#primaryimage","url":"https:\/\/www.meydan.tv\/wp-content\/uploads\/8906.jpg","contentUrl":"https:\/\/www.meydan.tv\/wp-content\/uploads\/8906.jpg","width":593,"height":400,"caption":"Source:"},{"@type":"BreadcrumbList","@id":"https:\/\/www.meydan.tv\/az\/article\/vyetnam-boyuk-eliyevden-kicik-eliyeve\/#breadcrumb","itemListElement":[{"@type":"ListItem","position":1,"name":"Ana s\u0259hif\u0259","item":"https:\/\/www.meydan.tv\/az\/"},{"@type":"ListItem","position":2,"name":"X\u0259b\u0259rl\u0259r","item":"https:\/\/www.meydan.tv\/az\/section\/xeberler\/"},{"@type":"ListItem","position":3,"name":"Vyetnam &#8211; b\u00f6y\u00fck \u018fliyevd\u0259n ki\u00e7ik \u018fliyev\u0259"}]},{"@type":"WebSite","@id":"https:\/\/www.meydan.tv\/az\/#website","url":"https:\/\/www.meydan.tv\/az\/","name":"MEYDAN.TV","description":"Meydan TV Az\u0259rbaycan\u0131n media m\u0259kan\u0131ndak\u0131 alternativ s\u0259sidir","publisher":{"@id":"https:\/\/www.meydan.tv\/az\/#organization"},"potentialAction":[{"@type":"SearchAction","target":{"@type":"EntryPoint","urlTemplate":"https:\/\/www.meydan.tv\/az\/?s={search_term_string}"},"query-input":{"@type":"PropertyValueSpecification","valueRequired":true,"valueName":"search_term_string"}}],"inLanguage":"az"},{"@type":"Organization","@id":"https:\/\/www.meydan.tv\/az\/#organization","name":"Meydan TV","url":"https:\/\/www.meydan.tv\/az\/","logo":{"@type":"ImageObject","inLanguage":"az","@id":"https:\/\/www.meydan.tv\/az\/#\/schema\/logo\/image\/","url":"https:\/\/www.meydan.tv\/wp-content\/uploads\/2021\/07\/meydan-logo.svg","contentUrl":"https:\/\/www.meydan.tv\/wp-content\/uploads\/2021\/07\/meydan-logo.svg","width":195,"height":46,"caption":"Meydan TV"},"image":{"@id":"https:\/\/www.meydan.tv\/az\/#\/schema\/logo\/image\/"}},{"@type":"Person","@id":"https:\/\/www.meydan.tv\/az\/#\/schema\/person\/10d11eccf6da3662cf5fdab9806ea91a","name":"user-manager"}]}},"_links":{"self":[{"href":"https:\/\/www.meydan.tv\/az\/wp-json\/wp\/v2\/posts\/167926","targetHints":{"allow":["GET"]}}],"collection":[{"href":"https:\/\/www.meydan.tv\/az\/wp-json\/wp\/v2\/posts"}],"about":[{"href":"https:\/\/www.meydan.tv\/az\/wp-json\/wp\/v2\/types\/post"}],"author":[{"embeddable":true,"href":"https:\/\/www.meydan.tv\/az\/wp-json\/wp\/v2\/users\/11"}],"replies":[{"embeddable":true,"href":"https:\/\/www.meydan.tv\/az\/wp-json\/wp\/v2\/comments?post=167926"}],"version-history":[{"count":0,"href":"https:\/\/www.meydan.tv\/az\/wp-json\/wp\/v2\/posts\/167926\/revisions"}],"wp:featuredmedia":[{"embeddable":true,"href":"https:\/\/www.meydan.tv\/az\/wp-json\/wp\/v2\/media\/24471"}],"wp:attachment":[{"href":"https:\/\/www.meydan.tv\/az\/wp-json\/wp\/v2\/media?parent=167926"}],"wp:term":[{"taxonomy":"category","embeddable":true,"href":"https:\/\/www.meydan.tv\/az\/wp-json\/wp\/v2\/categories?post=167926"},{"taxonomy":"post_tag","embeddable":true,"href":"https:\/\/www.meydan.tv\/az\/wp-json\/wp\/v2\/tags?post=167926"}],"curies":[{"name":"wp","href":"https:\/\/api.w.org\/{rel}","templated":true}]}}