{"id":167914,"date":"2015-05-15T17:57:52","date_gmt":"2015-05-15T17:57:52","guid":{"rendered":"https:\/\/www.meydan.tv\/article\/siyasi-mehbuslarin-efvi-meselesi-prezidentin-diqqetine-catdirilacaq\/"},"modified":"2015-05-15T17:57:52","modified_gmt":"2015-05-15T17:57:52","slug":"siyasi-mehbuslarin-efvi-meselesi-prezidentin-diqqetine-catdirilacaq","status":"publish","type":"post","link":"https:\/\/www.meydan.tv\/az\/article\/siyasi-mehbuslarin-efvi-meselesi-prezidentin-diqqetine-catdirilacaq\/","title":{"rendered":"Siyasi m\u0259hbuslar\u0131n \u0259fvi m\u0259s\u0259l\u0259si prezidentin diqq\u0259tin\u0259 \u00e7atd\u0131r\u0131lacaq"},"content":{"rendered":"<figure class=\"wp-block-image size-large\">\n  <img decoding=\"async\" src=\"https:\/\/www.meydan.tv\/az\/24372\/\" alt=\"\" class=\"wp-image-24372\"\/><figcaption><\/figcaption><\/figure>\n<figure class=\"wp-block-image size-large\">\n  <img decoding=\"async\" src=\"https:\/\/www.meydan.tv\/az\/24372\/\" alt=\"\" class=\"wp-image-24372\"\/><figcaption><\/figcaption><\/figure>\n<p>\n  <i><br \/>\n    &#8220;Deyirl\u0259r, \u0130ntiqam \u018fliyev siyasi m\u0259hbus deyil. Yax\u015f\u0131, dey\u0259k ki, bu bel\u0259dir. Lakin ona yana\u015fma siyasidir&#8221;<br \/>\n  <\/i>\n<\/p>\n<p>\n  \u00d6lk\u0259 prezidentinin ictimai-siyasi m\u0259s\u0259l\u0259l\u0259r \u00fczr\u0259 k\u00f6m\u0259k\u00e7isi \u018fli H\u0259s\u0259novun bir s\u0131ra partiya liderl\u0259ri il\u0259 g\u00f6r\u00fc\u015f\u00fcnd\u0259 siyasi m\u0259hbuslar m\u0259s\u0259l\u0259si qald\u0131r\u0131l\u0131b.\n<\/p>\n<p>\n  Bu bar\u0259d\u0259 \u018f.H\u0259s\u0259nov g\u00f6r\u00fc\u015fd\u0259n sonra jurnalistl\u0259r\u0259 bildirib. Onun s\u00f6zl\u0259rin\u0259 g\u00f6r\u0259, \u0259vv\u0259lki iki g\u00f6r\u00fc\u015fd\u0259 oldu\u011fu kimi, bir s\u0131ra partiya n\u00fcmay\u0259nd\u0259l\u0259ri \u201cb\u0259zi m\u0259hbuslar\u201dla ba\u011fl\u0131 m\u0259s\u0259l\u0259 qald\u0131r\u0131blar v\u0259 onlar\u0131n \u0259fv olunmas\u0131m\u0131 xahi\u015f edibl\u0259r.\n<\/p>\n<p>\n  \u018f.H\u0259s\u0259nov v\u0259d edib ki, partiyalar\u0131n m\u00fcraci\u0259ti prezidentin diqq\u0259tin\u0259 \u00e7atd\u0131r\u0131lacaq. O, g\u00f6r\u00fc\u015f\u00fc \u201cs\u0259m\u0259r\u0259li\u201d adland\u0131r\u0131b.\n<\/p>\n<p>\n  Siyasi m\u0259hbuslar m\u0259s\u0259l\u0259sini qald\u0131ranlardan biri \u00dcmid Partiyas\u0131n\u0131n lideri \u0130qbal A\u011fazad\u0259dir. O hesab edir ki, siyasi m\u0259hbuslar problemi h\u0259ll olunmal\u0131d\u0131r.\n<\/p>\n<p>\n  \u0130.A\u011fazad\u0259 hakimiyy\u0259tin c\u0259za m\u0259s\u0259l\u0259sin\u0259 se\u00e7ici yana\u015fd\u011f\u0131n\u0131 qeyd edib. Bel\u0259 ki, prokuror h\u00fcquq m\u00fcdafi\u0259\u00e7isi \u0130ntiqam \u018fliyevin 9 il m\u00fcdd\u0259tin\u0259 m\u00fchakim\u0259 olunmas\u0131n\u0131 ist\u0259yir, ancaq M\u00fcdafi\u0259 Nazirliyinin 2 mln. manat\u0131 m\u0259nims\u0259mi\u015f m\u0259muruna \u015f\u0259rti c\u0259za ist\u0259yir.\n<\/p>\n<p>\n  \u201cDeyirl\u0259r, \u0130ntiqam \u018fliyev siyasi m\u0259hbus deyil. Yax\u015f\u0131, dey\u0259k ki, bu bel\u0259dir. Lakin ona yana\u015fma siyasidir. Bel\u0259 ki, o, hakimiyy\u0259tin x\u0259ttin\u0259 qar\u015f\u0131 \u00e7\u0131x\u0131r, d\u00f6vl\u0259t \u0259mlak\u0131n\u0131 m\u0259nims\u0259y\u0259n \u015f\u0259xs is\u0259 hakimiyy\u0259tin x\u0259ttini d\u0259st\u0259kl\u0259yir. Bunu nec\u0259 ist\u0259s\u0259niz adland\u0131rmaq olar, amma \u0130ntiqam \u018fliyev m\u0259hz siyasi yana\u015fma n\u0259tic\u0259sind\u0259 h\u0259bs olunub\u201d, &#8211; \u0130.A\u011fazad\u0259 vur\u011fulay\u0131b.<\/p>\n","protected":false},"excerpt":{"rendered":"<p>&#8220;Deyirl\u0259r, \u0130ntiqam \u018fliyev siyasi m\u0259hbus deyil. Yax\u015f\u0131, dey\u0259k ki, bu bel\u0259dir. Lakin ona yana\u015fma siyasidir&#8221;<\/p>\n","protected":false},"author":11,"featured_media":24372,"comment_status":"closed","ping_status":"open","sticky":false,"template":"","format":"standard","meta":{"_acf_changed":false,"_sitemap_exclude":false,"_sitemap_priority":"","_sitemap_frequency":"","footnotes":""},"categories":[56],"tags":[],"class_list":["post-167914","post","type-post","status-publish","format-standard","has-post-thumbnail","hentry","category-xeberler","infinite-scroll-item","generate-columns","tablet-grid-50","mobile-grid-100","grid-parent","grid-33","no-featured-image-padding"],"acf":[],"yoast_head":"<!-- This site is optimized with the Yoast SEO plugin v28.4 - https:\/\/yoast.com\/product\/yoast-seo-wordpress\/ -->\n<title>Siyasi m\u0259hbuslar\u0131n \u0259fvi m\u0259s\u0259l\u0259si prezidentin diqq\u0259tin\u0259 \u00e7atd\u0131r\u0131lacaq - MEYDAN.TV<\/title>\n<meta name=\"robots\" content=\"index, follow, max-snippet:-1, max-image-preview:large, max-video-preview:-1\" \/>\n<link rel=\"canonical\" href=\"https:\/\/www.meydan.tv\/az\/article\/siyasi-mehbuslarin-efvi-meselesi-prezidentin-diqqetine-catdirilacaq\/\" \/>\n<meta property=\"og:locale\" content=\"az_AZ\" \/>\n<meta property=\"og:type\" content=\"article\" \/>\n<meta property=\"og:title\" content=\"Siyasi m\u0259hbuslar\u0131n \u0259fvi m\u0259s\u0259l\u0259si prezidentin diqq\u0259tin\u0259 \u00e7atd\u0131r\u0131lacaq - MEYDAN.TV\" \/>\n<meta property=\"og:description\" content=\"&quot;Deyirl\u0259r, \u0130ntiqam \u018fliyev siyasi m\u0259hbus deyil. Yax\u015f\u0131, dey\u0259k ki, bu bel\u0259dir. Lakin ona yana\u015fma siyasidir&quot;\" \/>\n<meta property=\"og:url\" content=\"https:\/\/www.meydan.tv\/az\/article\/siyasi-mehbuslarin-efvi-meselesi-prezidentin-diqqetine-catdirilacaq\/\" \/>\n<meta property=\"og:site_name\" content=\"MEYDAN.TV\" \/>\n<meta property=\"article:published_time\" content=\"2015-05-15T17:57:52+00:00\" \/>\n<meta property=\"og:image\" content=\"https:\/\/www.meydan.tv\/wp-content\/uploads\/8876.jpg\" \/>\n\t<meta property=\"og:image:width\" content=\"631\" \/>\n\t<meta property=\"og:image:height\" content=\"300\" \/>\n\t<meta property=\"og:image:type\" content=\"image\/jpeg\" \/>\n<meta name=\"twitter:card\" content=\"summary_large_image\" \/>\n<!-- \/ Yoast SEO plugin. -->","yoast_head_json":{"title":"Siyasi m\u0259hbuslar\u0131n \u0259fvi m\u0259s\u0259l\u0259si prezidentin diqq\u0259tin\u0259 \u00e7atd\u0131r\u0131lacaq - MEYDAN.TV","robots":{"index":"index","follow":"follow","max-snippet":"max-snippet:-1","max-image-preview":"max-image-preview:large","max-video-preview":"max-video-preview:-1"},"canonical":"https:\/\/www.meydan.tv\/az\/article\/siyasi-mehbuslarin-efvi-meselesi-prezidentin-diqqetine-catdirilacaq\/","og_locale":"az_AZ","og_type":"article","og_title":"Siyasi m\u0259hbuslar\u0131n \u0259fvi m\u0259s\u0259l\u0259si prezidentin diqq\u0259tin\u0259 \u00e7atd\u0131r\u0131lacaq - MEYDAN.TV","og_description":"\"Deyirl\u0259r, \u0130ntiqam \u018fliyev siyasi m\u0259hbus deyil. Yax\u015f\u0131, dey\u0259k ki, bu bel\u0259dir. Lakin ona yana\u015fma siyasidir\"","og_url":"https:\/\/www.meydan.tv\/az\/article\/siyasi-mehbuslarin-efvi-meselesi-prezidentin-diqqetine-catdirilacaq\/","og_site_name":"MEYDAN.TV","article_published_time":"2015-05-15T17:57:52+00:00","og_image":[{"width":631,"height":300,"url":"https:\/\/www.meydan.tv\/wp-content\/uploads\/8876.jpg","type":"image\/jpeg"}],"twitter_card":"summary_large_image","schema":{"@context":"https:\/\/schema.org","@graph":[{"@type":"Article","@id":"https:\/\/www.meydan.tv\/az\/article\/siyasi-mehbuslarin-efvi-meselesi-prezidentin-diqqetine-catdirilacaq\/#article","isPartOf":{"@id":"https:\/\/www.meydan.tv\/az\/article\/siyasi-mehbuslarin-efvi-meselesi-prezidentin-diqqetine-catdirilacaq\/"},"author":{"name":"user-manager","@id":"https:\/\/www.meydan.tv\/az\/#\/schema\/person\/10d11eccf6da3662cf5fdab9806ea91a"},"headline":"Siyasi m\u0259hbuslar\u0131n \u0259fvi m\u0259s\u0259l\u0259si prezidentin diqq\u0259tin\u0259 \u00e7atd\u0131r\u0131lacaq","datePublished":"2015-05-15T17:57:52+00:00","mainEntityOfPage":{"@id":"https:\/\/www.meydan.tv\/az\/article\/siyasi-mehbuslarin-efvi-meselesi-prezidentin-diqqetine-catdirilacaq\/"},"wordCount":323,"publisher":{"@id":"https:\/\/www.meydan.tv\/az\/#organization"},"image":{"@id":"https:\/\/www.meydan.tv\/az\/article\/siyasi-mehbuslarin-efvi-meselesi-prezidentin-diqqetine-catdirilacaq\/#primaryimage"},"thumbnailUrl":"https:\/\/www.meydan.tv\/wp-content\/uploads\/8876.jpg","articleSection":["X\u0259b\u0259rl\u0259r"],"inLanguage":"az"},{"@type":"WebPage","@id":"https:\/\/www.meydan.tv\/az\/article\/siyasi-mehbuslarin-efvi-meselesi-prezidentin-diqqetine-catdirilacaq\/","url":"https:\/\/www.meydan.tv\/az\/article\/siyasi-mehbuslarin-efvi-meselesi-prezidentin-diqqetine-catdirilacaq\/","name":"Siyasi m\u0259hbuslar\u0131n \u0259fvi m\u0259s\u0259l\u0259si prezidentin diqq\u0259tin\u0259 \u00e7atd\u0131r\u0131lacaq - MEYDAN.TV","isPartOf":{"@id":"https:\/\/www.meydan.tv\/az\/#website"},"primaryImageOfPage":{"@id":"https:\/\/www.meydan.tv\/az\/article\/siyasi-mehbuslarin-efvi-meselesi-prezidentin-diqqetine-catdirilacaq\/#primaryimage"},"image":{"@id":"https:\/\/www.meydan.tv\/az\/article\/siyasi-mehbuslarin-efvi-meselesi-prezidentin-diqqetine-catdirilacaq\/#primaryimage"},"thumbnailUrl":"https:\/\/www.meydan.tv\/wp-content\/uploads\/8876.jpg","datePublished":"2015-05-15T17:57:52+00:00","breadcrumb":{"@id":"https:\/\/www.meydan.tv\/az\/article\/siyasi-mehbuslarin-efvi-meselesi-prezidentin-diqqetine-catdirilacaq\/#breadcrumb"},"inLanguage":"az","potentialAction":[{"@type":"ReadAction","target":["https:\/\/www.meydan.tv\/az\/article\/siyasi-mehbuslarin-efvi-meselesi-prezidentin-diqqetine-catdirilacaq\/"]}]},{"@type":"ImageObject","inLanguage":"az","@id":"https:\/\/www.meydan.tv\/az\/article\/siyasi-mehbuslarin-efvi-meselesi-prezidentin-diqqetine-catdirilacaq\/#primaryimage","url":"https:\/\/www.meydan.tv\/wp-content\/uploads\/8876.jpg","contentUrl":"https:\/\/www.meydan.tv\/wp-content\/uploads\/8876.jpg","width":631,"height":300,"caption":"Source:"},{"@type":"BreadcrumbList","@id":"https:\/\/www.meydan.tv\/az\/article\/siyasi-mehbuslarin-efvi-meselesi-prezidentin-diqqetine-catdirilacaq\/#breadcrumb","itemListElement":[{"@type":"ListItem","position":1,"name":"Ana s\u0259hif\u0259","item":"https:\/\/www.meydan.tv\/az\/"},{"@type":"ListItem","position":2,"name":"X\u0259b\u0259rl\u0259r","item":"https:\/\/www.meydan.tv\/az\/section\/xeberler\/"},{"@type":"ListItem","position":3,"name":"Siyasi m\u0259hbuslar\u0131n \u0259fvi m\u0259s\u0259l\u0259si prezidentin diqq\u0259tin\u0259 \u00e7atd\u0131r\u0131lacaq"}]},{"@type":"WebSite","@id":"https:\/\/www.meydan.tv\/az\/#website","url":"https:\/\/www.meydan.tv\/az\/","name":"MEYDAN.TV","description":"Meydan TV Az\u0259rbaycan\u0131n media m\u0259kan\u0131ndak\u0131 alternativ s\u0259sidir","publisher":{"@id":"https:\/\/www.meydan.tv\/az\/#organization"},"potentialAction":[{"@type":"SearchAction","target":{"@type":"EntryPoint","urlTemplate":"https:\/\/www.meydan.tv\/az\/?s={search_term_string}"},"query-input":{"@type":"PropertyValueSpecification","valueRequired":true,"valueName":"search_term_string"}}],"inLanguage":"az"},{"@type":"Organization","@id":"https:\/\/www.meydan.tv\/az\/#organization","name":"Meydan TV","url":"https:\/\/www.meydan.tv\/az\/","logo":{"@type":"ImageObject","inLanguage":"az","@id":"https:\/\/www.meydan.tv\/az\/#\/schema\/logo\/image\/","url":"https:\/\/www.meydan.tv\/wp-content\/uploads\/2021\/07\/meydan-logo.svg","contentUrl":"https:\/\/www.meydan.tv\/wp-content\/uploads\/2021\/07\/meydan-logo.svg","width":195,"height":46,"caption":"Meydan TV"},"image":{"@id":"https:\/\/www.meydan.tv\/az\/#\/schema\/logo\/image\/"}},{"@type":"Person","@id":"https:\/\/www.meydan.tv\/az\/#\/schema\/person\/10d11eccf6da3662cf5fdab9806ea91a","name":"user-manager"}]}},"_links":{"self":[{"href":"https:\/\/www.meydan.tv\/az\/wp-json\/wp\/v2\/posts\/167914","targetHints":{"allow":["GET"]}}],"collection":[{"href":"https:\/\/www.meydan.tv\/az\/wp-json\/wp\/v2\/posts"}],"about":[{"href":"https:\/\/www.meydan.tv\/az\/wp-json\/wp\/v2\/types\/post"}],"author":[{"embeddable":true,"href":"https:\/\/www.meydan.tv\/az\/wp-json\/wp\/v2\/users\/11"}],"replies":[{"embeddable":true,"href":"https:\/\/www.meydan.tv\/az\/wp-json\/wp\/v2\/comments?post=167914"}],"version-history":[{"count":0,"href":"https:\/\/www.meydan.tv\/az\/wp-json\/wp\/v2\/posts\/167914\/revisions"}],"wp:featuredmedia":[{"embeddable":true,"href":"https:\/\/www.meydan.tv\/az\/wp-json\/wp\/v2\/media\/24372"}],"wp:attachment":[{"href":"https:\/\/www.meydan.tv\/az\/wp-json\/wp\/v2\/media?parent=167914"}],"wp:term":[{"taxonomy":"category","embeddable":true,"href":"https:\/\/www.meydan.tv\/az\/wp-json\/wp\/v2\/categories?post=167914"},{"taxonomy":"post_tag","embeddable":true,"href":"https:\/\/www.meydan.tv\/az\/wp-json\/wp\/v2\/tags?post=167914"}],"curies":[{"name":"wp","href":"https:\/\/api.w.org\/{rel}","templated":true}]}}