{"id":167912,"date":"2015-05-15T15:36:14","date_gmt":"2015-05-15T15:36:14","guid":{"rendered":"https:\/\/www.meydan.tv\/article\/avropa-oyunlari-siyasi-institutlarin-muzakiresinden-kenarda-qalmamalidir\/"},"modified":"2015-05-15T15:36:14","modified_gmt":"2015-05-15T15:36:14","slug":"avropa-oyunlari-siyasi-institutlarin-muzakiresinden-kenarda-qalmamalidir","status":"publish","type":"post","link":"https:\/\/www.meydan.tv\/az\/article\/avropa-oyunlari-siyasi-institutlarin-muzakiresinden-kenarda-qalmamalidir\/","title":{"rendered":"&#8220;Avropa Oyunlar\u0131 siyasi institutlar\u0131n m\u00fczakir\u0259sind\u0259n k\u0259narda qalmamal\u0131d\u0131r&#8221;"},"content":{"rendered":"<figure class=\"wp-block-image size-large\">\n  <img decoding=\"async\" src=\"https:\/\/www.meydan.tv\/az\/24378\/\" alt=\"\" class=\"wp-image-24378\"\/><figcaption><\/figcaption><\/figure>\n<figure class=\"wp-block-image size-large\">\n  <img decoding=\"async\" src=\"https:\/\/www.meydan.tv\/az\/24378\/\" alt=\"\" class=\"wp-image-24378\"\/><figcaption><\/figcaption><\/figure>\n<p>\n  <i><br \/>\n    &#8220;Avropa Oyunlar\u0131n\u0131n ke\u00e7irilib-ke\u00e7riilm\u0259m\u0259sind\u0259n as\u0131l\u0131 olmayaraq, dustaqlar azad olunmal\u0131d\u0131r&#8221;<br \/>\n  <\/i>\n<\/p>\n<p>\n  May\u0131n 15-d\u0259 Beyn\u0259lxalq M\u0259tbuat M\u0259rk\u0259zind\u0259 \u00a0bir qrup m\u00fcxalif\u0259y\u00f6nl\u00fc partiya s\u0259drl\u0259rinin i\u015ftirak\u0131 il\u0259 \u00fc\u00e7\u00fcnc\u00fc iqtidar-m\u00fcxalif\u0259t g\u00f6r\u00fc\u015f\u00fc olub. &#8220;Turan \u0130A&#8221; x\u0259b\u0259r verir ki, g\u00f6r\u00fc\u015fd\u0259 prezidentin ictimai-siyasi m\u0259s\u0259l\u0259l\u0259r \u00fczr\u0259 k\u00f6m\u0259k\u00e7isi \u018fli H\u0259s\u0259nov da i\u015ftirak edib.\n<\/p>\n<p>\n  O bildirib ki, Az\u0259rbaycan c\u0259miyy\u0259tind\u0259 ba\u015f ver\u0259n v\u0259 \u00fcmummilli mahiyy\u0259t k\u0259s ed\u0259n m\u0259s\u0259l\u0259l\u0259r iqtidarla m\u00fcxalif\u0259tin g\u00f6r\u00fc\u015f\u00fcn\u0259 ehtiyac yarad\u0131r.\n<\/p>\n<p>\n  \u201c\u00d6t\u0259n m\u00fcdd\u0259td\u0259<br \/>\n  <a href=\"http:\/\/az.apa.az\/tag\/Prezident+Administrasiyas%C4%B1\"><br \/>\n    Prezident Administrasiyas\u0131<br \/>\n  <\/a><br \/>\n  na siyasi partiyalardan g\u00f6r\u00fc\u015fd\u0259 m\u00fczakir\u0259 \u00fc\u00e7\u00fcn b\u0259zi t\u0259klifl\u0259r daxil olub. Lakin faktiki ham\u0131n\u0131n mara\u011f\u0131n\u0131 k\u0259sb ed\u0259c\u0259k v\u0259 aktual olacaq ciddi t\u0259klif almam\u0131\u015f\u0131q. Yegan\u0259 olaraq \u201cAzadl\u0131q-2015\u201d blokundan qar\u015f\u0131dan g\u0259l\u0259n parlament se\u00e7kil\u0259ri, se\u00e7ki islahatlar\u0131 v\u0259 siyasi partiyalar\u0131n se\u00e7kil\u0259rd\u0259 i\u015ftirak\u0131 il\u0259 ba\u011fl\u0131 \u00fcmumil\u0259\u015fmi\u015f ciddi t\u0259klif daxil olmu\u015fdu. Lakin hakimiyy\u0259t bu g\u00fcn bu t\u0259klifi siyasi partiyalarla m\u00fczakir\u0259 etm\u0259y\u0259 haz\u0131r deyil v\u0259 haz\u0131rda hakimiyy\u0259t olaraq siyasi partiyalarla se\u00e7ki islahatlar\u0131 v\u0259 qar\u015f\u0131dan g\u0259l\u0259n se\u00e7kil\u0259ri g\u00fcnd\u0259m\u0259 \u00e7\u0131xma\u011fa l\u00fczum g\u00f6rm\u00fcr\u00fck. Ona g\u00f6r\u0259 d\u0259 bu m\u00f6vzudan vaz ke\u00e7dik\u201d,-\u00a0 o bildirib.\n<\/p>\n<p>\n  \u018f. H\u0259s\u0259novun\u00a0\u00a0 fikrinc\u0259,\u00a0 bu g\u00fcn Az\u0259rbaycan c\u0259miyy\u0259tini daha \u00e7ox maraqland\u0131ran Avropa Oyunlar\u0131n\u0131n Az\u0259rbaycanda ke\u00e7irilm\u0259si, bu oyunlara daxild\u0259 v\u0259 xaricd\u0259 m\u00fcnasib\u0259tdir: \u201cHesab edirik ki, c\u0259miyy\u0259tin siyasi institutlar\u0131 da bu m\u0259s\u0259l\u0259nin m\u00fczakir\u0259sind\u0259n k\u0259narda qalmamal\u0131d\u0131r\u201d.\n<\/p>\n<p>\n  \u018f.H\u0259s\u0259nov g\u00f6r\u00fc\u015fd\u0259 siyasi partiyalar\u0131 maraqland\u0131ran cari m\u0259s\u0259l\u0259l\u0259rin d\u0259 m\u00fczakir\u0259y\u0259 \u00e7\u0131xar\u0131lmas\u0131n\u0131 t\u0259klif edib: \u201cSiyasi partiyalar g\u00f6r\u00fc\u015f\u00fcn gedi\u015find\u0259 konkret m\u0259s\u0259l\u0259l\u0259rin m\u00fczakir\u0259sini t\u0259klif ed\u0259 bil\u0259r. Biz, \u00fcmumiyy\u0259tl\u0259, g\u0259l\u0259c\u0259k g\u00f6r\u00fc\u015fl\u0259rd\u0259 cari m\u0259s\u0259l\u0259l\u0259ri ikinci m\u0259s\u0259l\u0259 kimi g\u00fcnd\u0259liy\u0259 salma\u011f\u0131 t\u0259klif edirik\u201d.\n<\/p>\n<p>\n  G\u00f6r\u00fc\u015fd\u0259n ilk \u00e7\u0131xan \u00dcmid Partiyas\u0131n\u0131n s\u0259dri \u0130qbal A\u011fazad\u0259 &#8220;Yeni M\u00fcsavat&#8221;a bildirib ki,\u00a0g\u00f6r\u00fc\u015fd\u0259 t\u0259klifl\u0259rini veribl\u0259r: \u201cDialoq ondan \u00f6tr\u00fcd\u00fcr ki, problemi h\u0259ll ed\u0259s\u0259n.\u00a0H\u0259r k\u0259s m\u00f6vqeyini ifad\u0259 edir. Bizim el\u0259 bir v\u0259ziyy\u0259timiz yoxdur ki, c\u0259bh\u0259 x\u0259tti m\u00fc\u0259yy\u0259n ed\u0259k.\u00a0Hakimiyy\u0259t d\u0259 \u00f6z m\u00f6vqeyini ifad\u0259 etdi. Avropa Oyunlar\u0131n\u0131 d\u0259st\u0259kl\u0259yir\u0259m, \u0259leyhin\u0259 deyil\u0259m. Bildirdim ki, \u00f6lk\u0259d\u0259 siyasi m\u0259hbus m\u0259s\u0259l\u0259si var, h\u0259ll olunmal\u0131d\u0131r. Siyasi dustaq m\u0259s\u0259l\u0259sini Avropa Oyunlar\u0131na qar\u015f\u0131 qoymaq laz\u0131m deyil, n\u0259 d\u0259 \u0259ksin\u0259. Avropa Oyunlar\u0131n\u0131n ke\u00e7irilib-ke\u00e7riilm\u0259m\u0259sind\u0259n as\u0131l\u0131 olmayaraq, dustaqlar azad olunmal\u0131d\u0131r. M\u0259s\u0259l\u0259n, \u0130ntiqam \u018fliyev\u0259 9 il i\u015f ist\u0259y\u0259n prokuror iki milyona yax\u0131n d\u00f6vl\u0259t \u0259mlak\u0131n\u0131 m\u0259nims\u0259y\u0259n \u015f\u0259xs\u0259 \u015f\u0259rti i\u015f ist\u0259yir. Yana\u015fma siyasidir. Bildirdim ki, prokuror sizin x\u0259ttin yan\u0131nda olana, siyasi yana\u015fman\u0131za g\u00f6r\u0259 \u015f\u0259rti i\u015f ist\u0259yir. M\u0259s\u0259l\u0259l\u0259r bu \u015f\u0259kild\u0259 a\u00e7\u0131q qoyuldu. Hakimiyy\u0259t gedib t\u0259klifl\u0259rimizi m\u00fczakir\u0259 ed\u0259c\u0259k. \u018fli H\u0259s\u0259nov hakimiyy\u0259tin bir n\u00fcmay\u0259nd\u0259sidir. Yuxar\u0131lara, Adminstrasiya r\u0259hb\u0259rin\u0259 v\u0259 k\u00f6m\u0259k\u00e7isi oldu\u011fu prezident\u0259 bununla ba\u011fl\u0131 m\u0259lumat ver\u0259c\u0259k. Biz \u00f6z m\u00f6vqeyimizi \u00e7atd\u0131rd\u0131q\u201d.\n<\/p>\n<p>\n  G\u00f6r\u00fc\u015fd\u0259 iqtidar t\u0259r\u0259fini Az\u0259rbaycan prezidentinin ictimai-siyasi m\u0259s\u0259l\u0259l\u0259r \u00fczr\u0259 k\u00f6m\u0259k\u00e7isi \u018fli H\u0259s\u0259nov, \u015f\u00f6b\u0259nin m\u00fcdir m\u00fcavini Tahir S\u00fcleymanov, \u015f\u00f6b\u0259nin sektor m\u00fcdiri Elman Pa\u015fayev, Az\u0259rbaycan Sosial Rifah Partiyas\u0131n\u0131n s\u0259dri Xanh\u00fcsenyn Kaz\u0131ml\u0131 t\u0259msil edirl\u0259r.\n<\/p>\n<p>\n  M\u00fcxalif\u0259t t\u0259r\u0259fd\u0259n is\u0259\u00a0 AXCP v\u0259 M\u00fcsavat Partiyas\u0131\u00a0 g\u00f6r\u00fc\u015fd\u0259 i\u015ftirak etmir.\n<\/p>\n<p>\n  Dig\u0259r partiyalardan\u00a0 V\u0259t\u0259nda\u015f H\u0259mr\u0259yliyi Partiyas\u0131n\u0131n (VHP), Klassik Xalq C\u0259bh\u0259si Partiyas\u0131, \u00dcmid Partiyas\u0131, V\u0259hd\u0259t Partiyas\u0131, B\u00f6y\u00fck Qurulu\u015f Partiyas\u0131, B\u00fct\u00f6v Az\u0259rbaycan Xalq C\u0259bh\u0259si C\u0259bh\u0259si Partiyas\u0131, Az\u0259rbaycan Demokratik \u0130slahatlar Partiyas\u0131 (AD\u0130P), V\u0259t\u0259nda\u015f v\u0259 \u0130nki\u015faf Partiyas\u0131 (V\u0130P) Az\u0259rbaycan Demokrat Partiyas\u0131 (ADP), B\u00f6y\u00fck Az\u0259rbaycan Partiyas\u0131 (BAP), \u018fdal\u0259t Partiyas\u0131, Az\u0259rbaycan Sosial Demokratlar Partiyas\u0131 (ASDP s\u0259dr Araz \u018flizad\u0259), Azadl\u0131q Partiyas\u0131 (\u018fhm\u0259d Oruc), Az\u0259rbaycan Milli \u0130stiqlal Partiyas\u0131 (AM\u0130P) Ayd\u0131nlar Partiyas\u0131, Milli Dir\u00e7\u0259li\u015f H\u0259r\u0259kat\u0131 Partiyas\u0131 (F\u0259r\u0259c Quliyev) t\u0259msil olunur.\n<\/p><\/p>\n","protected":false},"excerpt":{"rendered":"<p>&#8220;Avropa Oyunlar\u0131n\u0131n ke\u00e7irilib-ke\u00e7riilm\u0259m\u0259sind\u0259n as\u0131l\u0131 olmayaraq, dustaqlar azad olunmal\u0131d\u0131r&#8221;<\/p>\n","protected":false},"author":11,"featured_media":24378,"comment_status":"closed","ping_status":"open","sticky":false,"template":"","format":"standard","meta":{"_acf_changed":false,"_sitemap_exclude":false,"_sitemap_priority":"","_sitemap_frequency":"","footnotes":""},"categories":[56],"tags":[],"class_list":["post-167912","post","type-post","status-publish","format-standard","has-post-thumbnail","hentry","category-xeberler","infinite-scroll-item","generate-columns","tablet-grid-50","mobile-grid-100","grid-parent","grid-33","no-featured-image-padding"],"acf":[],"yoast_head":"<!-- This site is optimized with the Yoast SEO plugin v28.4 - https:\/\/yoast.com\/product\/yoast-seo-wordpress\/ -->\n<title>&quot;Avropa Oyunlar\u0131 siyasi institutlar\u0131n m\u00fczakir\u0259sind\u0259n k\u0259narda qalmamal\u0131d\u0131r&quot; - MEYDAN.TV<\/title>\n<meta name=\"robots\" content=\"index, follow, max-snippet:-1, max-image-preview:large, max-video-preview:-1\" \/>\n<link rel=\"canonical\" href=\"https:\/\/www.meydan.tv\/az\/article\/avropa-oyunlari-siyasi-institutlarin-muzakiresinden-kenarda-qalmamalidir\/\" \/>\n<meta property=\"og:locale\" content=\"az_AZ\" \/>\n<meta property=\"og:type\" content=\"article\" \/>\n<meta property=\"og:title\" content=\"&quot;Avropa Oyunlar\u0131 siyasi institutlar\u0131n m\u00fczakir\u0259sind\u0259n k\u0259narda qalmamal\u0131d\u0131r&quot; - MEYDAN.TV\" \/>\n<meta property=\"og:description\" content=\"&quot;Avropa Oyunlar\u0131n\u0131n ke\u00e7irilib-ke\u00e7riilm\u0259m\u0259sind\u0259n as\u0131l\u0131 olmayaraq, dustaqlar azad olunmal\u0131d\u0131r&quot;\" \/>\n<meta property=\"og:url\" content=\"https:\/\/www.meydan.tv\/az\/article\/avropa-oyunlari-siyasi-institutlarin-muzakiresinden-kenarda-qalmamalidir\/\" \/>\n<meta property=\"og:site_name\" content=\"MEYDAN.TV\" \/>\n<meta property=\"article:published_time\" content=\"2015-05-15T15:36:14+00:00\" \/>\n<meta property=\"og:image\" content=\"https:\/\/www.meydan.tv\/wp-content\/uploads\/8874.jpg\" \/>\n\t<meta property=\"og:image:width\" content=\"533\" \/>\n\t<meta property=\"og:image:height\" content=\"400\" \/>\n\t<meta property=\"og:image:type\" content=\"image\/jpeg\" \/>\n<meta name=\"twitter:card\" content=\"summary_large_image\" \/>\n<!-- \/ Yoast SEO plugin. -->","yoast_head_json":{"title":"\"Avropa Oyunlar\u0131 siyasi institutlar\u0131n m\u00fczakir\u0259sind\u0259n k\u0259narda qalmamal\u0131d\u0131r\" - MEYDAN.TV","robots":{"index":"index","follow":"follow","max-snippet":"max-snippet:-1","max-image-preview":"max-image-preview:large","max-video-preview":"max-video-preview:-1"},"canonical":"https:\/\/www.meydan.tv\/az\/article\/avropa-oyunlari-siyasi-institutlarin-muzakiresinden-kenarda-qalmamalidir\/","og_locale":"az_AZ","og_type":"article","og_title":"\"Avropa Oyunlar\u0131 siyasi institutlar\u0131n m\u00fczakir\u0259sind\u0259n k\u0259narda qalmamal\u0131d\u0131r\" - MEYDAN.TV","og_description":"\"Avropa Oyunlar\u0131n\u0131n ke\u00e7irilib-ke\u00e7riilm\u0259m\u0259sind\u0259n as\u0131l\u0131 olmayaraq, dustaqlar azad olunmal\u0131d\u0131r\"","og_url":"https:\/\/www.meydan.tv\/az\/article\/avropa-oyunlari-siyasi-institutlarin-muzakiresinden-kenarda-qalmamalidir\/","og_site_name":"MEYDAN.TV","article_published_time":"2015-05-15T15:36:14+00:00","og_image":[{"width":533,"height":400,"url":"https:\/\/www.meydan.tv\/wp-content\/uploads\/8874.jpg","type":"image\/jpeg"}],"twitter_card":"summary_large_image","schema":{"@context":"https:\/\/schema.org","@graph":[{"@type":"Article","@id":"https:\/\/www.meydan.tv\/az\/article\/avropa-oyunlari-siyasi-institutlarin-muzakiresinden-kenarda-qalmamalidir\/#article","isPartOf":{"@id":"https:\/\/www.meydan.tv\/az\/article\/avropa-oyunlari-siyasi-institutlarin-muzakiresinden-kenarda-qalmamalidir\/"},"author":{"name":"user-manager","@id":"https:\/\/www.meydan.tv\/az\/#\/schema\/person\/10d11eccf6da3662cf5fdab9806ea91a"},"headline":"&#8220;Avropa Oyunlar\u0131 siyasi institutlar\u0131n m\u00fczakir\u0259sind\u0259n k\u0259narda qalmamal\u0131d\u0131r&#8221;","datePublished":"2015-05-15T15:36:14+00:00","mainEntityOfPage":{"@id":"https:\/\/www.meydan.tv\/az\/article\/avropa-oyunlari-siyasi-institutlarin-muzakiresinden-kenarda-qalmamalidir\/"},"wordCount":842,"publisher":{"@id":"https:\/\/www.meydan.tv\/az\/#organization"},"image":{"@id":"https:\/\/www.meydan.tv\/az\/article\/avropa-oyunlari-siyasi-institutlarin-muzakiresinden-kenarda-qalmamalidir\/#primaryimage"},"thumbnailUrl":"https:\/\/www.meydan.tv\/wp-content\/uploads\/8874.jpg","articleSection":["X\u0259b\u0259rl\u0259r"],"inLanguage":"az"},{"@type":"WebPage","@id":"https:\/\/www.meydan.tv\/az\/article\/avropa-oyunlari-siyasi-institutlarin-muzakiresinden-kenarda-qalmamalidir\/","url":"https:\/\/www.meydan.tv\/az\/article\/avropa-oyunlari-siyasi-institutlarin-muzakiresinden-kenarda-qalmamalidir\/","name":"\"Avropa Oyunlar\u0131 siyasi institutlar\u0131n m\u00fczakir\u0259sind\u0259n k\u0259narda qalmamal\u0131d\u0131r\" - MEYDAN.TV","isPartOf":{"@id":"https:\/\/www.meydan.tv\/az\/#website"},"primaryImageOfPage":{"@id":"https:\/\/www.meydan.tv\/az\/article\/avropa-oyunlari-siyasi-institutlarin-muzakiresinden-kenarda-qalmamalidir\/#primaryimage"},"image":{"@id":"https:\/\/www.meydan.tv\/az\/article\/avropa-oyunlari-siyasi-institutlarin-muzakiresinden-kenarda-qalmamalidir\/#primaryimage"},"thumbnailUrl":"https:\/\/www.meydan.tv\/wp-content\/uploads\/8874.jpg","datePublished":"2015-05-15T15:36:14+00:00","breadcrumb":{"@id":"https:\/\/www.meydan.tv\/az\/article\/avropa-oyunlari-siyasi-institutlarin-muzakiresinden-kenarda-qalmamalidir\/#breadcrumb"},"inLanguage":"az","potentialAction":[{"@type":"ReadAction","target":["https:\/\/www.meydan.tv\/az\/article\/avropa-oyunlari-siyasi-institutlarin-muzakiresinden-kenarda-qalmamalidir\/"]}]},{"@type":"ImageObject","inLanguage":"az","@id":"https:\/\/www.meydan.tv\/az\/article\/avropa-oyunlari-siyasi-institutlarin-muzakiresinden-kenarda-qalmamalidir\/#primaryimage","url":"https:\/\/www.meydan.tv\/wp-content\/uploads\/8874.jpg","contentUrl":"https:\/\/www.meydan.tv\/wp-content\/uploads\/8874.jpg","width":533,"height":400,"caption":"Source:"},{"@type":"BreadcrumbList","@id":"https:\/\/www.meydan.tv\/az\/article\/avropa-oyunlari-siyasi-institutlarin-muzakiresinden-kenarda-qalmamalidir\/#breadcrumb","itemListElement":[{"@type":"ListItem","position":1,"name":"Ana s\u0259hif\u0259","item":"https:\/\/www.meydan.tv\/az\/"},{"@type":"ListItem","position":2,"name":"X\u0259b\u0259rl\u0259r","item":"https:\/\/www.meydan.tv\/az\/section\/xeberler\/"},{"@type":"ListItem","position":3,"name":"&#8220;Avropa Oyunlar\u0131 siyasi institutlar\u0131n m\u00fczakir\u0259sind\u0259n k\u0259narda qalmamal\u0131d\u0131r&#8221;"}]},{"@type":"WebSite","@id":"https:\/\/www.meydan.tv\/az\/#website","url":"https:\/\/www.meydan.tv\/az\/","name":"MEYDAN.TV","description":"Meydan TV Az\u0259rbaycan\u0131n media m\u0259kan\u0131ndak\u0131 alternativ s\u0259sidir","publisher":{"@id":"https:\/\/www.meydan.tv\/az\/#organization"},"potentialAction":[{"@type":"SearchAction","target":{"@type":"EntryPoint","urlTemplate":"https:\/\/www.meydan.tv\/az\/?s={search_term_string}"},"query-input":{"@type":"PropertyValueSpecification","valueRequired":true,"valueName":"search_term_string"}}],"inLanguage":"az"},{"@type":"Organization","@id":"https:\/\/www.meydan.tv\/az\/#organization","name":"Meydan TV","url":"https:\/\/www.meydan.tv\/az\/","logo":{"@type":"ImageObject","inLanguage":"az","@id":"https:\/\/www.meydan.tv\/az\/#\/schema\/logo\/image\/","url":"https:\/\/www.meydan.tv\/wp-content\/uploads\/2021\/07\/meydan-logo.svg","contentUrl":"https:\/\/www.meydan.tv\/wp-content\/uploads\/2021\/07\/meydan-logo.svg","width":195,"height":46,"caption":"Meydan TV"},"image":{"@id":"https:\/\/www.meydan.tv\/az\/#\/schema\/logo\/image\/"}},{"@type":"Person","@id":"https:\/\/www.meydan.tv\/az\/#\/schema\/person\/10d11eccf6da3662cf5fdab9806ea91a","name":"user-manager"}]}},"_links":{"self":[{"href":"https:\/\/www.meydan.tv\/az\/wp-json\/wp\/v2\/posts\/167912","targetHints":{"allow":["GET"]}}],"collection":[{"href":"https:\/\/www.meydan.tv\/az\/wp-json\/wp\/v2\/posts"}],"about":[{"href":"https:\/\/www.meydan.tv\/az\/wp-json\/wp\/v2\/types\/post"}],"author":[{"embeddable":true,"href":"https:\/\/www.meydan.tv\/az\/wp-json\/wp\/v2\/users\/11"}],"replies":[{"embeddable":true,"href":"https:\/\/www.meydan.tv\/az\/wp-json\/wp\/v2\/comments?post=167912"}],"version-history":[{"count":0,"href":"https:\/\/www.meydan.tv\/az\/wp-json\/wp\/v2\/posts\/167912\/revisions"}],"wp:featuredmedia":[{"embeddable":true,"href":"https:\/\/www.meydan.tv\/az\/wp-json\/wp\/v2\/media\/24378"}],"wp:attachment":[{"href":"https:\/\/www.meydan.tv\/az\/wp-json\/wp\/v2\/media?parent=167912"}],"wp:term":[{"taxonomy":"category","embeddable":true,"href":"https:\/\/www.meydan.tv\/az\/wp-json\/wp\/v2\/categories?post=167912"},{"taxonomy":"post_tag","embeddable":true,"href":"https:\/\/www.meydan.tv\/az\/wp-json\/wp\/v2\/tags?post=167912"}],"curies":[{"name":"wp","href":"https:\/\/api.w.org\/{rel}","templated":true}]}}