{"id":167911,"date":"2015-05-15T15:03:21","date_gmt":"2015-05-15T15:03:21","guid":{"rendered":"https:\/\/www.meydan.tv\/article\/eli-hesenov-is-adamlarinin-hebsinden-danisdi\/"},"modified":"2015-05-15T15:03:21","modified_gmt":"2015-05-15T15:03:21","slug":"eli-hesenov-is-adamlarinin-hebsinden-danisdi","status":"publish","type":"post","link":"https:\/\/www.meydan.tv\/az\/article\/eli-hesenov-is-adamlarinin-hebsinden-danisdi\/","title":{"rendered":"\u018fli H\u0259s\u0259nov i\u015f adamlar\u0131n\u0131n h\u0259bsind\u0259n dan\u0131\u015fd\u0131"},"content":{"rendered":"<figure class=\"wp-block-image size-large\">\n  <img decoding=\"async\" src=\"https:\/\/www.meydan.tv\/az\/24375\/\" alt=\"\" class=\"wp-image-24375\"\/><figcaption><\/figcaption><\/figure>\n<figure class=\"wp-block-image size-large\">\n  <img decoding=\"async\" src=\"https:\/\/www.meydan.tv\/az\/24375\/\" alt=\"\" class=\"wp-image-24375\"\/><figcaption><\/figcaption><\/figure>\n<p>\n  <i><br \/>\n    &#8220;M\u0259hk\u0259m\u0259 g\u00f6st\u0259r\u0259c\u0259k ki, bu insanlar \u00f6z biznesl\u0259rini Az\u0259rbaycan\u0131n m\u00f6vcud qanunvericiliyi \u00e7\u0259r\u00e7iv\u0259sind\u0259 apar\u0131blar, yoxsa yox&#8221;<br \/>\n  <\/i>\n<\/p>\n<p>\n  Prezidentin ictimai-siyasi m\u0259s\u0259l\u0259l\u0259r \u00fczr\u0259 k\u00f6m\u0259k\u00e7isi \u018fli H\u0259s\u0259nov i\u015f adamlar\u0131n\u0131n tutulmas\u0131 m\u0259s\u0259l\u0259sin\u0259 ayd\u0131nl\u0131q g\u0259tirib.<\/p>\n<p>  Trend-in m\u0259lumat\u0131na g\u00f6r\u0259, \u018f.H\u0259s\u0259nov bildirib ki, i\u015f adamlar\u0131 m\u00fc\u0259yy\u0259n \u0259m\u0259ll\u0259r \u00fczr\u0259 ittiham olunur: &#8220;Ara\u015fd\u0131rmalar, m\u0259hk\u0259m\u0259 prosesl\u0259ri g\u00f6st\u0259r\u0259c\u0259k ki, bu insanlar \u00f6z biznesl\u0259rini Az\u0259rbaycan\u0131n m\u00f6vcud qanunvericiliyi \u00e7\u0259r\u00e7iv\u0259sind\u0259 apar\u0131blar, yoxsa yox&#8221;.<\/p>\n<p>  \u018f. H\u0259s\u0259nov deyib ki, prezident \u0130lham \u018fliyev d\u00f6vl\u0259tin i\u015f adamlar\u0131n\u0131 d\u0259st\u0259kl\u0259diyini bir daha vur\u011fulay\u0131b.<\/p>\n","protected":false},"excerpt":{"rendered":"<p>&#8220;M\u0259hk\u0259m\u0259 g\u00f6st\u0259r\u0259c\u0259k ki, bu insanlar \u00f6z biznesl\u0259rini Az\u0259rbaycan\u0131n m\u00f6vcud qanunvericiliyi \u00e7\u0259r\u00e7iv\u0259sind\u0259 apar\u0131blar, yoxsa yox&#8221;<\/p>\n","protected":false},"author":11,"featured_media":24375,"comment_status":"closed","ping_status":"open","sticky":false,"template":"","format":"standard","meta":{"_acf_changed":false,"_sitemap_exclude":false,"_sitemap_priority":"","_sitemap_frequency":"","footnotes":""},"categories":[56],"tags":[],"class_list":["post-167911","post","type-post","status-publish","format-standard","has-post-thumbnail","hentry","category-xeberler","infinite-scroll-item","generate-columns","tablet-grid-50","mobile-grid-100","grid-parent","grid-33","no-featured-image-padding"],"acf":[],"yoast_head":"<!-- This site is optimized with the Yoast SEO plugin v28.4 - https:\/\/yoast.com\/product\/yoast-seo-wordpress\/ -->\n<title>\u018fli H\u0259s\u0259nov i\u015f adamlar\u0131n\u0131n h\u0259bsind\u0259n dan\u0131\u015fd\u0131 - MEYDAN.TV<\/title>\n<meta name=\"robots\" content=\"index, follow, max-snippet:-1, max-image-preview:large, max-video-preview:-1\" \/>\n<link rel=\"canonical\" href=\"https:\/\/www.meydan.tv\/az\/article\/eli-hesenov-is-adamlarinin-hebsinden-danisdi\/\" \/>\n<meta property=\"og:locale\" content=\"az_AZ\" \/>\n<meta property=\"og:type\" content=\"article\" \/>\n<meta property=\"og:title\" content=\"\u018fli H\u0259s\u0259nov i\u015f adamlar\u0131n\u0131n h\u0259bsind\u0259n dan\u0131\u015fd\u0131 - MEYDAN.TV\" \/>\n<meta property=\"og:description\" content=\"&quot;M\u0259hk\u0259m\u0259 g\u00f6st\u0259r\u0259c\u0259k ki, bu insanlar \u00f6z biznesl\u0259rini Az\u0259rbaycan\u0131n m\u00f6vcud qanunvericiliyi \u00e7\u0259r\u00e7iv\u0259sind\u0259 apar\u0131blar, yoxsa yox&quot;\" \/>\n<meta property=\"og:url\" content=\"https:\/\/www.meydan.tv\/az\/article\/eli-hesenov-is-adamlarinin-hebsinden-danisdi\/\" \/>\n<meta property=\"og:site_name\" content=\"MEYDAN.TV\" \/>\n<meta property=\"article:published_time\" content=\"2015-05-15T15:03:21+00:00\" \/>\n<meta property=\"og:image\" content=\"https:\/\/www.meydan.tv\/wp-content\/uploads\/8873.jpg\" \/>\n\t<meta property=\"og:image:width\" content=\"598\" \/>\n\t<meta property=\"og:image:height\" content=\"400\" \/>\n\t<meta property=\"og:image:type\" content=\"image\/jpeg\" \/>\n<meta name=\"twitter:card\" content=\"summary_large_image\" \/>\n<!-- \/ Yoast SEO plugin. -->","yoast_head_json":{"title":"\u018fli H\u0259s\u0259nov i\u015f adamlar\u0131n\u0131n h\u0259bsind\u0259n dan\u0131\u015fd\u0131 - MEYDAN.TV","robots":{"index":"index","follow":"follow","max-snippet":"max-snippet:-1","max-image-preview":"max-image-preview:large","max-video-preview":"max-video-preview:-1"},"canonical":"https:\/\/www.meydan.tv\/az\/article\/eli-hesenov-is-adamlarinin-hebsinden-danisdi\/","og_locale":"az_AZ","og_type":"article","og_title":"\u018fli H\u0259s\u0259nov i\u015f adamlar\u0131n\u0131n h\u0259bsind\u0259n dan\u0131\u015fd\u0131 - MEYDAN.TV","og_description":"\"M\u0259hk\u0259m\u0259 g\u00f6st\u0259r\u0259c\u0259k ki, bu insanlar \u00f6z biznesl\u0259rini Az\u0259rbaycan\u0131n m\u00f6vcud qanunvericiliyi \u00e7\u0259r\u00e7iv\u0259sind\u0259 apar\u0131blar, yoxsa yox\"","og_url":"https:\/\/www.meydan.tv\/az\/article\/eli-hesenov-is-adamlarinin-hebsinden-danisdi\/","og_site_name":"MEYDAN.TV","article_published_time":"2015-05-15T15:03:21+00:00","og_image":[{"width":598,"height":400,"url":"https:\/\/www.meydan.tv\/wp-content\/uploads\/8873.jpg","type":"image\/jpeg"}],"twitter_card":"summary_large_image","schema":{"@context":"https:\/\/schema.org","@graph":[{"@type":"Article","@id":"https:\/\/www.meydan.tv\/az\/article\/eli-hesenov-is-adamlarinin-hebsinden-danisdi\/#article","isPartOf":{"@id":"https:\/\/www.meydan.tv\/az\/article\/eli-hesenov-is-adamlarinin-hebsinden-danisdi\/"},"author":{"name":"user-manager","@id":"https:\/\/www.meydan.tv\/az\/#\/schema\/person\/10d11eccf6da3662cf5fdab9806ea91a"},"headline":"\u018fli H\u0259s\u0259nov i\u015f adamlar\u0131n\u0131n h\u0259bsind\u0259n dan\u0131\u015fd\u0131","datePublished":"2015-05-15T15:03:21+00:00","mainEntityOfPage":{"@id":"https:\/\/www.meydan.tv\/az\/article\/eli-hesenov-is-adamlarinin-hebsinden-danisdi\/"},"wordCount":147,"publisher":{"@id":"https:\/\/www.meydan.tv\/az\/#organization"},"image":{"@id":"https:\/\/www.meydan.tv\/az\/article\/eli-hesenov-is-adamlarinin-hebsinden-danisdi\/#primaryimage"},"thumbnailUrl":"https:\/\/www.meydan.tv\/wp-content\/uploads\/8873.jpg","articleSection":["X\u0259b\u0259rl\u0259r"],"inLanguage":"az"},{"@type":"WebPage","@id":"https:\/\/www.meydan.tv\/az\/article\/eli-hesenov-is-adamlarinin-hebsinden-danisdi\/","url":"https:\/\/www.meydan.tv\/az\/article\/eli-hesenov-is-adamlarinin-hebsinden-danisdi\/","name":"\u018fli H\u0259s\u0259nov i\u015f adamlar\u0131n\u0131n h\u0259bsind\u0259n dan\u0131\u015fd\u0131 - MEYDAN.TV","isPartOf":{"@id":"https:\/\/www.meydan.tv\/az\/#website"},"primaryImageOfPage":{"@id":"https:\/\/www.meydan.tv\/az\/article\/eli-hesenov-is-adamlarinin-hebsinden-danisdi\/#primaryimage"},"image":{"@id":"https:\/\/www.meydan.tv\/az\/article\/eli-hesenov-is-adamlarinin-hebsinden-danisdi\/#primaryimage"},"thumbnailUrl":"https:\/\/www.meydan.tv\/wp-content\/uploads\/8873.jpg","datePublished":"2015-05-15T15:03:21+00:00","breadcrumb":{"@id":"https:\/\/www.meydan.tv\/az\/article\/eli-hesenov-is-adamlarinin-hebsinden-danisdi\/#breadcrumb"},"inLanguage":"az","potentialAction":[{"@type":"ReadAction","target":["https:\/\/www.meydan.tv\/az\/article\/eli-hesenov-is-adamlarinin-hebsinden-danisdi\/"]}]},{"@type":"ImageObject","inLanguage":"az","@id":"https:\/\/www.meydan.tv\/az\/article\/eli-hesenov-is-adamlarinin-hebsinden-danisdi\/#primaryimage","url":"https:\/\/www.meydan.tv\/wp-content\/uploads\/8873.jpg","contentUrl":"https:\/\/www.meydan.tv\/wp-content\/uploads\/8873.jpg","width":598,"height":400,"caption":"Source:"},{"@type":"BreadcrumbList","@id":"https:\/\/www.meydan.tv\/az\/article\/eli-hesenov-is-adamlarinin-hebsinden-danisdi\/#breadcrumb","itemListElement":[{"@type":"ListItem","position":1,"name":"Ana s\u0259hif\u0259","item":"https:\/\/www.meydan.tv\/az\/"},{"@type":"ListItem","position":2,"name":"X\u0259b\u0259rl\u0259r","item":"https:\/\/www.meydan.tv\/az\/section\/xeberler\/"},{"@type":"ListItem","position":3,"name":"\u018fli H\u0259s\u0259nov i\u015f adamlar\u0131n\u0131n h\u0259bsind\u0259n dan\u0131\u015fd\u0131"}]},{"@type":"WebSite","@id":"https:\/\/www.meydan.tv\/az\/#website","url":"https:\/\/www.meydan.tv\/az\/","name":"MEYDAN.TV","description":"Meydan TV Az\u0259rbaycan\u0131n media m\u0259kan\u0131ndak\u0131 alternativ s\u0259sidir","publisher":{"@id":"https:\/\/www.meydan.tv\/az\/#organization"},"potentialAction":[{"@type":"SearchAction","target":{"@type":"EntryPoint","urlTemplate":"https:\/\/www.meydan.tv\/az\/?s={search_term_string}"},"query-input":{"@type":"PropertyValueSpecification","valueRequired":true,"valueName":"search_term_string"}}],"inLanguage":"az"},{"@type":"Organization","@id":"https:\/\/www.meydan.tv\/az\/#organization","name":"Meydan TV","url":"https:\/\/www.meydan.tv\/az\/","logo":{"@type":"ImageObject","inLanguage":"az","@id":"https:\/\/www.meydan.tv\/az\/#\/schema\/logo\/image\/","url":"https:\/\/www.meydan.tv\/wp-content\/uploads\/2021\/07\/meydan-logo.svg","contentUrl":"https:\/\/www.meydan.tv\/wp-content\/uploads\/2021\/07\/meydan-logo.svg","width":195,"height":46,"caption":"Meydan TV"},"image":{"@id":"https:\/\/www.meydan.tv\/az\/#\/schema\/logo\/image\/"}},{"@type":"Person","@id":"https:\/\/www.meydan.tv\/az\/#\/schema\/person\/10d11eccf6da3662cf5fdab9806ea91a","name":"user-manager"}]}},"_links":{"self":[{"href":"https:\/\/www.meydan.tv\/az\/wp-json\/wp\/v2\/posts\/167911","targetHints":{"allow":["GET"]}}],"collection":[{"href":"https:\/\/www.meydan.tv\/az\/wp-json\/wp\/v2\/posts"}],"about":[{"href":"https:\/\/www.meydan.tv\/az\/wp-json\/wp\/v2\/types\/post"}],"author":[{"embeddable":true,"href":"https:\/\/www.meydan.tv\/az\/wp-json\/wp\/v2\/users\/11"}],"replies":[{"embeddable":true,"href":"https:\/\/www.meydan.tv\/az\/wp-json\/wp\/v2\/comments?post=167911"}],"version-history":[{"count":0,"href":"https:\/\/www.meydan.tv\/az\/wp-json\/wp\/v2\/posts\/167911\/revisions"}],"wp:featuredmedia":[{"embeddable":true,"href":"https:\/\/www.meydan.tv\/az\/wp-json\/wp\/v2\/media\/24375"}],"wp:attachment":[{"href":"https:\/\/www.meydan.tv\/az\/wp-json\/wp\/v2\/media?parent=167911"}],"wp:term":[{"taxonomy":"category","embeddable":true,"href":"https:\/\/www.meydan.tv\/az\/wp-json\/wp\/v2\/categories?post=167911"},{"taxonomy":"post_tag","embeddable":true,"href":"https:\/\/www.meydan.tv\/az\/wp-json\/wp\/v2\/tags?post=167911"}],"curies":[{"name":"wp","href":"https:\/\/api.w.org\/{rel}","templated":true}]}}