{"id":167910,"date":"2015-05-15T14:15:44","date_gmt":"2015-05-15T14:15:44","guid":{"rendered":"https:\/\/www.meydan.tv\/article\/ilqar-memmedov-karsere-salinib\/"},"modified":"2015-05-15T14:15:44","modified_gmt":"2015-05-15T14:15:44","slug":"ilqar-memmedov-karsere-salinib","status":"publish","type":"post","link":"https:\/\/www.meydan.tv\/az\/article\/ilqar-memmedov-karsere-salinib\/","title":{"rendered":"\u0130lqar M\u0259mm\u0259dov karser\u0259 sal\u0131n\u0131b"},"content":{"rendered":"<figure class=\"wp-block-image size-large\">\n  <img decoding=\"async\" src=\"https:\/\/www.meydan.tv\/az\/24369\/\" alt=\"\" class=\"wp-image-24369\"\/><figcaption><\/figcaption><\/figure>\n<figure class=\"wp-block-image size-large\">\n  <img decoding=\"async\" src=\"https:\/\/www.meydan.tv\/az\/24369\/\" alt=\"\" class=\"wp-image-24369\"\/><figcaption><\/figcaption><\/figure>\n<p>\n  <i><br \/>\n    V\u0259kil\u0259 REAL s\u0259drin\u0259 c\u0259za verilm\u0259sinin s\u0259b\u0259bl\u0259rini a\u00e7\u0131qlamay\u0131blar v\u0259 onunla g\u00f6r\u00fc\u015f\u0259 icaz\u0259 verm\u0259yibl\u0259r<br \/>\n  <\/i>\n<\/p>\n<p>\n  2 sayl\u0131 C\u0259za\u00e7\u0259km\u0259 M\u00fc\u0259ssis\u0259sind\u0259 c\u0259za \u00e7\u0259k\u0259n REAL H\u0259r\u0259kat\u0131n\u0131n lideri \u0130lqar M\u0259mm\u0259dov may\u0131n 15-d\u0259 7 sutkal\u0131\u011fa karser\u0259 sal\u0131n\u0131b. Bu bar\u0259d\u0259 &#8220;Turan \u0130A&#8221;-a onun v\u0259kili Fuad A\u011fayev bildirib.\n<\/p>\n<p>\n  May\u0131n 15-d\u0259 v\u0259kil\u0259 \u0130.M\u0259mm\u0259dova bel\u0259 c\u0259za verilm\u0259sinin s\u0259b\u0259bl\u0259rini a\u00e7\u0131qlamay\u0131blar v\u0259 onunla g\u00f6r\u00fc\u015f\u0259 icaz\u0259 verm\u0259yibl\u0259r.\n<\/p>\n<p>\n  F.A\u011fayev Ali M\u0259hk\u0259m\u0259d\u0259 REAL liderinin kassasiya \u015fikay\u0259tin\u0259 bax\u0131lmas\u0131 zaman\u0131 m\u00fcdafi\u0259 taktikas\u0131n\u0131n m\u00fczakir\u0259si m\u0259qs\u0259dl\u0259 \u0130.M\u0259mm\u0259dovla g\u00f6r\u00fc\u015fm\u0259k niyy\u0259tind\u0259 olub.\n<\/p>\n<p>\n  Bundan \u0259lav\u0259, v\u0259kil \u0130.M\u0259mm\u0259dovla Avropa \u0130nsan H\u00fcquqlar\u0131 M\u0259hk\u0259m\u0259sin\u0259 ikinci \u015fikay\u0259tin verilm\u0259si v\u0259 onun i\u015fi \u00fczr\u0259 Strasburq M\u0259hk\u0259m\u0259sinin birinci q\u0259rar\u0131n\u0131n icras\u0131n\u0131n yubad\u0131lmas\u0131na dair\u00a0 m\u0259s\u0259l\u0259l\u0259ri m\u00fczakir\u0259 etm\u0259k ist\u0259yib.\n<\/p>\n<p>\n  V\u0259kil \u0130.M\u0259mm\u0259dovla g\u00f6r\u00fc\u015fd\u0259n imtinan\u0131 m\u00fcdafi\u0259 h\u00fcququnun kobud pozulmas\u0131 kimi qiym\u0259tl\u0259ndirib.\n<\/p>\n<p>\n  *2013-c\u00fc il mart\u0131n 17-d\u0259 \u0130lqar M\u0259mm\u0259dov 23-24 yanvar 2013-c\u00fc il \u0130smay\u0131ll\u0131 i\u011fti\u015fa\u015flar\u0131na g\u00f6r\u0259 7 il azadl\u0131qdan m\u0259hrum edilib.\n<\/p>\n<p>\n  2014-c\u00fc il may\u0131n 22-d\u0259 Avropa \u0130nsan H\u00fcquqlar\u0131 M\u0259hk\u0259m\u0259si \u0130.M\u0259mm\u0259dovun h\u0259bsini qanunsuz say\u0131b. Avropa m\u0259hk\u0259m\u0259sinin q\u0259rar\u0131 il\u0259 Az\u0259rbaycan h\u00f6kum\u0259ti \u0130.M\u0259mm\u0259dova 22 min avro h\u0259cmind\u0259 kompensasiya verm\u0259lidir.\n<\/p>\n<p>\n  2014-c\u00fc ilin iyununda \u015e\u0259ki Apellyasiya M\u0259hk\u0259m\u0259si \u015e\u0259ki A\u011f\u0131r Cinay\u0259tl\u0259r M\u0259hk\u0259m\u0259sinin q\u0259rar\u0131n\u0131 q\u00fcvv\u0259d\u0259 saxlay\u0131b.\n<\/p>\n<p>\n  &#8220;Amnesty \u0130nternational&#8221; \u0130lqar M\u0259mm\u0259dovu \u201cvicdan m\u0259hbusu\u201d kimi tan\u0131y\u0131b.<\/p>\n","protected":false},"excerpt":{"rendered":"<p>V\u0259kil\u0259 REAL s\u0259drin\u0259 c\u0259za verilm\u0259sinin s\u0259b\u0259bl\u0259rini a\u00e7\u0131qlamay\u0131blar v\u0259 onunla g\u00f6r\u00fc\u015f\u0259 icaz\u0259 verm\u0259yibl\u0259r<\/p>\n","protected":false},"author":11,"featured_media":24369,"comment_status":"closed","ping_status":"open","sticky":false,"template":"","format":"standard","meta":{"_acf_changed":false,"_sitemap_exclude":false,"_sitemap_priority":"","_sitemap_frequency":"","footnotes":""},"categories":[56],"tags":[],"class_list":["post-167910","post","type-post","status-publish","format-standard","has-post-thumbnail","hentry","category-xeberler","infinite-scroll-item","generate-columns","tablet-grid-50","mobile-grid-100","grid-parent","grid-33","no-featured-image-padding"],"acf":[],"yoast_head":"<!-- This site is optimized with the Yoast SEO plugin v28.4 - https:\/\/yoast.com\/product\/yoast-seo-wordpress\/ -->\n<title>\u0130lqar M\u0259mm\u0259dov karser\u0259 sal\u0131n\u0131b - MEYDAN.TV<\/title>\n<meta name=\"robots\" content=\"index, follow, max-snippet:-1, max-image-preview:large, max-video-preview:-1\" \/>\n<link rel=\"canonical\" href=\"https:\/\/www.meydan.tv\/az\/article\/ilqar-memmedov-karsere-salinib\/\" \/>\n<meta property=\"og:locale\" content=\"az_AZ\" \/>\n<meta property=\"og:type\" content=\"article\" \/>\n<meta property=\"og:title\" content=\"\u0130lqar M\u0259mm\u0259dov karser\u0259 sal\u0131n\u0131b - MEYDAN.TV\" \/>\n<meta property=\"og:description\" content=\"V\u0259kil\u0259 REAL s\u0259drin\u0259 c\u0259za verilm\u0259sinin s\u0259b\u0259bl\u0259rini a\u00e7\u0131qlamay\u0131blar v\u0259 onunla g\u00f6r\u00fc\u015f\u0259 icaz\u0259 verm\u0259yibl\u0259r\" \/>\n<meta property=\"og:url\" content=\"https:\/\/www.meydan.tv\/az\/article\/ilqar-memmedov-karsere-salinib\/\" \/>\n<meta property=\"og:site_name\" content=\"MEYDAN.TV\" \/>\n<meta property=\"article:published_time\" content=\"2015-05-15T14:15:44+00:00\" \/>\n<meta property=\"og:image\" content=\"https:\/\/www.meydan.tv\/wp-content\/uploads\/8871.jpg\" \/>\n\t<meta property=\"og:image:width\" content=\"575\" \/>\n\t<meta property=\"og:image:height\" content=\"400\" \/>\n\t<meta property=\"og:image:type\" content=\"image\/jpeg\" \/>\n<meta name=\"twitter:card\" content=\"summary_large_image\" \/>\n<!-- \/ Yoast SEO plugin. -->","yoast_head_json":{"title":"\u0130lqar M\u0259mm\u0259dov karser\u0259 sal\u0131n\u0131b - MEYDAN.TV","robots":{"index":"index","follow":"follow","max-snippet":"max-snippet:-1","max-image-preview":"max-image-preview:large","max-video-preview":"max-video-preview:-1"},"canonical":"https:\/\/www.meydan.tv\/az\/article\/ilqar-memmedov-karsere-salinib\/","og_locale":"az_AZ","og_type":"article","og_title":"\u0130lqar M\u0259mm\u0259dov karser\u0259 sal\u0131n\u0131b - MEYDAN.TV","og_description":"V\u0259kil\u0259 REAL s\u0259drin\u0259 c\u0259za verilm\u0259sinin s\u0259b\u0259bl\u0259rini a\u00e7\u0131qlamay\u0131blar v\u0259 onunla g\u00f6r\u00fc\u015f\u0259 icaz\u0259 verm\u0259yibl\u0259r","og_url":"https:\/\/www.meydan.tv\/az\/article\/ilqar-memmedov-karsere-salinib\/","og_site_name":"MEYDAN.TV","article_published_time":"2015-05-15T14:15:44+00:00","og_image":[{"width":575,"height":400,"url":"https:\/\/www.meydan.tv\/wp-content\/uploads\/8871.jpg","type":"image\/jpeg"}],"twitter_card":"summary_large_image","schema":{"@context":"https:\/\/schema.org","@graph":[{"@type":"Article","@id":"https:\/\/www.meydan.tv\/az\/article\/ilqar-memmedov-karsere-salinib\/#article","isPartOf":{"@id":"https:\/\/www.meydan.tv\/az\/article\/ilqar-memmedov-karsere-salinib\/"},"author":{"name":"user-manager","@id":"https:\/\/www.meydan.tv\/az\/#\/schema\/person\/10d11eccf6da3662cf5fdab9806ea91a"},"headline":"\u0130lqar M\u0259mm\u0259dov karser\u0259 sal\u0131n\u0131b","datePublished":"2015-05-15T14:15:44+00:00","mainEntityOfPage":{"@id":"https:\/\/www.meydan.tv\/az\/article\/ilqar-memmedov-karsere-salinib\/"},"wordCount":326,"publisher":{"@id":"https:\/\/www.meydan.tv\/az\/#organization"},"image":{"@id":"https:\/\/www.meydan.tv\/az\/article\/ilqar-memmedov-karsere-salinib\/#primaryimage"},"thumbnailUrl":"https:\/\/www.meydan.tv\/wp-content\/uploads\/8871.jpg","articleSection":["X\u0259b\u0259rl\u0259r"],"inLanguage":"az"},{"@type":"WebPage","@id":"https:\/\/www.meydan.tv\/az\/article\/ilqar-memmedov-karsere-salinib\/","url":"https:\/\/www.meydan.tv\/az\/article\/ilqar-memmedov-karsere-salinib\/","name":"\u0130lqar M\u0259mm\u0259dov karser\u0259 sal\u0131n\u0131b - MEYDAN.TV","isPartOf":{"@id":"https:\/\/www.meydan.tv\/az\/#website"},"primaryImageOfPage":{"@id":"https:\/\/www.meydan.tv\/az\/article\/ilqar-memmedov-karsere-salinib\/#primaryimage"},"image":{"@id":"https:\/\/www.meydan.tv\/az\/article\/ilqar-memmedov-karsere-salinib\/#primaryimage"},"thumbnailUrl":"https:\/\/www.meydan.tv\/wp-content\/uploads\/8871.jpg","datePublished":"2015-05-15T14:15:44+00:00","breadcrumb":{"@id":"https:\/\/www.meydan.tv\/az\/article\/ilqar-memmedov-karsere-salinib\/#breadcrumb"},"inLanguage":"az","potentialAction":[{"@type":"ReadAction","target":["https:\/\/www.meydan.tv\/az\/article\/ilqar-memmedov-karsere-salinib\/"]}]},{"@type":"ImageObject","inLanguage":"az","@id":"https:\/\/www.meydan.tv\/az\/article\/ilqar-memmedov-karsere-salinib\/#primaryimage","url":"https:\/\/www.meydan.tv\/wp-content\/uploads\/8871.jpg","contentUrl":"https:\/\/www.meydan.tv\/wp-content\/uploads\/8871.jpg","width":575,"height":400,"caption":"Source:"},{"@type":"BreadcrumbList","@id":"https:\/\/www.meydan.tv\/az\/article\/ilqar-memmedov-karsere-salinib\/#breadcrumb","itemListElement":[{"@type":"ListItem","position":1,"name":"Ana s\u0259hif\u0259","item":"https:\/\/www.meydan.tv\/az\/"},{"@type":"ListItem","position":2,"name":"X\u0259b\u0259rl\u0259r","item":"https:\/\/www.meydan.tv\/az\/section\/xeberler\/"},{"@type":"ListItem","position":3,"name":"\u0130lqar M\u0259mm\u0259dov karser\u0259 sal\u0131n\u0131b"}]},{"@type":"WebSite","@id":"https:\/\/www.meydan.tv\/az\/#website","url":"https:\/\/www.meydan.tv\/az\/","name":"MEYDAN.TV","description":"Meydan TV Az\u0259rbaycan\u0131n media m\u0259kan\u0131ndak\u0131 alternativ s\u0259sidir","publisher":{"@id":"https:\/\/www.meydan.tv\/az\/#organization"},"potentialAction":[{"@type":"SearchAction","target":{"@type":"EntryPoint","urlTemplate":"https:\/\/www.meydan.tv\/az\/?s={search_term_string}"},"query-input":{"@type":"PropertyValueSpecification","valueRequired":true,"valueName":"search_term_string"}}],"inLanguage":"az"},{"@type":"Organization","@id":"https:\/\/www.meydan.tv\/az\/#organization","name":"Meydan TV","url":"https:\/\/www.meydan.tv\/az\/","logo":{"@type":"ImageObject","inLanguage":"az","@id":"https:\/\/www.meydan.tv\/az\/#\/schema\/logo\/image\/","url":"https:\/\/www.meydan.tv\/wp-content\/uploads\/2021\/07\/meydan-logo.svg","contentUrl":"https:\/\/www.meydan.tv\/wp-content\/uploads\/2021\/07\/meydan-logo.svg","width":195,"height":46,"caption":"Meydan TV"},"image":{"@id":"https:\/\/www.meydan.tv\/az\/#\/schema\/logo\/image\/"}},{"@type":"Person","@id":"https:\/\/www.meydan.tv\/az\/#\/schema\/person\/10d11eccf6da3662cf5fdab9806ea91a","name":"user-manager"}]}},"_links":{"self":[{"href":"https:\/\/www.meydan.tv\/az\/wp-json\/wp\/v2\/posts\/167910","targetHints":{"allow":["GET"]}}],"collection":[{"href":"https:\/\/www.meydan.tv\/az\/wp-json\/wp\/v2\/posts"}],"about":[{"href":"https:\/\/www.meydan.tv\/az\/wp-json\/wp\/v2\/types\/post"}],"author":[{"embeddable":true,"href":"https:\/\/www.meydan.tv\/az\/wp-json\/wp\/v2\/users\/11"}],"replies":[{"embeddable":true,"href":"https:\/\/www.meydan.tv\/az\/wp-json\/wp\/v2\/comments?post=167910"}],"version-history":[{"count":0,"href":"https:\/\/www.meydan.tv\/az\/wp-json\/wp\/v2\/posts\/167910\/revisions"}],"wp:featuredmedia":[{"embeddable":true,"href":"https:\/\/www.meydan.tv\/az\/wp-json\/wp\/v2\/media\/24369"}],"wp:attachment":[{"href":"https:\/\/www.meydan.tv\/az\/wp-json\/wp\/v2\/media?parent=167910"}],"wp:term":[{"taxonomy":"category","embeddable":true,"href":"https:\/\/www.meydan.tv\/az\/wp-json\/wp\/v2\/categories?post=167910"},{"taxonomy":"post_tag","embeddable":true,"href":"https:\/\/www.meydan.tv\/az\/wp-json\/wp\/v2\/tags?post=167910"}],"curies":[{"name":"wp","href":"https:\/\/api.w.org\/{rel}","templated":true}]}}