{"id":167909,"date":"2015-05-15T14:00:41","date_gmt":"2015-05-15T14:00:41","guid":{"rendered":"https:\/\/www.meydan.tv\/article\/fetulla-huseynovun-oglu-saxlanildi\/"},"modified":"2015-05-15T14:00:41","modified_gmt":"2015-05-15T14:00:41","slug":"fetulla-huseynovun-oglu-saxlanildi","status":"publish","type":"post","link":"https:\/\/www.meydan.tv\/az\/article\/fetulla-huseynovun-oglu-saxlanildi\/","title":{"rendered":"F\u0259tulla H\u00fcseynovun o\u011flu saxlan\u0131ld\u0131"},"content":{"rendered":"<figure class=\"wp-block-image size-large\">\n  <img decoding=\"async\" src=\"https:\/\/www.meydan.tv\/az\/24366\/\" alt=\"\" class=\"wp-image-24366\"\/><figcaption><\/figcaption><\/figure>\n<figure class=\"wp-block-image size-large\">\n  <img decoding=\"async\" src=\"https:\/\/www.meydan.tv\/az\/24366\/\" alt=\"\" class=\"wp-image-24366\"\/><figcaption><\/figcaption><\/figure>\n<p>\n  <i><br \/>\n    Az\u0259rbaycan Beyn\u0259lxalq Bank\u0131n\u0131n Dubay filial\u0131n\u0131n r\u0259hb\u0259ri Adil H\u00fcseynov Bak\u0131da saxlan\u0131l\u0131b.<br \/>\n  <\/i>\n<\/p>\n<p>\n  M\u0259lumat\u0131 &#8220;Azadl\u0131q&#8221; q\u0259zeti yay\u0131b.\n<\/p>\n<p>\n  Bildirildiyin\u0259 g\u00f6r\u0259, Dubayda ya\u015fayan Adil H\u00fcseynovu Bak\u0131ya \u00e7a\u011f\u0131r\u0131blar, burada is\u0259 o, D\u0130N M\u00fct\u0259\u015f\u0259kkil Cinay\u0259tkarl\u0131\u011fa Qar\u015f\u0131 M\u00fcbariz\u0259 \u0130dar\u0259sinin (\u201cbandotdel\u201d) \u0259m\u0259kda\u015flar\u0131 t\u0259r\u0259find\u0259n saxlan\u0131l\u0131b.\n<\/p>\n<p>\n  Adil H\u00fcseynovun saxlan\u0131lmas\u0131 az\u0259rbaycanl\u0131 kredit oliqarxlar\u0131n\u0131n bir ne\u00e7\u0259 g\u00fcn \u00f6nc\u0259 ba\u015flayan h\u0259bs dal\u011fas\u0131 il\u0259 \u0259laq\u0259l\u0259ndirilir. A.H\u00fcseynovun m\u0259nzilind\u0259 v\u0259 i\u015f ota\u011f\u0131nda axtar\u0131\u015flar apar\u0131l\u0131b.\n<\/p>\n<p>\n  Adil H\u00fcseynov m\u0259rhum polis zabiti F\u0259tullah H\u00fcseynovun o\u011fludur. Polkovnik F\u0259tullah H\u00fcseynov dig\u0259r polkovnik Hac\u0131 M\u0259mm\u0259dovun bandas\u0131 t\u0259r\u0259find\u0259n q\u0259tl\u0259 yetirilib.\n<\/p>\n<p><div>\n    Adil H\u00fcseynovun v\u0259kili Kamandar N\u0259sibov virtualaz.org-a bildirib ki, m\u00fcv\u0259kkilin\u0259 Cinay\u0259t M\u0259c\u0259ll\u0259sinin 178.3.2-ci (d\u0259l\u0259duzluq &#8211; k\u00fclli miqdarda ziyan vurmaqla t\u00f6r\u0259dildikd\u0259) madd\u0259si il\u0259 ittiham elan edilib. D\u0130N \u0259m\u0259kda\u015flar\u0131 A.H\u00fcseynovun evind\u0259 axtar\u0131\u015f apar\u0131blar: \u201cAmma Adil H\u00fcseynov bar\u0259d\u0259 h\u0259l\u0259lik h\u0259bs-q\u0259timkan t\u0259dbiri se\u00e7ilm\u0259yib\u201d.\n  <\/div>\n<\/p>\n<div>\n<div><\/div>\n<div>\n      V\u0259kil A.H\u00fcseynovun saxlanmas\u0131n\u0131n s\u0259b\u0259bl\u0259rin\u0259 d\u0259 toxunaraq bildirib ki, Adil H\u00fcseynov Dubaydak\u0131 xarici \u015firk\u0259tl\u0259rd\u0259n birinin meneceridir: \u201cOnun \u00e7al\u0131\u015fd\u0131\u011f\u0131 \u015firk\u0259t is\u0259 bankdan kredit g\u00f6t\u00fcr\u00fcb, amma kredit borcunu qaytarmay\u0131b. Bu s\u0259b\u0259bd\u0259n Adil H\u00fcseynov da saxlan\u0131b\u201d.\n    <\/div>\n<\/p><\/div><\/p>\n","protected":false},"excerpt":{"rendered":"<p>Az\u0259rbaycan Beyn\u0259lxalq Bank\u0131n\u0131n Dubay filial\u0131n\u0131n r\u0259hb\u0259ri Adil H\u00fcseynov Bak\u0131da saxlan\u0131l\u0131b.<\/p>\n","protected":false},"author":11,"featured_media":24366,"comment_status":"closed","ping_status":"open","sticky":false,"template":"","format":"standard","meta":{"_acf_changed":false,"_sitemap_exclude":false,"_sitemap_priority":"","_sitemap_frequency":"","footnotes":""},"categories":[56],"tags":[],"class_list":["post-167909","post","type-post","status-publish","format-standard","has-post-thumbnail","hentry","category-xeberler","infinite-scroll-item","generate-columns","tablet-grid-50","mobile-grid-100","grid-parent","grid-33","no-featured-image-padding"],"acf":[],"yoast_head":"<!-- This site is optimized with the Yoast SEO plugin v28.4 - https:\/\/yoast.com\/product\/yoast-seo-wordpress\/ -->\n<title>F\u0259tulla H\u00fcseynovun o\u011flu saxlan\u0131ld\u0131 - MEYDAN.TV<\/title>\n<meta name=\"robots\" content=\"index, follow, max-snippet:-1, max-image-preview:large, max-video-preview:-1\" \/>\n<link rel=\"canonical\" href=\"https:\/\/www.meydan.tv\/az\/article\/fetulla-huseynovun-oglu-saxlanildi\/\" \/>\n<meta property=\"og:locale\" content=\"az_AZ\" \/>\n<meta property=\"og:type\" content=\"article\" \/>\n<meta property=\"og:title\" content=\"F\u0259tulla H\u00fcseynovun o\u011flu saxlan\u0131ld\u0131 - MEYDAN.TV\" \/>\n<meta property=\"og:description\" content=\"Az\u0259rbaycan Beyn\u0259lxalq Bank\u0131n\u0131n Dubay filial\u0131n\u0131n r\u0259hb\u0259ri Adil H\u00fcseynov Bak\u0131da saxlan\u0131l\u0131b.\" \/>\n<meta property=\"og:url\" content=\"https:\/\/www.meydan.tv\/az\/article\/fetulla-huseynovun-oglu-saxlanildi\/\" \/>\n<meta property=\"og:site_name\" content=\"MEYDAN.TV\" \/>\n<meta property=\"article:published_time\" content=\"2015-05-15T14:00:41+00:00\" \/>\n<meta property=\"og:image\" content=\"https:\/\/www.meydan.tv\/wp-content\/uploads\/8870.jpg\" \/>\n\t<meta property=\"og:image:width\" content=\"311\" \/>\n\t<meta property=\"og:image:height\" content=\"162\" \/>\n\t<meta property=\"og:image:type\" content=\"image\/jpeg\" \/>\n<meta name=\"twitter:card\" content=\"summary_large_image\" \/>\n<!-- \/ Yoast SEO plugin. -->","yoast_head_json":{"title":"F\u0259tulla H\u00fcseynovun o\u011flu saxlan\u0131ld\u0131 - MEYDAN.TV","robots":{"index":"index","follow":"follow","max-snippet":"max-snippet:-1","max-image-preview":"max-image-preview:large","max-video-preview":"max-video-preview:-1"},"canonical":"https:\/\/www.meydan.tv\/az\/article\/fetulla-huseynovun-oglu-saxlanildi\/","og_locale":"az_AZ","og_type":"article","og_title":"F\u0259tulla H\u00fcseynovun o\u011flu saxlan\u0131ld\u0131 - MEYDAN.TV","og_description":"Az\u0259rbaycan Beyn\u0259lxalq Bank\u0131n\u0131n Dubay filial\u0131n\u0131n r\u0259hb\u0259ri Adil H\u00fcseynov Bak\u0131da saxlan\u0131l\u0131b.","og_url":"https:\/\/www.meydan.tv\/az\/article\/fetulla-huseynovun-oglu-saxlanildi\/","og_site_name":"MEYDAN.TV","article_published_time":"2015-05-15T14:00:41+00:00","og_image":[{"width":311,"height":162,"url":"https:\/\/www.meydan.tv\/wp-content\/uploads\/8870.jpg","type":"image\/jpeg"}],"twitter_card":"summary_large_image","schema":{"@context":"https:\/\/schema.org","@graph":[{"@type":"Article","@id":"https:\/\/www.meydan.tv\/az\/article\/fetulla-huseynovun-oglu-saxlanildi\/#article","isPartOf":{"@id":"https:\/\/www.meydan.tv\/az\/article\/fetulla-huseynovun-oglu-saxlanildi\/"},"author":{"name":"user-manager","@id":"https:\/\/www.meydan.tv\/az\/#\/schema\/person\/10d11eccf6da3662cf5fdab9806ea91a"},"headline":"F\u0259tulla H\u00fcseynovun o\u011flu saxlan\u0131ld\u0131","datePublished":"2015-05-15T14:00:41+00:00","mainEntityOfPage":{"@id":"https:\/\/www.meydan.tv\/az\/article\/fetulla-huseynovun-oglu-saxlanildi\/"},"wordCount":276,"publisher":{"@id":"https:\/\/www.meydan.tv\/az\/#organization"},"image":{"@id":"https:\/\/www.meydan.tv\/az\/article\/fetulla-huseynovun-oglu-saxlanildi\/#primaryimage"},"thumbnailUrl":"https:\/\/www.meydan.tv\/wp-content\/uploads\/8870.jpg","articleSection":["X\u0259b\u0259rl\u0259r"],"inLanguage":"az"},{"@type":"WebPage","@id":"https:\/\/www.meydan.tv\/az\/article\/fetulla-huseynovun-oglu-saxlanildi\/","url":"https:\/\/www.meydan.tv\/az\/article\/fetulla-huseynovun-oglu-saxlanildi\/","name":"F\u0259tulla H\u00fcseynovun o\u011flu saxlan\u0131ld\u0131 - MEYDAN.TV","isPartOf":{"@id":"https:\/\/www.meydan.tv\/az\/#website"},"primaryImageOfPage":{"@id":"https:\/\/www.meydan.tv\/az\/article\/fetulla-huseynovun-oglu-saxlanildi\/#primaryimage"},"image":{"@id":"https:\/\/www.meydan.tv\/az\/article\/fetulla-huseynovun-oglu-saxlanildi\/#primaryimage"},"thumbnailUrl":"https:\/\/www.meydan.tv\/wp-content\/uploads\/8870.jpg","datePublished":"2015-05-15T14:00:41+00:00","breadcrumb":{"@id":"https:\/\/www.meydan.tv\/az\/article\/fetulla-huseynovun-oglu-saxlanildi\/#breadcrumb"},"inLanguage":"az","potentialAction":[{"@type":"ReadAction","target":["https:\/\/www.meydan.tv\/az\/article\/fetulla-huseynovun-oglu-saxlanildi\/"]}]},{"@type":"ImageObject","inLanguage":"az","@id":"https:\/\/www.meydan.tv\/az\/article\/fetulla-huseynovun-oglu-saxlanildi\/#primaryimage","url":"https:\/\/www.meydan.tv\/wp-content\/uploads\/8870.jpg","contentUrl":"https:\/\/www.meydan.tv\/wp-content\/uploads\/8870.jpg","width":311,"height":162,"caption":"Source:"},{"@type":"BreadcrumbList","@id":"https:\/\/www.meydan.tv\/az\/article\/fetulla-huseynovun-oglu-saxlanildi\/#breadcrumb","itemListElement":[{"@type":"ListItem","position":1,"name":"Ana s\u0259hif\u0259","item":"https:\/\/www.meydan.tv\/az\/"},{"@type":"ListItem","position":2,"name":"X\u0259b\u0259rl\u0259r","item":"https:\/\/www.meydan.tv\/az\/section\/xeberler\/"},{"@type":"ListItem","position":3,"name":"F\u0259tulla H\u00fcseynovun o\u011flu saxlan\u0131ld\u0131"}]},{"@type":"WebSite","@id":"https:\/\/www.meydan.tv\/az\/#website","url":"https:\/\/www.meydan.tv\/az\/","name":"MEYDAN.TV","description":"Meydan TV Az\u0259rbaycan\u0131n media m\u0259kan\u0131ndak\u0131 alternativ s\u0259sidir","publisher":{"@id":"https:\/\/www.meydan.tv\/az\/#organization"},"potentialAction":[{"@type":"SearchAction","target":{"@type":"EntryPoint","urlTemplate":"https:\/\/www.meydan.tv\/az\/?s={search_term_string}"},"query-input":{"@type":"PropertyValueSpecification","valueRequired":true,"valueName":"search_term_string"}}],"inLanguage":"az"},{"@type":"Organization","@id":"https:\/\/www.meydan.tv\/az\/#organization","name":"Meydan TV","url":"https:\/\/www.meydan.tv\/az\/","logo":{"@type":"ImageObject","inLanguage":"az","@id":"https:\/\/www.meydan.tv\/az\/#\/schema\/logo\/image\/","url":"https:\/\/www.meydan.tv\/wp-content\/uploads\/2021\/07\/meydan-logo.svg","contentUrl":"https:\/\/www.meydan.tv\/wp-content\/uploads\/2021\/07\/meydan-logo.svg","width":195,"height":46,"caption":"Meydan TV"},"image":{"@id":"https:\/\/www.meydan.tv\/az\/#\/schema\/logo\/image\/"}},{"@type":"Person","@id":"https:\/\/www.meydan.tv\/az\/#\/schema\/person\/10d11eccf6da3662cf5fdab9806ea91a","name":"user-manager"}]}},"_links":{"self":[{"href":"https:\/\/www.meydan.tv\/az\/wp-json\/wp\/v2\/posts\/167909","targetHints":{"allow":["GET"]}}],"collection":[{"href":"https:\/\/www.meydan.tv\/az\/wp-json\/wp\/v2\/posts"}],"about":[{"href":"https:\/\/www.meydan.tv\/az\/wp-json\/wp\/v2\/types\/post"}],"author":[{"embeddable":true,"href":"https:\/\/www.meydan.tv\/az\/wp-json\/wp\/v2\/users\/11"}],"replies":[{"embeddable":true,"href":"https:\/\/www.meydan.tv\/az\/wp-json\/wp\/v2\/comments?post=167909"}],"version-history":[{"count":0,"href":"https:\/\/www.meydan.tv\/az\/wp-json\/wp\/v2\/posts\/167909\/revisions"}],"wp:featuredmedia":[{"embeddable":true,"href":"https:\/\/www.meydan.tv\/az\/wp-json\/wp\/v2\/media\/24366"}],"wp:attachment":[{"href":"https:\/\/www.meydan.tv\/az\/wp-json\/wp\/v2\/media?parent=167909"}],"wp:term":[{"taxonomy":"category","embeddable":true,"href":"https:\/\/www.meydan.tv\/az\/wp-json\/wp\/v2\/categories?post=167909"},{"taxonomy":"post_tag","embeddable":true,"href":"https:\/\/www.meydan.tv\/az\/wp-json\/wp\/v2\/tags?post=167909"}],"curies":[{"name":"wp","href":"https:\/\/api.w.org\/{rel}","templated":true}]}}