{"id":167907,"date":"2015-05-15T12:44:27","date_gmt":"2015-05-15T12:44:27","guid":{"rendered":"https:\/\/www.meydan.tv\/article\/rusiya-ve-azerbaycan-strategiya-2020-ye-duzelisler-edir\/"},"modified":"2015-05-15T12:44:27","modified_gmt":"2015-05-15T12:44:27","slug":"rusiya-ve-azerbaycan-strategiya-2020-ye-duzelisler-edir","status":"publish","type":"post","link":"https:\/\/www.meydan.tv\/az\/article\/rusiya-ve-azerbaycan-strategiya-2020-ye-duzelisler-edir\/","title":{"rendered":"Rusiya v\u0259 Az\u0259rbaycan Strategiya-2020-y\u0259 d\u00fcz\u0259li\u015fl\u0259r edir"},"content":{"rendered":"<figure class=\"wp-block-image size-large\">\n  <img decoding=\"async\" src=\"https:\/\/www.meydan.tv\/az\/24359\/\" alt=\"\" class=\"wp-image-24359\"\/><figcaption><\/figcaption><\/figure>\n<figure class=\"wp-block-image size-large\">\n  <img decoding=\"async\" src=\"https:\/\/www.meydan.tv\/az\/24359\/\" alt=\"\" class=\"wp-image-24359\"\/><figcaption><\/figcaption><\/figure>\n<p>\n  <i><br \/>\n    Amerikan\u0131n t\u0259zyiqin\u0259 davam g\u0259tirm\u0259k \u00fc\u00e7\u00fcn Rusiya \u00e7oxq\u00fctbl\u00fc d\u00fcnya formala\u015fd\u0131rmaq siyas\u0259ti h\u0259yata ke\u00e7irir<br \/>\n  <\/i>\n<\/p>\n<p>\n  Rusiya T\u0259hl\u00fck\u0259sizlik \u015euras\u0131n\u0131n katibi Nikolay Patru\u015fevin may\u0131n 11-12-d\u0259 Az\u0259rbaycana s\u0259f\u0259ri haqq\u0131nda r\u0259smi m\u0259lumat hesabatlar\u0131 onun respublika prezidenti, Prezident Administrasiyas\u0131n\u0131n r\u0259hb\u0259ri, milli t\u0259hl\u00fck\u0259sizlik naziri il\u0259 bir \u00e7ox m\u0259s\u0259l\u0259l\u0259ri m\u00fczakir\u0259 etdiyini g\u00f6st\u0259rir.\n<\/p>\n<p>\n  G\u00fcnd\u0259lik siyah\u0131s\u0131na beyn\u0259lxalq, regional, milli t\u0259hl\u00fck\u0259sizlik, X\u0259z\u0259ryan\u0131 \u0259m\u0259kda\u015fl\u0131q, terrorizm\u0259, ekstremizm\u0259 qar\u015f\u0131 m\u00fcbariz\u0259 m\u00f6vzular\u0131, habel\u0259 I Avropa Oyunlar\u0131 \u00e7\u0259r\u00e7iv\u0259sind\u0259 k\u00fctl\u0259vi t\u0259dbirl\u0259rin ke\u00e7irilm\u0259si zaman\u0131 t\u0259hl\u00fck\u0259sizlik t\u0259dbirl\u0259ri daxildir.\n<\/p>\n<p>\n  H\u0259min m\u0259lumatlardan ayd\u0131n olunur ki, Patru\u015fev Az\u0259rbaycana Rusiya v\u0259 Az\u0259rbaycan\u0131n milli v\u0259 regional t\u0259hl\u00fck\u0259sizliyin t\u0259min edilm\u0259si \u00fczr\u0259 prezident administrasiyalar\u0131 v\u0259 x\u00fcsusi xidm\u0259tl\u0259r s\u0259viyy\u0259sind\u0259 s\u0259m\u0259r\u0259li \u0259laq\u0259l\u0259r\u0259 yeni t\u0259kan verm\u0259k m\u0259qs\u0259dil\u0259 g\u0259lib.\n<\/p>\n<p>\n  Patru\u015fevin s\u0259f\u0259rini Az\u0259rbaycan v\u0259 Rusiya aras\u0131nda Qarad\u0259niz-X\u0259z\u0259r h\u00f6vz\u0259si b\u00f6lg\u0259sind\u0259 t\u0259hl\u00fck\u0259sizlik sah\u0259sind\u0259 m\u00fcnasib\u0259tl\u0259rin yenil\u0259nm\u0259si kimi qiym\u0259tl\u0259ndirm\u0259k olar. Hesab olunur ki, bu yenil\u0259nm\u0259 Rusiya milli t\u0259hl\u00fck\u0259sizlik strategiyas\u0131na yenid\u0259n bax\u0131lmas\u0131 \u0259sas\u0131nda, h\u0259m\u00e7inin NATO t\u0259r\u0259fda\u015fl\u0131\u011f\u0131 \u00e7\u0259r\u00e7iv\u0259sind\u0259 Az\u0259rbaycan v\u0259 T\u00fcrkiy\u0259 aras\u0131nda t\u0259hl\u00fck\u0259sizlik sah\u0259sind\u0259 inki\u015faf etm\u0259kd\u0259 olan \u0259laq\u0259l\u0259r n\u0259z\u0259r\u0259 al\u0131nmaqla h\u0259yata ke\u00e7irilm\u0259lidir.\n<\/p>\n<p>\n  Az\u0259rbaycana s\u0259f\u0259r \u0259r\u0259f\u0259sind\u0259 RF T\u0259hl\u00fck\u0259sizlik \u015euras\u0131 Rusiyan\u0131n 2020-ci il\u0259 q\u0259d\u0259r milli t\u0259hl\u00fck\u0259sizlik strategiyas\u0131na, habel\u0259 RF informasiya t\u0259hl\u00fck\u0259sizliyi doktrinas\u0131na d\u00fcz\u0259li\u015fl\u0259r edilm\u0259si haqq\u0131nda q\u0259rar q\u0259bul edib. May\u0131n 6-da \u201cKrasnaya Zvezda\u201d q\u0259zetind\u0259 d\u0259rc edilmi\u015f \u201cB\u00f6y\u00fck M\u00fcharib\u0259d\u0259 B\u00f6y\u00fck Q\u0259l\u0259b\u0259\u201d adl\u0131 m\u0259qal\u0259sind\u0259 Patru\u015fev h\u0259rbi t\u0259hl\u00fck\u0259l\u0259ri v\u0259 h\u0259d\u0259l\u0259ri g\u00f6st\u0259rir: \u201c\u0259r\u0259b bahar\u0131\u201d, Suriya v\u0259 \u0130raqdak\u0131 hadis\u0259l\u0259r (\u0130slam D\u00f6vl\u0259ti problemi), Ukraynada v\u0259 onun \u0259traf\u0131ndak\u0131 v\u0259ziyy\u0259t, h\u0259rbi t\u0259hl\u00fck\u0259l\u0259rin informasiya m\u0259kan\u0131na n\u00fcfuz etm\u0259si t\u0259may\u00fcl\u00fc.\n<\/p>\n<p>\n  T\u015e katibi qeyd edir ki, d\u00fcnyan\u0131n apar\u0131c\u0131 \u00f6lk\u0259l\u0259rinin \u00f6z maraqlar\u0131n\u0131 t\u0259\u015fviq etm\u0259si \u00fc\u00e7\u00fcn \u201cdolay\u0131s\u0131 \u0259m\u0259ll\u0259r\u201d s\u0259ciyy\u0259vi olub. Bu \u0259m\u0259ll\u0259r\u0259 \u0259halinin, radikal v\u0259 ekstremist t\u0259\u015fkilatlar\u0131n, \u00f6z\u0259l h\u0259rbi \u015firk\u0259tl\u0259rin etiraz potensial\u0131ndan istifad\u0259 daxildir.\n<\/p>\n<p>\n  O, h\u0259m\u00e7inin \u201cAB\u015e v\u0259 NATO-nun Rusiyaya qar\u015f\u0131 aqressivliyinin artd\u0131\u011f\u0131n\u0131, onlar\u0131n bilavasit\u0259 Rusiya s\u0259rh\u0259dl\u0259rind\u0259 h\u00fccum potensial\u0131n\u0131n art\u0131r\u0131ld\u0131\u011f\u0131n\u0131 v\u0259 qlobal R\u018fM sistemi qurdu\u011funu\u201d qeyd edir.\n<\/p>\n<p>\n  Amerikan\u0131n t\u0259zyiqin\u0259 davam g\u0259tirm\u0259k \u00fc\u00e7\u00fcn Rusiya \u00e7oxq\u00fctbl\u00fc d\u00fcnya formala\u015fd\u0131rmaq siyas\u0259ti h\u0259yata ke\u00e7irir, BR\u0130KS, \u015e\u018fT, AA\u0130\u0130, MDB kimi inteqrasiya birlikl\u0259rin\u0259, habel\u0259 Amerika hegemonlu\u011funa qar\u015f\u0131 \u00e7\u0131xan \u00f6lk\u0259l\u0259rl\u0259 ikit\u0259r\u0259fli m\u00fcnasib\u0259tl\u0259r\u0259 \u0259saslan\u0131r.\n<\/p>\n<figure class=\"wp-block-image size-large\">\n  <img decoding=\"async\" src=\"https:\/\/www.meydan.tv\/az\/24357\/\" alt=\"\" class=\"wp-image-24357\"\/><figcaption><\/figcaption><\/figure>\n<p>\n  Patru\u015fevskinin s\u0259sl\u0259ndirdiyi m\u0259s\u0259l\u0259l\u0259rd\u0259n g\u00f6r\u00fcnd\u00fcy\u00fc kimi, AB\u015e v\u0259 onun m\u00fctt\u0259fiql\u0259rinin \u201cdolay\u0131s\u0131 \u0259m\u0259ll\u0259rinin\u201d da\u015f\u0131d\u0131\u011f\u0131 t\u0259hl\u00fck\u0259 fonunda Rusiya v\u0259 Az\u0259rbaycan r\u0259hb\u0259rliyinin regional v\u0259 milli t\u0259hl\u00fck\u0259sizlik m\u0259s\u0259l\u0259l\u0259ri \u00fczr\u0259 bir \u00e7ox ortaq n\u00f6qt\u0259l\u0259ri var.\n<\/p>\n<p>\n  Az\u0259rbaycanda son \u00fc\u00e7 ild\u0259 hakimiyy\u0259t ard\u0131c\u0131l olaraq eyni t\u0259hl\u00fck\u0259l\u0259rd\u0259n dan\u0131\u015f\u0131r v\u0259 v\u0259t\u0259nda\u015f c\u0259miyy\u0259ti v\u0259 m\u00fcxalif\u0259tin \u015f\u0259xsind\u0259 etiraz dal\u011fas\u0131n\u0131n neytralla\u015fd\u0131r\u0131lmas\u0131, habel\u0259 ekstremizm v\u0259 radikalizm\u0259 qar\u015f\u0131 m\u00fcbariz\u0259 \u00fczr\u0259 Rusiya add\u0131mlar\u0131na b\u0259nz\u0259r add\u0131mlar at\u0131r. Moskva kimi, r\u0259smi Bak\u0131 da AB\u015e v\u0259 A\u0130-ni daxili i\u015fl\u0259r\u0259 m\u00fcdaxil\u0259d\u0259, sabitliyi pozmaqda v\u0259 rejimi d\u0259yi\u015fm\u0259y\u0259 \u00e7al\u0131\u015fmaqda ittiham edir.\n<\/p>\n<p>\n  Buna g\u00f6r\u0259 h\u0259r iki rejimin operativ maraqlar\u0131n\u0131n \u00fcst-\u00fcst\u0259 d\u00fc\u015fd\u00fcy\u00fc bir \u015f\u0259raitd\u0259 Kreml 2020-ci il\u0259 q\u0259d\u0259r strateji planda AB\u015e-\u0131n Az\u0259rbaycandak\u0131 m\u00f6vqeyinin g\u00fccl\u0259nm\u0259sini arzulamad\u0131\u011f\u0131n\u0131, habel\u0259 \u0130slam D\u00f6vl\u0259ti il\u0259 ba\u011fl\u0131 ekstremist q\u00fcvv\u0259l\u0259rin regiona daxil olmas\u0131na qar\u015f\u0131 m\u00fcbariz\u0259 \u00fc\u00e7\u00fcn birg\u0259 t\u0259dbirl\u0259r h\u0259yata ke\u00e7irm\u0259k ist\u0259yini \u018fliyev administrasiyas\u0131na \u00e7atd\u0131ra bil\u0259r. Bu ist\u0259kl\u0259r diqq\u0259t\u0259 al\u0131na bil\u0259r, bel\u0259 ki, var g\u00fcc\u00fc il\u0259 Q\u0259rbin v\u0259 radikal islam\u0131n \u00f6z \u0259razisind\u0259 t\u0259sirini m\u0259hdudla\u015fd\u0131rma\u011fa \u00e7al\u0131\u015fan Az\u0259rbaycan r\u0259hb\u0259rliyinin d\u0259 maraqlar\u0131na uy\u011fundur.\n<\/p>\n<p>\n  T\u00fcrkiy\u0259 v\u0259 Az\u0259rbaycan aras\u0131nda m\u00fcnasib\u0259tl\u0259rin g\u00fccl\u0259nm\u0259kd\u0259 olan dinamikas\u0131 da bu \u00fcst-\u00fcst\u0259 d\u00fc\u015f\u0259n strateji x\u0259tl\u0259r\u0259 aiddir. Bunu ard-arda g\u0259l\u0259n h\u0259rbi t\u0259liml\u0259r v\u0259 regional t\u0259hl\u00fck\u0259sizlik sah\u0259sind\u0259 \u0259laq\u0259l\u0259r d\u0259 s\u00fcbut edir. Bu g\u00fcnl\u0259rd\u0259 Antaliyada ke\u00e7iril\u0259n NATO \u00f6lk\u0259l\u0259rinin X\u0130N r\u0259hb\u0259rl\u0259ri sammitind\u0259 T\u00fcrkiy\u0259 ba\u015f naziri Davuto\u011flu qeyd edib ki, T\u00fcrkiy\u0259 Qafqaz\u0131nda daxil oldu\u011fu \u00d6n Asiya regionunda \u0130slam D\u00f6vl\u0259ti q\u00fcvv\u0259l\u0259rinin h\u00fccumlar\u0131n\u0131n qar\u015f\u0131s\u0131n\u0131 alacaq \u00f6n x\u0259tdir. T\u00fcrkiy\u0259 v\u0259 Rusiya aras\u0131nda x\u00fcsusi m\u00fcnasib\u0259tl\u0259r T\u00fcrkiy\u0259-Az\u0259rbaycan ittifaq\u0131n\u0131n ucunun \u015fimal deyil, c\u0259nub istiqam\u0259tin\u0259 y\u00f6n\u0259l\u0259c\u0259yin\u0259 z\u0259man\u0259t ver\u0259 bil\u0259r.\n<\/p>\n<p>\n  Rusiya v\u0259 Az\u0259rbaycan aras\u0131nda m\u00fcv\u0259qq\u0259ti antiamerikanizm t\u0259siri alt\u0131nda inki\u015faf ed\u0259n bu m\u00fcnasib\u0259tl\u0259r Va\u015finqtonu q\u0131c\u0131qland\u0131rsa da, boru k\u0259m\u0259rl\u0259ri, n\u0259qliyyat, rabit\u0259, resurslara \u00e7\u0131x\u0131\u015f da daxil olmaqla, \u0130p\u0259k Yolu kommunikasiya d\u0259hlizinin h\u0259yata ke\u00e7irilm\u0259si fonunda d\u00f6z\u00fcl\u0259 bil\u0259n olur. B\u00fct\u00fcn bu planlar\u0131n h\u0259yata ke\u00e7irilm\u0259si \u00fc\u00e7\u00fcn AB\u015e \u00fc\u00e7\u00fcn islam radikalizminin v\u0259 Rusiya v\u0259 Az\u0259rbaycanda sistemli (iqtisadi) b\u00f6hranlar\u0131n artmas\u0131 fonunda aktuall\u0131\u011f\u0131n\u0131 art\u0131ran sabitlik prioritet m\u0259s\u0259l\u0259 olaraq qal\u0131r.\n<\/p>\n<p>\n  Bununla \u0259laq\u0259dar olaraq dem\u0259k olar ki, RF T\u0259hl\u00fck\u0259sizlik \u015euras\u0131 katibinin s\u0259f\u0259ri sonradan iyunda bir \u00e7ox d\u00f6vl\u0259t ba\u015f\u00e7\u0131lar\u0131n\u0131n, o c\u00fcml\u0259d\u0259n Rusiya prezidentinin i\u015ftirak\u0131 il\u0259 Bak\u0131da ke\u00e7iril\u0259c\u0259k Birinci Avropa Oyunlar\u0131nda, habel\u0259 avqustda start g\u00f6t\u00fcr\u0259n v\u0259 noyabrda ba\u015fa \u00e7atan parlament se\u00e7kil\u0259ri d\u00f6vr\u00fcnd\u0259 t\u0259hl\u00fck\u0259sizlik m\u0259s\u0259l\u0259l\u0259rinin i\u015fl\u0259nm\u0259si m\u0259s\u0259l\u0259sini g\u00fcnd\u0259liy\u0259 \u00e7\u0131xaracaq.\n<\/p>\n<p>\n  2020-ci il\u0259 q\u0259d\u0259r strateji planda Patru\u015fevin t\u0259svir etdiyi t\u0259hl\u00fck\u0259l\u0259r\u0259 v\u0259 h\u0259d\u0259l\u0259r\u0259 qar\u015f\u0131 m\u00fcbariz\u0259 Rusiya-Az\u0259rbaycan m\u00fcnasib\u0259tl\u0259rind\u0259 prioritet olaraq qalacaq.\n<\/p>\n<p>\n  <b><br \/>\n    Turan Analitika Xidm\u0259ti<br \/>\n  <\/b><\/p>\n","protected":false},"excerpt":{"rendered":"<p>Amerikan\u0131n t\u0259zyiqin\u0259 davam g\u0259tirm\u0259k \u00fc\u00e7\u00fcn Rusiya \u00e7oxq\u00fctbl\u00fc d\u00fcnya formala\u015fd\u0131rmaq siyas\u0259ti h\u0259yata ke\u00e7irir<\/p>\n","protected":false},"author":11,"featured_media":24359,"comment_status":"closed","ping_status":"open","sticky":false,"template":"","format":"standard","meta":{"_acf_changed":false,"_sitemap_exclude":false,"_sitemap_priority":"","_sitemap_frequency":"","footnotes":""},"categories":[56],"tags":[],"class_list":["post-167907","post","type-post","status-publish","format-standard","has-post-thumbnail","hentry","category-xeberler","infinite-scroll-item","generate-columns","tablet-grid-50","mobile-grid-100","grid-parent","grid-33","no-featured-image-padding"],"acf":[],"yoast_head":"<!-- This site is optimized with the Yoast SEO plugin v28.4 - https:\/\/yoast.com\/product\/yoast-seo-wordpress\/ -->\n<title>Rusiya v\u0259 Az\u0259rbaycan Strategiya-2020-y\u0259 d\u00fcz\u0259li\u015fl\u0259r edir - MEYDAN.TV<\/title>\n<meta name=\"robots\" content=\"index, follow, max-snippet:-1, max-image-preview:large, max-video-preview:-1\" \/>\n<link rel=\"canonical\" href=\"https:\/\/www.meydan.tv\/az\/article\/rusiya-ve-azerbaycan-strategiya-2020-ye-duzelisler-edir\/\" \/>\n<meta property=\"og:locale\" content=\"az_AZ\" \/>\n<meta property=\"og:type\" content=\"article\" \/>\n<meta property=\"og:title\" content=\"Rusiya v\u0259 Az\u0259rbaycan Strategiya-2020-y\u0259 d\u00fcz\u0259li\u015fl\u0259r edir - MEYDAN.TV\" \/>\n<meta property=\"og:description\" content=\"Amerikan\u0131n t\u0259zyiqin\u0259 davam g\u0259tirm\u0259k \u00fc\u00e7\u00fcn Rusiya \u00e7oxq\u00fctbl\u00fc d\u00fcnya formala\u015fd\u0131rmaq siyas\u0259ti h\u0259yata ke\u00e7irir\" \/>\n<meta property=\"og:url\" content=\"https:\/\/www.meydan.tv\/az\/article\/rusiya-ve-azerbaycan-strategiya-2020-ye-duzelisler-edir\/\" \/>\n<meta property=\"og:site_name\" content=\"MEYDAN.TV\" \/>\n<meta property=\"article:published_time\" content=\"2015-05-15T12:44:27+00:00\" \/>\n<meta property=\"og:image\" content=\"https:\/\/www.meydan.tv\/wp-content\/uploads\/8868.jpg\" \/>\n\t<meta property=\"og:image:width\" content=\"494\" \/>\n\t<meta property=\"og:image:height\" content=\"400\" \/>\n\t<meta property=\"og:image:type\" content=\"image\/jpeg\" \/>\n<meta name=\"twitter:card\" content=\"summary_large_image\" \/>\n<!-- \/ Yoast SEO plugin. -->","yoast_head_json":{"title":"Rusiya v\u0259 Az\u0259rbaycan Strategiya-2020-y\u0259 d\u00fcz\u0259li\u015fl\u0259r edir - MEYDAN.TV","robots":{"index":"index","follow":"follow","max-snippet":"max-snippet:-1","max-image-preview":"max-image-preview:large","max-video-preview":"max-video-preview:-1"},"canonical":"https:\/\/www.meydan.tv\/az\/article\/rusiya-ve-azerbaycan-strategiya-2020-ye-duzelisler-edir\/","og_locale":"az_AZ","og_type":"article","og_title":"Rusiya v\u0259 Az\u0259rbaycan Strategiya-2020-y\u0259 d\u00fcz\u0259li\u015fl\u0259r edir - MEYDAN.TV","og_description":"Amerikan\u0131n t\u0259zyiqin\u0259 davam g\u0259tirm\u0259k \u00fc\u00e7\u00fcn Rusiya \u00e7oxq\u00fctbl\u00fc d\u00fcnya formala\u015fd\u0131rmaq siyas\u0259ti h\u0259yata ke\u00e7irir","og_url":"https:\/\/www.meydan.tv\/az\/article\/rusiya-ve-azerbaycan-strategiya-2020-ye-duzelisler-edir\/","og_site_name":"MEYDAN.TV","article_published_time":"2015-05-15T12:44:27+00:00","og_image":[{"width":494,"height":400,"url":"https:\/\/www.meydan.tv\/wp-content\/uploads\/8868.jpg","type":"image\/jpeg"}],"twitter_card":"summary_large_image","schema":{"@context":"https:\/\/schema.org","@graph":[{"@type":"Article","@id":"https:\/\/www.meydan.tv\/az\/article\/rusiya-ve-azerbaycan-strategiya-2020-ye-duzelisler-edir\/#article","isPartOf":{"@id":"https:\/\/www.meydan.tv\/az\/article\/rusiya-ve-azerbaycan-strategiya-2020-ye-duzelisler-edir\/"},"author":{"name":"user-manager","@id":"https:\/\/www.meydan.tv\/az\/#\/schema\/person\/10d11eccf6da3662cf5fdab9806ea91a"},"headline":"Rusiya v\u0259 Az\u0259rbaycan Strategiya-2020-y\u0259 d\u00fcz\u0259li\u015fl\u0259r edir","datePublished":"2015-05-15T12:44:27+00:00","mainEntityOfPage":{"@id":"https:\/\/www.meydan.tv\/az\/article\/rusiya-ve-azerbaycan-strategiya-2020-ye-duzelisler-edir\/"},"wordCount":1227,"publisher":{"@id":"https:\/\/www.meydan.tv\/az\/#organization"},"image":{"@id":"https:\/\/www.meydan.tv\/az\/article\/rusiya-ve-azerbaycan-strategiya-2020-ye-duzelisler-edir\/#primaryimage"},"thumbnailUrl":"https:\/\/www.meydan.tv\/wp-content\/uploads\/8868.jpg","articleSection":["X\u0259b\u0259rl\u0259r"],"inLanguage":"az"},{"@type":"WebPage","@id":"https:\/\/www.meydan.tv\/az\/article\/rusiya-ve-azerbaycan-strategiya-2020-ye-duzelisler-edir\/","url":"https:\/\/www.meydan.tv\/az\/article\/rusiya-ve-azerbaycan-strategiya-2020-ye-duzelisler-edir\/","name":"Rusiya v\u0259 Az\u0259rbaycan Strategiya-2020-y\u0259 d\u00fcz\u0259li\u015fl\u0259r edir - MEYDAN.TV","isPartOf":{"@id":"https:\/\/www.meydan.tv\/az\/#website"},"primaryImageOfPage":{"@id":"https:\/\/www.meydan.tv\/az\/article\/rusiya-ve-azerbaycan-strategiya-2020-ye-duzelisler-edir\/#primaryimage"},"image":{"@id":"https:\/\/www.meydan.tv\/az\/article\/rusiya-ve-azerbaycan-strategiya-2020-ye-duzelisler-edir\/#primaryimage"},"thumbnailUrl":"https:\/\/www.meydan.tv\/wp-content\/uploads\/8868.jpg","datePublished":"2015-05-15T12:44:27+00:00","breadcrumb":{"@id":"https:\/\/www.meydan.tv\/az\/article\/rusiya-ve-azerbaycan-strategiya-2020-ye-duzelisler-edir\/#breadcrumb"},"inLanguage":"az","potentialAction":[{"@type":"ReadAction","target":["https:\/\/www.meydan.tv\/az\/article\/rusiya-ve-azerbaycan-strategiya-2020-ye-duzelisler-edir\/"]}]},{"@type":"ImageObject","inLanguage":"az","@id":"https:\/\/www.meydan.tv\/az\/article\/rusiya-ve-azerbaycan-strategiya-2020-ye-duzelisler-edir\/#primaryimage","url":"https:\/\/www.meydan.tv\/wp-content\/uploads\/8868.jpg","contentUrl":"https:\/\/www.meydan.tv\/wp-content\/uploads\/8868.jpg","width":494,"height":400,"caption":"Source:"},{"@type":"BreadcrumbList","@id":"https:\/\/www.meydan.tv\/az\/article\/rusiya-ve-azerbaycan-strategiya-2020-ye-duzelisler-edir\/#breadcrumb","itemListElement":[{"@type":"ListItem","position":1,"name":"Ana s\u0259hif\u0259","item":"https:\/\/www.meydan.tv\/az\/"},{"@type":"ListItem","position":2,"name":"X\u0259b\u0259rl\u0259r","item":"https:\/\/www.meydan.tv\/az\/section\/xeberler\/"},{"@type":"ListItem","position":3,"name":"Rusiya v\u0259 Az\u0259rbaycan Strategiya-2020-y\u0259 d\u00fcz\u0259li\u015fl\u0259r edir"}]},{"@type":"WebSite","@id":"https:\/\/www.meydan.tv\/az\/#website","url":"https:\/\/www.meydan.tv\/az\/","name":"MEYDAN.TV","description":"Meydan TV Az\u0259rbaycan\u0131n media m\u0259kan\u0131ndak\u0131 alternativ s\u0259sidir","publisher":{"@id":"https:\/\/www.meydan.tv\/az\/#organization"},"potentialAction":[{"@type":"SearchAction","target":{"@type":"EntryPoint","urlTemplate":"https:\/\/www.meydan.tv\/az\/?s={search_term_string}"},"query-input":{"@type":"PropertyValueSpecification","valueRequired":true,"valueName":"search_term_string"}}],"inLanguage":"az"},{"@type":"Organization","@id":"https:\/\/www.meydan.tv\/az\/#organization","name":"Meydan TV","url":"https:\/\/www.meydan.tv\/az\/","logo":{"@type":"ImageObject","inLanguage":"az","@id":"https:\/\/www.meydan.tv\/az\/#\/schema\/logo\/image\/","url":"https:\/\/www.meydan.tv\/wp-content\/uploads\/2021\/07\/meydan-logo.svg","contentUrl":"https:\/\/www.meydan.tv\/wp-content\/uploads\/2021\/07\/meydan-logo.svg","width":195,"height":46,"caption":"Meydan TV"},"image":{"@id":"https:\/\/www.meydan.tv\/az\/#\/schema\/logo\/image\/"}},{"@type":"Person","@id":"https:\/\/www.meydan.tv\/az\/#\/schema\/person\/10d11eccf6da3662cf5fdab9806ea91a","name":"user-manager"}]}},"_links":{"self":[{"href":"https:\/\/www.meydan.tv\/az\/wp-json\/wp\/v2\/posts\/167907","targetHints":{"allow":["GET"]}}],"collection":[{"href":"https:\/\/www.meydan.tv\/az\/wp-json\/wp\/v2\/posts"}],"about":[{"href":"https:\/\/www.meydan.tv\/az\/wp-json\/wp\/v2\/types\/post"}],"author":[{"embeddable":true,"href":"https:\/\/www.meydan.tv\/az\/wp-json\/wp\/v2\/users\/11"}],"replies":[{"embeddable":true,"href":"https:\/\/www.meydan.tv\/az\/wp-json\/wp\/v2\/comments?post=167907"}],"version-history":[{"count":0,"href":"https:\/\/www.meydan.tv\/az\/wp-json\/wp\/v2\/posts\/167907\/revisions"}],"wp:featuredmedia":[{"embeddable":true,"href":"https:\/\/www.meydan.tv\/az\/wp-json\/wp\/v2\/media\/24359"}],"wp:attachment":[{"href":"https:\/\/www.meydan.tv\/az\/wp-json\/wp\/v2\/media?parent=167907"}],"wp:term":[{"taxonomy":"category","embeddable":true,"href":"https:\/\/www.meydan.tv\/az\/wp-json\/wp\/v2\/categories?post=167907"},{"taxonomy":"post_tag","embeddable":true,"href":"https:\/\/www.meydan.tv\/az\/wp-json\/wp\/v2\/tags?post=167907"}],"curies":[{"name":"wp","href":"https:\/\/api.w.org\/{rel}","templated":true}]}}