{"id":167906,"date":"2015-05-15T12:34:18","date_gmt":"2015-05-15T12:34:18","guid":{"rendered":"https:\/\/www.meydan.tv\/article\/kino-sahesi-vergiden-azad-olarsa\/"},"modified":"2015-05-15T12:34:18","modified_gmt":"2015-05-15T12:34:18","slug":"kino-sahesi-vergiden-azad-olarsa","status":"publish","type":"post","link":"https:\/\/www.meydan.tv\/az\/article\/kino-sahesi-vergiden-azad-olarsa\/","title":{"rendered":"Kino sah\u0259si vergid\u0259n azad olarsa\u2026"},"content":{"rendered":"<figure class=\"wp-block-image size-large\">\n  <img decoding=\"async\" src=\"https:\/\/www.meydan.tv\/az\/24333\/\" alt=\"\" class=\"wp-image-24333\"\/><figcaption><\/figcaption><\/figure>\n<figure class=\"wp-block-image size-large\">\n  <img decoding=\"async\" src=\"https:\/\/www.meydan.tv\/az\/24333\/\" alt=\"\" class=\"wp-image-24333\"\/><figcaption><\/figcaption><\/figure>\n<p>\n  <i><br \/>\n    \u201cVergid\u0259 g\u00fcz\u0259\u015ftl\u0259r edils\u0259, bu, xarici investorlar\u0131n \u00f6lk\u0259miz\u0259 g\u0259lm\u0259sin\u0259 \u015f\u0259rait yaradacaq\u201d<br \/>\n  <\/i>\n<\/p>\n<p>\n  2010-cu ild\u0259 Ukrayna Ali Radas\u0131 Ukrayna kinematoqrafiyas\u0131na 6 illik vergi g\u00fcz\u0259\u015ftl\u0259ri t\u0259tbiq etm\u0259k bar\u0259d\u0259 q\u0259rar q\u0259bul edib. Q\u0259rar tamamil\u0259 yerli kino sah\u0259sinin inki\u015faf etdirilm\u0259si \u00fc\u00e7\u00fcn n\u0259z\u0259rd\u0259 tutulub.<br \/>\n  <br \/>\n  Az\u0259rbaycanda is\u0259 bu sah\u0259d\u0259 olan vergil\u0259rd\u0259 he\u00e7 bir g\u00fcz\u0259\u015ft n\u0259z\u0259rd\u0259 tutulmay\u0131b. El\u0259 bunun da kino s\u0259n\u0259tinin inki\u015faf\u0131na ciddi probleml\u0259r yaratd\u0131\u011f\u0131 deyilir.\n<\/p>\n<figure class=\"wp-block-image size-large\">\n  <img decoding=\"async\" src=\"https:\/\/www.meydan.tv\/az\/24336\/\" alt=\"\" class=\"wp-image-24336\"\/><figcaption><\/figcaption><\/figure>\n<p>\n  Kinot\u0259nqid\u00e7i Ayg\u00fcn Aslanova d\u00fcnyan\u0131n bir \u00e7ox \u00f6lk\u0259l\u0259rind\u0259 n\u0259inki kino, h\u0259m d\u0259 dig\u0259r m\u0259d\u0259niyy\u0259tl\u0259 ba\u011fl\u0131 sah\u0259l\u0259rin inki\u015faf\u0131 \u00fc\u00e7\u00fcn vergil\u0259rd\u0259 g\u00fcz\u0259\u015ftl\u0259r edildiyini deyir: \u201cSonda bu add\u0131m h\u0259min sah\u0259nin dir\u00e7\u0259lm\u0259sin\u0259 \u015farait yarad\u0131r. Bizd\u0259 is\u0259 bel\u0259 bir t\u0259cr\u00fcb\u0259 yoxdur. Bizd\u0259 h\u0259r hans\u0131 bir \u015f\u0259xs bir kinonun \u00e7\u0259kilm\u0259sin\u0259 v\u0259sait qoymaq ist\u0259s\u0259, o d\u0259qiq\u0259 vergi m\u00fcf\u0259tti\u015fl\u0259ri g\u0259lirl\u0259r. O s\u0259b\u0259bd\u0259n bel\u0259 \u015f\u0259xsl\u0259r kinoya pul ay\u0131rmaqda maraql\u0131 deyill\u0259r\u201d.\n<\/p>\n<p>\n  \u0130qtisad\u00e7\u0131 \u018fkr\u0259m H\u0259s\u0259novun s\u00f6zl\u0259rin\u0259 g\u00f6r\u0259, bu sah\u0259nin vergid\u0259n azad edilm\u0259si \u00fc\u00e7\u00fcn bir mane\u0259 yoxdur, amma t\u0259klif Milli M\u0259clis t\u0259r\u0259find\u0259n q\u0259bul\n<\/p>\n<figure class=\"wp-block-image size-large\">\n  <img decoding=\"async\" src=\"https:\/\/www.meydan.tv\/az\/24339\/\" alt=\"\" class=\"wp-image-24339\"\/><figcaption><\/figcaption><\/figure>\n<p>\n  olunmal\u0131 v\u0259 Vergi M\u0259c\u0259ll\u0259sin\u0259 d\u0259yi\u015fiklikl\u0259r edilm\u0259lidir: \u201c\u0130nki\u015faf\u0131na ehtiyac olan h\u0259r hans\u0131 bir sah\u0259 d\u00f6vl\u0259t t\u0259r\u0259find\u0259n vegid\u0259n azad edil\u0259 bil\u0259r. Bu sah\u0259d\u0259 vergil\u0259r a\u011f\u0131rd\u0131r. 18 faizlik \u018fDV v\u0259 20 faizlik m\u0259nf\u0259\u0259t vergisinin m\u00f6vcudlu\u011fu \u015firk\u0259tl\u0259ri bu sah\u0259y\u0259 investisiya qoymaqdan \u00e7\u0259kindir\u0259 bil\u0259r\u201d.\n<\/p>\n<p>\n  Bir m\u00fcdd\u0259t \u00f6nc\u0259 M\u0259d\u0259niyy\u0259t v\u0259 Turzim Nazirliyi v\u0259 C\u0259f\u0259r Cabbarl\u0131 ad\u0131na \u201cAz\u0259rbaycantelefilm\u201d kinostusdiyas\u0131 kino sah\u0259sin\u0259 vergi g\u00fcz\u0259\u015ftl\u0259rinin t\u0259tbiq edilm\u0259si bar\u0259d\u0259 t\u0259klif haz\u0131rlay\u0131blar. T\u0259klif Milli M\u0259clisd\u0259 m\u00fczakir\u0259 d\u0259 olunub.\n<\/p>\n<\/p>\n<figure class=\"wp-block-image size-large\">\n  <img decoding=\"async\" src=\"https:\/\/www.meydan.tv\/az\/24342\/\" alt=\"\" class=\"wp-image-24342\"\/><figcaption><\/figcaption><\/figure>\n<p>\n  M\u0259d\u0259niyy\u0259t v\u0259 Turizm Nazirliyi Kinematoqrafiya \u015f\u00f6b\u0259sinin s\u00f6z\u00e7\u00fcs\u00fc Yusif \u015eeyxov deyir ki, qanunun haz\u0131rlanm\u0131\u015f yeni versiyas\u0131nda kino sah\u0259sinin m\u00fcv\u0259qq\u0259ti olaraq b\u0259zi vergil\u0259r azad olmas\u0131 ist\u0259nilir. M\u00fcv\u0259qq\u0259ti m\u00fcdd\u0259t 4-5 il\u0259 hesablan\u0131b. Y.\u015eeyxov deyir ki, bu m\u00fcdd\u0259t \u0259rzind\u0259 kinematoqrafiya t\u0259\u015fkilatlar\u0131 \u00f6z avadanl\u0131qlar\u0131n\u0131 t\u0259z\u0259l\u0259m\u0259k imkan\u0131 \u0259ld\u0259 ed\u0259 bil\u0259c\u0259kl\u0259r. \u201cT\u0259klifd\u0259 \u00f6lk\u0259d\u0259 g\u0259tiril\u0259n avadanl\u0131qar\u0131n \u0259lav\u0259 g\u00f6mr\u00fck r\u00fcsumundan azad olunmas\u0131, kinoya yat\u0131r\u0131lan v\u0259saitin v\u0259 kino il\u0259 ba\u011fl\u0131 m\u00fc\u0259ssis\u0259l\u0259rin tikilm\u0259sinin b\u0259zi vergil\u0259rd\u0259n azad olunmas\u0131 qeyd olunub. Biz inan\u0131r\u0131q ki, kino s\u0259nayesinin dir\u00e7\u0259lm\u0259si \u00fc\u00e7\u00fcn bu t\u0259klifin q\u0259bul edilm\u0259si laz\u0131md\u0131r\u201d,- dey\u0259n Y.\u015eeyxov t\u0259klifin haz\u0131rlanmas\u0131nda ke\u00e7mi\u015f postsovet \u00f6lk\u0259l\u0259rinin t\u0259cr\u00fcb\u0259sind\u0259n istifad\u0259 edildiyini d\u0259 vur\u011fulay\u0131r.\n<\/p>\n<p>\n  C\u0259f\u0259r Cabbarl\u0131 ad\u0131na &#8220;Az\u0259rbaycanfilm&#8221; kinostudiyas\u0131n\u0131n direktoru M\u00fc\u015ffiq H\u0259t\u0259mov t\u0259klifin Milli M\u0259clisd\u0259\n<\/p>\n<figure class=\"wp-block-image size-large\">\n  <img decoding=\"async\" src=\"https:\/\/www.meydan.tv\/az\/24346\/\" alt=\"\" class=\"wp-image-24346\"\/><figcaption><\/figcaption><\/figure>\n<p>\n  m\u00fczakir\u0259y\u0259 \u00e7\u0131xar\u0131ld\u0131\u011f\u0131n\u0131 v\u0259 m\u00fcsb\u0259t qar\u015f\u0131land\u0131\u011f\u0131n\u0131 deyir. Onun s\u00f6zl\u0259rin\u0259 g\u00f6r\u0259, t\u0259kc\u0259 yerli yox, h\u0259m d\u0259 xarici film istehsal\u00e7\u0131lar\u0131na da vergi g\u00fcz\u0259\u015ftl\u0259ri t\u0259tbiq etm\u0259k laz\u0131md\u0131r: \u201cAz\u0259rbaycan d\u00f6vl\u0259ti kinonun inki\u015faf\u0131na dair proqram imzalay\u0131b v\u0259 h\u0259r il bu sah\u0259y\u0259 v\u0259sait ayr\u0131l\u0131r. Amma vergid\u0259 g\u00fcz\u0259\u015ftl\u0259r bu sah\u0259nin daha da inki\u015faf etm\u0259sin\u0259 g\u0259tirib \u00e7\u0131xaracaq. Az\u0259rbaycanda otell\u0259rin, kommunukasiya v\u0259 yol x\u0259tl\u0259rinin inki\u015faf\u0131 burada film \u00e7\u0259kili\u015fl\u0259rinin ucuz ba\u015fa g\u0259lm\u0259sin\u0259 \u015f\u0259rait yarad\u0131r. Vergid\u0259 g\u00fcz\u0259\u015ftl\u0259r edils\u0259, bu, xarici investorlar\u0131n \u00f6lk\u0259miz\u0259 g\u0259lm\u0259sin\u0259 \u015f\u0259rait yaradacaq\u201d.\n<\/p>\n<\/p>\n<figure class=\"wp-block-image size-large\">\n  <img decoding=\"async\" src=\"https:\/\/www.meydan.tv\/az\/24345\/\" alt=\"\" class=\"wp-image-24345\"\/><figcaption><\/figcaption><\/figure>\n<p>\n  \u0130qtisad\u00e7\u0131 Natiq C\u0259f\u0259rli bel\u0259 t\u0259cr\u00fcb\u0259nin bir \u00e7ox \u00f6lk\u0259l\u0259rd\u0259 m\u00fc\u015fahid\u0259 edildiyini bildirir. O, he\u00e7 d\u0259 yax\u015f\u0131 say\u0131lmayan kinomuzun inki\u015faf\u0131 \u00fc\u00e7\u00fcn g\u00fcz\u0259\u015ftl\u0259r edilm\u0259sinin t\u0259r\u0259fdar\u0131d\u0131r: \u201cMacar\u0131stsanda b\u00f6y\u00fck bir \u0259razini kinostudiya edibl\u0259r. Orada vergi g\u00fcz\u0259\u015ftl\u0259ri oldu\u011fu \u00fc\u00e7\u00fcn d\u00fcnyan\u0131n bir \u00e7ox \u00f6lk\u0259l\u0259rind\u0259n kino \u015firk\u0259tl\u0259ri filml\u0259rini burada \u00e7\u0259kirl\u0259r. Bu \u015firk\u0259tl\u0259rd\u0259n qazand\u0131\u011f\u0131 pulla indi o kinostudiya bir ne\u00e7\u0259 yerli filml\u0259r d\u0259 istehsal edib. Y\u0259ni, bizd\u0259 d\u0259 bel\u0259 bir add\u0131m at\u0131lsa, Az\u0259rbaycan b\u00fcdc\u0259si he\u00e7 n\u0259 itirmir. \u00c7\u00fcnki bu sah\u0259d\u0259n g\u0259l\u0259n verdi n\u0259z\u0259r\u0259 \u00e7arpmayacaq q\u0259d\u0259r azd\u0131r\u201d.\n<\/p>\n<p>\n  Kinoprod\u00fcsser, &#8220;Cinema&#8221; G\u0259nc kinematoqraf\u00e7\u0131lar M\u0259rk\u0259zinin v\u0259 \u201c\u00d6Z film\u201d \u015firk\u0259tinin direktoru\u00a0Fehruz \u015eam\u0131yev deyir ki, kino sah\u0259si vergid\u0259n\n<\/p>\n<figure class=\"wp-block-image size-large\">\n  <img decoding=\"async\" src=\"https:\/\/www.meydan.tv\/az\/24351\/\" alt=\"\" class=\"wp-image-24351\"\/><figcaption><\/figcaption><\/figure>\n<p>\n  azad olunsa, \u00e7ox ciddi i\u015fl\u0259r ortaya \u00e7\u0131xa bil\u0259r: \u201c\u018fn az\u0131ndan kommersiya \u015firk\u0259tl\u0259ri \u00f6z v\u0259saitl\u0259rini kinoya qoyma\u011fa ba\u015flayacaqlar. Vergi olmad\u0131\u011f\u0131 \u00fc\u00e7\u00fcn m\u00fc\u0259yy\u0259n v\u0259saitl\u0259ri bu sah\u0259d\u0259 x\u0259rcl\u0259y\u0259 bil\u0259c\u0259kl\u0259r. Kino sah\u0259sind\u0259ki vergi dig\u0259r sah\u0259l\u0259rd\u0259ki vergil\u0259rl\u0259 eynidir, bu s\u0259b\u0259bd\u0259n \u015firk\u0259tl\u0259r bura maraql\u0131 deyill\u0259r\u201d.\n<\/p>\n<p>\n  Kinoprod\u00fcsser deyir ki, kinoindustriyan\u0131n inki\u015faf etm\u0259sin\u0259 \u0259n b\u00f6y\u00fck k\u00f6m\u0259k bu sah\u0259nin vergid\u0259n azad edilm\u0259sidir. Ukraynada v\u0259 Avropan\u0131n \u0259ks\u0259r \u00f6lk\u0259l\u0259rind\u0259 bel\u0259 bir t\u0259cr\u00fcb\u0259 olub: \u201cFransan\u0131n \u00f6z\u00fcnd\u0259 bel\u0259 bu add\u0131m at\u0131l\u0131b. Kino biznes n\u00f6v\u00fc kimi d\u00fcnyada t\u0259sdiqini tap\u0131b. Az\u0259rbaycanda m\u00fcxt\u0259lif sah\u0259l\u0259rd\u0259 g\u00fcz\u0259\u015ftl\u0259r varsa, niy\u0259 bu sah\u0259d\u0259 olmas\u0131n? \u018fg\u0259r bu sah\u0259nin inki\u015faf\u0131 d\u00f6vl\u0259t \u00fc\u00e7\u00fcn maraql\u0131d\u0131rsa, bu add\u0131m\u0131 at\u0131lmal\u0131d\u0131r\u201d.\n<\/p>\n<figure class=\"wp-block-image size-large\">\n  <img decoding=\"async\" src=\"https:\/\/www.meydan.tv\/az\/24354\/\" alt=\"\" class=\"wp-image-24354\"\/><figcaption><\/figcaption><\/figure>\n<p>\n  Az\u0259rbaycan Kinematoqraf\u00e7\u0131lar \u0130ttifaq\u0131n\u0131n katibi, rejissor \u018fli \u0130sa Cabbarov kinoya pul qoyan \u015f\u0259xsl\u0259rin m\u00fctl\u0259q vergid\u0259n azad olunmas\u0131n\u0131n t\u0259r\u0259fdar\u0131d\u0131r. O, Rusiya n\u00fcmun\u0259sini misal g\u00f6st\u0259rir: \u201c2000-ci ill\u0259rin \u0259vv\u0259ll\u0259rind\u0259n ba\u015flayaraq Rusiyada iki il vergid\u0259 g\u00fcz\u0259\u015ftl\u0259r edildi. N\u0259tic\u0259d\u0259 bu sah\u0259 bird\u0259n-bir\u0259 inki\u015faf etdi. G\u00fcz\u0259\u015ftl\u0259r olsa, inki\u015faf \u015f\u00fcbh\u0259sizdir. Bunu bizim qurum d\u0259f\u0259l\u0259rl\u0259 t\u0259klif edib. Amma h\u0259l\u0259 s\u0259simizi e\u015fid\u0259n yoxdur. Y\u0259qin kino h\u0259l\u0259 d\u0259 prioritet sah\u0259 deyil. \u0130ndi prod\u00fcsserl\u0259rin \u00e7\u0259kdiyi filml\u0259rin say\u0131 d\u00f6vl\u0259t hesab\u0131na \u00e7\u0259kil\u0259nl\u0259rd\u0259n \u00e7oxdur. Dem\u0259k olar ki, h\u0259r ay kinoteatrlarda yerli filml\u0259rin bax\u0131\u015f\u0131 olur. Ona g\u00f6r\u0259 i\u015f adamlar\u0131n\u0131 m\u00fctl\u0259q stimulla\u015fd\u0131rmaq laz\u0131md\u0131r\u201d.\n<\/p>\n<p>\n  Rejissor deyir ki, m\u00fcharib\u0259 \u015f\u0259raitind\u0259ki \u00f6lk\u0259d\u0259 kino sah\u0259si tankdan, silahdan az \u0259h\u0259miyy\u0259tli deyil: \u201c\u0130deoloji m\u00fcharib\u0259 \u015f\u0259raitind\u0259 olan \u00f6lk\u0259 \u00fc\u00e7\u00fcn kino \u00e7ox \u00f6n\u0259mlidir. He\u00e7 olmasa bir illik azad etsinl\u0259r v\u0259 effektin\u0259 baxs\u0131nlar\u201d.\n<\/p>\n<p>\n  \u018f.Cabbarov bu sah\u0259y\u0259 maraql\u0131 yana\u015fma il\u0259 \u00e7\u0131x\u0131\u015f edir: \u201c\u0130ndi iqtisadi \u00e7\u0259tinlikl\u0259rimiz var, bu c\u0259h\u0259td\u0259n insanlar depressiyaya d\u00fc\u015fm\u0259k t\u0259hl\u00fck\u0259sind\u0259dir. Bunda is\u0259 kinonun \u0259h\u0259miyy\u0259ti b\u00f6y\u00fckd\u00fcr. Amerikada b\u00f6y\u00fck depressiya vaxt\u0131nda myuzikllar v\u0259 dig\u0259r filml\u0259r \u00e7\u0259k\u0259r\u0259k, xalq\u0131 nikbinliy\u0259 k\u00f6kl\u0259dil\u0259r. \u0130ndi Az\u0259rbaycan xalq\u0131n\u0131n h\u0259m maarifl\u0259nm\u0259y\u0259, h\u0259m d\u0259 nikbin, sa\u011flam, m\u00fcbariz v\u0259t\u0259nda\u015f yeti\u015fdirm\u0259y\u0259 ehtiyac\u0131 var. Buna g\u00f6r\u0259 kino \u00e7ox vacibdir\u201d.\n<\/p><\/p>\n","protected":false},"excerpt":{"rendered":"<p>\u201cVergid\u0259 g\u00fcz\u0259\u015ftl\u0259r edils\u0259, bu, xarici investorlar\u0131n \u00f6lk\u0259miz\u0259 g\u0259lm\u0259sin\u0259 \u015f\u0259rait yaradacaq\u201d<\/p>\n","protected":false},"author":11,"featured_media":24333,"comment_status":"closed","ping_status":"open","sticky":false,"template":"","format":"standard","meta":{"_acf_changed":false,"_sitemap_exclude":false,"_sitemap_priority":"","_sitemap_frequency":"","footnotes":""},"categories":[56],"tags":[],"class_list":["post-167906","post","type-post","status-publish","format-standard","has-post-thumbnail","hentry","category-xeberler","infinite-scroll-item","generate-columns","tablet-grid-50","mobile-grid-100","grid-parent","grid-33","no-featured-image-padding"],"acf":[],"yoast_head":"<!-- This site is optimized with the Yoast SEO plugin v28.4 - https:\/\/yoast.com\/product\/yoast-seo-wordpress\/ -->\n<title>Kino sah\u0259si vergid\u0259n azad olarsa\u2026 - MEYDAN.TV<\/title>\n<meta name=\"robots\" content=\"index, follow, max-snippet:-1, max-image-preview:large, max-video-preview:-1\" \/>\n<link rel=\"canonical\" href=\"https:\/\/www.meydan.tv\/az\/article\/kino-sahesi-vergiden-azad-olarsa\/\" \/>\n<meta property=\"og:locale\" content=\"az_AZ\" \/>\n<meta property=\"og:type\" content=\"article\" \/>\n<meta property=\"og:title\" content=\"Kino sah\u0259si vergid\u0259n azad olarsa\u2026 - MEYDAN.TV\" \/>\n<meta property=\"og:description\" content=\"\u201cVergid\u0259 g\u00fcz\u0259\u015ftl\u0259r edils\u0259, bu, xarici investorlar\u0131n \u00f6lk\u0259miz\u0259 g\u0259lm\u0259sin\u0259 \u015f\u0259rait yaradacaq\u201d\" \/>\n<meta property=\"og:url\" content=\"https:\/\/www.meydan.tv\/az\/article\/kino-sahesi-vergiden-azad-olarsa\/\" \/>\n<meta property=\"og:site_name\" content=\"MEYDAN.TV\" \/>\n<meta property=\"article:published_time\" content=\"2015-05-15T12:34:18+00:00\" \/>\n<meta property=\"og:image\" content=\"https:\/\/www.meydan.tv\/wp-content\/uploads\/8860.jpg\" \/>\n\t<meta property=\"og:image:width\" content=\"715\" \/>\n\t<meta property=\"og:image:height\" content=\"400\" \/>\n\t<meta property=\"og:image:type\" content=\"image\/jpeg\" \/>\n<meta name=\"twitter:card\" content=\"summary_large_image\" \/>\n<!-- \/ Yoast SEO plugin. -->","yoast_head_json":{"title":"Kino sah\u0259si vergid\u0259n azad olarsa\u2026 - MEYDAN.TV","robots":{"index":"index","follow":"follow","max-snippet":"max-snippet:-1","max-image-preview":"max-image-preview:large","max-video-preview":"max-video-preview:-1"},"canonical":"https:\/\/www.meydan.tv\/az\/article\/kino-sahesi-vergiden-azad-olarsa\/","og_locale":"az_AZ","og_type":"article","og_title":"Kino sah\u0259si vergid\u0259n azad olarsa\u2026 - MEYDAN.TV","og_description":"\u201cVergid\u0259 g\u00fcz\u0259\u015ftl\u0259r edils\u0259, bu, xarici investorlar\u0131n \u00f6lk\u0259miz\u0259 g\u0259lm\u0259sin\u0259 \u015f\u0259rait yaradacaq\u201d","og_url":"https:\/\/www.meydan.tv\/az\/article\/kino-sahesi-vergiden-azad-olarsa\/","og_site_name":"MEYDAN.TV","article_published_time":"2015-05-15T12:34:18+00:00","og_image":[{"width":715,"height":400,"url":"https:\/\/www.meydan.tv\/wp-content\/uploads\/8860.jpg","type":"image\/jpeg"}],"twitter_card":"summary_large_image","schema":{"@context":"https:\/\/schema.org","@graph":[{"@type":"Article","@id":"https:\/\/www.meydan.tv\/az\/article\/kino-sahesi-vergiden-azad-olarsa\/#article","isPartOf":{"@id":"https:\/\/www.meydan.tv\/az\/article\/kino-sahesi-vergiden-azad-olarsa\/"},"author":{"name":"user-manager","@id":"https:\/\/www.meydan.tv\/az\/#\/schema\/person\/10d11eccf6da3662cf5fdab9806ea91a"},"headline":"Kino sah\u0259si vergid\u0259n azad olarsa\u2026","datePublished":"2015-05-15T12:34:18+00:00","mainEntityOfPage":{"@id":"https:\/\/www.meydan.tv\/az\/article\/kino-sahesi-vergiden-azad-olarsa\/"},"wordCount":1298,"publisher":{"@id":"https:\/\/www.meydan.tv\/az\/#organization"},"image":{"@id":"https:\/\/www.meydan.tv\/az\/article\/kino-sahesi-vergiden-azad-olarsa\/#primaryimage"},"thumbnailUrl":"https:\/\/www.meydan.tv\/wp-content\/uploads\/8860.jpg","articleSection":["X\u0259b\u0259rl\u0259r"],"inLanguage":"az"},{"@type":"WebPage","@id":"https:\/\/www.meydan.tv\/az\/article\/kino-sahesi-vergiden-azad-olarsa\/","url":"https:\/\/www.meydan.tv\/az\/article\/kino-sahesi-vergiden-azad-olarsa\/","name":"Kino sah\u0259si vergid\u0259n azad olarsa\u2026 - MEYDAN.TV","isPartOf":{"@id":"https:\/\/www.meydan.tv\/az\/#website"},"primaryImageOfPage":{"@id":"https:\/\/www.meydan.tv\/az\/article\/kino-sahesi-vergiden-azad-olarsa\/#primaryimage"},"image":{"@id":"https:\/\/www.meydan.tv\/az\/article\/kino-sahesi-vergiden-azad-olarsa\/#primaryimage"},"thumbnailUrl":"https:\/\/www.meydan.tv\/wp-content\/uploads\/8860.jpg","datePublished":"2015-05-15T12:34:18+00:00","breadcrumb":{"@id":"https:\/\/www.meydan.tv\/az\/article\/kino-sahesi-vergiden-azad-olarsa\/#breadcrumb"},"inLanguage":"az","potentialAction":[{"@type":"ReadAction","target":["https:\/\/www.meydan.tv\/az\/article\/kino-sahesi-vergiden-azad-olarsa\/"]}]},{"@type":"ImageObject","inLanguage":"az","@id":"https:\/\/www.meydan.tv\/az\/article\/kino-sahesi-vergiden-azad-olarsa\/#primaryimage","url":"https:\/\/www.meydan.tv\/wp-content\/uploads\/8860.jpg","contentUrl":"https:\/\/www.meydan.tv\/wp-content\/uploads\/8860.jpg","width":715,"height":400,"caption":"Source:"},{"@type":"BreadcrumbList","@id":"https:\/\/www.meydan.tv\/az\/article\/kino-sahesi-vergiden-azad-olarsa\/#breadcrumb","itemListElement":[{"@type":"ListItem","position":1,"name":"Ana s\u0259hif\u0259","item":"https:\/\/www.meydan.tv\/az\/"},{"@type":"ListItem","position":2,"name":"X\u0259b\u0259rl\u0259r","item":"https:\/\/www.meydan.tv\/az\/section\/xeberler\/"},{"@type":"ListItem","position":3,"name":"Kino sah\u0259si vergid\u0259n azad olarsa\u2026"}]},{"@type":"WebSite","@id":"https:\/\/www.meydan.tv\/az\/#website","url":"https:\/\/www.meydan.tv\/az\/","name":"MEYDAN.TV","description":"Meydan TV Az\u0259rbaycan\u0131n media m\u0259kan\u0131ndak\u0131 alternativ s\u0259sidir","publisher":{"@id":"https:\/\/www.meydan.tv\/az\/#organization"},"potentialAction":[{"@type":"SearchAction","target":{"@type":"EntryPoint","urlTemplate":"https:\/\/www.meydan.tv\/az\/?s={search_term_string}"},"query-input":{"@type":"PropertyValueSpecification","valueRequired":true,"valueName":"search_term_string"}}],"inLanguage":"az"},{"@type":"Organization","@id":"https:\/\/www.meydan.tv\/az\/#organization","name":"Meydan TV","url":"https:\/\/www.meydan.tv\/az\/","logo":{"@type":"ImageObject","inLanguage":"az","@id":"https:\/\/www.meydan.tv\/az\/#\/schema\/logo\/image\/","url":"https:\/\/www.meydan.tv\/wp-content\/uploads\/2021\/07\/meydan-logo.svg","contentUrl":"https:\/\/www.meydan.tv\/wp-content\/uploads\/2021\/07\/meydan-logo.svg","width":195,"height":46,"caption":"Meydan TV"},"image":{"@id":"https:\/\/www.meydan.tv\/az\/#\/schema\/logo\/image\/"}},{"@type":"Person","@id":"https:\/\/www.meydan.tv\/az\/#\/schema\/person\/10d11eccf6da3662cf5fdab9806ea91a","name":"user-manager"}]}},"_links":{"self":[{"href":"https:\/\/www.meydan.tv\/az\/wp-json\/wp\/v2\/posts\/167906","targetHints":{"allow":["GET"]}}],"collection":[{"href":"https:\/\/www.meydan.tv\/az\/wp-json\/wp\/v2\/posts"}],"about":[{"href":"https:\/\/www.meydan.tv\/az\/wp-json\/wp\/v2\/types\/post"}],"author":[{"embeddable":true,"href":"https:\/\/www.meydan.tv\/az\/wp-json\/wp\/v2\/users\/11"}],"replies":[{"embeddable":true,"href":"https:\/\/www.meydan.tv\/az\/wp-json\/wp\/v2\/comments?post=167906"}],"version-history":[{"count":0,"href":"https:\/\/www.meydan.tv\/az\/wp-json\/wp\/v2\/posts\/167906\/revisions"}],"wp:featuredmedia":[{"embeddable":true,"href":"https:\/\/www.meydan.tv\/az\/wp-json\/wp\/v2\/media\/24333"}],"wp:attachment":[{"href":"https:\/\/www.meydan.tv\/az\/wp-json\/wp\/v2\/media?parent=167906"}],"wp:term":[{"taxonomy":"category","embeddable":true,"href":"https:\/\/www.meydan.tv\/az\/wp-json\/wp\/v2\/categories?post=167906"},{"taxonomy":"post_tag","embeddable":true,"href":"https:\/\/www.meydan.tv\/az\/wp-json\/wp\/v2\/tags?post=167906"}],"curies":[{"name":"wp","href":"https:\/\/api.w.org\/{rel}","templated":true}]}}