{"id":167905,"date":"2015-05-15T12:13:22","date_gmt":"2015-05-15T12:13:22","guid":{"rendered":"https:\/\/www.meydan.tv\/article\/socar-dan-washington-posta-cavab\/"},"modified":"2015-05-15T12:13:22","modified_gmt":"2015-05-15T12:13:22","slug":"socar-dan-washington-posta-cavab","status":"publish","type":"post","link":"https:\/\/www.meydan.tv\/az\/article\/socar-dan-washington-posta-cavab\/","title":{"rendered":"SOCAR-dan \u201cWashington Post\u201da cavab"},"content":{"rendered":"<figure class=\"wp-block-image size-large\">\n  <img decoding=\"async\" src=\"https:\/\/www.meydan.tv\/az\/24330\/\" alt=\"\" class=\"wp-image-24330\"\/><figcaption><\/figcaption><\/figure>\n<figure class=\"wp-block-image size-large\">\n  <img decoding=\"async\" src=\"https:\/\/www.meydan.tv\/az\/24330\/\" alt=\"\" class=\"wp-image-24330\"\/><figcaption><\/figcaption><\/figure>\n<p>\n  <i><br \/>\n    \u015eirk\u0259t qanunverici orqanlar\u0131 t\u0259msil ed\u0259n \u015f\u0259xsl\u0259rin i\u015ftirak\u0131 il\u0259 ke\u00e7iril\u0259c\u0259k t\u0259dbirl\u0259r\u0259 sponsorluq etm\u0259yi s\u0259birsizlikl\u0259 g\u00f6zl\u0259yir<br \/>\n  <\/i>\n<\/p>\n<p>\n  Az\u0259rbaycan D\u00f6vl\u0259t Neft \u015eirk\u0259ti (SOCAR) AB\u015e-\u0131n \u201cWashington Post\u201d n\u0259\u015frind\u0259 d\u0259rc olunmu\u015f \u201cSOCAR-\u0131n 2013-c\u00fc ilin may\u0131nda Bak\u0131da ke\u00e7iril\u0259n konfransdak\u0131 m\u0259xfi rolu\u201d adl\u0131 m\u0259qal\u0259 il\u0259 \u0259laq\u0259dar b\u0259yanat yay\u0131b.\n<\/p>\n<p>\n  \u201c<br \/>\n  <a href=\"https:\/\/apa.az\/\"><br \/>\n    APA<br \/>\n  <\/a><br \/>\n  -Economics\u201din x\u0259b\u0259rin\u0259 g\u00f6r\u0259, b\u0259yanatda deyilir: \u201cBiz \u201cWashington Post\u201d n\u0259\u015frind\u0259 d\u0259rc olunmu\u015f \u201cSOCAR-\u0131n 2013-c\u00fc ilin may\u0131nda Bak\u0131da ke\u00e7iril\u0259n konfransdak\u0131 m\u0259xfi rolu\u201d adl\u0131 m\u0259qal\u0259 il\u0259 \u0259laq\u0259dar ciddi naraz\u0131l\u0131\u011f\u0131m\u0131z\u0131 ifad\u0259 edirik. SOCAR he\u00e7 vaxt konfransdak\u0131 i\u015ftirak\u0131n\u0131 gizl\u0259tm\u0259yib v\u0259 m\u0259qal\u0259d\u0259 qeyd olundu\u011fu kimi, SOCAR-\u0131n loqosu v\u0259 ad\u0131 Bak\u0131da ke\u00e7iril\u0259n konfransda \u0259ks olunub. SOCAR qeyd olunan m\u0259s\u0259l\u0259 il\u0259 \u0259laq\u0259dar he\u00e7 vaxt t\u0259hqiqat\u0131n obyekti olmay\u0131b. \u00c7\u00fcnki SOCAR-\u0131n Bak\u0131da ke\u00e7iril\u0259n konfrans\u0131n maliyy\u0259 sponsoru olmas\u0131 fakt\u0131n\u0131 ictimaiyy\u0259t\u0259 s\u0259f\u0259ri t\u0259\u015fkil ed\u0259n sponsorlar bildirm\u0259li idil\u0259r. S\u0259f\u0259r t\u0259\u015fkilat\u00e7\u0131lar\u0131n\u0131n qaydalara \u0259m\u0259l etm\u0259m\u0259si t\u0259\u0259ss\u00fcf do\u011furur v\u0259 bu m\u0259lumatlar\u0131n niy\u0259 a\u00e7\u0131qlanmamas\u0131 biz\u0259 ayd\u0131n deyil. SOCAR m\u0259s\u0259l\u0259nin ayd\u0131nla\u015fd\u0131r\u0131lmas\u0131 \u00fc\u00e7\u00fcn k\u00f6m\u0259kliyini g\u00f6st\u0259rm\u0259y\u0259 haz\u0131rd\u0131r v\u0259 yerl\u0259\u015fdiyi m\u00fch\u00fcm regionla \u0259laq\u0259dar qanunverici orqanlar\u0131 t\u0259msil ed\u0259n \u015f\u0259xsl\u0259rin i\u015ftirak\u0131 il\u0259 ke\u00e7iril\u0259c\u0259k t\u0259dbirl\u0259r\u0259 sponsorluq etm\u0259yi s\u0259birsizlikl\u0259 g\u00f6zl\u0259yir\u201d.\n<\/p>\n<p><div>\n    \u201cWashinghton Post\u201d n\u0259\u015fri yaz\u0131b ki, AB\u015e Konqresinin 10 \u00fczv\u00fcn\u00fcn Bak\u0131da ke\u00e7iril\u0259n enerji konfrans\u0131nda i\u015ftirak etm\u0259k \u00fc\u00e7\u00fcn etdiyi s\u0259f\u0259r Konqresin Etika Komissiyas\u0131ndan gizli saxlan\u0131l\u0131b. N\u0259\u015fr iddia edir ki, konqresmenl\u0259rin s\u0259f\u0259r x\u0259rcl\u0259ri SOCAR t\u0259r\u0259find\u0259n gizli \u015f\u0259kild\u0259 \u00f6d\u0259nilib.\n  <\/div>\n<\/p>\n<p><div><\/div>\n<\/p>\n<p><div>\n    Q\u0259zet onu da iddia edir ki, SOCAR v\u0259saitl\u0259ri konqresmenl\u0259r\u0259 b\u0259zi qeyri-kommersiya qruplar\u0131 vasit\u0259sil\u0259 \u00f6t\u00fcr\u00fcb.\n  <\/div><\/p>\n","protected":false},"excerpt":{"rendered":"<p>\u015eirk\u0259t qanunverici orqanlar\u0131 t\u0259msil ed\u0259n \u015f\u0259xsl\u0259rin i\u015ftirak\u0131 il\u0259 ke\u00e7iril\u0259c\u0259k t\u0259dbirl\u0259r\u0259 sponsorluq etm\u0259yi s\u0259birsizlikl\u0259 g\u00f6zl\u0259yir<\/p>\n","protected":false},"author":11,"featured_media":24330,"comment_status":"closed","ping_status":"open","sticky":false,"template":"","format":"standard","meta":{"_acf_changed":false,"_sitemap_exclude":false,"_sitemap_priority":"","_sitemap_frequency":"","footnotes":""},"categories":[56],"tags":[],"class_list":["post-167905","post","type-post","status-publish","format-standard","has-post-thumbnail","hentry","category-xeberler","infinite-scroll-item","generate-columns","tablet-grid-50","mobile-grid-100","grid-parent","grid-33","no-featured-image-padding"],"acf":[],"yoast_head":"<!-- This site is optimized with the Yoast SEO plugin v28.4 - https:\/\/yoast.com\/product\/yoast-seo-wordpress\/ -->\n<title>SOCAR-dan \u201cWashington Post\u201da cavab - MEYDAN.TV<\/title>\n<meta name=\"robots\" content=\"index, follow, max-snippet:-1, max-image-preview:large, max-video-preview:-1\" \/>\n<link rel=\"canonical\" href=\"https:\/\/www.meydan.tv\/az\/article\/socar-dan-washington-posta-cavab\/\" \/>\n<meta property=\"og:locale\" content=\"az_AZ\" \/>\n<meta property=\"og:type\" content=\"article\" \/>\n<meta property=\"og:title\" content=\"SOCAR-dan \u201cWashington Post\u201da cavab - MEYDAN.TV\" \/>\n<meta property=\"og:description\" content=\"\u015eirk\u0259t qanunverici orqanlar\u0131 t\u0259msil ed\u0259n \u015f\u0259xsl\u0259rin i\u015ftirak\u0131 il\u0259 ke\u00e7iril\u0259c\u0259k t\u0259dbirl\u0259r\u0259 sponsorluq etm\u0259yi s\u0259birsizlikl\u0259 g\u00f6zl\u0259yir\" \/>\n<meta property=\"og:url\" content=\"https:\/\/www.meydan.tv\/az\/article\/socar-dan-washington-posta-cavab\/\" \/>\n<meta property=\"og:site_name\" content=\"MEYDAN.TV\" \/>\n<meta property=\"article:published_time\" content=\"2015-05-15T12:13:22+00:00\" \/>\n<meta property=\"og:image\" content=\"https:\/\/www.meydan.tv\/wp-content\/uploads\/8859.jpg\" \/>\n\t<meta property=\"og:image:width\" content=\"510\" \/>\n\t<meta property=\"og:image:height\" content=\"300\" \/>\n\t<meta property=\"og:image:type\" content=\"image\/jpeg\" \/>\n<meta name=\"twitter:card\" content=\"summary_large_image\" \/>\n<!-- \/ Yoast SEO plugin. -->","yoast_head_json":{"title":"SOCAR-dan \u201cWashington Post\u201da cavab - MEYDAN.TV","robots":{"index":"index","follow":"follow","max-snippet":"max-snippet:-1","max-image-preview":"max-image-preview:large","max-video-preview":"max-video-preview:-1"},"canonical":"https:\/\/www.meydan.tv\/az\/article\/socar-dan-washington-posta-cavab\/","og_locale":"az_AZ","og_type":"article","og_title":"SOCAR-dan \u201cWashington Post\u201da cavab - MEYDAN.TV","og_description":"\u015eirk\u0259t qanunverici orqanlar\u0131 t\u0259msil ed\u0259n \u015f\u0259xsl\u0259rin i\u015ftirak\u0131 il\u0259 ke\u00e7iril\u0259c\u0259k t\u0259dbirl\u0259r\u0259 sponsorluq etm\u0259yi s\u0259birsizlikl\u0259 g\u00f6zl\u0259yir","og_url":"https:\/\/www.meydan.tv\/az\/article\/socar-dan-washington-posta-cavab\/","og_site_name":"MEYDAN.TV","article_published_time":"2015-05-15T12:13:22+00:00","og_image":[{"width":510,"height":300,"url":"https:\/\/www.meydan.tv\/wp-content\/uploads\/8859.jpg","type":"image\/jpeg"}],"twitter_card":"summary_large_image","schema":{"@context":"https:\/\/schema.org","@graph":[{"@type":"Article","@id":"https:\/\/www.meydan.tv\/az\/article\/socar-dan-washington-posta-cavab\/#article","isPartOf":{"@id":"https:\/\/www.meydan.tv\/az\/article\/socar-dan-washington-posta-cavab\/"},"author":{"name":"user-manager","@id":"https:\/\/www.meydan.tv\/az\/#\/schema\/person\/10d11eccf6da3662cf5fdab9806ea91a"},"headline":"SOCAR-dan \u201cWashington Post\u201da cavab","datePublished":"2015-05-15T12:13:22+00:00","mainEntityOfPage":{"@id":"https:\/\/www.meydan.tv\/az\/article\/socar-dan-washington-posta-cavab\/"},"wordCount":369,"publisher":{"@id":"https:\/\/www.meydan.tv\/az\/#organization"},"image":{"@id":"https:\/\/www.meydan.tv\/az\/article\/socar-dan-washington-posta-cavab\/#primaryimage"},"thumbnailUrl":"https:\/\/www.meydan.tv\/wp-content\/uploads\/8859.jpg","articleSection":["X\u0259b\u0259rl\u0259r"],"inLanguage":"az"},{"@type":"WebPage","@id":"https:\/\/www.meydan.tv\/az\/article\/socar-dan-washington-posta-cavab\/","url":"https:\/\/www.meydan.tv\/az\/article\/socar-dan-washington-posta-cavab\/","name":"SOCAR-dan \u201cWashington Post\u201da cavab - MEYDAN.TV","isPartOf":{"@id":"https:\/\/www.meydan.tv\/az\/#website"},"primaryImageOfPage":{"@id":"https:\/\/www.meydan.tv\/az\/article\/socar-dan-washington-posta-cavab\/#primaryimage"},"image":{"@id":"https:\/\/www.meydan.tv\/az\/article\/socar-dan-washington-posta-cavab\/#primaryimage"},"thumbnailUrl":"https:\/\/www.meydan.tv\/wp-content\/uploads\/8859.jpg","datePublished":"2015-05-15T12:13:22+00:00","breadcrumb":{"@id":"https:\/\/www.meydan.tv\/az\/article\/socar-dan-washington-posta-cavab\/#breadcrumb"},"inLanguage":"az","potentialAction":[{"@type":"ReadAction","target":["https:\/\/www.meydan.tv\/az\/article\/socar-dan-washington-posta-cavab\/"]}]},{"@type":"ImageObject","inLanguage":"az","@id":"https:\/\/www.meydan.tv\/az\/article\/socar-dan-washington-posta-cavab\/#primaryimage","url":"https:\/\/www.meydan.tv\/wp-content\/uploads\/8859.jpg","contentUrl":"https:\/\/www.meydan.tv\/wp-content\/uploads\/8859.jpg","width":510,"height":300,"caption":"Source:"},{"@type":"BreadcrumbList","@id":"https:\/\/www.meydan.tv\/az\/article\/socar-dan-washington-posta-cavab\/#breadcrumb","itemListElement":[{"@type":"ListItem","position":1,"name":"Ana s\u0259hif\u0259","item":"https:\/\/www.meydan.tv\/az\/"},{"@type":"ListItem","position":2,"name":"X\u0259b\u0259rl\u0259r","item":"https:\/\/www.meydan.tv\/az\/section\/xeberler\/"},{"@type":"ListItem","position":3,"name":"SOCAR-dan \u201cWashington Post\u201da cavab"}]},{"@type":"WebSite","@id":"https:\/\/www.meydan.tv\/az\/#website","url":"https:\/\/www.meydan.tv\/az\/","name":"MEYDAN.TV","description":"Meydan TV Az\u0259rbaycan\u0131n media m\u0259kan\u0131ndak\u0131 alternativ s\u0259sidir","publisher":{"@id":"https:\/\/www.meydan.tv\/az\/#organization"},"potentialAction":[{"@type":"SearchAction","target":{"@type":"EntryPoint","urlTemplate":"https:\/\/www.meydan.tv\/az\/?s={search_term_string}"},"query-input":{"@type":"PropertyValueSpecification","valueRequired":true,"valueName":"search_term_string"}}],"inLanguage":"az"},{"@type":"Organization","@id":"https:\/\/www.meydan.tv\/az\/#organization","name":"Meydan TV","url":"https:\/\/www.meydan.tv\/az\/","logo":{"@type":"ImageObject","inLanguage":"az","@id":"https:\/\/www.meydan.tv\/az\/#\/schema\/logo\/image\/","url":"https:\/\/www.meydan.tv\/wp-content\/uploads\/2021\/07\/meydan-logo.svg","contentUrl":"https:\/\/www.meydan.tv\/wp-content\/uploads\/2021\/07\/meydan-logo.svg","width":195,"height":46,"caption":"Meydan TV"},"image":{"@id":"https:\/\/www.meydan.tv\/az\/#\/schema\/logo\/image\/"}},{"@type":"Person","@id":"https:\/\/www.meydan.tv\/az\/#\/schema\/person\/10d11eccf6da3662cf5fdab9806ea91a","name":"user-manager"}]}},"_links":{"self":[{"href":"https:\/\/www.meydan.tv\/az\/wp-json\/wp\/v2\/posts\/167905","targetHints":{"allow":["GET"]}}],"collection":[{"href":"https:\/\/www.meydan.tv\/az\/wp-json\/wp\/v2\/posts"}],"about":[{"href":"https:\/\/www.meydan.tv\/az\/wp-json\/wp\/v2\/types\/post"}],"author":[{"embeddable":true,"href":"https:\/\/www.meydan.tv\/az\/wp-json\/wp\/v2\/users\/11"}],"replies":[{"embeddable":true,"href":"https:\/\/www.meydan.tv\/az\/wp-json\/wp\/v2\/comments?post=167905"}],"version-history":[{"count":0,"href":"https:\/\/www.meydan.tv\/az\/wp-json\/wp\/v2\/posts\/167905\/revisions"}],"wp:featuredmedia":[{"embeddable":true,"href":"https:\/\/www.meydan.tv\/az\/wp-json\/wp\/v2\/media\/24330"}],"wp:attachment":[{"href":"https:\/\/www.meydan.tv\/az\/wp-json\/wp\/v2\/media?parent=167905"}],"wp:term":[{"taxonomy":"category","embeddable":true,"href":"https:\/\/www.meydan.tv\/az\/wp-json\/wp\/v2\/categories?post=167905"},{"taxonomy":"post_tag","embeddable":true,"href":"https:\/\/www.meydan.tv\/az\/wp-json\/wp\/v2\/tags?post=167905"}],"curies":[{"name":"wp","href":"https:\/\/api.w.org\/{rel}","templated":true}]}}