{"id":167898,"date":"2015-05-14T19:28:15","date_gmt":"2015-05-14T19:28:15","guid":{"rendered":"https:\/\/www.meydan.tv\/article\/hrw-ve-cpj-avropa-olimpiya-komitesini-bakiya-qarsi-qetiyyetli-munasibet-gostermeye-cagiriblar\/"},"modified":"2015-05-14T19:28:15","modified_gmt":"2015-05-14T19:28:15","slug":"hrw-ve-cpj-avropa-olimpiya-komitesini-bakiya-qarsi-qetiyyetli-munasibet-gostermeye-cagiriblar","status":"publish","type":"post","link":"https:\/\/www.meydan.tv\/az\/article\/hrw-ve-cpj-avropa-olimpiya-komitesini-bakiya-qarsi-qetiyyetli-munasibet-gostermeye-cagiriblar\/","title":{"rendered":"HRW v\u0259 CPJ Avropa Olimpiya Komit\u0259sini Bak\u0131ya qar\u015f\u0131 q\u0259tiyy\u0259tli m\u00fcnasib\u0259t g\u00f6st\u0259rm\u0259y\u0259 \u00e7a\u011f\u0131r\u0131blar"},"content":{"rendered":"<figure class=\"wp-block-image size-large\">\n  <img decoding=\"async\" src=\"https:\/\/www.meydan.tv\/az\/24312\/\" alt=\"\" class=\"wp-image-24312\"\/><figcaption><\/figcaption><\/figure>\n<figure class=\"wp-block-image size-large\">\n  <img decoding=\"async\" src=\"https:\/\/www.meydan.tv\/az\/24312\/\" alt=\"\" class=\"wp-image-24312\"\/><figcaption><\/figcaption><\/figure>\n<p>\n  <i><br \/>\n    &#8220;AOK susmaqda davam ets\u0259, oyunlar h\u0259mi\u015f\u0259lik pozuntularla v\u0259 d\u0259yi\u015fiklik g\u00fcc\u00fcnd\u0259 olanlar\u0131n s\u0259hl\u0259nkarl\u0131\u011f\u0131 il\u0259 l\u0259k\u0259l\u0259n\u0259c\u0259k&#8221;<br \/>\n  <\/i>\n<\/p>\n<p>\n  Avropa Olimpiya Komit\u0259sinin (AOK) r\u0259hb\u0259rliyi Avropa Oyunlar\u0131 zaman\u0131 Az\u0259rbaycan h\u00f6kum\u0259tini\u00a0 jurnalist\u00a0 v\u0259 azad fikirli insanlar\u0131 azad etm\u0259y\u0259 t\u0259kid etm\u0259lidir. Bu bar\u0259d\u0259\u00a0 Jurnalistl\u0259ri M\u00fcdafi\u0259 Komit\u0259sinin (CPJ) v\u0259 Human Rights Catch-un\u00a0 (HRV) birg\u0259 haz\u0131rlad\u0131\u011f\u0131 b\u0259yanatda deyilir.\n<\/p>\n<p>\n  \u201cPrezident\u00a0 \u0130lham\u00a0 \u018fliyevin\u00a0 \u0130lk Avropa Oyunlar\u0131\u00a0 \u00fc\u00e7\u00fcn\u00a0 tez haz\u0131rl\u0131\u011f\u0131\u00a0 v\u0259\u00a0 AOK r\u0259hb\u0259rliyi\u00a0 is\u0259 bu g\u00fcn\u0259 q\u0259d\u0259r Az\u0259rbaycan h\u00f6kum\u0259tinin onun\u00a0 t\u0259nqid\u00e7il\u0259rin\u0259 qar\u015f\u0131 ciddi\u00a0 repressiya qar\u015f\u0131s\u0131nda\u00a0 ictimai s\u00fckutu\u00a0 h\u0259l\u0259 d\u0259 saxlan\u0131l\u0131r. Lakin oyun ba\u015flamazadan \u0259vv\u0259l\u00a0 Olimpiya\u00a0 d\u0259y\u0259rl\u0259ri \u00fc\u00e7\u00fcn\u00a0 AOK\u00a0 r\u0259hb\u0259rliyinin\u00a0 birm\u0259nal\u0131 olaraq\u00a0 m\u0259hbuslar\u0131\u00a0 azad etm\u0259k \u00fc\u00e7\u00fcn\u00a0 hokum\u0259t\u0259 \u00e7a\u011f\u0131r\u0131\u015f etm\u0259k imkan\u0131\u00a0 h\u0259l\u0259 d\u0259 var\u201d, &#8211; Human Rights Watchun Avropa v\u0259 M\u0259rk\u0259zi Asiya direktoru Jane Buchanan bildirib.\n<\/p>\n<p>\n  Human Rights Watch v\u0259 Jurnalistl\u0259rin M\u00fcdafi\u0259 Komit\u0259si may\u0131n 12-d\u0259 17 \u0130craiyy\u0259 Komit\u0259sinin \u00fczvl\u0259rin\u0259 m\u0259ktub g\u00f6nd\u0259rib\u00a0 ki, AOK r\u0259hb\u0259rliyi oyundan \u0259vv\u0259l\u00a0\u00a0 Az\u0259rbaycan h\u00f6kum\u0259tini jurnalist v\u0259 h\u00fcquq m\u00fcdafi\u0259\u00e7il\u0259rini\u00a0 h\u0259bsd\u0259n azad etm\u0259t\u0259 v\u0259\u00a0 c\u00fcml\u0259d\u0259n\u00a0 t\u0259nqidi\u00a0 s\u0259sl\u0259ri susdurmaqdan vaz ke\u00e7m\u0259y\u0259\u00a0 \u00e7a\u011f\u0131rs\u0131n h\u0259bs siyasi motivli h\u0259bsl\u0259r ittihamlar azad etm\u0259y\u0259 \u00e7a\u011f\u0131rs\u0131n.\n<\/p>\n<p>\n  AOK v\u0259 \u00fczvl\u0259ri Olimpiya H\u0259r\u0259kat\u0131n\u0131n bir hiss\u0259sidir v\u0259 Olimpiya xartiyas\u0131 il\u0259 idar\u0259 olunur. Bu xartiya m\u0259tbuat azadl\u0131\u011f\u0131na a\u00e7\u0131q t\u0259minat verir, vur\u011fulay\u0131r ki, idman insan l\u0259yaq\u0259tini t\u0259\u015fviq edir.\n<\/p>\n<p>\n  AOK-un vitse-prezidenti Janez Kocijancic may\u0131n 6-da Avropa Parlamentind\u0259 dinl\u0259m\u0259 zaman\u0131 bildirib ki, AOK Az\u0259rbaycanda insan haqlar\u0131 m\u0259s\u0259l\u0259l\u0259rin\u0259 qar\u0131\u015fa bilm\u0259z. Onun fikrinc\u0259, AOK siyasi f\u0259aliyy\u0259ti q\u0259bul ed\u0259 bilm\u0259z, ancaq onu da s\u00f6yl\u0259yib ki, AOK \u201cbu c\u0259miyy\u0259tin daha yax\u015f\u0131 v\u0259 a\u00e7\u0131q olmas\u0131 namin\u0259 b\u00fct\u00fcn t\u0259sirind\u0259n istifad\u0259 ed\u0259c\u0259k\u201d.\n<\/p>\n<p>\n  &#8220;Ciddi insan haqlar\u0131 pozuntular\u0131na baxmayaraq, AOK susmaqda davam ets\u0259, oyunlar h\u0259mi\u015f\u0259lik pozuntularla v\u0259 d\u0259yi\u015fiklik g\u00fcc\u00fcnd\u0259 olanlar\u0131n s\u0259hl\u0259nkarl\u0131\u011f\u0131 il\u0259 l\u0259k\u0259l\u0259n\u0259c\u0259k&#8221;, &#8211;<br \/>\n  <b><br \/>\n    Jane\u00a0Buchanan<br \/>\n  <\/b><br \/>\n  \u00a0bel\u0259 deyib (Turan \u0130A).<\/p>\n","protected":false},"excerpt":{"rendered":"<p>&#8220;AOK susmaqda davam ets\u0259, oyunlar h\u0259mi\u015f\u0259lik pozuntularla v\u0259 d\u0259yi\u015fiklik g\u00fcc\u00fcnd\u0259 olanlar\u0131n s\u0259hl\u0259nkarl\u0131\u011f\u0131 il\u0259 l\u0259k\u0259l\u0259n\u0259c\u0259k&#8221;<\/p>\n","protected":false},"author":11,"featured_media":24312,"comment_status":"closed","ping_status":"open","sticky":false,"template":"","format":"standard","meta":{"_acf_changed":false,"_sitemap_exclude":false,"_sitemap_priority":"","_sitemap_frequency":"","footnotes":""},"categories":[56],"tags":[],"class_list":["post-167898","post","type-post","status-publish","format-standard","has-post-thumbnail","hentry","category-xeberler","infinite-scroll-item","generate-columns","tablet-grid-50","mobile-grid-100","grid-parent","grid-33","no-featured-image-padding"],"acf":[],"yoast_head":"<!-- This site is optimized with the Yoast SEO plugin v28.4 - https:\/\/yoast.com\/product\/yoast-seo-wordpress\/ -->\n<title>HRW v\u0259 CPJ Avropa Olimpiya Komit\u0259sini Bak\u0131ya qar\u015f\u0131 q\u0259tiyy\u0259tli m\u00fcnasib\u0259t g\u00f6st\u0259rm\u0259y\u0259 \u00e7a\u011f\u0131r\u0131blar - MEYDAN.TV<\/title>\n<meta name=\"robots\" content=\"index, follow, max-snippet:-1, max-image-preview:large, max-video-preview:-1\" \/>\n<link rel=\"canonical\" href=\"https:\/\/www.meydan.tv\/az\/article\/hrw-ve-cpj-avropa-olimpiya-komitesini-bakiya-qarsi-qetiyyetli-munasibet-gostermeye-cagiriblar\/\" \/>\n<meta property=\"og:locale\" content=\"az_AZ\" \/>\n<meta property=\"og:type\" content=\"article\" \/>\n<meta property=\"og:title\" content=\"HRW v\u0259 CPJ Avropa Olimpiya Komit\u0259sini Bak\u0131ya qar\u015f\u0131 q\u0259tiyy\u0259tli m\u00fcnasib\u0259t g\u00f6st\u0259rm\u0259y\u0259 \u00e7a\u011f\u0131r\u0131blar - MEYDAN.TV\" \/>\n<meta property=\"og:description\" content=\"&quot;AOK susmaqda davam ets\u0259, oyunlar h\u0259mi\u015f\u0259lik pozuntularla v\u0259 d\u0259yi\u015fiklik g\u00fcc\u00fcnd\u0259 olanlar\u0131n s\u0259hl\u0259nkarl\u0131\u011f\u0131 il\u0259 l\u0259k\u0259l\u0259n\u0259c\u0259k&quot;\" \/>\n<meta property=\"og:url\" content=\"https:\/\/www.meydan.tv\/az\/article\/hrw-ve-cpj-avropa-olimpiya-komitesini-bakiya-qarsi-qetiyyetli-munasibet-gostermeye-cagiriblar\/\" \/>\n<meta property=\"og:site_name\" content=\"MEYDAN.TV\" \/>\n<meta property=\"article:published_time\" content=\"2015-05-14T19:28:15+00:00\" \/>\n<meta property=\"og:image\" content=\"https:\/\/www.meydan.tv\/wp-content\/uploads\/8852.jpg\" \/>\n\t<meta property=\"og:image:width\" content=\"640\" \/>\n\t<meta property=\"og:image:height\" content=\"360\" \/>\n\t<meta property=\"og:image:type\" content=\"image\/jpeg\" \/>\n<meta name=\"twitter:card\" content=\"summary_large_image\" \/>\n<!-- \/ Yoast SEO plugin. -->","yoast_head_json":{"title":"HRW v\u0259 CPJ Avropa Olimpiya Komit\u0259sini Bak\u0131ya qar\u015f\u0131 q\u0259tiyy\u0259tli m\u00fcnasib\u0259t g\u00f6st\u0259rm\u0259y\u0259 \u00e7a\u011f\u0131r\u0131blar - MEYDAN.TV","robots":{"index":"index","follow":"follow","max-snippet":"max-snippet:-1","max-image-preview":"max-image-preview:large","max-video-preview":"max-video-preview:-1"},"canonical":"https:\/\/www.meydan.tv\/az\/article\/hrw-ve-cpj-avropa-olimpiya-komitesini-bakiya-qarsi-qetiyyetli-munasibet-gostermeye-cagiriblar\/","og_locale":"az_AZ","og_type":"article","og_title":"HRW v\u0259 CPJ Avropa Olimpiya Komit\u0259sini Bak\u0131ya qar\u015f\u0131 q\u0259tiyy\u0259tli m\u00fcnasib\u0259t g\u00f6st\u0259rm\u0259y\u0259 \u00e7a\u011f\u0131r\u0131blar - MEYDAN.TV","og_description":"\"AOK susmaqda davam ets\u0259, oyunlar h\u0259mi\u015f\u0259lik pozuntularla v\u0259 d\u0259yi\u015fiklik g\u00fcc\u00fcnd\u0259 olanlar\u0131n s\u0259hl\u0259nkarl\u0131\u011f\u0131 il\u0259 l\u0259k\u0259l\u0259n\u0259c\u0259k\"","og_url":"https:\/\/www.meydan.tv\/az\/article\/hrw-ve-cpj-avropa-olimpiya-komitesini-bakiya-qarsi-qetiyyetli-munasibet-gostermeye-cagiriblar\/","og_site_name":"MEYDAN.TV","article_published_time":"2015-05-14T19:28:15+00:00","og_image":[{"width":640,"height":360,"url":"https:\/\/www.meydan.tv\/wp-content\/uploads\/8852.jpg","type":"image\/jpeg"}],"twitter_card":"summary_large_image","schema":{"@context":"https:\/\/schema.org","@graph":[{"@type":"Article","@id":"https:\/\/www.meydan.tv\/az\/article\/hrw-ve-cpj-avropa-olimpiya-komitesini-bakiya-qarsi-qetiyyetli-munasibet-gostermeye-cagiriblar\/#article","isPartOf":{"@id":"https:\/\/www.meydan.tv\/az\/article\/hrw-ve-cpj-avropa-olimpiya-komitesini-bakiya-qarsi-qetiyyetli-munasibet-gostermeye-cagiriblar\/"},"author":{"name":"user-manager","@id":"https:\/\/www.meydan.tv\/az\/#\/schema\/person\/10d11eccf6da3662cf5fdab9806ea91a"},"headline":"HRW v\u0259 CPJ Avropa Olimpiya Komit\u0259sini Bak\u0131ya qar\u015f\u0131 q\u0259tiyy\u0259tli m\u00fcnasib\u0259t g\u00f6st\u0259rm\u0259y\u0259 \u00e7a\u011f\u0131r\u0131blar","datePublished":"2015-05-14T19:28:15+00:00","mainEntityOfPage":{"@id":"https:\/\/www.meydan.tv\/az\/article\/hrw-ve-cpj-avropa-olimpiya-komitesini-bakiya-qarsi-qetiyyetli-munasibet-gostermeye-cagiriblar\/"},"wordCount":431,"publisher":{"@id":"https:\/\/www.meydan.tv\/az\/#organization"},"image":{"@id":"https:\/\/www.meydan.tv\/az\/article\/hrw-ve-cpj-avropa-olimpiya-komitesini-bakiya-qarsi-qetiyyetli-munasibet-gostermeye-cagiriblar\/#primaryimage"},"thumbnailUrl":"https:\/\/www.meydan.tv\/wp-content\/uploads\/8852.jpg","articleSection":["X\u0259b\u0259rl\u0259r"],"inLanguage":"az"},{"@type":"WebPage","@id":"https:\/\/www.meydan.tv\/az\/article\/hrw-ve-cpj-avropa-olimpiya-komitesini-bakiya-qarsi-qetiyyetli-munasibet-gostermeye-cagiriblar\/","url":"https:\/\/www.meydan.tv\/az\/article\/hrw-ve-cpj-avropa-olimpiya-komitesini-bakiya-qarsi-qetiyyetli-munasibet-gostermeye-cagiriblar\/","name":"HRW v\u0259 CPJ Avropa Olimpiya Komit\u0259sini Bak\u0131ya qar\u015f\u0131 q\u0259tiyy\u0259tli m\u00fcnasib\u0259t g\u00f6st\u0259rm\u0259y\u0259 \u00e7a\u011f\u0131r\u0131blar - MEYDAN.TV","isPartOf":{"@id":"https:\/\/www.meydan.tv\/az\/#website"},"primaryImageOfPage":{"@id":"https:\/\/www.meydan.tv\/az\/article\/hrw-ve-cpj-avropa-olimpiya-komitesini-bakiya-qarsi-qetiyyetli-munasibet-gostermeye-cagiriblar\/#primaryimage"},"image":{"@id":"https:\/\/www.meydan.tv\/az\/article\/hrw-ve-cpj-avropa-olimpiya-komitesini-bakiya-qarsi-qetiyyetli-munasibet-gostermeye-cagiriblar\/#primaryimage"},"thumbnailUrl":"https:\/\/www.meydan.tv\/wp-content\/uploads\/8852.jpg","datePublished":"2015-05-14T19:28:15+00:00","breadcrumb":{"@id":"https:\/\/www.meydan.tv\/az\/article\/hrw-ve-cpj-avropa-olimpiya-komitesini-bakiya-qarsi-qetiyyetli-munasibet-gostermeye-cagiriblar\/#breadcrumb"},"inLanguage":"az","potentialAction":[{"@type":"ReadAction","target":["https:\/\/www.meydan.tv\/az\/article\/hrw-ve-cpj-avropa-olimpiya-komitesini-bakiya-qarsi-qetiyyetli-munasibet-gostermeye-cagiriblar\/"]}]},{"@type":"ImageObject","inLanguage":"az","@id":"https:\/\/www.meydan.tv\/az\/article\/hrw-ve-cpj-avropa-olimpiya-komitesini-bakiya-qarsi-qetiyyetli-munasibet-gostermeye-cagiriblar\/#primaryimage","url":"https:\/\/www.meydan.tv\/wp-content\/uploads\/8852.jpg","contentUrl":"https:\/\/www.meydan.tv\/wp-content\/uploads\/8852.jpg","width":640,"height":360,"caption":"Source:"},{"@type":"BreadcrumbList","@id":"https:\/\/www.meydan.tv\/az\/article\/hrw-ve-cpj-avropa-olimpiya-komitesini-bakiya-qarsi-qetiyyetli-munasibet-gostermeye-cagiriblar\/#breadcrumb","itemListElement":[{"@type":"ListItem","position":1,"name":"Ana s\u0259hif\u0259","item":"https:\/\/www.meydan.tv\/az\/"},{"@type":"ListItem","position":2,"name":"X\u0259b\u0259rl\u0259r","item":"https:\/\/www.meydan.tv\/az\/section\/xeberler\/"},{"@type":"ListItem","position":3,"name":"HRW v\u0259 CPJ Avropa Olimpiya Komit\u0259sini Bak\u0131ya qar\u015f\u0131 q\u0259tiyy\u0259tli m\u00fcnasib\u0259t g\u00f6st\u0259rm\u0259y\u0259 \u00e7a\u011f\u0131r\u0131blar"}]},{"@type":"WebSite","@id":"https:\/\/www.meydan.tv\/az\/#website","url":"https:\/\/www.meydan.tv\/az\/","name":"MEYDAN.TV","description":"Meydan TV Az\u0259rbaycan\u0131n media m\u0259kan\u0131ndak\u0131 alternativ s\u0259sidir","publisher":{"@id":"https:\/\/www.meydan.tv\/az\/#organization"},"potentialAction":[{"@type":"SearchAction","target":{"@type":"EntryPoint","urlTemplate":"https:\/\/www.meydan.tv\/az\/?s={search_term_string}"},"query-input":{"@type":"PropertyValueSpecification","valueRequired":true,"valueName":"search_term_string"}}],"inLanguage":"az"},{"@type":"Organization","@id":"https:\/\/www.meydan.tv\/az\/#organization","name":"Meydan TV","url":"https:\/\/www.meydan.tv\/az\/","logo":{"@type":"ImageObject","inLanguage":"az","@id":"https:\/\/www.meydan.tv\/az\/#\/schema\/logo\/image\/","url":"https:\/\/www.meydan.tv\/wp-content\/uploads\/2021\/07\/meydan-logo.svg","contentUrl":"https:\/\/www.meydan.tv\/wp-content\/uploads\/2021\/07\/meydan-logo.svg","width":195,"height":46,"caption":"Meydan TV"},"image":{"@id":"https:\/\/www.meydan.tv\/az\/#\/schema\/logo\/image\/"}},{"@type":"Person","@id":"https:\/\/www.meydan.tv\/az\/#\/schema\/person\/10d11eccf6da3662cf5fdab9806ea91a","name":"user-manager"}]}},"_links":{"self":[{"href":"https:\/\/www.meydan.tv\/az\/wp-json\/wp\/v2\/posts\/167898","targetHints":{"allow":["GET"]}}],"collection":[{"href":"https:\/\/www.meydan.tv\/az\/wp-json\/wp\/v2\/posts"}],"about":[{"href":"https:\/\/www.meydan.tv\/az\/wp-json\/wp\/v2\/types\/post"}],"author":[{"embeddable":true,"href":"https:\/\/www.meydan.tv\/az\/wp-json\/wp\/v2\/users\/11"}],"replies":[{"embeddable":true,"href":"https:\/\/www.meydan.tv\/az\/wp-json\/wp\/v2\/comments?post=167898"}],"version-history":[{"count":0,"href":"https:\/\/www.meydan.tv\/az\/wp-json\/wp\/v2\/posts\/167898\/revisions"}],"wp:featuredmedia":[{"embeddable":true,"href":"https:\/\/www.meydan.tv\/az\/wp-json\/wp\/v2\/media\/24312"}],"wp:attachment":[{"href":"https:\/\/www.meydan.tv\/az\/wp-json\/wp\/v2\/media?parent=167898"}],"wp:term":[{"taxonomy":"category","embeddable":true,"href":"https:\/\/www.meydan.tv\/az\/wp-json\/wp\/v2\/categories?post=167898"},{"taxonomy":"post_tag","embeddable":true,"href":"https:\/\/www.meydan.tv\/az\/wp-json\/wp\/v2\/tags?post=167898"}],"curies":[{"name":"wp","href":"https:\/\/api.w.org\/{rel}","templated":true}]}}