{"id":167895,"date":"2015-05-14T18:43:44","date_gmt":"2015-05-14T18:43:44","guid":{"rendered":"https:\/\/www.meydan.tv\/article\/xedice-ismayilin-hebs-muddeti-daha-3-ay-uzadildi\/"},"modified":"2015-05-14T18:43:44","modified_gmt":"2015-05-14T18:43:44","slug":"xedice-ismayilin-hebs-muddeti-daha-3-ay-uzadildi","status":"publish","type":"post","link":"https:\/\/www.meydan.tv\/az\/article\/xedice-ismayilin-hebs-muddeti-daha-3-ay-uzadildi\/","title":{"rendered":"X\u0259dic\u0259 \u0130smay\u0131l\u0131n h\u0259bs m\u00fcdd\u0259ti daha 3 ay uzad\u0131ld\u0131"},"content":{"rendered":"<figure class=\"wp-block-image size-large\">\n  <img decoding=\"async\" src=\"https:\/\/www.meydan.tv\/az\/24294\/\" alt=\"\" class=\"wp-image-24294\"\/><figcaption><\/figcaption><\/figure>\n<figure class=\"wp-block-image size-large\">\n  <img decoding=\"async\" src=\"https:\/\/www.meydan.tv\/az\/24294\/\" alt=\"\" class=\"wp-image-24294\"\/><figcaption><\/figcaption><\/figure>\n<p>\n  Jurnalist X\u0259dic\u0259 \u0130smay\u0131l bar\u0259sind\u0259 se\u00e7ilmi\u015f h\u0259bs-q\u0259timkan t\u0259dbiri may\u0131n 14-d\u0259 ke\u00e7iril\u0259n m\u0259hk\u0259m\u0259nin q\u0259rar\u0131 il\u0259 daha 3 ay m\u00fcdd\u0259tin\u0259 uzad\u0131l\u0131b.\n<\/p>\n<p>\n  Jurnalist X\u0259dic\u0259 \u0130smay\u0131l dekabr\u0131n 5-d\u0259 h\u0259bs olunub. Jurnalist\u0259 qar\u015f\u0131 Cinay\u0259t M\u0259c\u0259ll\u0259sinin 125-ci madd\u0259si (\u00f6z\u00fcn\u00fc \u00f6ld\u00fcrm\u0259 h\u0259ddin\u0259 \u00e7atd\u0131rma),\u00a0179.3.2 (m\u0259nims\u0259m\u0259 v\u0259 israf etm\u0259- k\u00fclli miqdarda t\u00f6r\u0259dildikd\u0259),192.2.2 (qanunsuz sahibkarl\u0131q), 213.1(vergi \u00f6d\u0259m\u0259kd\u0259n yay\u0131nma) v\u0259 308.2-ci (v\u0259zif\u0259 s\u0259lahiyy\u0259tl\u0259rind\u0259n sui istifad\u0259) madd\u0259l\u0259ri il\u0259 yeni ittihamlar elan olunub. Bu ittihamlara g\u00f6r\u0259 jurnalisti 12 il\u0259d\u0259k h\u0259bs g\u00f6zl\u0259yir.\n<\/p>\n<p>\n  X\u0259dic\u0259 \u0130smay\u0131lova h\u0259bsinin qanunsuz oldu\u011funu bildirib.<\/p>\n","protected":false},"excerpt":{"rendered":"<p>Jurnalist X\u0259dic\u0259 \u0130smay\u0131l bar\u0259sind\u0259 se\u00e7ilmi\u015f h\u0259bs-q\u0259timkan t\u0259dbiri may\u0131n 14-d\u0259 ke\u00e7iril\u0259n &#8230; <\/p>\n<p class=\"read-more-container\"><a title=\"X\u0259dic\u0259 \u0130smay\u0131l\u0131n h\u0259bs m\u00fcdd\u0259ti daha 3 ay uzad\u0131ld\u0131\" class=\"read-more button\" href=\"https:\/\/www.meydan.tv\/az\/article\/xedice-ismayilin-hebs-muddeti-daha-3-ay-uzadildi\/#more-167895\" aria-label=\"Read more about X\u0259dic\u0259 \u0130smay\u0131l\u0131n h\u0259bs m\u00fcdd\u0259ti daha 3 ay uzad\u0131ld\u0131\">Davam\u0131<\/a><\/p>\n","protected":false},"author":11,"featured_media":24294,"comment_status":"closed","ping_status":"open","sticky":false,"template":"","format":"standard","meta":{"_acf_changed":false,"_sitemap_exclude":false,"_sitemap_priority":"","_sitemap_frequency":"","footnotes":""},"categories":[56],"tags":[],"class_list":["post-167895","post","type-post","status-publish","format-standard","has-post-thumbnail","hentry","category-xeberler","infinite-scroll-item","generate-columns","tablet-grid-50","mobile-grid-100","grid-parent","grid-33","no-featured-image-padding"],"acf":[],"yoast_head":"<!-- This site is optimized with the Yoast SEO plugin v28.4 - https:\/\/yoast.com\/product\/yoast-seo-wordpress\/ -->\n<title>X\u0259dic\u0259 \u0130smay\u0131l\u0131n h\u0259bs m\u00fcdd\u0259ti daha 3 ay uzad\u0131ld\u0131 - MEYDAN.TV<\/title>\n<meta name=\"robots\" content=\"index, follow, max-snippet:-1, max-image-preview:large, max-video-preview:-1\" \/>\n<link rel=\"canonical\" href=\"https:\/\/www.meydan.tv\/az\/article\/xedice-ismayilin-hebs-muddeti-daha-3-ay-uzadildi\/\" \/>\n<meta property=\"og:locale\" content=\"az_AZ\" \/>\n<meta property=\"og:type\" content=\"article\" \/>\n<meta property=\"og:title\" content=\"X\u0259dic\u0259 \u0130smay\u0131l\u0131n h\u0259bs m\u00fcdd\u0259ti daha 3 ay uzad\u0131ld\u0131 - MEYDAN.TV\" \/>\n<meta property=\"og:description\" content=\"Jurnalist X\u0259dic\u0259 \u0130smay\u0131l bar\u0259sind\u0259 se\u00e7ilmi\u015f h\u0259bs-q\u0259timkan t\u0259dbiri may\u0131n 14-d\u0259 ke\u00e7iril\u0259n ... Davam\u0131\" \/>\n<meta property=\"og:url\" content=\"https:\/\/www.meydan.tv\/az\/article\/xedice-ismayilin-hebs-muddeti-daha-3-ay-uzadildi\/\" \/>\n<meta property=\"og:site_name\" content=\"MEYDAN.TV\" \/>\n<meta property=\"article:published_time\" content=\"2015-05-14T18:43:44+00:00\" \/>\n<meta property=\"og:image\" content=\"https:\/\/www.meydan.tv\/wp-content\/uploads\/8848.jpg\" \/>\n\t<meta property=\"og:image:width\" content=\"640\" \/>\n\t<meta property=\"og:image:height\" content=\"360\" \/>\n\t<meta property=\"og:image:type\" content=\"image\/jpeg\" \/>\n<meta name=\"twitter:card\" content=\"summary_large_image\" \/>\n<!-- \/ Yoast SEO plugin. -->","yoast_head_json":{"title":"X\u0259dic\u0259 \u0130smay\u0131l\u0131n h\u0259bs m\u00fcdd\u0259ti daha 3 ay uzad\u0131ld\u0131 - MEYDAN.TV","robots":{"index":"index","follow":"follow","max-snippet":"max-snippet:-1","max-image-preview":"max-image-preview:large","max-video-preview":"max-video-preview:-1"},"canonical":"https:\/\/www.meydan.tv\/az\/article\/xedice-ismayilin-hebs-muddeti-daha-3-ay-uzadildi\/","og_locale":"az_AZ","og_type":"article","og_title":"X\u0259dic\u0259 \u0130smay\u0131l\u0131n h\u0259bs m\u00fcdd\u0259ti daha 3 ay uzad\u0131ld\u0131 - MEYDAN.TV","og_description":"Jurnalist X\u0259dic\u0259 \u0130smay\u0131l bar\u0259sind\u0259 se\u00e7ilmi\u015f h\u0259bs-q\u0259timkan t\u0259dbiri may\u0131n 14-d\u0259 ke\u00e7iril\u0259n ... Davam\u0131","og_url":"https:\/\/www.meydan.tv\/az\/article\/xedice-ismayilin-hebs-muddeti-daha-3-ay-uzadildi\/","og_site_name":"MEYDAN.TV","article_published_time":"2015-05-14T18:43:44+00:00","og_image":[{"width":640,"height":360,"url":"https:\/\/www.meydan.tv\/wp-content\/uploads\/8848.jpg","type":"image\/jpeg"}],"twitter_card":"summary_large_image","schema":{"@context":"https:\/\/schema.org","@graph":[{"@type":"Article","@id":"https:\/\/www.meydan.tv\/az\/article\/xedice-ismayilin-hebs-muddeti-daha-3-ay-uzadildi\/#article","isPartOf":{"@id":"https:\/\/www.meydan.tv\/az\/article\/xedice-ismayilin-hebs-muddeti-daha-3-ay-uzadildi\/"},"author":{"name":"user-manager","@id":"https:\/\/www.meydan.tv\/az\/#\/schema\/person\/10d11eccf6da3662cf5fdab9806ea91a"},"headline":"X\u0259dic\u0259 \u0130smay\u0131l\u0131n h\u0259bs m\u00fcdd\u0259ti daha 3 ay uzad\u0131ld\u0131","datePublished":"2015-05-14T18:43:44+00:00","mainEntityOfPage":{"@id":"https:\/\/www.meydan.tv\/az\/article\/xedice-ismayilin-hebs-muddeti-daha-3-ay-uzadildi\/"},"wordCount":144,"publisher":{"@id":"https:\/\/www.meydan.tv\/az\/#organization"},"image":{"@id":"https:\/\/www.meydan.tv\/az\/article\/xedice-ismayilin-hebs-muddeti-daha-3-ay-uzadildi\/#primaryimage"},"thumbnailUrl":"https:\/\/www.meydan.tv\/wp-content\/uploads\/8848.jpg","articleSection":["X\u0259b\u0259rl\u0259r"],"inLanguage":"az"},{"@type":"WebPage","@id":"https:\/\/www.meydan.tv\/az\/article\/xedice-ismayilin-hebs-muddeti-daha-3-ay-uzadildi\/","url":"https:\/\/www.meydan.tv\/az\/article\/xedice-ismayilin-hebs-muddeti-daha-3-ay-uzadildi\/","name":"X\u0259dic\u0259 \u0130smay\u0131l\u0131n h\u0259bs m\u00fcdd\u0259ti daha 3 ay uzad\u0131ld\u0131 - MEYDAN.TV","isPartOf":{"@id":"https:\/\/www.meydan.tv\/az\/#website"},"primaryImageOfPage":{"@id":"https:\/\/www.meydan.tv\/az\/article\/xedice-ismayilin-hebs-muddeti-daha-3-ay-uzadildi\/#primaryimage"},"image":{"@id":"https:\/\/www.meydan.tv\/az\/article\/xedice-ismayilin-hebs-muddeti-daha-3-ay-uzadildi\/#primaryimage"},"thumbnailUrl":"https:\/\/www.meydan.tv\/wp-content\/uploads\/8848.jpg","datePublished":"2015-05-14T18:43:44+00:00","breadcrumb":{"@id":"https:\/\/www.meydan.tv\/az\/article\/xedice-ismayilin-hebs-muddeti-daha-3-ay-uzadildi\/#breadcrumb"},"inLanguage":"az","potentialAction":[{"@type":"ReadAction","target":["https:\/\/www.meydan.tv\/az\/article\/xedice-ismayilin-hebs-muddeti-daha-3-ay-uzadildi\/"]}]},{"@type":"ImageObject","inLanguage":"az","@id":"https:\/\/www.meydan.tv\/az\/article\/xedice-ismayilin-hebs-muddeti-daha-3-ay-uzadildi\/#primaryimage","url":"https:\/\/www.meydan.tv\/wp-content\/uploads\/8848.jpg","contentUrl":"https:\/\/www.meydan.tv\/wp-content\/uploads\/8848.jpg","width":640,"height":360,"caption":"Source:"},{"@type":"BreadcrumbList","@id":"https:\/\/www.meydan.tv\/az\/article\/xedice-ismayilin-hebs-muddeti-daha-3-ay-uzadildi\/#breadcrumb","itemListElement":[{"@type":"ListItem","position":1,"name":"Ana s\u0259hif\u0259","item":"https:\/\/www.meydan.tv\/az\/"},{"@type":"ListItem","position":2,"name":"X\u0259b\u0259rl\u0259r","item":"https:\/\/www.meydan.tv\/az\/section\/xeberler\/"},{"@type":"ListItem","position":3,"name":"X\u0259dic\u0259 \u0130smay\u0131l\u0131n h\u0259bs m\u00fcdd\u0259ti daha 3 ay uzad\u0131ld\u0131"}]},{"@type":"WebSite","@id":"https:\/\/www.meydan.tv\/az\/#website","url":"https:\/\/www.meydan.tv\/az\/","name":"MEYDAN.TV","description":"Meydan TV Az\u0259rbaycan\u0131n media m\u0259kan\u0131ndak\u0131 alternativ s\u0259sidir","publisher":{"@id":"https:\/\/www.meydan.tv\/az\/#organization"},"potentialAction":[{"@type":"SearchAction","target":{"@type":"EntryPoint","urlTemplate":"https:\/\/www.meydan.tv\/az\/?s={search_term_string}"},"query-input":{"@type":"PropertyValueSpecification","valueRequired":true,"valueName":"search_term_string"}}],"inLanguage":"az"},{"@type":"Organization","@id":"https:\/\/www.meydan.tv\/az\/#organization","name":"Meydan TV","url":"https:\/\/www.meydan.tv\/az\/","logo":{"@type":"ImageObject","inLanguage":"az","@id":"https:\/\/www.meydan.tv\/az\/#\/schema\/logo\/image\/","url":"https:\/\/www.meydan.tv\/wp-content\/uploads\/2021\/07\/meydan-logo.svg","contentUrl":"https:\/\/www.meydan.tv\/wp-content\/uploads\/2021\/07\/meydan-logo.svg","width":195,"height":46,"caption":"Meydan TV"},"image":{"@id":"https:\/\/www.meydan.tv\/az\/#\/schema\/logo\/image\/"}},{"@type":"Person","@id":"https:\/\/www.meydan.tv\/az\/#\/schema\/person\/10d11eccf6da3662cf5fdab9806ea91a","name":"user-manager"}]}},"_links":{"self":[{"href":"https:\/\/www.meydan.tv\/az\/wp-json\/wp\/v2\/posts\/167895","targetHints":{"allow":["GET"]}}],"collection":[{"href":"https:\/\/www.meydan.tv\/az\/wp-json\/wp\/v2\/posts"}],"about":[{"href":"https:\/\/www.meydan.tv\/az\/wp-json\/wp\/v2\/types\/post"}],"author":[{"embeddable":true,"href":"https:\/\/www.meydan.tv\/az\/wp-json\/wp\/v2\/users\/11"}],"replies":[{"embeddable":true,"href":"https:\/\/www.meydan.tv\/az\/wp-json\/wp\/v2\/comments?post=167895"}],"version-history":[{"count":0,"href":"https:\/\/www.meydan.tv\/az\/wp-json\/wp\/v2\/posts\/167895\/revisions"}],"wp:featuredmedia":[{"embeddable":true,"href":"https:\/\/www.meydan.tv\/az\/wp-json\/wp\/v2\/media\/24294"}],"wp:attachment":[{"href":"https:\/\/www.meydan.tv\/az\/wp-json\/wp\/v2\/media?parent=167895"}],"wp:term":[{"taxonomy":"category","embeddable":true,"href":"https:\/\/www.meydan.tv\/az\/wp-json\/wp\/v2\/categories?post=167895"},{"taxonomy":"post_tag","embeddable":true,"href":"https:\/\/www.meydan.tv\/az\/wp-json\/wp\/v2\/tags?post=167895"}],"curies":[{"name":"wp","href":"https:\/\/api.w.org\/{rel}","templated":true}]}}