{"id":167892,"date":"2015-05-14T17:11:37","date_gmt":"2015-05-14T17:11:37","guid":{"rendered":"https:\/\/www.meydan.tv\/article\/murad-edilova-7-il-is-istenildi\/"},"modified":"2015-05-14T17:11:37","modified_gmt":"2015-05-14T17:11:37","slug":"murad-edilova-7-il-is-istenildi","status":"publish","type":"post","link":"https:\/\/www.meydan.tv\/az\/article\/murad-edilova-7-il-is-istenildi\/","title":{"rendered":"Murad \u018fdilova 7 il i\u015f ist\u0259nildi"},"content":{"rendered":"<figure class=\"wp-block-image size-large\">\n  <img decoding=\"async\" src=\"https:\/\/www.meydan.tv\/az\/24219\/\" alt=\"\" class=\"wp-image-24219\"\/><figcaption><\/figcaption><\/figure>\n<figure class=\"wp-block-image size-large\">\n  <img decoding=\"async\" src=\"https:\/\/www.meydan.tv\/az\/24219\/\" alt=\"\" class=\"wp-image-24219\"\/><figcaption><\/figcaption><\/figure>\n<p>\n  AXCP \u00fczv\u00fcn\u0259 bu g\u00fcn h\u00f6km oxunacaq\n<\/p>\n<p>\n  May\u0131n 14-d\u0259 L\u0259nk\u0259ran A\u011f\u0131r Cinay\u0259tl\u0259r\u0259 dair M\u0259hk\u0259m\u0259d\u0259 AXCP Sabirabad Rayon \u015e\u00f6b\u0259sinin h\u0259bsd\u0259 olan \u00fczv\u00fc\u00a0Murad \u018fdilovun m\u0259hk\u0259m\u0259 prosesi ke\u00e7irilib.\n<\/p>\n<p>\n  Prosesd\u0259 d\u00f6vl\u0259t ittiham\u00e7\u0131s\u0131 m\u0259hk\u0259m\u0259d\u0259n Murad \u018fdilovun 7 il azadl\u0131qdan m\u0259hrum edilm\u0259sini ist\u0259yib. Sonra t\u0259qsirl\u0259ndiril\u0259n \u015f\u0259xsin v\u0259kili Yal\u00e7\u0131n \u0130manov \u00e7\u0131x\u0131\u015f edib. Bu bar\u0259d\u0259 Meydan TV-y\u0259 m\u0259lumat ver\u0259n v\u0259kilin s\u00f6zl\u0259rin\u0259 g\u00f6r\u0259, o, m\u00fcdafi\u0259 nitqini \u00fc\u00e7 m\u0259s\u0259l\u0259 \u00fcz\u0259rind\u0259 qurub: &#8220;M\u0259n Murad \u018fdilova b\u0259ra\u0259t verilm\u0259sini ist\u0259dim. Onun h\u0259bsinin siyasi xarakter da\u015f\u0131d\u0131\u011f\u0131n\u0131 bildiridim. Bundan ba\u015fqa, qeyd etdim ki, Murad \u018fdilov h\u0259bs olunark\u0259n Avropa \u0130nsan Haqlar\u0131 Konvensiyas\u0131n\u0131n 3-c\u00fc madd\u0259si pozulub. H\u0259min madd\u0259y\u0259 \u0259sas\u0259n, he\u00e7 kim i\u015fg\u0259nc\u0259y\u0259, qeyri-insani v\u0259 l\u0259yaq\u0259ti al\u00e7aldan r\u0259ftara v\u0259 c\u0259zaya m\u0259ruz qalmamal\u0131d\u0131r. Murad \u018fdilov is\u0259 d\u00f6y\u00fcl\u00fcb, i\u015fg\u0259nc\u0259y\u0259 m\u0259ruz qal\u0131b. H\u0259m\u00e7inin m\u0259hk\u0259m\u0259d\u0259n Murad \u018fdilovun evin\u0259 v\u0259 \u00fcz\u0259rin\u0259 narkotik madd\u0259 qoyan polisl\u0259rin v\u0259 ona i\u015fg\u0259nc\u0259 ver\u0259n\u00a0Ba\u015f M\u00fct\u0259\u015f\u0259kkil Cinay\u0259tkarl\u0131qla M\u00fcbariz\u0259 \u0130dar\u0259si \u0259m\u0259kda\u015flar\u0131n\u0131n bar\u0259sind\u0259 x\u00fcsusi q\u0259rar \u00e7\u0131xar\u0131lmas\u0131n\u0131 t\u0259l\u0259b etdim&#8221;.\n<\/p>\n<p>\n  Prosesd\u0259 Murad \u018fdilov son s\u00f6z deyib. O, qarda\u015f\u0131 Natiq \u018fdilova g\u00f6r\u0259 \u015f\u0259rl\u0259n\u0259r\u0259k h\u0259bs olundu\u011funu deyib. Bildirib ki, d\u0259f\u0259l\u0259rl\u0259 qarda\u015f\u0131 il\u0259 ba\u011fl\u0131 x\u0259b\u0259rdarl\u0131q al\u0131b, h\u0259tta polisl\u0259r onu saxlayark\u0259n, d\u00f6y\u0259rk\u0259n, bunu qarda\u015f\u0131na g\u00f6r\u0259 etdikl\u0259rini deyibl\u0259r. AXCP \u00fczv\u00fc oldu\u011funu vur\u011fulayan Murad \u018fdilov he\u00e7 vaxt m\u00f6vqeyind\u0259n \u00e7\u0259kilm\u0259y\u0259c\u0259yini deyib.\n<\/p>\n<p>\n  Hakim fasil\u0259 elan edib. Fasil\u0259d\u0259n sonra h\u00f6km elan olunacaq.<\/p>\n","protected":false},"excerpt":{"rendered":"<p>AXCP \u00fczv\u00fcn\u0259 bu g\u00fcn h\u00f6km oxunacaq<\/p>\n","protected":false},"author":11,"featured_media":24219,"comment_status":"closed","ping_status":"open","sticky":false,"template":"","format":"standard","meta":{"_acf_changed":false,"_sitemap_exclude":false,"_sitemap_priority":"","_sitemap_frequency":"","footnotes":""},"categories":[56],"tags":[],"class_list":["post-167892","post","type-post","status-publish","format-standard","has-post-thumbnail","hentry","category-xeberler","infinite-scroll-item","generate-columns","tablet-grid-50","mobile-grid-100","grid-parent","grid-33","no-featured-image-padding"],"acf":[],"yoast_head":"<!-- This site is optimized with the Yoast SEO plugin v28.4 - https:\/\/yoast.com\/product\/yoast-seo-wordpress\/ -->\n<title>Murad \u018fdilova 7 il i\u015f ist\u0259nildi - MEYDAN.TV<\/title>\n<meta name=\"robots\" content=\"index, follow, max-snippet:-1, max-image-preview:large, max-video-preview:-1\" \/>\n<link rel=\"canonical\" href=\"https:\/\/www.meydan.tv\/az\/article\/murad-edilova-7-il-is-istenildi\/\" \/>\n<meta property=\"og:locale\" content=\"az_AZ\" \/>\n<meta property=\"og:type\" content=\"article\" \/>\n<meta property=\"og:title\" content=\"Murad \u018fdilova 7 il i\u015f ist\u0259nildi - MEYDAN.TV\" \/>\n<meta property=\"og:description\" content=\"AXCP \u00fczv\u00fcn\u0259 bu g\u00fcn h\u00f6km oxunacaq\" \/>\n<meta property=\"og:url\" content=\"https:\/\/www.meydan.tv\/az\/article\/murad-edilova-7-il-is-istenildi\/\" \/>\n<meta property=\"og:site_name\" content=\"MEYDAN.TV\" \/>\n<meta property=\"article:published_time\" content=\"2015-05-14T17:11:37+00:00\" \/>\n<meta property=\"og:image\" content=\"https:\/\/www.meydan.tv\/wp-content\/uploads\/8845.jpg\" \/>\n\t<meta property=\"og:image:width\" content=\"500\" \/>\n\t<meta property=\"og:image:height\" content=\"280\" \/>\n\t<meta property=\"og:image:type\" content=\"image\/jpeg\" \/>\n<meta name=\"twitter:card\" content=\"summary_large_image\" \/>\n<!-- \/ Yoast SEO plugin. -->","yoast_head_json":{"title":"Murad \u018fdilova 7 il i\u015f ist\u0259nildi - MEYDAN.TV","robots":{"index":"index","follow":"follow","max-snippet":"max-snippet:-1","max-image-preview":"max-image-preview:large","max-video-preview":"max-video-preview:-1"},"canonical":"https:\/\/www.meydan.tv\/az\/article\/murad-edilova-7-il-is-istenildi\/","og_locale":"az_AZ","og_type":"article","og_title":"Murad \u018fdilova 7 il i\u015f ist\u0259nildi - MEYDAN.TV","og_description":"AXCP \u00fczv\u00fcn\u0259 bu g\u00fcn h\u00f6km oxunacaq","og_url":"https:\/\/www.meydan.tv\/az\/article\/murad-edilova-7-il-is-istenildi\/","og_site_name":"MEYDAN.TV","article_published_time":"2015-05-14T17:11:37+00:00","og_image":[{"width":500,"height":280,"url":"https:\/\/www.meydan.tv\/wp-content\/uploads\/8845.jpg","type":"image\/jpeg"}],"twitter_card":"summary_large_image","schema":{"@context":"https:\/\/schema.org","@graph":[{"@type":"Article","@id":"https:\/\/www.meydan.tv\/az\/article\/murad-edilova-7-il-is-istenildi\/#article","isPartOf":{"@id":"https:\/\/www.meydan.tv\/az\/article\/murad-edilova-7-il-is-istenildi\/"},"author":{"name":"user-manager","@id":"https:\/\/www.meydan.tv\/az\/#\/schema\/person\/10d11eccf6da3662cf5fdab9806ea91a"},"headline":"Murad \u018fdilova 7 il i\u015f ist\u0259nildi","datePublished":"2015-05-14T17:11:37+00:00","mainEntityOfPage":{"@id":"https:\/\/www.meydan.tv\/az\/article\/murad-edilova-7-il-is-istenildi\/"},"wordCount":338,"publisher":{"@id":"https:\/\/www.meydan.tv\/az\/#organization"},"image":{"@id":"https:\/\/www.meydan.tv\/az\/article\/murad-edilova-7-il-is-istenildi\/#primaryimage"},"thumbnailUrl":"https:\/\/www.meydan.tv\/wp-content\/uploads\/8845.jpg","articleSection":["X\u0259b\u0259rl\u0259r"],"inLanguage":"az"},{"@type":"WebPage","@id":"https:\/\/www.meydan.tv\/az\/article\/murad-edilova-7-il-is-istenildi\/","url":"https:\/\/www.meydan.tv\/az\/article\/murad-edilova-7-il-is-istenildi\/","name":"Murad \u018fdilova 7 il i\u015f ist\u0259nildi - MEYDAN.TV","isPartOf":{"@id":"https:\/\/www.meydan.tv\/az\/#website"},"primaryImageOfPage":{"@id":"https:\/\/www.meydan.tv\/az\/article\/murad-edilova-7-il-is-istenildi\/#primaryimage"},"image":{"@id":"https:\/\/www.meydan.tv\/az\/article\/murad-edilova-7-il-is-istenildi\/#primaryimage"},"thumbnailUrl":"https:\/\/www.meydan.tv\/wp-content\/uploads\/8845.jpg","datePublished":"2015-05-14T17:11:37+00:00","breadcrumb":{"@id":"https:\/\/www.meydan.tv\/az\/article\/murad-edilova-7-il-is-istenildi\/#breadcrumb"},"inLanguage":"az","potentialAction":[{"@type":"ReadAction","target":["https:\/\/www.meydan.tv\/az\/article\/murad-edilova-7-il-is-istenildi\/"]}]},{"@type":"ImageObject","inLanguage":"az","@id":"https:\/\/www.meydan.tv\/az\/article\/murad-edilova-7-il-is-istenildi\/#primaryimage","url":"https:\/\/www.meydan.tv\/wp-content\/uploads\/8845.jpg","contentUrl":"https:\/\/www.meydan.tv\/wp-content\/uploads\/8845.jpg","width":500,"height":280,"caption":"Source:"},{"@type":"BreadcrumbList","@id":"https:\/\/www.meydan.tv\/az\/article\/murad-edilova-7-il-is-istenildi\/#breadcrumb","itemListElement":[{"@type":"ListItem","position":1,"name":"Ana s\u0259hif\u0259","item":"https:\/\/www.meydan.tv\/az\/"},{"@type":"ListItem","position":2,"name":"X\u0259b\u0259rl\u0259r","item":"https:\/\/www.meydan.tv\/az\/section\/xeberler\/"},{"@type":"ListItem","position":3,"name":"Murad \u018fdilova 7 il i\u015f ist\u0259nildi"}]},{"@type":"WebSite","@id":"https:\/\/www.meydan.tv\/az\/#website","url":"https:\/\/www.meydan.tv\/az\/","name":"MEYDAN.TV","description":"Meydan TV Az\u0259rbaycan\u0131n media m\u0259kan\u0131ndak\u0131 alternativ s\u0259sidir","publisher":{"@id":"https:\/\/www.meydan.tv\/az\/#organization"},"potentialAction":[{"@type":"SearchAction","target":{"@type":"EntryPoint","urlTemplate":"https:\/\/www.meydan.tv\/az\/?s={search_term_string}"},"query-input":{"@type":"PropertyValueSpecification","valueRequired":true,"valueName":"search_term_string"}}],"inLanguage":"az"},{"@type":"Organization","@id":"https:\/\/www.meydan.tv\/az\/#organization","name":"Meydan TV","url":"https:\/\/www.meydan.tv\/az\/","logo":{"@type":"ImageObject","inLanguage":"az","@id":"https:\/\/www.meydan.tv\/az\/#\/schema\/logo\/image\/","url":"https:\/\/www.meydan.tv\/wp-content\/uploads\/2021\/07\/meydan-logo.svg","contentUrl":"https:\/\/www.meydan.tv\/wp-content\/uploads\/2021\/07\/meydan-logo.svg","width":195,"height":46,"caption":"Meydan TV"},"image":{"@id":"https:\/\/www.meydan.tv\/az\/#\/schema\/logo\/image\/"}},{"@type":"Person","@id":"https:\/\/www.meydan.tv\/az\/#\/schema\/person\/10d11eccf6da3662cf5fdab9806ea91a","name":"user-manager"}]}},"_links":{"self":[{"href":"https:\/\/www.meydan.tv\/az\/wp-json\/wp\/v2\/posts\/167892","targetHints":{"allow":["GET"]}}],"collection":[{"href":"https:\/\/www.meydan.tv\/az\/wp-json\/wp\/v2\/posts"}],"about":[{"href":"https:\/\/www.meydan.tv\/az\/wp-json\/wp\/v2\/types\/post"}],"author":[{"embeddable":true,"href":"https:\/\/www.meydan.tv\/az\/wp-json\/wp\/v2\/users\/11"}],"replies":[{"embeddable":true,"href":"https:\/\/www.meydan.tv\/az\/wp-json\/wp\/v2\/comments?post=167892"}],"version-history":[{"count":0,"href":"https:\/\/www.meydan.tv\/az\/wp-json\/wp\/v2\/posts\/167892\/revisions"}],"wp:featuredmedia":[{"embeddable":true,"href":"https:\/\/www.meydan.tv\/az\/wp-json\/wp\/v2\/media\/24219"}],"wp:attachment":[{"href":"https:\/\/www.meydan.tv\/az\/wp-json\/wp\/v2\/media?parent=167892"}],"wp:term":[{"taxonomy":"category","embeddable":true,"href":"https:\/\/www.meydan.tv\/az\/wp-json\/wp\/v2\/categories?post=167892"},{"taxonomy":"post_tag","embeddable":true,"href":"https:\/\/www.meydan.tv\/az\/wp-json\/wp\/v2\/tags?post=167892"}],"curies":[{"name":"wp","href":"https:\/\/api.w.org\/{rel}","templated":true}]}}