{"id":167886,"date":"2015-05-13T20:43:58","date_gmt":"2015-05-13T20:43:58","guid":{"rendered":"https:\/\/www.meydan.tv\/article\/ombudsman-mtn-de-rauf-mirqedirov-ve-arif-yunusla-gorusub\/"},"modified":"2015-05-13T20:43:58","modified_gmt":"2015-05-13T20:43:58","slug":"ombudsman-mtn-de-rauf-mirqedirov-ve-arif-yunusla-gorusub","status":"publish","type":"post","link":"https:\/\/www.meydan.tv\/az\/article\/ombudsman-mtn-de-rauf-mirqedirov-ve-arif-yunusla-gorusub\/","title":{"rendered":"Ombudsman MTN-d\u0259 Rauf Mirq\u0259dirov v\u0259 Arif Yunusla g\u00f6r\u00fc\u015f\u00fcb"},"content":{"rendered":"<figure class=\"wp-block-image size-large\">\n  <img decoding=\"async\" src=\"https:\/\/www.meydan.tv\/az\/24258\/\" alt=\"\" class=\"wp-image-24258\"\/><figcaption><\/figcaption><\/figure>\n<figure class=\"wp-block-image size-large\">\n  <img decoding=\"async\" src=\"https:\/\/www.meydan.tv\/az\/24258\/\" alt=\"\" class=\"wp-image-24258\"\/><figcaption><\/figcaption><\/figure>\n<p>\n  Ombudsman Elmira S\u00fcleymanova may\u0131n 13-d\u0259 \u0259vv\u0259lc\u0259d\u0259n x\u0259b\u0259rdarl\u0131q etm\u0259d\u0259n Milli T\u0259hl\u00fck\u0259sizlik Nazirliyinin M\u00fcv\u0259qq\u0259ti saxlama yeri v\u0259 istintaq t\u0259cridxanas\u0131na ba\u015f \u00e7\u0259kib. Ba\u015f\u00e7\u0259km\u0259d\u0259 m\u0259qs\u0259d saxlama \u015f\u0259raiti v\u0259 r\u0259ftar\u0131n ara\u015fd\u0131r\u0131lmas\u0131, saxlan\u0131lan \u015f\u0259xsl\u0259rin h\u00fcquqlar\u0131n\u0131n t\u0259min olunmas\u0131 v\u0259ziyy\u0259tinin \u00f6yr\u0259nilm\u0259sind\u0259n ibar\u0259t olub, bu bar\u0259d\u0259 Ombudsman Aparat\u0131n\u0131n m\u0259lumat\u0131nda deyilir.\n<\/p>\n<p>\n  X\u00fcsus\u0259n, S\u00fcleymanova jurnalist Rauf Mirq\u0259dirov, h\u00fcquq m\u00fcdafi\u0259\u00e7isi Arif Yunus, ilahiyyat\u00e7\u0131 El\u015f\u0259n Mustafayev v\u0259 ba\u015fqalar\u0131 il\u0259 g\u00f6r\u00fc\u015f\u00fcb.\n<\/p>\n<p>\n  G\u00f6r\u00fc\u015fl\u0259r zaman\u0131 onlar saxlanma \u015f\u0259raitind\u0259n v\u0259 onlara qar\u015f\u0131 davran\u0131\u015fdan \u015fikay\u0259t etm\u0259yibl\u0259r, keyfiyy\u0259tli qida v\u0259 tibbi xidm\u0259td\u0259n raz\u0131l\u0131qlar\u0131n\u0131 bildiribl\u0259r.\n<\/p>\n<p>\n  \u0130stintaq t\u0259cridxanas\u0131 r\u0259hb\u0259rliyin\u0259 saxlama \u015f\u0259raitinin daha da t\u0259kmill\u0259\u015fdirilm\u0259si il\u0259 ba\u011fl\u0131 t\u00f6vsiy\u0259l\u0259r verilib, dey\u0259 ombusman\u0131n m\u0259tbuat xidm\u0259ti bildirir.\n<\/p>\n<p>\n  TURAN \u0130A<\/p>\n","protected":false},"excerpt":{"rendered":"<p>\u0130stintaq t\u0259cridxanas\u0131 r\u0259hb\u0259rliyin\u0259 saxlama \u015f\u0259raitinin daha da t\u0259kmill\u0259\u015fdirilm\u0259si il\u0259 ba\u011fl\u0131 t\u00f6vsiy\u0259l\u0259r verilib<\/p>\n","protected":false},"author":11,"featured_media":24258,"comment_status":"closed","ping_status":"open","sticky":false,"template":"","format":"standard","meta":{"_acf_changed":false,"_sitemap_exclude":false,"_sitemap_priority":"","_sitemap_frequency":"","footnotes":""},"categories":[56],"tags":[],"class_list":["post-167886","post","type-post","status-publish","format-standard","has-post-thumbnail","hentry","category-xeberler","infinite-scroll-item","generate-columns","tablet-grid-50","mobile-grid-100","grid-parent","grid-33","no-featured-image-padding"],"acf":[],"yoast_head":"<!-- This site is optimized with the Yoast SEO plugin v28.4 - https:\/\/yoast.com\/product\/yoast-seo-wordpress\/ -->\n<title>Ombudsman MTN-d\u0259 Rauf Mirq\u0259dirov v\u0259 Arif Yunusla g\u00f6r\u00fc\u015f\u00fcb - MEYDAN.TV<\/title>\n<meta name=\"robots\" content=\"index, follow, max-snippet:-1, max-image-preview:large, max-video-preview:-1\" \/>\n<link rel=\"canonical\" href=\"https:\/\/www.meydan.tv\/az\/article\/ombudsman-mtn-de-rauf-mirqedirov-ve-arif-yunusla-gorusub\/\" \/>\n<meta property=\"og:locale\" content=\"az_AZ\" \/>\n<meta property=\"og:type\" content=\"article\" \/>\n<meta property=\"og:title\" content=\"Ombudsman MTN-d\u0259 Rauf Mirq\u0259dirov v\u0259 Arif Yunusla g\u00f6r\u00fc\u015f\u00fcb - MEYDAN.TV\" \/>\n<meta property=\"og:description\" content=\"\u0130stintaq t\u0259cridxanas\u0131 r\u0259hb\u0259rliyin\u0259 saxlama \u015f\u0259raitinin daha da t\u0259kmill\u0259\u015fdirilm\u0259si il\u0259 ba\u011fl\u0131 t\u00f6vsiy\u0259l\u0259r verilib\" \/>\n<meta property=\"og:url\" content=\"https:\/\/www.meydan.tv\/az\/article\/ombudsman-mtn-de-rauf-mirqedirov-ve-arif-yunusla-gorusub\/\" \/>\n<meta property=\"og:site_name\" content=\"MEYDAN.TV\" \/>\n<meta property=\"article:published_time\" content=\"2015-05-13T20:43:58+00:00\" \/>\n<meta property=\"og:image\" content=\"https:\/\/www.meydan.tv\/wp-content\/uploads\/8834.jpg\" \/>\n\t<meta property=\"og:image:width\" content=\"1000\" \/>\n\t<meta property=\"og:image:height\" content=\"750\" \/>\n\t<meta property=\"og:image:type\" content=\"image\/jpeg\" \/>\n<meta name=\"twitter:card\" content=\"summary_large_image\" \/>\n<!-- \/ Yoast SEO plugin. -->","yoast_head_json":{"title":"Ombudsman MTN-d\u0259 Rauf Mirq\u0259dirov v\u0259 Arif Yunusla g\u00f6r\u00fc\u015f\u00fcb - MEYDAN.TV","robots":{"index":"index","follow":"follow","max-snippet":"max-snippet:-1","max-image-preview":"max-image-preview:large","max-video-preview":"max-video-preview:-1"},"canonical":"https:\/\/www.meydan.tv\/az\/article\/ombudsman-mtn-de-rauf-mirqedirov-ve-arif-yunusla-gorusub\/","og_locale":"az_AZ","og_type":"article","og_title":"Ombudsman MTN-d\u0259 Rauf Mirq\u0259dirov v\u0259 Arif Yunusla g\u00f6r\u00fc\u015f\u00fcb - MEYDAN.TV","og_description":"\u0130stintaq t\u0259cridxanas\u0131 r\u0259hb\u0259rliyin\u0259 saxlama \u015f\u0259raitinin daha da t\u0259kmill\u0259\u015fdirilm\u0259si il\u0259 ba\u011fl\u0131 t\u00f6vsiy\u0259l\u0259r verilib","og_url":"https:\/\/www.meydan.tv\/az\/article\/ombudsman-mtn-de-rauf-mirqedirov-ve-arif-yunusla-gorusub\/","og_site_name":"MEYDAN.TV","article_published_time":"2015-05-13T20:43:58+00:00","og_image":[{"width":1000,"height":750,"url":"https:\/\/www.meydan.tv\/wp-content\/uploads\/8834.jpg","type":"image\/jpeg"}],"twitter_card":"summary_large_image","schema":{"@context":"https:\/\/schema.org","@graph":[{"@type":"Article","@id":"https:\/\/www.meydan.tv\/az\/article\/ombudsman-mtn-de-rauf-mirqedirov-ve-arif-yunusla-gorusub\/#article","isPartOf":{"@id":"https:\/\/www.meydan.tv\/az\/article\/ombudsman-mtn-de-rauf-mirqedirov-ve-arif-yunusla-gorusub\/"},"author":{"name":"user-manager","@id":"https:\/\/www.meydan.tv\/az\/#\/schema\/person\/10d11eccf6da3662cf5fdab9806ea91a"},"headline":"Ombudsman MTN-d\u0259 Rauf Mirq\u0259dirov v\u0259 Arif Yunusla g\u00f6r\u00fc\u015f\u00fcb","datePublished":"2015-05-13T20:43:58+00:00","mainEntityOfPage":{"@id":"https:\/\/www.meydan.tv\/az\/article\/ombudsman-mtn-de-rauf-mirqedirov-ve-arif-yunusla-gorusub\/"},"wordCount":188,"publisher":{"@id":"https:\/\/www.meydan.tv\/az\/#organization"},"image":{"@id":"https:\/\/www.meydan.tv\/az\/article\/ombudsman-mtn-de-rauf-mirqedirov-ve-arif-yunusla-gorusub\/#primaryimage"},"thumbnailUrl":"https:\/\/www.meydan.tv\/wp-content\/uploads\/8834.jpg","articleSection":["X\u0259b\u0259rl\u0259r"],"inLanguage":"az"},{"@type":"WebPage","@id":"https:\/\/www.meydan.tv\/az\/article\/ombudsman-mtn-de-rauf-mirqedirov-ve-arif-yunusla-gorusub\/","url":"https:\/\/www.meydan.tv\/az\/article\/ombudsman-mtn-de-rauf-mirqedirov-ve-arif-yunusla-gorusub\/","name":"Ombudsman MTN-d\u0259 Rauf Mirq\u0259dirov v\u0259 Arif Yunusla g\u00f6r\u00fc\u015f\u00fcb - MEYDAN.TV","isPartOf":{"@id":"https:\/\/www.meydan.tv\/az\/#website"},"primaryImageOfPage":{"@id":"https:\/\/www.meydan.tv\/az\/article\/ombudsman-mtn-de-rauf-mirqedirov-ve-arif-yunusla-gorusub\/#primaryimage"},"image":{"@id":"https:\/\/www.meydan.tv\/az\/article\/ombudsman-mtn-de-rauf-mirqedirov-ve-arif-yunusla-gorusub\/#primaryimage"},"thumbnailUrl":"https:\/\/www.meydan.tv\/wp-content\/uploads\/8834.jpg","datePublished":"2015-05-13T20:43:58+00:00","breadcrumb":{"@id":"https:\/\/www.meydan.tv\/az\/article\/ombudsman-mtn-de-rauf-mirqedirov-ve-arif-yunusla-gorusub\/#breadcrumb"},"inLanguage":"az","potentialAction":[{"@type":"ReadAction","target":["https:\/\/www.meydan.tv\/az\/article\/ombudsman-mtn-de-rauf-mirqedirov-ve-arif-yunusla-gorusub\/"]}]},{"@type":"ImageObject","inLanguage":"az","@id":"https:\/\/www.meydan.tv\/az\/article\/ombudsman-mtn-de-rauf-mirqedirov-ve-arif-yunusla-gorusub\/#primaryimage","url":"https:\/\/www.meydan.tv\/wp-content\/uploads\/8834.jpg","contentUrl":"https:\/\/www.meydan.tv\/wp-content\/uploads\/8834.jpg","width":1000,"height":750,"caption":"Source:"},{"@type":"BreadcrumbList","@id":"https:\/\/www.meydan.tv\/az\/article\/ombudsman-mtn-de-rauf-mirqedirov-ve-arif-yunusla-gorusub\/#breadcrumb","itemListElement":[{"@type":"ListItem","position":1,"name":"Ana s\u0259hif\u0259","item":"https:\/\/www.meydan.tv\/az\/"},{"@type":"ListItem","position":2,"name":"X\u0259b\u0259rl\u0259r","item":"https:\/\/www.meydan.tv\/az\/section\/xeberler\/"},{"@type":"ListItem","position":3,"name":"Ombudsman MTN-d\u0259 Rauf Mirq\u0259dirov v\u0259 Arif Yunusla g\u00f6r\u00fc\u015f\u00fcb"}]},{"@type":"WebSite","@id":"https:\/\/www.meydan.tv\/az\/#website","url":"https:\/\/www.meydan.tv\/az\/","name":"MEYDAN.TV","description":"Meydan TV Az\u0259rbaycan\u0131n media m\u0259kan\u0131ndak\u0131 alternativ s\u0259sidir","publisher":{"@id":"https:\/\/www.meydan.tv\/az\/#organization"},"potentialAction":[{"@type":"SearchAction","target":{"@type":"EntryPoint","urlTemplate":"https:\/\/www.meydan.tv\/az\/?s={search_term_string}"},"query-input":{"@type":"PropertyValueSpecification","valueRequired":true,"valueName":"search_term_string"}}],"inLanguage":"az"},{"@type":"Organization","@id":"https:\/\/www.meydan.tv\/az\/#organization","name":"Meydan TV","url":"https:\/\/www.meydan.tv\/az\/","logo":{"@type":"ImageObject","inLanguage":"az","@id":"https:\/\/www.meydan.tv\/az\/#\/schema\/logo\/image\/","url":"https:\/\/www.meydan.tv\/wp-content\/uploads\/2021\/07\/meydan-logo.svg","contentUrl":"https:\/\/www.meydan.tv\/wp-content\/uploads\/2021\/07\/meydan-logo.svg","width":195,"height":46,"caption":"Meydan TV"},"image":{"@id":"https:\/\/www.meydan.tv\/az\/#\/schema\/logo\/image\/"}},{"@type":"Person","@id":"https:\/\/www.meydan.tv\/az\/#\/schema\/person\/10d11eccf6da3662cf5fdab9806ea91a","name":"user-manager"}]}},"_links":{"self":[{"href":"https:\/\/www.meydan.tv\/az\/wp-json\/wp\/v2\/posts\/167886","targetHints":{"allow":["GET"]}}],"collection":[{"href":"https:\/\/www.meydan.tv\/az\/wp-json\/wp\/v2\/posts"}],"about":[{"href":"https:\/\/www.meydan.tv\/az\/wp-json\/wp\/v2\/types\/post"}],"author":[{"embeddable":true,"href":"https:\/\/www.meydan.tv\/az\/wp-json\/wp\/v2\/users\/11"}],"replies":[{"embeddable":true,"href":"https:\/\/www.meydan.tv\/az\/wp-json\/wp\/v2\/comments?post=167886"}],"version-history":[{"count":0,"href":"https:\/\/www.meydan.tv\/az\/wp-json\/wp\/v2\/posts\/167886\/revisions"}],"wp:featuredmedia":[{"embeddable":true,"href":"https:\/\/www.meydan.tv\/az\/wp-json\/wp\/v2\/media\/24258"}],"wp:attachment":[{"href":"https:\/\/www.meydan.tv\/az\/wp-json\/wp\/v2\/media?parent=167886"}],"wp:term":[{"taxonomy":"category","embeddable":true,"href":"https:\/\/www.meydan.tv\/az\/wp-json\/wp\/v2\/categories?post=167886"},{"taxonomy":"post_tag","embeddable":true,"href":"https:\/\/www.meydan.tv\/az\/wp-json\/wp\/v2\/tags?post=167886"}],"curies":[{"name":"wp","href":"https:\/\/api.w.org\/{rel}","templated":true}]}}