{"id":167885,"date":"2015-05-13T20:21:14","date_gmt":"2015-05-13T20:21:14","guid":{"rendered":"https:\/\/www.meydan.tv\/article\/avropalilar-azerbaycana-niye-gelmelidir\/"},"modified":"2015-05-13T20:21:14","modified_gmt":"2015-05-13T20:21:14","slug":"avropalilar-azerbaycana-niye-gelmelidir","status":"publish","type":"post","link":"https:\/\/www.meydan.tv\/az\/article\/avropalilar-azerbaycana-niye-gelmelidir\/","title":{"rendered":"Avropal\u0131lar Az\u0259rbaycana niy\u0259 g\u0259lm\u0259lidir?"},"content":{"rendered":"<figure class=\"wp-block-image size-large\">\n  <img decoding=\"async\" src=\"https:\/\/www.meydan.tv\/az\/23096\/\" alt=\"\" class=\"wp-image-23096\"\/><figcaption><\/figcaption><\/figure>\n<figure class=\"wp-block-image size-large\">\n  <img decoding=\"async\" src=\"https:\/\/www.meydan.tv\/az\/23105\/\" alt=\"\" class=\"wp-image-23105\"\/><figcaption><\/figcaption><\/figure>\n<p>\n  Bir ne\u00e7\u0259 g\u00fcn \u0259vv\u0259l Meydan TV Avropa oyunlar\u0131 il\u0259 ba\u011fl\u0131 Bak\u0131da \u201cBak\u0131ya g\u0259l\u0259n turistl\u0259r Az\u0259rbaycan haqq\u0131nda n\u0259yi bilm\u0259lidirl\u0259r?\u201d sor\u011fusu ke\u00e7irmi\u015fdi. Sor\u011fuda veril\u0259n cavablar\u0131 q\u0131sa \u015f\u0259rhl\u0259rl\u0259 t\u0259hlil etm\u0259y\u0259 \u00e7al\u0131\u015facam. \u00c7\u00fcnki veril\u0259n cavablar Az\u0259rbaycan\u0131n nec\u0259 d\u0259h\u015f\u0259tli v\u0259ziyy\u0259td\u0259 oldu\u011funun bariz n\u00fcmun\u0259sidir. Bu yaz\u0131n\u0131 turistl\u0259r oxumayacaq, ona g\u00f6r\u0259 m\u0259ni v\u0259t\u0259n xaini \u00e7\u0131xarma\u011fa \u00e7al\u0131\u015fmay\u0131n. G\u0259l\u0259n turistl\u0259r h\u0259qiq\u0259t\u0259n bunlar\u0131 bilm\u0259lidirl\u0259rmi v\u0259 ya bils\u0259l\u0259r, he\u00e7 g\u0259l\u0259rl\u0259rmi?<\/p>\n<p>  <b><br \/>\n    Ya\u015fl\u0131 a\u011fsaqqal: G\u0259l\u0259n turistl\u0259r yaln\u0131z Az\u0259rbaycan\u0131n t\u0259k d\u0259rdi Qaraba\u011f problemini bilm\u0259lidirl\u0259r.<br \/>\n  <\/b>\n<\/p>\n<p>\n  Niy\u0259 ax\u0131, ay day\u0131? Bax niy\u0259 az\u0259rbaycanl\u0131lar faci\u0259l\u0259rini xaricd\u0259 v\u0259 ya xaricil\u0259r\u0259 reklam etm\u0259kd\u0259n kayf al\u0131rlar. Ciddi kayf al\u0131rlar, \u015fahidi olmu\u015fam xaricd\u0259. I\u015fg\u0259nc\u0259 il\u0259 \u00f6ld\u00fcr\u00fclm\u00fc\u015f u\u015faq \u015f\u0259klini b\u00f6y\u00fck posterl\u0259r\u0259 \u00e7\u0131xar\u0131b, qoyurlar Avropada b\u00f6y\u00fck bir meydana v\u0259 ba\u015flay\u0131rlar ki, b\u0259s bizi bel\u0259 q\u0131r\u0131blar, el\u0259 bil ona qulaq asan alman g\u0259lib, s\u0259nin q\u0131r\u0131lma\u011f\u0131n\u0131 r\u0259smi tan\u0131yacaq. Erm\u0259nil\u0259r d\u0259 qo\u015fulub biz\u0259, iki xalq\u0131n n\u00fcmay\u0259nd\u0259si \u201cd\u00fcnyada kim daha \u00e7ox \u0259zilib?\u201d yar\u0131\u015f\u0131na giribl\u0259r. H\u00f6kum\u0259tin pul yem\u0259k, hakimiyy\u0259td\u0259 qalmaq kart\u0131d\u0131r Qaraba\u011f. Hara \u0259ld\u0259n burax\u0131r?! He\u00e7 avropal\u0131 bils\u0259 ki, Az\u0259rbaycan kiml\u0259s\u0259 m\u00fcharib\u0259 \u015f\u0259raitind\u0259di, ild\u0259 \u0259n az\u0131 50 \u0259sg\u0259rimiz d\u00fc\u015fm\u0259n g\u00fcll\u0259sind\u0259n \u015f\u0259hid olur, g\u0259l\u0259rmi o \u00f6lk\u0259y\u0259?<\/p>\n<p>  <b><br \/>\n    Bir ne\u00e7\u0259 n\u0259f\u0259rin cavab\u0131 bel\u0259 oldu ki, \u201c\u00f6lk\u0259mizd\u0259 ged\u0259n quruculuq i\u015fl\u0259rind\u0259n x\u0259b\u0259rdar olmal\u0131d\u0131rlar.<br \/>\n  <\/b><\/p>\n<p>  \u201dH\u0259qiq\u0259t\u0259n, yaz\u0131\u011f\u0131m g\u0259lir bizim mill\u0259t\u0259, 2015-ci ild\u0259 manqurtla\u015fd\u0131r\u0131lma\u011fa \u00e7al\u0131\u015f\u0131lan xalq olaraq, tarix\u0259 d\u00fc\u015f\u0259ciyik, dey\u0259s\u0259n. Az\u0259rbaycanda \u00fcmumiyy\u0259tl\u0259 h\u0259r hans\u0131 bir quruculuq i\u015find\u0259n s\u00f6hb\u0259t ged\u0259 bilm\u0259z. D\u0259nizk\u0259nar\u0131 boyu tikilmi\u015f, hakim ail\u0259y\u0259 m\u0259xsus 5-10 d\u0259n\u0259 \u015f\u00fc\u015f\u0259li binan\u0131 bir bizim mill\u0259t\u0259 quruculuq kimi s\u0131r\u0131ya bil\u0259rl\u0259r y\u0259qin ki. Tarixi m\u0259hv edibl\u0259r, ya\u015f\u0131ll\u0131q olan parklar\u0131 m\u0259hv edibl\u0259r, a\u011faclar\u0131 k\u0259sib, yerin\u0259 binalar tikibl\u0259r\u2026<\/p>\n<p>  Avropal\u0131lar Az\u0259rbaycanda yaln\u0131z da\u011f\u0131d\u0131c\u0131l\u0131q i\u015fl\u0259rind\u0259n x\u0259b\u0259rdar ola bil\u0259rl\u0259r. Avropal\u0131 turist uzanma\u011fa ya\u015f\u0131ll\u0131q tapa bilm\u0259y\u0259c\u0259yi Bak\u0131ya niy\u0259 g\u0259lsin ki? Bir ne\u00e7\u0259 ay \u0259vv\u0259l Az\u0259rbaycanda \u201c\u0130tl\u0259rin yand\u0131r\u0131lmas\u0131\u201d hadis\u0259sini ham\u0131\u00a0 e\u015fitdi y\u0259qin ki&#8230; El\u0259 d\u00fcnyada da \u00e7ox adam e\u015fitdi, etirazlar ba\u015flad\u0131, d\u00fcnyan\u0131n d\u00f6rd bir yan\u0131ndan \u015f\u0259kill\u0259r \u00e7\u0259kib, Avropa oyunlar\u0131n\u0131 boykota \u00e7a\u011f\u0131rd\u0131lar. \u00c7ox utan\u0131rd\u0131m o \u0259r\u0259f\u0259d\u0259.<br \/>\n  <br \/>\n  Romada qald\u0131\u011f\u0131m evd\u0259 4 italyanl\u0131 il\u0259 ya\u015fay\u0131ram. Ev yolda\u015f\u0131m\u0131n iti var. Cavan v\u0259 sosyal adamlar oldu\u011funa g\u00f6r\u0259, h\u0259r g\u00fcn utanc hissi ke\u00e7irirdim ki, o sujeti g\u00f6r\u0259c\u0259kl\u0259r. V\u0259 bildil\u0259r hadis\u0259ni. Yax\u015f\u0131 ki, ba\u015fa d\u00fc\u015fd\u00fcl\u0259r &#8211; bunu normal, a\u011fl\u0131 ba\u015f\u0131nda Az\u0259rbaycan v\u0259t\u0259nda\u015f\u0131 el\u0259m\u0259z, amma Az\u0259rbaycan h\u00f6kum\u0259ti edib, etdirib. Dem\u0259k olar ki, h\u0259r evind\u0259 it olan hans\u0131 avropal\u0131 Az\u0259rbaycana g\u0259l\u0259r?!<\/p>\n<p>  <b><br \/>\n    Sor\u011funun pik n\u00f6qt\u0259si bunlar deyildi, yox, pik n\u00f6qt\u0259 bir xalan\u0131n \u201cxaricil\u0259r mentalitetimizi \u00f6yr\u0259nm\u0259lidil\u0259r\u201d cavab\u0131 idi.<br \/>\n  <\/b><\/p>\n<p>  Iyr\u0259nc. Ay xala, ba\u015f\u0131na d\u00f6n\u00fcm, xaricil\u0259r neyn\u0259yir s\u0259nin s\u00fcr\u00fc psixologiyas\u0131n\u0131n iyr\u0259nc v\u0259ziyy\u0259t\u0259 g\u0259lmi\u015f idar\u0259etm\u0259 hal\u0131n\u0131 \u00f6yr\u0259nib? \u00d6yr\u0259ns\u0259 ki, s\u0259nin \u00f6lk\u0259nd\u0259 avtobusda o\u011flan ba\u015f\u0131n\u0131 sevdiyinin \u00e7iynin\u0259 qoyub dey\u0259, v\u0259h\u015fi kimi ba\u015fqas\u0131 t\u0259r\u0259find\u0259n d\u00f6y\u00fcl\u00fcr, ancaq t\u00fcp\u00fcr\u0259 bil\u0259r o mentalitet\u0259, \u00f6lk\u0259y\u0259.\u00a0 Harda g\u0259ldi \u00f6p\u00fc\u015f\u0259n avropal\u0131ya bir qaqa\u015f yax\u0131nla\u015f\u0131b dey\u0259nd\u0259 ki,\u00a0 \u201cbrat, bir d\u0259qiq\u0259 s\u0259ni olar, b\u0259s camaat\u0131n anas\u0131-bac\u0131s\u0131&#8230;\u201d al\u0259m d\u0259y\u0259c\u0259k bir-birin\u0259. D\u00fcnya medias\u0131na man\u015fet olar\u0131q ki, \u201cAz\u0259rbaycanda \u00f6p\u00fc\u015fm\u0259k azadl\u0131\u011f\u0131 da yoxdur, \u00f6p\u00fc\u015f\u0259nd\u0259 onlar m\u00fctl\u0259q h\u00f6kum\u0259td\u0259n icaz\u0259 almal\u0131d\u0131rlar\u201d B\u0259li, biz h\u0259qiq\u0259t\u0259n \u00f6p\u00fc\u015f\u0259nd\u0259, h\u00f6kum\u0259td\u0259n icaz\u0259 almal\u0131y\u0131q, y\u0259qin ki, \u00e7oxunuzun ba\u015f\u0131na g\u0259lib, \u00f6p\u00fc\u015fm\u0259yi g\u00f6r\u0259nd\u0259 5 manat alan polisl\u0259r. 5 manat\u0131 ver, \u00f6p\u00fc\u015f!<\/p>\n<p>  Bir turist, m\u0259tbuat azadl\u0131\u011f\u0131n\u0131n olmad\u0131\u011f\u0131 \u00f6lk\u0259y\u0259 (turistin ba\u015f\u0131na i\u015f g\u0259ls\u0259 v\u0259 Az\u0259rbaycan h\u00f6kum\u0259ti ist\u0259m\u0259s\u0259, hadis\u0259 mediada d\u00fczg\u00fcn canland\u0131r\u0131lmayacaq), hava yollar\u0131n\u0131n monopoliya oldu\u011fu \u00f6lk\u0259y\u0259 (Az\u0259rbaycana avropadan \u0259n ucuz gedi\u015f-qay\u0131d\u0131\u015f bileti 300 avroya tapa bil\u0259rl\u0259r, Avropa daxilind\u0259 \u00f6lk\u0259l\u0259raras\u0131 20-30 avroya s\u0259yah\u0259t ed\u0259n a\u011fl\u0131 ba\u015f\u0131nda avropal\u0131 bilet\u0259 o q\u0259d\u0259r pulu verm\u0259z), d\u0259nizin\u0259 kanalizasiyalar\u0131n ax\u0131d\u0131ld\u0131\u011f\u0131 \u00f6lk\u0259y\u0259, a\u011faclar\u0131n q\u0131r\u0131ld\u0131\u011f\u0131, itl\u0259rin yand\u0131r\u0131ld\u0131\u011f\u0131 \u00f6lk\u0259y\u0259 (bu siyah\u0131n\u0131 n\u0259 q\u0259d\u0259r des\u0259niz, uzatmaq olar) niy\u0259 g\u0259lsinl\u0259r ax\u0131, bax niy\u0259?!<\/p>\n<p>  Saf olmay\u0131n, Az\u0259rbaycana turist-filan g\u0259lm\u0259y\u0259c\u0259k, Eurovision \u0259r\u0259f\u0259sind\u0259 oldu\u011fu kimi, fiasko olacaq, b\u00fcdc\u0259d\u0259n maliyy\u0259l\u0259\u015f\u0259n t\u0259\u015fkilat i\u015f\u00e7il\u0259ri d\u0259 haz\u0131r olsun, h\u0259r\u0259si bir \u00f6lk\u0259y\u0259 azarke\u015flik ed\u0259c\u0259kl\u0259r, m\u0259cburi k\u00f6n\u00fcll\u00fcl\u0259r d\u0259 haz\u0131r olsun, onlar da Erm\u0259nistan y\u0131\u011fmas\u0131na xidm\u0259t ed\u0259c\u0259kl\u0259r. N\u0259tic\u0259d\u0259 olan yen\u0259 xalq\u0131m\u0131za olur, h\u0259m kloun yerin\u0259 qoyuluruq, h\u0259m b\u00fcdc\u0259miz talan olur, h\u0259m d\u0259 olan-qalan ab\u0131r\u0131m\u0131z \u0259ld\u0259n gedir.\n<\/p>\n<p>\n  <b><br \/>\n    Yaz\u0131dak\u0131 fikirl\u0259r m\u00fc\u0259llif\u0259 m\u0259xsusdur v\u0259 onlara g\u00f6r\u0259 Meydan TV m\u0259suliyy\u0259t da\u015f\u0131m\u0131r.<br \/>\n  <\/b><\/p>\n","protected":false},"excerpt":{"rendered":"<p>\u0130ti yand\u0131ran, cavan\u0131 \u00f6p\u00fc\u015fm\u0259y\u0259 qoymayan \u00f6lk\u0259y\u0259&#8230;<\/p>\n","protected":false},"author":11,"featured_media":23096,"comment_status":"closed","ping_status":"open","sticky":false,"template":"","format":"standard","meta":{"_acf_changed":false,"_sitemap_exclude":false,"_sitemap_priority":"","_sitemap_frequency":"","footnotes":""},"categories":[57],"tags":[],"class_list":["post-167885","post","type-post","status-publish","format-standard","has-post-thumbnail","hentry","category-menim-fikrimce","infinite-scroll-item","generate-columns","tablet-grid-50","mobile-grid-100","grid-parent","grid-33","no-featured-image-padding"],"acf":[],"yoast_head":"<!-- This site is optimized with the Yoast SEO plugin v27.5 - https:\/\/yoast.com\/product\/yoast-seo-wordpress\/ -->\n<title>Avropal\u0131lar Az\u0259rbaycana niy\u0259 g\u0259lm\u0259lidir? - MEYDAN.TV<\/title>\n<meta name=\"robots\" content=\"index, follow, max-snippet:-1, max-image-preview:large, max-video-preview:-1\" \/>\n<link rel=\"canonical\" href=\"https:\/\/www.meydan.tv\/az\/article\/avropalilar-azerbaycana-niye-gelmelidir\/\" \/>\n<meta property=\"og:locale\" content=\"az_AZ\" \/>\n<meta property=\"og:type\" content=\"article\" \/>\n<meta property=\"og:title\" content=\"Avropal\u0131lar Az\u0259rbaycana niy\u0259 g\u0259lm\u0259lidir? - MEYDAN.TV\" \/>\n<meta property=\"og:description\" content=\"\u0130ti yand\u0131ran, cavan\u0131 \u00f6p\u00fc\u015fm\u0259y\u0259 qoymayan \u00f6lk\u0259y\u0259...\" \/>\n<meta property=\"og:url\" content=\"https:\/\/www.meydan.tv\/az\/article\/avropalilar-azerbaycana-niye-gelmelidir\/\" \/>\n<meta property=\"og:site_name\" content=\"MEYDAN.TV\" \/>\n<meta property=\"article:published_time\" content=\"2015-05-13T20:21:14+00:00\" \/>\n<meta property=\"og:image\" content=\"https:\/\/www.meydan.tv\/wp-content\/uploads\/8383.jpg\" \/>\n\t<meta property=\"og:image:width\" content=\"500\" \/>\n\t<meta property=\"og:image:height\" content=\"500\" \/>\n\t<meta property=\"og:image:type\" content=\"image\/jpeg\" \/>\n<meta name=\"author\" content=\"user-manager\" \/>\n<meta name=\"twitter:card\" content=\"summary_large_image\" \/>\n<script type=\"application\/ld+json\" class=\"yoast-schema-graph\">{\"@context\":\"https:\\\/\\\/schema.org\",\"@graph\":[{\"@type\":\"Article\",\"@id\":\"https:\\\/\\\/www.meydan.tv\\\/az\\\/article\\\/avropalilar-azerbaycana-niye-gelmelidir\\\/#article\",\"isPartOf\":{\"@id\":\"https:\\\/\\\/www.meydan.tv\\\/az\\\/article\\\/avropalilar-azerbaycana-niye-gelmelidir\\\/\"},\"author\":{\"name\":\"user-manager\",\"@id\":\"https:\\\/\\\/www.meydan.tv\\\/az\\\/#\\\/schema\\\/person\\\/10d11eccf6da3662cf5fdab9806ea91a\"},\"headline\":\"Avropal\u0131lar Az\u0259rbaycana niy\u0259 g\u0259lm\u0259lidir?\",\"datePublished\":\"2015-05-13T20:21:14+00:00\",\"mainEntityOfPage\":{\"@id\":\"https:\\\/\\\/www.meydan.tv\\\/az\\\/article\\\/avropalilar-azerbaycana-niye-gelmelidir\\\/\"},\"wordCount\":1062,\"publisher\":{\"@id\":\"https:\\\/\\\/www.meydan.tv\\\/az\\\/#organization\"},\"image\":{\"@id\":\"https:\\\/\\\/www.meydan.tv\\\/az\\\/article\\\/avropalilar-azerbaycana-niye-gelmelidir\\\/#primaryimage\"},\"thumbnailUrl\":\"https:\\\/\\\/www.meydan.tv\\\/wp-content\\\/uploads\\\/8383.jpg\",\"articleSection\":[\"M\u0259nim Fikrimc\u0259\"],\"inLanguage\":\"az\"},{\"@type\":\"WebPage\",\"@id\":\"https:\\\/\\\/www.meydan.tv\\\/az\\\/article\\\/avropalilar-azerbaycana-niye-gelmelidir\\\/\",\"url\":\"https:\\\/\\\/www.meydan.tv\\\/az\\\/article\\\/avropalilar-azerbaycana-niye-gelmelidir\\\/\",\"name\":\"Avropal\u0131lar Az\u0259rbaycana niy\u0259 g\u0259lm\u0259lidir? - MEYDAN.TV\",\"isPartOf\":{\"@id\":\"https:\\\/\\\/www.meydan.tv\\\/az\\\/#website\"},\"primaryImageOfPage\":{\"@id\":\"https:\\\/\\\/www.meydan.tv\\\/az\\\/article\\\/avropalilar-azerbaycana-niye-gelmelidir\\\/#primaryimage\"},\"image\":{\"@id\":\"https:\\\/\\\/www.meydan.tv\\\/az\\\/article\\\/avropalilar-azerbaycana-niye-gelmelidir\\\/#primaryimage\"},\"thumbnailUrl\":\"https:\\\/\\\/www.meydan.tv\\\/wp-content\\\/uploads\\\/8383.jpg\",\"datePublished\":\"2015-05-13T20:21:14+00:00\",\"breadcrumb\":{\"@id\":\"https:\\\/\\\/www.meydan.tv\\\/az\\\/article\\\/avropalilar-azerbaycana-niye-gelmelidir\\\/#breadcrumb\"},\"inLanguage\":\"az\",\"potentialAction\":[{\"@type\":\"ReadAction\",\"target\":[\"https:\\\/\\\/www.meydan.tv\\\/az\\\/article\\\/avropalilar-azerbaycana-niye-gelmelidir\\\/\"]}]},{\"@type\":\"ImageObject\",\"inLanguage\":\"az\",\"@id\":\"https:\\\/\\\/www.meydan.tv\\\/az\\\/article\\\/avropalilar-azerbaycana-niye-gelmelidir\\\/#primaryimage\",\"url\":\"https:\\\/\\\/www.meydan.tv\\\/wp-content\\\/uploads\\\/8383.jpg\",\"contentUrl\":\"https:\\\/\\\/www.meydan.tv\\\/wp-content\\\/uploads\\\/8383.jpg\",\"width\":500,\"height\":500,\"caption\":\"Source:\"},{\"@type\":\"BreadcrumbList\",\"@id\":\"https:\\\/\\\/www.meydan.tv\\\/az\\\/article\\\/avropalilar-azerbaycana-niye-gelmelidir\\\/#breadcrumb\",\"itemListElement\":[{\"@type\":\"ListItem\",\"position\":1,\"name\":\"Ana s\u0259hif\u0259\",\"item\":\"https:\\\/\\\/www.meydan.tv\\\/az\\\/\"},{\"@type\":\"ListItem\",\"position\":2,\"name\":\"M\u0259nim Fikrimc\u0259\",\"item\":\"https:\\\/\\\/www.meydan.tv\\\/az\\\/section\\\/menim-fikrimce\\\/\"},{\"@type\":\"ListItem\",\"position\":3,\"name\":\"Avropal\u0131lar Az\u0259rbaycana niy\u0259 g\u0259lm\u0259lidir?\"}]},{\"@type\":\"WebSite\",\"@id\":\"https:\\\/\\\/www.meydan.tv\\\/az\\\/#website\",\"url\":\"https:\\\/\\\/www.meydan.tv\\\/az\\\/\",\"name\":\"MEYDAN.TV\",\"description\":\"Meydan TV Az\u0259rbaycan\u0131n media m\u0259kan\u0131ndak\u0131 alternativ s\u0259sidir\",\"publisher\":{\"@id\":\"https:\\\/\\\/www.meydan.tv\\\/az\\\/#organization\"},\"potentialAction\":[{\"@type\":\"SearchAction\",\"target\":{\"@type\":\"EntryPoint\",\"urlTemplate\":\"https:\\\/\\\/www.meydan.tv\\\/az\\\/?s={search_term_string}\"},\"query-input\":{\"@type\":\"PropertyValueSpecification\",\"valueRequired\":true,\"valueName\":\"search_term_string\"}}],\"inLanguage\":\"az\"},{\"@type\":\"Organization\",\"@id\":\"https:\\\/\\\/www.meydan.tv\\\/az\\\/#organization\",\"name\":\"Meydan TV\",\"url\":\"https:\\\/\\\/www.meydan.tv\\\/az\\\/\",\"logo\":{\"@type\":\"ImageObject\",\"inLanguage\":\"az\",\"@id\":\"https:\\\/\\\/www.meydan.tv\\\/az\\\/#\\\/schema\\\/logo\\\/image\\\/\",\"url\":\"https:\\\/\\\/www.meydan.tv\\\/wp-content\\\/uploads\\\/2021\\\/07\\\/meydan-logo.svg\",\"contentUrl\":\"https:\\\/\\\/www.meydan.tv\\\/wp-content\\\/uploads\\\/2021\\\/07\\\/meydan-logo.svg\",\"width\":195,\"height\":46,\"caption\":\"Meydan TV\"},\"image\":{\"@id\":\"https:\\\/\\\/www.meydan.tv\\\/az\\\/#\\\/schema\\\/logo\\\/image\\\/\"}},{\"@type\":\"Person\",\"@id\":\"https:\\\/\\\/www.meydan.tv\\\/az\\\/#\\\/schema\\\/person\\\/10d11eccf6da3662cf5fdab9806ea91a\",\"name\":\"user-manager\"}]}<\/script>\n<!-- \/ Yoast SEO plugin. -->","yoast_head_json":{"title":"Avropal\u0131lar Az\u0259rbaycana niy\u0259 g\u0259lm\u0259lidir? - MEYDAN.TV","robots":{"index":"index","follow":"follow","max-snippet":"max-snippet:-1","max-image-preview":"max-image-preview:large","max-video-preview":"max-video-preview:-1"},"canonical":"https:\/\/www.meydan.tv\/az\/article\/avropalilar-azerbaycana-niye-gelmelidir\/","og_locale":"az_AZ","og_type":"article","og_title":"Avropal\u0131lar Az\u0259rbaycana niy\u0259 g\u0259lm\u0259lidir? - MEYDAN.TV","og_description":"\u0130ti yand\u0131ran, cavan\u0131 \u00f6p\u00fc\u015fm\u0259y\u0259 qoymayan \u00f6lk\u0259y\u0259...","og_url":"https:\/\/www.meydan.tv\/az\/article\/avropalilar-azerbaycana-niye-gelmelidir\/","og_site_name":"MEYDAN.TV","article_published_time":"2015-05-13T20:21:14+00:00","og_image":[{"width":500,"height":500,"url":"https:\/\/www.meydan.tv\/wp-content\/uploads\/8383.jpg","type":"image\/jpeg"}],"author":"user-manager","twitter_card":"summary_large_image","schema":{"@context":"https:\/\/schema.org","@graph":[{"@type":"Article","@id":"https:\/\/www.meydan.tv\/az\/article\/avropalilar-azerbaycana-niye-gelmelidir\/#article","isPartOf":{"@id":"https:\/\/www.meydan.tv\/az\/article\/avropalilar-azerbaycana-niye-gelmelidir\/"},"author":{"name":"user-manager","@id":"https:\/\/www.meydan.tv\/az\/#\/schema\/person\/10d11eccf6da3662cf5fdab9806ea91a"},"headline":"Avropal\u0131lar Az\u0259rbaycana niy\u0259 g\u0259lm\u0259lidir?","datePublished":"2015-05-13T20:21:14+00:00","mainEntityOfPage":{"@id":"https:\/\/www.meydan.tv\/az\/article\/avropalilar-azerbaycana-niye-gelmelidir\/"},"wordCount":1062,"publisher":{"@id":"https:\/\/www.meydan.tv\/az\/#organization"},"image":{"@id":"https:\/\/www.meydan.tv\/az\/article\/avropalilar-azerbaycana-niye-gelmelidir\/#primaryimage"},"thumbnailUrl":"https:\/\/www.meydan.tv\/wp-content\/uploads\/8383.jpg","articleSection":["M\u0259nim Fikrimc\u0259"],"inLanguage":"az"},{"@type":"WebPage","@id":"https:\/\/www.meydan.tv\/az\/article\/avropalilar-azerbaycana-niye-gelmelidir\/","url":"https:\/\/www.meydan.tv\/az\/article\/avropalilar-azerbaycana-niye-gelmelidir\/","name":"Avropal\u0131lar Az\u0259rbaycana niy\u0259 g\u0259lm\u0259lidir? - MEYDAN.TV","isPartOf":{"@id":"https:\/\/www.meydan.tv\/az\/#website"},"primaryImageOfPage":{"@id":"https:\/\/www.meydan.tv\/az\/article\/avropalilar-azerbaycana-niye-gelmelidir\/#primaryimage"},"image":{"@id":"https:\/\/www.meydan.tv\/az\/article\/avropalilar-azerbaycana-niye-gelmelidir\/#primaryimage"},"thumbnailUrl":"https:\/\/www.meydan.tv\/wp-content\/uploads\/8383.jpg","datePublished":"2015-05-13T20:21:14+00:00","breadcrumb":{"@id":"https:\/\/www.meydan.tv\/az\/article\/avropalilar-azerbaycana-niye-gelmelidir\/#breadcrumb"},"inLanguage":"az","potentialAction":[{"@type":"ReadAction","target":["https:\/\/www.meydan.tv\/az\/article\/avropalilar-azerbaycana-niye-gelmelidir\/"]}]},{"@type":"ImageObject","inLanguage":"az","@id":"https:\/\/www.meydan.tv\/az\/article\/avropalilar-azerbaycana-niye-gelmelidir\/#primaryimage","url":"https:\/\/www.meydan.tv\/wp-content\/uploads\/8383.jpg","contentUrl":"https:\/\/www.meydan.tv\/wp-content\/uploads\/8383.jpg","width":500,"height":500,"caption":"Source:"},{"@type":"BreadcrumbList","@id":"https:\/\/www.meydan.tv\/az\/article\/avropalilar-azerbaycana-niye-gelmelidir\/#breadcrumb","itemListElement":[{"@type":"ListItem","position":1,"name":"Ana s\u0259hif\u0259","item":"https:\/\/www.meydan.tv\/az\/"},{"@type":"ListItem","position":2,"name":"M\u0259nim Fikrimc\u0259","item":"https:\/\/www.meydan.tv\/az\/section\/menim-fikrimce\/"},{"@type":"ListItem","position":3,"name":"Avropal\u0131lar Az\u0259rbaycana niy\u0259 g\u0259lm\u0259lidir?"}]},{"@type":"WebSite","@id":"https:\/\/www.meydan.tv\/az\/#website","url":"https:\/\/www.meydan.tv\/az\/","name":"MEYDAN.TV","description":"Meydan TV Az\u0259rbaycan\u0131n media m\u0259kan\u0131ndak\u0131 alternativ s\u0259sidir","publisher":{"@id":"https:\/\/www.meydan.tv\/az\/#organization"},"potentialAction":[{"@type":"SearchAction","target":{"@type":"EntryPoint","urlTemplate":"https:\/\/www.meydan.tv\/az\/?s={search_term_string}"},"query-input":{"@type":"PropertyValueSpecification","valueRequired":true,"valueName":"search_term_string"}}],"inLanguage":"az"},{"@type":"Organization","@id":"https:\/\/www.meydan.tv\/az\/#organization","name":"Meydan TV","url":"https:\/\/www.meydan.tv\/az\/","logo":{"@type":"ImageObject","inLanguage":"az","@id":"https:\/\/www.meydan.tv\/az\/#\/schema\/logo\/image\/","url":"https:\/\/www.meydan.tv\/wp-content\/uploads\/2021\/07\/meydan-logo.svg","contentUrl":"https:\/\/www.meydan.tv\/wp-content\/uploads\/2021\/07\/meydan-logo.svg","width":195,"height":46,"caption":"Meydan TV"},"image":{"@id":"https:\/\/www.meydan.tv\/az\/#\/schema\/logo\/image\/"}},{"@type":"Person","@id":"https:\/\/www.meydan.tv\/az\/#\/schema\/person\/10d11eccf6da3662cf5fdab9806ea91a","name":"user-manager"}]}},"_links":{"self":[{"href":"https:\/\/www.meydan.tv\/az\/wp-json\/wp\/v2\/posts\/167885","targetHints":{"allow":["GET"]}}],"collection":[{"href":"https:\/\/www.meydan.tv\/az\/wp-json\/wp\/v2\/posts"}],"about":[{"href":"https:\/\/www.meydan.tv\/az\/wp-json\/wp\/v2\/types\/post"}],"author":[{"embeddable":true,"href":"https:\/\/www.meydan.tv\/az\/wp-json\/wp\/v2\/users\/11"}],"replies":[{"embeddable":true,"href":"https:\/\/www.meydan.tv\/az\/wp-json\/wp\/v2\/comments?post=167885"}],"version-history":[{"count":0,"href":"https:\/\/www.meydan.tv\/az\/wp-json\/wp\/v2\/posts\/167885\/revisions"}],"wp:featuredmedia":[{"embeddable":true,"href":"https:\/\/www.meydan.tv\/az\/wp-json\/wp\/v2\/media\/23096"}],"wp:attachment":[{"href":"https:\/\/www.meydan.tv\/az\/wp-json\/wp\/v2\/media?parent=167885"}],"wp:term":[{"taxonomy":"category","embeddable":true,"href":"https:\/\/www.meydan.tv\/az\/wp-json\/wp\/v2\/categories?post=167885"},{"taxonomy":"post_tag","embeddable":true,"href":"https:\/\/www.meydan.tv\/az\/wp-json\/wp\/v2\/tags?post=167885"}],"curies":[{"name":"wp","href":"https:\/\/api.w.org\/{rel}","templated":true}]}}