{"id":167884,"date":"2015-05-13T19:19:45","date_gmt":"2015-05-13T19:19:45","guid":{"rendered":"https:\/\/www.meydan.tv\/article\/is-adami-nizami-piriyev-deleduzluqda-ittiham-olunur\/"},"modified":"2015-05-13T19:19:45","modified_gmt":"2015-05-13T19:19:45","slug":"is-adami-nizami-piriyev-deleduzluqda-ittiham-olunur","status":"publish","type":"post","link":"https:\/\/www.meydan.tv\/az\/article\/is-adami-nizami-piriyev-deleduzluqda-ittiham-olunur\/","title":{"rendered":"\u0130\u015f adam\u0131 Nizami Piriyev d\u0259l\u0259duzluqda ittiham olunur"},"content":{"rendered":"<figure class=\"wp-block-image size-large\">\n  <img decoding=\"async\" src=\"https:\/\/www.meydan.tv\/az\/24264\/\" alt=\"\" class=\"wp-image-24264\"\/><figcaption><\/figcaption><\/figure>\n<\/p>\n<figure class=\"wp-block-image size-large\">\n  <img decoding=\"async\" src=\"https:\/\/www.meydan.tv\/az\/24267\/\" alt=\"\" class=\"wp-image-24267\"\/><figcaption><\/figcaption><\/figure>\n<p>\n  \u201cNizami Piriyevin bar\u0259sind\u0259 cinay\u0259t i\u015fi ba\u015flan\u0131l\u0131b, haz\u0131rda m\u0259n i\u015fl\u0259 tan\u0131\u015f oluram\u201d. Bunu<br \/>\n  <a href=\"https:\/\/apa.az\/\"><br \/>\n    APA<br \/>\n  <\/a><br \/>\n  -ya a\u00e7\u0131qlamas\u0131nda h\u0259bsd\u0259 olan i\u015f adam\u0131 Nizami Piriyevin v\u0259kili Muxtar Mustafayev deyib.\n<\/p>\n<p>\n  \u00a0M. Mustafayev bildirib ki, N. Piriyevin bar\u0259sind\u0259 Cinay\u0259t M\u0259c\u0259ll\u0259sinin 178.3.2-ci (k\u00fclli miqdarda ziyan vurmaqla d\u0259l\u0259duzluq t\u00f6r\u0259tm\u0259) madd\u0259si il\u0259 cinay\u0259t i\u015fi ba\u015flan\u0131l\u0131b: \u201cOnun bar\u0259sind\u0259 3 ay 24 g\u00fcn m\u00fcdd\u0259tin\u0259 h\u0259bs q\u0259timkan t\u0259dbiri se\u00e7ilib. Ba\u015fqa saxlan\u0131lan \u015f\u0259xsl\u0259rin olub-olmamas\u0131n\u0131 bilmir\u0259m. \u0130\u015fl\u0259 ba\u011fl\u0131 v\u0259sat\u0259tl\u0259rimiz, \u015fikay\u0259tl\u0259rimiz olacaq\u201d.\n<\/p>\n<p>\n  N. Piriyev PNN Group\u201d \u015firk\u0259tinin t\u0259sis\u00e7il\u0259rind\u0259ndir. \u201cPNN Group\u201d \u015firk\u0259tinin \u0259sas aktivl\u0259ri neft kimyas\u0131 s\u0259nayesind\u0259 v\u0259 metanol istehsal\u0131 sah\u0259sind\u0259 f\u0259aliyy\u0259t g\u00f6st\u0259r\u0259n \u201cAzMeCo\u201d \u015firk\u0259tind\u0259dir.\n<\/p>\n<p>\n  \u201cPNN Group\u201d \u201cDe Beers\u201d v\u0259 \u201cHamley&#8217;s\u201d brendl\u0259rinin t\u0259r\u0259fda\u015f\u0131d\u0131r.\u00a0Nizami PiriyevAz\u0259rbaycanda \u201cKFC\u201d restoranlar \u015f\u0259b\u0259k\u0259sinin d\u0259 qurcular\u0131ndand\u0131r.\n<\/p>\n<p>\n  \u201cPNN Group\u201dun dig\u0259r sahibi onun o\u011flu N\u0259sib Piriyevdir.<\/p>\n","protected":false},"excerpt":{"rendered":"<p>Onun bar\u0259sind\u0259 3 ay 24 g\u00fcnl\u00fck h\u0259bs q\u0259timkan t\u0259dbiri se\u00e7ilib<\/p>\n","protected":false},"author":11,"featured_media":24264,"comment_status":"closed","ping_status":"open","sticky":false,"template":"","format":"standard","meta":{"_acf_changed":false,"_sitemap_exclude":false,"_sitemap_priority":"","_sitemap_frequency":"","footnotes":""},"categories":[56],"tags":[],"class_list":["post-167884","post","type-post","status-publish","format-standard","has-post-thumbnail","hentry","category-xeberler","infinite-scroll-item","generate-columns","tablet-grid-50","mobile-grid-100","grid-parent","grid-33","no-featured-image-padding"],"acf":[],"yoast_head":"<!-- This site is optimized with the Yoast SEO plugin v28.4 - https:\/\/yoast.com\/product\/yoast-seo-wordpress\/ -->\n<title>\u0130\u015f adam\u0131 Nizami Piriyev d\u0259l\u0259duzluqda ittiham olunur - MEYDAN.TV<\/title>\n<meta name=\"robots\" content=\"index, follow, max-snippet:-1, max-image-preview:large, max-video-preview:-1\" \/>\n<link rel=\"canonical\" href=\"https:\/\/www.meydan.tv\/az\/article\/is-adami-nizami-piriyev-deleduzluqda-ittiham-olunur\/\" \/>\n<meta property=\"og:locale\" content=\"az_AZ\" \/>\n<meta property=\"og:type\" content=\"article\" \/>\n<meta property=\"og:title\" content=\"\u0130\u015f adam\u0131 Nizami Piriyev d\u0259l\u0259duzluqda ittiham olunur - MEYDAN.TV\" \/>\n<meta property=\"og:description\" content=\"Onun bar\u0259sind\u0259 3 ay 24 g\u00fcnl\u00fck h\u0259bs q\u0259timkan t\u0259dbiri se\u00e7ilib\" \/>\n<meta property=\"og:url\" content=\"https:\/\/www.meydan.tv\/az\/article\/is-adami-nizami-piriyev-deleduzluqda-ittiham-olunur\/\" \/>\n<meta property=\"og:site_name\" content=\"MEYDAN.TV\" \/>\n<meta property=\"article:published_time\" content=\"2015-05-13T19:19:45+00:00\" \/>\n<meta property=\"og:image\" content=\"https:\/\/www.meydan.tv\/wp-content\/uploads\/8832.jpg\" \/>\n\t<meta property=\"og:image:width\" content=\"342\" \/>\n\t<meta property=\"og:image:height\" content=\"274\" \/>\n\t<meta property=\"og:image:type\" content=\"image\/jpeg\" \/>\n<meta name=\"twitter:card\" content=\"summary_large_image\" \/>\n<!-- \/ Yoast SEO plugin. -->","yoast_head_json":{"title":"\u0130\u015f adam\u0131 Nizami Piriyev d\u0259l\u0259duzluqda ittiham olunur - MEYDAN.TV","robots":{"index":"index","follow":"follow","max-snippet":"max-snippet:-1","max-image-preview":"max-image-preview:large","max-video-preview":"max-video-preview:-1"},"canonical":"https:\/\/www.meydan.tv\/az\/article\/is-adami-nizami-piriyev-deleduzluqda-ittiham-olunur\/","og_locale":"az_AZ","og_type":"article","og_title":"\u0130\u015f adam\u0131 Nizami Piriyev d\u0259l\u0259duzluqda ittiham olunur - MEYDAN.TV","og_description":"Onun bar\u0259sind\u0259 3 ay 24 g\u00fcnl\u00fck h\u0259bs q\u0259timkan t\u0259dbiri se\u00e7ilib","og_url":"https:\/\/www.meydan.tv\/az\/article\/is-adami-nizami-piriyev-deleduzluqda-ittiham-olunur\/","og_site_name":"MEYDAN.TV","article_published_time":"2015-05-13T19:19:45+00:00","og_image":[{"width":342,"height":274,"url":"https:\/\/www.meydan.tv\/wp-content\/uploads\/8832.jpg","type":"image\/jpeg"}],"twitter_card":"summary_large_image","schema":{"@context":"https:\/\/schema.org","@graph":[{"@type":"Article","@id":"https:\/\/www.meydan.tv\/az\/article\/is-adami-nizami-piriyev-deleduzluqda-ittiham-olunur\/#article","isPartOf":{"@id":"https:\/\/www.meydan.tv\/az\/article\/is-adami-nizami-piriyev-deleduzluqda-ittiham-olunur\/"},"author":{"name":"user-manager","@id":"https:\/\/www.meydan.tv\/az\/#\/schema\/person\/10d11eccf6da3662cf5fdab9806ea91a"},"headline":"\u0130\u015f adam\u0131 Nizami Piriyev d\u0259l\u0259duzluqda ittiham olunur","datePublished":"2015-05-13T19:19:45+00:00","mainEntityOfPage":{"@id":"https:\/\/www.meydan.tv\/az\/article\/is-adami-nizami-piriyev-deleduzluqda-ittiham-olunur\/"},"wordCount":197,"publisher":{"@id":"https:\/\/www.meydan.tv\/az\/#organization"},"image":{"@id":"https:\/\/www.meydan.tv\/az\/article\/is-adami-nizami-piriyev-deleduzluqda-ittiham-olunur\/#primaryimage"},"thumbnailUrl":"https:\/\/www.meydan.tv\/wp-content\/uploads\/8832.jpg","articleSection":["X\u0259b\u0259rl\u0259r"],"inLanguage":"az"},{"@type":"WebPage","@id":"https:\/\/www.meydan.tv\/az\/article\/is-adami-nizami-piriyev-deleduzluqda-ittiham-olunur\/","url":"https:\/\/www.meydan.tv\/az\/article\/is-adami-nizami-piriyev-deleduzluqda-ittiham-olunur\/","name":"\u0130\u015f adam\u0131 Nizami Piriyev d\u0259l\u0259duzluqda ittiham olunur - MEYDAN.TV","isPartOf":{"@id":"https:\/\/www.meydan.tv\/az\/#website"},"primaryImageOfPage":{"@id":"https:\/\/www.meydan.tv\/az\/article\/is-adami-nizami-piriyev-deleduzluqda-ittiham-olunur\/#primaryimage"},"image":{"@id":"https:\/\/www.meydan.tv\/az\/article\/is-adami-nizami-piriyev-deleduzluqda-ittiham-olunur\/#primaryimage"},"thumbnailUrl":"https:\/\/www.meydan.tv\/wp-content\/uploads\/8832.jpg","datePublished":"2015-05-13T19:19:45+00:00","breadcrumb":{"@id":"https:\/\/www.meydan.tv\/az\/article\/is-adami-nizami-piriyev-deleduzluqda-ittiham-olunur\/#breadcrumb"},"inLanguage":"az","potentialAction":[{"@type":"ReadAction","target":["https:\/\/www.meydan.tv\/az\/article\/is-adami-nizami-piriyev-deleduzluqda-ittiham-olunur\/"]}]},{"@type":"ImageObject","inLanguage":"az","@id":"https:\/\/www.meydan.tv\/az\/article\/is-adami-nizami-piriyev-deleduzluqda-ittiham-olunur\/#primaryimage","url":"https:\/\/www.meydan.tv\/wp-content\/uploads\/8832.jpg","contentUrl":"https:\/\/www.meydan.tv\/wp-content\/uploads\/8832.jpg","width":342,"height":274,"caption":"Source:"},{"@type":"BreadcrumbList","@id":"https:\/\/www.meydan.tv\/az\/article\/is-adami-nizami-piriyev-deleduzluqda-ittiham-olunur\/#breadcrumb","itemListElement":[{"@type":"ListItem","position":1,"name":"Ana s\u0259hif\u0259","item":"https:\/\/www.meydan.tv\/az\/"},{"@type":"ListItem","position":2,"name":"X\u0259b\u0259rl\u0259r","item":"https:\/\/www.meydan.tv\/az\/section\/xeberler\/"},{"@type":"ListItem","position":3,"name":"\u0130\u015f adam\u0131 Nizami Piriyev d\u0259l\u0259duzluqda ittiham olunur"}]},{"@type":"WebSite","@id":"https:\/\/www.meydan.tv\/az\/#website","url":"https:\/\/www.meydan.tv\/az\/","name":"MEYDAN.TV","description":"Meydan TV Az\u0259rbaycan\u0131n media m\u0259kan\u0131ndak\u0131 alternativ s\u0259sidir","publisher":{"@id":"https:\/\/www.meydan.tv\/az\/#organization"},"potentialAction":[{"@type":"SearchAction","target":{"@type":"EntryPoint","urlTemplate":"https:\/\/www.meydan.tv\/az\/?s={search_term_string}"},"query-input":{"@type":"PropertyValueSpecification","valueRequired":true,"valueName":"search_term_string"}}],"inLanguage":"az"},{"@type":"Organization","@id":"https:\/\/www.meydan.tv\/az\/#organization","name":"Meydan TV","url":"https:\/\/www.meydan.tv\/az\/","logo":{"@type":"ImageObject","inLanguage":"az","@id":"https:\/\/www.meydan.tv\/az\/#\/schema\/logo\/image\/","url":"https:\/\/www.meydan.tv\/wp-content\/uploads\/2021\/07\/meydan-logo.svg","contentUrl":"https:\/\/www.meydan.tv\/wp-content\/uploads\/2021\/07\/meydan-logo.svg","width":195,"height":46,"caption":"Meydan TV"},"image":{"@id":"https:\/\/www.meydan.tv\/az\/#\/schema\/logo\/image\/"}},{"@type":"Person","@id":"https:\/\/www.meydan.tv\/az\/#\/schema\/person\/10d11eccf6da3662cf5fdab9806ea91a","name":"user-manager"}]}},"_links":{"self":[{"href":"https:\/\/www.meydan.tv\/az\/wp-json\/wp\/v2\/posts\/167884","targetHints":{"allow":["GET"]}}],"collection":[{"href":"https:\/\/www.meydan.tv\/az\/wp-json\/wp\/v2\/posts"}],"about":[{"href":"https:\/\/www.meydan.tv\/az\/wp-json\/wp\/v2\/types\/post"}],"author":[{"embeddable":true,"href":"https:\/\/www.meydan.tv\/az\/wp-json\/wp\/v2\/users\/11"}],"replies":[{"embeddable":true,"href":"https:\/\/www.meydan.tv\/az\/wp-json\/wp\/v2\/comments?post=167884"}],"version-history":[{"count":0,"href":"https:\/\/www.meydan.tv\/az\/wp-json\/wp\/v2\/posts\/167884\/revisions"}],"wp:featuredmedia":[{"embeddable":true,"href":"https:\/\/www.meydan.tv\/az\/wp-json\/wp\/v2\/media\/24264"}],"wp:attachment":[{"href":"https:\/\/www.meydan.tv\/az\/wp-json\/wp\/v2\/media?parent=167884"}],"wp:term":[{"taxonomy":"category","embeddable":true,"href":"https:\/\/www.meydan.tv\/az\/wp-json\/wp\/v2\/categories?post=167884"},{"taxonomy":"post_tag","embeddable":true,"href":"https:\/\/www.meydan.tv\/az\/wp-json\/wp\/v2\/tags?post=167884"}],"curies":[{"name":"wp","href":"https:\/\/api.w.org\/{rel}","templated":true}]}}