{"id":167883,"date":"2015-05-13T17:54:47","date_gmt":"2015-05-13T17:54:47","guid":{"rendered":"https:\/\/www.meydan.tv\/article\/avropa-parlamentinden-siyasi-mehbuslara-azadliq-cagirisi-edilib\/"},"modified":"2015-05-13T17:54:47","modified_gmt":"2015-05-13T17:54:47","slug":"avropa-parlamentinden-siyasi-mehbuslara-azadliq-cagirisi-edilib","status":"publish","type":"post","link":"https:\/\/www.meydan.tv\/az\/article\/avropa-parlamentinden-siyasi-mehbuslara-azadliq-cagirisi-edilib\/","title":{"rendered":"Avropa Parlamentind\u0259n siyasi m\u0259hbuslara azadl\u0131q \u00e7a\u011f\u0131r\u0131\u015f\u0131 edilib"},"content":{"rendered":"<figure class=\"wp-block-image size-large\">\n  <img decoding=\"async\" src=\"https:\/\/www.meydan.tv\/az\/24261\/\" alt=\"\" class=\"wp-image-24261\"\/><figcaption><\/figcaption><\/figure>\n<figure class=\"wp-block-image size-large\">\n  <img decoding=\"async\" src=\"https:\/\/www.meydan.tv\/az\/24261\/\" alt=\"\" class=\"wp-image-24261\"\/><figcaption><\/figcaption><\/figure>\n<p>\n  <b><br \/>\n    Avropa Parlamentinin deputatlar\u0131 Az\u0259rbaycan\u0131 Avropa Oyunlar\u0131 ba\u015flayana q\u0259d\u0259r siyasi dustaqlar\u0131 azad etm\u0259y\u0259 \u00e7a\u011f\u0131r\u0131b.<br \/>\n  <\/b>\n<\/p>\n<p>\n  Avropa Parlamentinin prezidenti Aleksandr Qraf Lambsdorff b\u0259yan edib ki, Az\u0259rbaycan h\u00f6kum\u0259ti \u00f6z v\u0259t\u0259nda\u015flar\u0131n\u0131n Avropa \u0130nsan Haqlar\u0131 Konvensiyas\u0131nda v\u0259 BMT-nin \u0130nsan haqlar\u0131 il\u0259 ba\u011fl\u0131 Deklarasiyas\u0131nda n\u0259z\u0259rd\u0259 tutulan h\u00fcquq v\u0259 azadl\u0131qlar\u0131n\u0131 t\u0259min etm\u0259lidir.\n<\/p>\n<p>\n  Lambsdorf Avropa Parlamentind\u0259 ke\u00e7iril\u0259n \u201cBak\u0131- Avropa Oyunlar\u0131\u201d adl\u0131 t\u0259dbird\u0259 i\u015ftirak edib.\n<\/p>\n<p>\n  Avropa Parlamenti iyunda ke\u00e7iril\u0259c\u0259k sessiyas\u0131nda Az\u0259rbaycanda insan haqlar\u0131n\u0131n v\u0259ziyy\u0259ti il\u0259 ba\u011fl\u0131 q\u0259tnam\u0259ni q\u0259bul etm\u0259y\u0259 haz\u0131rla\u015f\u0131r. Buna g\u00f6r\u0259 d\u0259, ilk n\u00f6vb\u0259d\u0259 jurnalistl\u0259rin v\u0259 h\u00fcquq m\u00fcdafi\u0259\u00e7il\u0259rinin siyasi dustaq adland\u0131rd\u0131\u011f\u0131 ba\u015fqa \u015f\u0259xsl\u0259rin azadl\u0131\u011fa burax\u0131lmas\u0131n\u0131 t\u0259l\u0259b edir.\n<\/p>\n<p>\n  Avropal\u0131 deputatlar hesab edirl\u0259r ki, 28 may \u0130stiqlaliyy\u0259t g\u00fcn\u00fcnd\u0259 \u0130lham \u018fliyev siyasi dustaqlar\u0131 azad ed\u0259 bil\u0259r.\n<\/p>\n<\/p>\n<p>\n  TURAN \u0130A<\/p>\n","protected":false},"excerpt":{"rendered":"<p>Avropa Parlamentinin deputatlar\u0131 Az\u0259rbaycan\u0131 Avropa Oyunlar\u0131 ba\u015flayana q\u0259d\u0259r siyasi dustaqlar\u0131 azad etm\u0259y\u0259 \u00e7a\u011f\u0131r\u0131b.<\/p>\n","protected":false},"author":11,"featured_media":24261,"comment_status":"closed","ping_status":"open","sticky":false,"template":"","format":"standard","meta":{"_acf_changed":false,"_sitemap_exclude":false,"_sitemap_priority":"","_sitemap_frequency":"","footnotes":""},"categories":[56],"tags":[],"class_list":["post-167883","post","type-post","status-publish","format-standard","has-post-thumbnail","hentry","category-xeberler","infinite-scroll-item","generate-columns","tablet-grid-50","mobile-grid-100","grid-parent","grid-33","no-featured-image-padding"],"acf":[],"yoast_head":"<!-- This site is optimized with the Yoast SEO plugin v28.4 - https:\/\/yoast.com\/product\/yoast-seo-wordpress\/ -->\n<title>Avropa Parlamentind\u0259n siyasi m\u0259hbuslara azadl\u0131q \u00e7a\u011f\u0131r\u0131\u015f\u0131 edilib - MEYDAN.TV<\/title>\n<meta name=\"robots\" content=\"index, follow, max-snippet:-1, max-image-preview:large, max-video-preview:-1\" \/>\n<link rel=\"canonical\" href=\"https:\/\/www.meydan.tv\/az\/article\/avropa-parlamentinden-siyasi-mehbuslara-azadliq-cagirisi-edilib\/\" \/>\n<meta property=\"og:locale\" content=\"az_AZ\" \/>\n<meta property=\"og:type\" content=\"article\" \/>\n<meta property=\"og:title\" content=\"Avropa Parlamentind\u0259n siyasi m\u0259hbuslara azadl\u0131q \u00e7a\u011f\u0131r\u0131\u015f\u0131 edilib - MEYDAN.TV\" \/>\n<meta property=\"og:description\" content=\"Avropa Parlamentinin deputatlar\u0131 Az\u0259rbaycan\u0131 Avropa Oyunlar\u0131 ba\u015flayana q\u0259d\u0259r siyasi dustaqlar\u0131 azad etm\u0259y\u0259 \u00e7a\u011f\u0131r\u0131b.\" \/>\n<meta property=\"og:url\" content=\"https:\/\/www.meydan.tv\/az\/article\/avropa-parlamentinden-siyasi-mehbuslara-azadliq-cagirisi-edilib\/\" \/>\n<meta property=\"og:site_name\" content=\"MEYDAN.TV\" \/>\n<meta property=\"article:published_time\" content=\"2015-05-13T17:54:47+00:00\" \/>\n<meta property=\"og:image\" content=\"https:\/\/www.meydan.tv\/wp-content\/uploads\/8831.jpg\" \/>\n\t<meta property=\"og:image:width\" content=\"460\" \/>\n\t<meta property=\"og:image:height\" content=\"345\" \/>\n\t<meta property=\"og:image:type\" content=\"image\/jpeg\" \/>\n<meta name=\"twitter:card\" content=\"summary_large_image\" \/>\n<!-- \/ Yoast SEO plugin. -->","yoast_head_json":{"title":"Avropa Parlamentind\u0259n siyasi m\u0259hbuslara azadl\u0131q \u00e7a\u011f\u0131r\u0131\u015f\u0131 edilib - MEYDAN.TV","robots":{"index":"index","follow":"follow","max-snippet":"max-snippet:-1","max-image-preview":"max-image-preview:large","max-video-preview":"max-video-preview:-1"},"canonical":"https:\/\/www.meydan.tv\/az\/article\/avropa-parlamentinden-siyasi-mehbuslara-azadliq-cagirisi-edilib\/","og_locale":"az_AZ","og_type":"article","og_title":"Avropa Parlamentind\u0259n siyasi m\u0259hbuslara azadl\u0131q \u00e7a\u011f\u0131r\u0131\u015f\u0131 edilib - MEYDAN.TV","og_description":"Avropa Parlamentinin deputatlar\u0131 Az\u0259rbaycan\u0131 Avropa Oyunlar\u0131 ba\u015flayana q\u0259d\u0259r siyasi dustaqlar\u0131 azad etm\u0259y\u0259 \u00e7a\u011f\u0131r\u0131b.","og_url":"https:\/\/www.meydan.tv\/az\/article\/avropa-parlamentinden-siyasi-mehbuslara-azadliq-cagirisi-edilib\/","og_site_name":"MEYDAN.TV","article_published_time":"2015-05-13T17:54:47+00:00","og_image":[{"width":460,"height":345,"url":"https:\/\/www.meydan.tv\/wp-content\/uploads\/8831.jpg","type":"image\/jpeg"}],"twitter_card":"summary_large_image","schema":{"@context":"https:\/\/schema.org","@graph":[{"@type":"Article","@id":"https:\/\/www.meydan.tv\/az\/article\/avropa-parlamentinden-siyasi-mehbuslara-azadliq-cagirisi-edilib\/#article","isPartOf":{"@id":"https:\/\/www.meydan.tv\/az\/article\/avropa-parlamentinden-siyasi-mehbuslara-azadliq-cagirisi-edilib\/"},"author":{"name":"user-manager","@id":"https:\/\/www.meydan.tv\/az\/#\/schema\/person\/10d11eccf6da3662cf5fdab9806ea91a"},"headline":"Avropa Parlamentind\u0259n siyasi m\u0259hbuslara azadl\u0131q \u00e7a\u011f\u0131r\u0131\u015f\u0131 edilib","datePublished":"2015-05-13T17:54:47+00:00","mainEntityOfPage":{"@id":"https:\/\/www.meydan.tv\/az\/article\/avropa-parlamentinden-siyasi-mehbuslara-azadliq-cagirisi-edilib\/"},"wordCount":184,"publisher":{"@id":"https:\/\/www.meydan.tv\/az\/#organization"},"image":{"@id":"https:\/\/www.meydan.tv\/az\/article\/avropa-parlamentinden-siyasi-mehbuslara-azadliq-cagirisi-edilib\/#primaryimage"},"thumbnailUrl":"https:\/\/www.meydan.tv\/wp-content\/uploads\/8831.jpg","articleSection":["X\u0259b\u0259rl\u0259r"],"inLanguage":"az"},{"@type":"WebPage","@id":"https:\/\/www.meydan.tv\/az\/article\/avropa-parlamentinden-siyasi-mehbuslara-azadliq-cagirisi-edilib\/","url":"https:\/\/www.meydan.tv\/az\/article\/avropa-parlamentinden-siyasi-mehbuslara-azadliq-cagirisi-edilib\/","name":"Avropa Parlamentind\u0259n siyasi m\u0259hbuslara azadl\u0131q \u00e7a\u011f\u0131r\u0131\u015f\u0131 edilib - MEYDAN.TV","isPartOf":{"@id":"https:\/\/www.meydan.tv\/az\/#website"},"primaryImageOfPage":{"@id":"https:\/\/www.meydan.tv\/az\/article\/avropa-parlamentinden-siyasi-mehbuslara-azadliq-cagirisi-edilib\/#primaryimage"},"image":{"@id":"https:\/\/www.meydan.tv\/az\/article\/avropa-parlamentinden-siyasi-mehbuslara-azadliq-cagirisi-edilib\/#primaryimage"},"thumbnailUrl":"https:\/\/www.meydan.tv\/wp-content\/uploads\/8831.jpg","datePublished":"2015-05-13T17:54:47+00:00","breadcrumb":{"@id":"https:\/\/www.meydan.tv\/az\/article\/avropa-parlamentinden-siyasi-mehbuslara-azadliq-cagirisi-edilib\/#breadcrumb"},"inLanguage":"az","potentialAction":[{"@type":"ReadAction","target":["https:\/\/www.meydan.tv\/az\/article\/avropa-parlamentinden-siyasi-mehbuslara-azadliq-cagirisi-edilib\/"]}]},{"@type":"ImageObject","inLanguage":"az","@id":"https:\/\/www.meydan.tv\/az\/article\/avropa-parlamentinden-siyasi-mehbuslara-azadliq-cagirisi-edilib\/#primaryimage","url":"https:\/\/www.meydan.tv\/wp-content\/uploads\/8831.jpg","contentUrl":"https:\/\/www.meydan.tv\/wp-content\/uploads\/8831.jpg","width":460,"height":345,"caption":"Source:"},{"@type":"BreadcrumbList","@id":"https:\/\/www.meydan.tv\/az\/article\/avropa-parlamentinden-siyasi-mehbuslara-azadliq-cagirisi-edilib\/#breadcrumb","itemListElement":[{"@type":"ListItem","position":1,"name":"Ana s\u0259hif\u0259","item":"https:\/\/www.meydan.tv\/az\/"},{"@type":"ListItem","position":2,"name":"X\u0259b\u0259rl\u0259r","item":"https:\/\/www.meydan.tv\/az\/section\/xeberler\/"},{"@type":"ListItem","position":3,"name":"Avropa Parlamentind\u0259n siyasi m\u0259hbuslara azadl\u0131q \u00e7a\u011f\u0131r\u0131\u015f\u0131 edilib"}]},{"@type":"WebSite","@id":"https:\/\/www.meydan.tv\/az\/#website","url":"https:\/\/www.meydan.tv\/az\/","name":"MEYDAN.TV","description":"Meydan TV Az\u0259rbaycan\u0131n media m\u0259kan\u0131ndak\u0131 alternativ s\u0259sidir","publisher":{"@id":"https:\/\/www.meydan.tv\/az\/#organization"},"potentialAction":[{"@type":"SearchAction","target":{"@type":"EntryPoint","urlTemplate":"https:\/\/www.meydan.tv\/az\/?s={search_term_string}"},"query-input":{"@type":"PropertyValueSpecification","valueRequired":true,"valueName":"search_term_string"}}],"inLanguage":"az"},{"@type":"Organization","@id":"https:\/\/www.meydan.tv\/az\/#organization","name":"Meydan TV","url":"https:\/\/www.meydan.tv\/az\/","logo":{"@type":"ImageObject","inLanguage":"az","@id":"https:\/\/www.meydan.tv\/az\/#\/schema\/logo\/image\/","url":"https:\/\/www.meydan.tv\/wp-content\/uploads\/2021\/07\/meydan-logo.svg","contentUrl":"https:\/\/www.meydan.tv\/wp-content\/uploads\/2021\/07\/meydan-logo.svg","width":195,"height":46,"caption":"Meydan TV"},"image":{"@id":"https:\/\/www.meydan.tv\/az\/#\/schema\/logo\/image\/"}},{"@type":"Person","@id":"https:\/\/www.meydan.tv\/az\/#\/schema\/person\/10d11eccf6da3662cf5fdab9806ea91a","name":"user-manager"}]}},"_links":{"self":[{"href":"https:\/\/www.meydan.tv\/az\/wp-json\/wp\/v2\/posts\/167883","targetHints":{"allow":["GET"]}}],"collection":[{"href":"https:\/\/www.meydan.tv\/az\/wp-json\/wp\/v2\/posts"}],"about":[{"href":"https:\/\/www.meydan.tv\/az\/wp-json\/wp\/v2\/types\/post"}],"author":[{"embeddable":true,"href":"https:\/\/www.meydan.tv\/az\/wp-json\/wp\/v2\/users\/11"}],"replies":[{"embeddable":true,"href":"https:\/\/www.meydan.tv\/az\/wp-json\/wp\/v2\/comments?post=167883"}],"version-history":[{"count":0,"href":"https:\/\/www.meydan.tv\/az\/wp-json\/wp\/v2\/posts\/167883\/revisions"}],"wp:featuredmedia":[{"embeddable":true,"href":"https:\/\/www.meydan.tv\/az\/wp-json\/wp\/v2\/media\/24261"}],"wp:attachment":[{"href":"https:\/\/www.meydan.tv\/az\/wp-json\/wp\/v2\/media?parent=167883"}],"wp:term":[{"taxonomy":"category","embeddable":true,"href":"https:\/\/www.meydan.tv\/az\/wp-json\/wp\/v2\/categories?post=167883"},{"taxonomy":"post_tag","embeddable":true,"href":"https:\/\/www.meydan.tv\/az\/wp-json\/wp\/v2\/tags?post=167883"}],"curies":[{"name":"wp","href":"https:\/\/api.w.org\/{rel}","templated":true}]}}