{"id":167882,"date":"2015-05-13T17:38:38","date_gmt":"2015-05-13T17:38:38","guid":{"rendered":"https:\/\/www.meydan.tv\/article\/qubad-ibadoglunun-ofisinde-axtaris-aparilib\/"},"modified":"2015-05-13T17:38:38","modified_gmt":"2015-05-13T17:38:38","slug":"qubad-ibadoglunun-ofisinde-axtaris-aparilib","status":"publish","type":"post","link":"https:\/\/www.meydan.tv\/az\/article\/qubad-ibadoglunun-ofisinde-axtaris-aparilib\/","title":{"rendered":"Qubad \u0130bado\u011flunun ofisind\u0259 axtar\u0131\u015f apar\u0131l\u0131b"},"content":{"rendered":"<figure class=\"wp-block-image size-large\">\n  <img decoding=\"async\" src=\"https:\/\/www.meydan.tv\/az\/24255\/\" alt=\"\" class=\"wp-image-24255\"\/><figcaption><\/figcaption><\/figure>\n<figure class=\"wp-block-image size-large\">\n  <img decoding=\"async\" src=\"https:\/\/www.meydan.tv\/az\/24255\/\" alt=\"\" class=\"wp-image-24255\"\/><figcaption><\/figcaption><\/figure>\n<p>\n  <b><br \/>\n    Axtar\u0131\u015f n\u0259tic\u0259sind\u0259 M\u0259rk\u0259zin kompy\u00fcterl\u0259ri, maliyy\u0259 -m\u00fchasibat s\u0259n\u0259dl\u0259ri apar\u0131l\u0131b<br \/>\n  <\/b>\n<\/p>\n<p>\n  \u201cBu g\u00fcn (red. 13 may) Ba\u015f Prokurorlu\u011fun A\u011f\u0131r Cinay\u0259tl\u0259r \u00fczr\u0259 \u0130stintaq \u0130dar\u0259sinin \u0259m\u0259kda\u015flar\u0131 \u0130qtisadi T\u0259dqiqatlar M\u0259rk\u0259zinin ofisind\u0259 axtar\u0131\u015f apar\u0131b\u201d. Bu bar\u0259d\u0259 M\u0259rk\u0259zin \u0130dar\u0259 Hey\u0259tinin s\u0259dri Qubad \u0130bado\u011flu Facebook s\u0259hif\u0259sind\u0259 m\u0259lumat yay\u0131b. O bildirib ki, \u00fc\u00e7 \u00a0saatad\u0259k davam ed\u0259n axtar\u0131\u015fdan sonra M\u0259rk\u0259zin v\u0259 \u0130ctimai Birlikl\u0259rin M\u0259d\u0259n s\u0259nayesind\u0259 \u015f\u0259ffafl\u0131\u011f\u0131n art\u0131r\u0131lmas\u0131 Koalisiyas\u0131n\u0131n, Milli B\u00fcdc\u0259 Qrupunun b\u00fct\u00fcn kompy\u00fcterl\u0259rini v\u0259 maliyy\u0259-m\u00fchasibat s\u0259n\u0259dl\u0259rini m\u00fcsadir\u0259 ed\u0259r\u0259k apar\u0131blar.\n<\/p>\n<p>\n  \u201cBu onu g\u00f6st\u0259rir ki, \u00f6t\u0259n ilin aprel ay\u0131ndan bir qrup QHT-l\u0259rin \u0259leyhin\u0259 apar\u0131lan istintaqdan 1 il ke\u00e7s\u0259 d\u0259 proses h\u0259l\u0259 d\u0259 yekunla\u015fmay\u0131b, v\u0259t\u0259nda\u015f c\u0259miyy\u0259tin\u0259 t\u0259zyiql\u0259rin yeni m\u0259rh\u0259l\u0259si ba\u015flay\u0131b\u201d &#8211; Q.\u0130bado\u011flu \u0259lav\u0259 edib.<\/p>\n","protected":false},"excerpt":{"rendered":"<p>Axtar\u0131\u015f n\u0259tic\u0259sind\u0259 M\u0259rk\u0259zin kompy\u00fcterl\u0259ri, maliyy\u0259 -m\u00fchasibat s\u0259n\u0259dl\u0259ri apar\u0131l\u0131b<\/p>\n","protected":false},"author":11,"featured_media":24255,"comment_status":"closed","ping_status":"open","sticky":false,"template":"","format":"standard","meta":{"_acf_changed":false,"_sitemap_exclude":false,"_sitemap_priority":"","_sitemap_frequency":"","footnotes":""},"categories":[56],"tags":[],"class_list":["post-167882","post","type-post","status-publish","format-standard","has-post-thumbnail","hentry","category-xeberler","infinite-scroll-item","generate-columns","tablet-grid-50","mobile-grid-100","grid-parent","grid-33","no-featured-image-padding"],"acf":[],"yoast_head":"<!-- This site is optimized with the Yoast SEO plugin v28.4 - https:\/\/yoast.com\/product\/yoast-seo-wordpress\/ -->\n<title>Qubad \u0130bado\u011flunun ofisind\u0259 axtar\u0131\u015f apar\u0131l\u0131b - MEYDAN.TV<\/title>\n<meta name=\"robots\" content=\"index, follow, max-snippet:-1, max-image-preview:large, max-video-preview:-1\" \/>\n<link rel=\"canonical\" href=\"https:\/\/www.meydan.tv\/az\/article\/qubad-ibadoglunun-ofisinde-axtaris-aparilib\/\" \/>\n<meta property=\"og:locale\" content=\"az_AZ\" \/>\n<meta property=\"og:type\" content=\"article\" \/>\n<meta property=\"og:title\" content=\"Qubad \u0130bado\u011flunun ofisind\u0259 axtar\u0131\u015f apar\u0131l\u0131b - MEYDAN.TV\" \/>\n<meta property=\"og:description\" content=\"Axtar\u0131\u015f n\u0259tic\u0259sind\u0259 M\u0259rk\u0259zin kompy\u00fcterl\u0259ri, maliyy\u0259 -m\u00fchasibat s\u0259n\u0259dl\u0259ri apar\u0131l\u0131b\" \/>\n<meta property=\"og:url\" content=\"https:\/\/www.meydan.tv\/az\/article\/qubad-ibadoglunun-ofisinde-axtaris-aparilib\/\" \/>\n<meta property=\"og:site_name\" content=\"MEYDAN.TV\" \/>\n<meta property=\"article:published_time\" content=\"2015-05-13T17:38:38+00:00\" \/>\n<meta property=\"og:image\" content=\"https:\/\/www.meydan.tv\/wp-content\/uploads\/8830.jpg\" \/>\n\t<meta property=\"og:image:width\" content=\"690\" \/>\n\t<meta property=\"og:image:height\" content=\"430\" \/>\n\t<meta property=\"og:image:type\" content=\"image\/jpeg\" \/>\n<meta name=\"twitter:card\" content=\"summary_large_image\" \/>\n<!-- \/ Yoast SEO plugin. -->","yoast_head_json":{"title":"Qubad \u0130bado\u011flunun ofisind\u0259 axtar\u0131\u015f apar\u0131l\u0131b - MEYDAN.TV","robots":{"index":"index","follow":"follow","max-snippet":"max-snippet:-1","max-image-preview":"max-image-preview:large","max-video-preview":"max-video-preview:-1"},"canonical":"https:\/\/www.meydan.tv\/az\/article\/qubad-ibadoglunun-ofisinde-axtaris-aparilib\/","og_locale":"az_AZ","og_type":"article","og_title":"Qubad \u0130bado\u011flunun ofisind\u0259 axtar\u0131\u015f apar\u0131l\u0131b - MEYDAN.TV","og_description":"Axtar\u0131\u015f n\u0259tic\u0259sind\u0259 M\u0259rk\u0259zin kompy\u00fcterl\u0259ri, maliyy\u0259 -m\u00fchasibat s\u0259n\u0259dl\u0259ri apar\u0131l\u0131b","og_url":"https:\/\/www.meydan.tv\/az\/article\/qubad-ibadoglunun-ofisinde-axtaris-aparilib\/","og_site_name":"MEYDAN.TV","article_published_time":"2015-05-13T17:38:38+00:00","og_image":[{"width":690,"height":430,"url":"https:\/\/www.meydan.tv\/wp-content\/uploads\/8830.jpg","type":"image\/jpeg"}],"twitter_card":"summary_large_image","schema":{"@context":"https:\/\/schema.org","@graph":[{"@type":"Article","@id":"https:\/\/www.meydan.tv\/az\/article\/qubad-ibadoglunun-ofisinde-axtaris-aparilib\/#article","isPartOf":{"@id":"https:\/\/www.meydan.tv\/az\/article\/qubad-ibadoglunun-ofisinde-axtaris-aparilib\/"},"author":{"name":"user-manager","@id":"https:\/\/www.meydan.tv\/az\/#\/schema\/person\/10d11eccf6da3662cf5fdab9806ea91a"},"headline":"Qubad \u0130bado\u011flunun ofisind\u0259 axtar\u0131\u015f apar\u0131l\u0131b","datePublished":"2015-05-13T17:38:38+00:00","mainEntityOfPage":{"@id":"https:\/\/www.meydan.tv\/az\/article\/qubad-ibadoglunun-ofisinde-axtaris-aparilib\/"},"wordCount":190,"publisher":{"@id":"https:\/\/www.meydan.tv\/az\/#organization"},"image":{"@id":"https:\/\/www.meydan.tv\/az\/article\/qubad-ibadoglunun-ofisinde-axtaris-aparilib\/#primaryimage"},"thumbnailUrl":"https:\/\/www.meydan.tv\/wp-content\/uploads\/8830.jpg","articleSection":["X\u0259b\u0259rl\u0259r"],"inLanguage":"az"},{"@type":"WebPage","@id":"https:\/\/www.meydan.tv\/az\/article\/qubad-ibadoglunun-ofisinde-axtaris-aparilib\/","url":"https:\/\/www.meydan.tv\/az\/article\/qubad-ibadoglunun-ofisinde-axtaris-aparilib\/","name":"Qubad \u0130bado\u011flunun ofisind\u0259 axtar\u0131\u015f apar\u0131l\u0131b - MEYDAN.TV","isPartOf":{"@id":"https:\/\/www.meydan.tv\/az\/#website"},"primaryImageOfPage":{"@id":"https:\/\/www.meydan.tv\/az\/article\/qubad-ibadoglunun-ofisinde-axtaris-aparilib\/#primaryimage"},"image":{"@id":"https:\/\/www.meydan.tv\/az\/article\/qubad-ibadoglunun-ofisinde-axtaris-aparilib\/#primaryimage"},"thumbnailUrl":"https:\/\/www.meydan.tv\/wp-content\/uploads\/8830.jpg","datePublished":"2015-05-13T17:38:38+00:00","breadcrumb":{"@id":"https:\/\/www.meydan.tv\/az\/article\/qubad-ibadoglunun-ofisinde-axtaris-aparilib\/#breadcrumb"},"inLanguage":"az","potentialAction":[{"@type":"ReadAction","target":["https:\/\/www.meydan.tv\/az\/article\/qubad-ibadoglunun-ofisinde-axtaris-aparilib\/"]}]},{"@type":"ImageObject","inLanguage":"az","@id":"https:\/\/www.meydan.tv\/az\/article\/qubad-ibadoglunun-ofisinde-axtaris-aparilib\/#primaryimage","url":"https:\/\/www.meydan.tv\/wp-content\/uploads\/8830.jpg","contentUrl":"https:\/\/www.meydan.tv\/wp-content\/uploads\/8830.jpg","width":690,"height":430,"caption":"Source:"},{"@type":"BreadcrumbList","@id":"https:\/\/www.meydan.tv\/az\/article\/qubad-ibadoglunun-ofisinde-axtaris-aparilib\/#breadcrumb","itemListElement":[{"@type":"ListItem","position":1,"name":"Ana s\u0259hif\u0259","item":"https:\/\/www.meydan.tv\/az\/"},{"@type":"ListItem","position":2,"name":"X\u0259b\u0259rl\u0259r","item":"https:\/\/www.meydan.tv\/az\/section\/xeberler\/"},{"@type":"ListItem","position":3,"name":"Qubad \u0130bado\u011flunun ofisind\u0259 axtar\u0131\u015f apar\u0131l\u0131b"}]},{"@type":"WebSite","@id":"https:\/\/www.meydan.tv\/az\/#website","url":"https:\/\/www.meydan.tv\/az\/","name":"MEYDAN.TV","description":"Meydan TV Az\u0259rbaycan\u0131n media m\u0259kan\u0131ndak\u0131 alternativ s\u0259sidir","publisher":{"@id":"https:\/\/www.meydan.tv\/az\/#organization"},"potentialAction":[{"@type":"SearchAction","target":{"@type":"EntryPoint","urlTemplate":"https:\/\/www.meydan.tv\/az\/?s={search_term_string}"},"query-input":{"@type":"PropertyValueSpecification","valueRequired":true,"valueName":"search_term_string"}}],"inLanguage":"az"},{"@type":"Organization","@id":"https:\/\/www.meydan.tv\/az\/#organization","name":"Meydan TV","url":"https:\/\/www.meydan.tv\/az\/","logo":{"@type":"ImageObject","inLanguage":"az","@id":"https:\/\/www.meydan.tv\/az\/#\/schema\/logo\/image\/","url":"https:\/\/www.meydan.tv\/wp-content\/uploads\/2021\/07\/meydan-logo.svg","contentUrl":"https:\/\/www.meydan.tv\/wp-content\/uploads\/2021\/07\/meydan-logo.svg","width":195,"height":46,"caption":"Meydan TV"},"image":{"@id":"https:\/\/www.meydan.tv\/az\/#\/schema\/logo\/image\/"}},{"@type":"Person","@id":"https:\/\/www.meydan.tv\/az\/#\/schema\/person\/10d11eccf6da3662cf5fdab9806ea91a","name":"user-manager"}]}},"_links":{"self":[{"href":"https:\/\/www.meydan.tv\/az\/wp-json\/wp\/v2\/posts\/167882","targetHints":{"allow":["GET"]}}],"collection":[{"href":"https:\/\/www.meydan.tv\/az\/wp-json\/wp\/v2\/posts"}],"about":[{"href":"https:\/\/www.meydan.tv\/az\/wp-json\/wp\/v2\/types\/post"}],"author":[{"embeddable":true,"href":"https:\/\/www.meydan.tv\/az\/wp-json\/wp\/v2\/users\/11"}],"replies":[{"embeddable":true,"href":"https:\/\/www.meydan.tv\/az\/wp-json\/wp\/v2\/comments?post=167882"}],"version-history":[{"count":0,"href":"https:\/\/www.meydan.tv\/az\/wp-json\/wp\/v2\/posts\/167882\/revisions"}],"wp:featuredmedia":[{"embeddable":true,"href":"https:\/\/www.meydan.tv\/az\/wp-json\/wp\/v2\/media\/24255"}],"wp:attachment":[{"href":"https:\/\/www.meydan.tv\/az\/wp-json\/wp\/v2\/media?parent=167882"}],"wp:term":[{"taxonomy":"category","embeddable":true,"href":"https:\/\/www.meydan.tv\/az\/wp-json\/wp\/v2\/categories?post=167882"},{"taxonomy":"post_tag","embeddable":true,"href":"https:\/\/www.meydan.tv\/az\/wp-json\/wp\/v2\/tags?post=167882"}],"curies":[{"name":"wp","href":"https:\/\/api.w.org\/{rel}","templated":true}]}}