{"id":167879,"date":"2015-05-13T13:06:11","date_gmt":"2015-05-13T13:06:11","guid":{"rendered":"https:\/\/www.meydan.tv\/article\/hebsde-olan-butun-siyasi-mehbuslar-qeyd-sertsiz-azad-edilmelidir\/"},"modified":"2015-05-13T13:06:11","modified_gmt":"2015-05-13T13:06:11","slug":"hebsde-olan-butun-siyasi-mehbuslar-qeyd-sertsiz-azad-edilmelidir","status":"publish","type":"post","link":"https:\/\/www.meydan.tv\/az\/article\/hebsde-olan-butun-siyasi-mehbuslar-qeyd-sertsiz-azad-edilmelidir\/","title":{"rendered":"\u201cH\u0259bsd\u0259 olan b\u00fct\u00fcn siyasi m\u0259hbuslar qeyd- \u015f\u0259rtsiz azad edilm\u0259lidir\u201d"},"content":{"rendered":"<figure class=\"wp-block-image size-large\">\n  <img decoding=\"async\" src=\"https:\/\/www.meydan.tv\/az\/24243\/\" alt=\"\" class=\"wp-image-24243\"\/><figcaption><\/figcaption><\/figure>\n<figure class=\"wp-block-image size-large\">\n  <img decoding=\"async\" src=\"https:\/\/www.meydan.tv\/az\/24243\/\" alt=\"\" class=\"wp-image-24243\"\/><figcaption><\/figcaption><\/figure>\n<p>\n  <i><br \/>\n    Alyans h\u0259bsd\u0259 olan b\u0259zi siyasi m\u0259hbuslar\u0131n istintaq\u0131n\u0131n apar\u0131lmad\u0131\u011f\u0131n\u0131, onlar\u0131n h\u0259bs m\u00fcdd\u0259tinin luzumsuz \u015f\u0259kild\u0259 uzad\u0131ld\u0131\u011f\u0131n\u0131 qeyd etm\u0259kl\u0259 yana\u015f\u0131 h\u0259bsd\u0259 olan dindar k\u0259sim\u0259 m\u0259xsus ictimai f\u0259allar\u0131n \u00a0Qobustan Qapal\u0131 H\u0259bsxanas\u0131na g\u00f6nd\u0259rilm\u0259sini pisil\u0259yir<br \/>\n  <\/i>\n<\/p>\n<p>\n  \u201cSiyasi M\u0259hbuslars\u0131z Az\u0259rbaycan\u201d \u0130ctimai Alyans\u0131 son m\u0259hk\u0259m\u0259 h\u00f6kml\u0259ri v\u0259 repressiyalarla ba\u011fl\u0131 b\u0259yanatla \u00e7\u0131x\u0131\u015f edib. Meydan TV-y\u0259 daxil olan b\u0259yanatda deyilir; \u201c\u201cSiyasi M\u0259hbuslars\u0131z Az\u0259rbaycan\u201d \u0130ctimai Alyans\u0131 hakimiyy\u0259tin \u00f6z \u0259n\u0259n\u0259sin\u0259 sadiq qalaraq son g\u00fcnl\u0259r d\u00f6vl\u0259t resurslar\u0131ndan istifad\u0259 ed\u0259r\u0259k h\u0259yata ke\u00e7iril\u0259n adam o\u011furlu\u011fu, ictimai f\u0259allar haqq\u0131nda verilmi\u015f qanunsuz v\u0259 siyasi sifari\u015fli m\u0259hk\u0259m\u0259 h\u00f6kml\u0259ri, b\u0259zi siyasi m\u0259hbuslar\u0131n s\u0259hh\u0259tind\u0259ki ciddi probleml\u0259r\u0259 r\u0259\u011fm\u0259n onlar\u0131 \u00f6l\u00fcm\u0259 t\u0259hrik etm\u0259, m\u00fcst\u0259qil jurnalistl\u0259rin t\u0259qib v\u0259 t\u0259zyiql\u0259r\u0259 m\u0259ruz qalmas\u0131 hallar\u0131ndan dolay\u0131 ciddi narahatl\u0131\u011f\u0131n\u0131 ifad\u0259 edir&#8221;.\n<\/p>\n<p>\n  Alyans hesab edir ki, M\u00fcsavat Partiyas\u0131n\u0131n ba\u015fqa m\u00fcavini, partiyan\u0131n r\u0259smi sayt\u0131n\u0131n idar\u0259\u00e7isi F\u0259r\u0259c K\u0259rimli ke\u00e7\u0259n ilin 23 iyul tarixind\u0259 Cinay\u0259t M\u0259c\u0259ll\u0259sinin 234.4.3- c\u00fc madd\u0259si il\u0259 \u015f\u0259rl\u0259n\u0259r\u0259k h\u0259bs edilib. Bu madd\u0259 siyasi f\u0259allara qar\u015f\u0131 hakimiyy\u0259tin \u0259n \u00e7ox istifad\u0259 etdiyi \u015f\u0259rl\u0259m\u0259 madd\u0259l\u0259rind\u0259n biri \u00a0olaraq tan\u0131nmaqdad\u0131r. F\u0259r\u0259c K\u0259rimlinin davam ed\u0259n qurama m\u0259hk\u0259m\u0259 prosesl\u0259rini Alyans olaraq yax\u0131ndan izl\u0259mi\u015f, v\u0259kilinin s\u00fcbutlar\u0131 il\u0259 tan\u0131\u015f olmu\u015f v\u0259 i\u015fin siyasi motivli oldu\u011funa \u0259min olmu\u015fuq. Siyasi motivli h\u0259bsin\u00a0 qurama m\u0259hk\u0259m\u0259 sonucu olaraq F\u0259r\u0259c K\u0259rimli Bak\u0131 A\u011f\u0131r Cinay\u0259tl\u0259r M\u0259hk\u0259m\u0259sinin 6 may 2015 ci il tarixli h\u00f6km\u00fc il\u0259 6 il 6 ay m\u00fcdd\u0259tin\u0259 azadl\u0131qdan m\u0259hrum edilib.\u00a0Xalq C\u0259bh\u0259si Partiyas\u0131 (XCP) f\u0259al\u0131 Fuad \u018fhm\u0259dli 28 aprel tarixind\u0259 ax\u015fam vaxt\u0131 nam\u0259lum \u015f\u0259xsl\u0259r t\u0259r\u0259find\u0259n zorla ma\u015f\u0131na mindiril\u0259r\u0259k o\u011furlanmas\u0131 haqda atas\u0131 Z\u0259f\u0259r \u018fhm\u0259dov m\u0259tbuata v\u0259 ictimaiyy\u0259t\u0259 m\u0259lumat vermi\u015f, h\u0259tta g\u0259nc f\u0259al\u0131 o\u011furlayan ma\u015f\u0131n\u0131n markas\u0131 v\u0259 n\u00f6mr\u0259sini a\u00e7\u0131qlay\u0131b. B\u00fct\u00fcn bunlara baxmayaraq 10 g\u00fcn m\u00fcdd\u0259tind\u0259 g\u0259nc f\u0259al\u0131n harada v\u0259 n\u0259 \u00fc\u00e7\u00fcn saxlan\u0131lmas\u0131 haqda D\u0130N -\u0259 edil\u0259n m\u00fcraci\u0259tl\u0259r cavabs\u0131z qalm\u0131\u015f v\u0259 he\u00e7 bir r\u0259smi m\u0259lumat verilm\u0259mi\u015fdi. Qeyri- r\u0259smi m\u0259lumata g\u00f6r\u0259 onun D\u0130N M\u00fct\u0259\u015f\u0259kkil Cinay\u0259tkarl\u0131\u011fa qar\u015f\u0131 M\u00fcbariz\u0259 \u0130dar\u0259sind\u0259 saxlan\u0131lmas\u0131 bildirilirdi. N\u0259hay\u0259t 10 g\u00fcn sonra\u00a0 m\u0259lum olub ki, h\u0259qiq\u0259t\u0259n g\u0259nc f\u0259al \u201cictimai \u0259sayi\u015fi pozma\u201d ad\u0131 il\u0259 yuxar\u0131da ad\u0131 \u00e7\u0259kil\u0259n q\u00fcrum t\u0259r\u0259find\u0259n saxlan\u0131l\u0131b v\u0259 m\u0259hk\u0259m\u0259 q\u0259rar\u0131na \u0259sas\u0259n 25 sutka inzibati h\u0259bs\u0259 m\u0259hkum edilib. F\u0259al\u0131n atas\u0131 o\u011flu il\u0259 g\u00f6r\u00fc\u015f\u0259 bilm\u0259m\u0259sini v\u0259 onun v\u0259kil h\u00fcququndan faktiki olaraq m\u0259hrum edilm\u0259sini i\u015fg\u0259nc\u0259 hallar\u0131n\u0131n olmas\u0131 il\u0259 \u0259laq\u0259l\u0259ndirir. Alyans bu olay\u0131 Az\u0259rbaycan Respublikas\u0131 Konsitutsiyas\u0131, Avropa Konvensiyas\u0131 v\u0259 yerli qanunvericiliy\u0259 tamam\u0259n zidd oldu\u011funu bildirir v\u0259 g\u00fcc strukturlar\u0131n\u0131n i\u015ftirak\u0131 il\u0259 h\u0259yata ke\u00e7iril\u0259n, faktiki olaraq adam o\u011furlu\u011fu hesab edil\u0259n bu hadis\u0259ni \u015fidd\u0259tl\u0259 pisl\u0259yir.<br \/>\n  <b><\/b><br \/>\n  H\u0259bsd\u0259 olan tan\u0131nm\u0131\u015f h\u00fcquq m\u00fcdafi\u0259\u00e7isi,\u00a0 siyasi m\u0259hbus Leyla Yunus s\u0259hh\u0259tind\u0259ki probleml\u0259r getdikc\u0259 artmaqdad\u0131r. T\u0259\u0259ss\u00fcfl\u0259 qeyd etm\u0259k laz\u0131md\u0131r ki, m\u0259hbus xan\u0131ma qar\u015f\u0131 hakimiyy\u0259tin qisas kampaniyas\u0131 \u00e7\u0259r\u00e7iv\u0259sind\u0259 onun s\u0259hh\u0259tind\u0259 olan probleml\u0259r\u0259 g\u00f6st\u0259rdiyi bigan\u0259lik d\u00fcnyan\u0131n he\u00e7 bir h\u0259bs d\u00fc\u015f\u0259rg\u0259sind\u0259 qad\u0131n f\u0259allara qar\u015f\u0131 bu q\u0259d\u0259r q\u0259ddarl\u0131qla h\u0259yata ke\u00e7irilm\u0259yib. Eyni zamanda, h\u0259bsd\u0259 olan dig\u0259r bir \u00e7ox siyasi m\u0259hbuslar, o c\u00fcml\u0259dn dini xadim Ruhulla Axundov da s\u0259hh\u0259tind\u0259ki probleml\u0259rd\u0259n \u0259ziyy\u0259t \u00e7\u0259kir. T\u0259\u0259ss\u00fcf ki, o da zaman\u0131nda ictimai siyasi f\u0259aliyy\u0259tl\u0259 m\u0259\u015f\u011ful oldu\u011funa v\u0259 haz\u0131rda siyasi m\u0259hbus h\u0259yat\u0131 ya\u015fad\u0131\u011f\u0131na g\u00f6r\u0259 laz\u0131mi qaydada m\u00fcayin\u0259 v\u0259 m\u00fcalic\u0259 olunmas\u0131na \u0259ng\u0259ll\u0259r yarad\u0131l\u0131r&#8221;.\n<\/p>\n<p>\n  B\u0259yanatda qeyd olunur ki, \u00a0tan\u0131nm\u0131\u015f ara\u015fd\u0131rma\u00e7\u0131 jurnalist, \u201cAzadl\u0131q\u201d radiosunun \u0259m\u0259kda\u015f\u0131 X\u0259dic\u0259 \u0130smay\u0131l\u0131n h\u0259bsind\u0259 \u201cz\u0259r\u0259r\u00e7\u0259k\u0259n\u201d Tural Mustafayevin bu yax\u0131nlarda yayd\u0131\u011f\u0131 videom\u00fcraci\u0259td\u0259 s\u0259mimi etiraflarda bulunaraq h\u00fcquq m\u00fchafiz\u0259 orqanlar\u0131n\u0131n, b\u0259zi v\u0259zif\u0259li \u015f\u0259xsl\u0259rin t\u0259hriki v\u0259 t\u0259hdidi il\u0259 onun m\u0259cburi \u015f\u0259kild\u0259 xan\u0131m jurnalsitd\u0259n \u015fikay\u0259t\u00e7i olmas\u0131 bir daha b\u0259zi h\u0259qiq\u0259tl\u0259ri ortaya qoydu,\u00a0 planlar\u0131 if\u015fa etdi. H\u00fcquq m\u00fchafiz\u0259 orqanlar\u0131n\u0131n d\u00f6vl\u0259tin resurslar\u0131 il\u0259 v\u0259t\u0259nda\u015fa b\u00f6htan ataraq onu \u015f\u0259rl\u0259yib h\u0259bs etm\u0259si, ba\u015fqa insanlar\u0131 \u015fantaj alt\u0131nda vasit\u0259\u00e7iy\u0259 \u00e7evirm\u0259si a\u011fr\u0131l\u0131 oldu\u011fu q\u0259d\u0259r d\u0259 d\u0259h\u015f\u0259tlidir.<br \/>\n  <b><\/b><br \/>\n  \u00d6lk\u0259 jurnalistikas\u0131nda kifay\u0259t q\u0259d\u0259r tan\u0131nm\u0131\u015f v\u0259 m\u00fcst\u0259qil fikirl\u0259ri il\u0259 se\u00e7il\u0259n jurnalistl\u0259r \u015eahv\u0259l\u0259d \u00c7obano\u011flu v\u0259 Aynur \u0130mranova son d\u00f6n\u0259md\u0259 m\u00fct\u0259madi olaraq istintaqa \u00e7a\u011f\u0131r\u0131l\u0131r v\u0259 t\u0259qib edilir. Bu hal\u0131n ba\u015f verm\u0259si he\u00e7 \u015f\u00fcbh\u0259siz ki, onlar\u0131n hakimiyy\u0259tl\u0259 f\u0259rqli d\u00fc\u015f\u00fcnm\u0259l\u0259ri v\u0259 m\u00fcst\u0259qil jurnalistika f\u0259aliyy\u0259tl\u0259ri il\u0259 ba\u011fl\u0131d\u0131r. Alyans m\u00fcst\u0259qil jurnalistl\u0259r \u015eahv\u0259l\u0259d \u00c7obano\u011flu v\u0259 Aynur \u0130mranovan\u0131n istintaq ad\u0131 alt\u0131nda t\u0259qibl\u0259r\u0259 m\u0259ruz qalmas\u0131n\u0131 \u015fidd\u0259tl\u0259 q\u0131nay\u0131r, hakimiyy\u0259t\u0259 Konsitutsiyan\u0131n madd\u0259l\u0259rini xat\u0131rlatmaqla, ona h\u00f6rm\u0259t v\u0259 \u0259m\u0259l etm\u0259y\u0259 \u00e7a\u011f\u0131r\u0131r.\n<\/p>\n<p>\n  Alyans eyni zamanda h\u0259bsd\u0259 olan b\u0259zi siyasi m\u0259hbuslar\u0131n istintaq\u0131n\u0131n apar\u0131lmad\u0131\u011f\u0131n\u0131, onlar\u0131n h\u0259bs m\u00fcdd\u0259tinin luzumsuz \u015f\u0259kild\u0259 uzad\u0131ld\u0131\u011f\u0131n\u0131 qeyd etm\u0259kl\u0259 yana\u015f\u0131 h\u0259bsd\u0259 olan dindar k\u0259sim\u0259 m\u0259xsus ictimai f\u0259allar\u0131n (ilahiyyat\u00e7\u0131 Tale Ba\u011f\u0131rzad\u0259, jurnalist Araz Quliyev v\u0259 dig\u0259rl\u0259rinin) Qobustan Qapal\u0131 H\u0259bsxanas\u0131na g\u00f6nd\u0259rilm\u0259sini bir daha pisil\u0259yir.\n<\/p>\n<p>\n  \u201cSiyasi M\u0259hbuslars\u0131z Az\u0259rbaycan\u201d \u0130ctimai Alyans\u0131 yuxar\u0131da sadalanan hallardan dolay\u0131 ciddi narahat oldu\u011funu b\u0259yan etm\u0259kl\u0259, hakimiyy\u0259ti bu kimi hallara son qoyma\u011fa, t\u0259m\u0259l h\u00fcquq v\u0259 azadl\u0131qlara h\u00f6rm\u0259tl\u0259 yana\u015fma\u011fa, h\u0259bsd\u0259 olan b\u00fct\u00fcn siyasi m\u0259hbuslar\u0131 d\u0259rhal v\u0259 qeyd- \u015f\u0259rtsiz azad etm\u0259y\u0259 \u00e7a\u011f\u0131r\u0131r.\u201d<\/p>\n","protected":false},"excerpt":{"rendered":"<p>Alyans h\u0259bsd\u0259 olan b\u0259zi siyasi m\u0259hbuslar\u0131n istintaq\u0131n\u0131n apar\u0131lmad\u0131\u011f\u0131n\u0131, onlar\u0131n h\u0259bs m\u00fcdd\u0259tinin luzumsuz \u015f\u0259kild\u0259 uzad\u0131ld\u0131\u011f\u0131n\u0131 qeyd etm\u0259kl\u0259 yana\u015f\u0131 h\u0259bsd\u0259 olan dindar k\u0259sim\u0259 m\u0259xsus ictimai f\u0259allar\u0131n  Qobustan Qapal\u0131 H\u0259bsxanas\u0131na g\u00f6nd\u0259rilm\u0259sini pisil\u0259yir<\/p>\n","protected":false},"author":11,"featured_media":24243,"comment_status":"closed","ping_status":"open","sticky":false,"template":"","format":"standard","meta":{"_acf_changed":false,"_sitemap_exclude":false,"_sitemap_priority":"","_sitemap_frequency":"","footnotes":""},"categories":[56],"tags":[],"class_list":["post-167879","post","type-post","status-publish","format-standard","has-post-thumbnail","hentry","category-xeberler","infinite-scroll-item","generate-columns","tablet-grid-50","mobile-grid-100","grid-parent","grid-33","no-featured-image-padding"],"acf":[],"yoast_head":"<!-- This site is optimized with the Yoast SEO plugin v28.4 - https:\/\/yoast.com\/product\/yoast-seo-wordpress\/ -->\n<title>\u201cH\u0259bsd\u0259 olan b\u00fct\u00fcn siyasi m\u0259hbuslar qeyd- \u015f\u0259rtsiz azad edilm\u0259lidir\u201d - MEYDAN.TV<\/title>\n<meta name=\"robots\" content=\"index, follow, max-snippet:-1, max-image-preview:large, max-video-preview:-1\" \/>\n<link rel=\"canonical\" href=\"https:\/\/www.meydan.tv\/az\/article\/hebsde-olan-butun-siyasi-mehbuslar-qeyd-sertsiz-azad-edilmelidir\/\" \/>\n<meta property=\"og:locale\" content=\"az_AZ\" \/>\n<meta property=\"og:type\" content=\"article\" \/>\n<meta property=\"og:title\" content=\"\u201cH\u0259bsd\u0259 olan b\u00fct\u00fcn siyasi m\u0259hbuslar qeyd- \u015f\u0259rtsiz azad edilm\u0259lidir\u201d - MEYDAN.TV\" \/>\n<meta property=\"og:description\" content=\"Alyans h\u0259bsd\u0259 olan b\u0259zi siyasi m\u0259hbuslar\u0131n istintaq\u0131n\u0131n apar\u0131lmad\u0131\u011f\u0131n\u0131, onlar\u0131n h\u0259bs m\u00fcdd\u0259tinin luzumsuz \u015f\u0259kild\u0259 uzad\u0131ld\u0131\u011f\u0131n\u0131 qeyd etm\u0259kl\u0259 yana\u015f\u0131 h\u0259bsd\u0259 olan dindar k\u0259sim\u0259 m\u0259xsus ictimai f\u0259allar\u0131n Qobustan Qapal\u0131 H\u0259bsxanas\u0131na g\u00f6nd\u0259rilm\u0259sini pisil\u0259yir\" \/>\n<meta property=\"og:url\" content=\"https:\/\/www.meydan.tv\/az\/article\/hebsde-olan-butun-siyasi-mehbuslar-qeyd-sertsiz-azad-edilmelidir\/\" \/>\n<meta property=\"og:site_name\" content=\"MEYDAN.TV\" \/>\n<meta property=\"article:published_time\" content=\"2015-05-13T13:06:11+00:00\" \/>\n<meta property=\"og:image\" content=\"https:\/\/www.meydan.tv\/wp-content\/uploads\/8827.jpg\" \/>\n\t<meta property=\"og:image:width\" content=\"540\" \/>\n\t<meta property=\"og:image:height\" content=\"404\" \/>\n\t<meta property=\"og:image:type\" content=\"image\/jpeg\" \/>\n<meta name=\"twitter:card\" content=\"summary_large_image\" \/>\n<!-- \/ Yoast SEO plugin. -->","yoast_head_json":{"title":"\u201cH\u0259bsd\u0259 olan b\u00fct\u00fcn siyasi m\u0259hbuslar qeyd- \u015f\u0259rtsiz azad edilm\u0259lidir\u201d - MEYDAN.TV","robots":{"index":"index","follow":"follow","max-snippet":"max-snippet:-1","max-image-preview":"max-image-preview:large","max-video-preview":"max-video-preview:-1"},"canonical":"https:\/\/www.meydan.tv\/az\/article\/hebsde-olan-butun-siyasi-mehbuslar-qeyd-sertsiz-azad-edilmelidir\/","og_locale":"az_AZ","og_type":"article","og_title":"\u201cH\u0259bsd\u0259 olan b\u00fct\u00fcn siyasi m\u0259hbuslar qeyd- \u015f\u0259rtsiz azad edilm\u0259lidir\u201d - MEYDAN.TV","og_description":"Alyans h\u0259bsd\u0259 olan b\u0259zi siyasi m\u0259hbuslar\u0131n istintaq\u0131n\u0131n apar\u0131lmad\u0131\u011f\u0131n\u0131, onlar\u0131n h\u0259bs m\u00fcdd\u0259tinin luzumsuz \u015f\u0259kild\u0259 uzad\u0131ld\u0131\u011f\u0131n\u0131 qeyd etm\u0259kl\u0259 yana\u015f\u0131 h\u0259bsd\u0259 olan dindar k\u0259sim\u0259 m\u0259xsus ictimai f\u0259allar\u0131n Qobustan Qapal\u0131 H\u0259bsxanas\u0131na g\u00f6nd\u0259rilm\u0259sini pisil\u0259yir","og_url":"https:\/\/www.meydan.tv\/az\/article\/hebsde-olan-butun-siyasi-mehbuslar-qeyd-sertsiz-azad-edilmelidir\/","og_site_name":"MEYDAN.TV","article_published_time":"2015-05-13T13:06:11+00:00","og_image":[{"width":540,"height":404,"url":"https:\/\/www.meydan.tv\/wp-content\/uploads\/8827.jpg","type":"image\/jpeg"}],"twitter_card":"summary_large_image","schema":{"@context":"https:\/\/schema.org","@graph":[{"@type":"Article","@id":"https:\/\/www.meydan.tv\/az\/article\/hebsde-olan-butun-siyasi-mehbuslar-qeyd-sertsiz-azad-edilmelidir\/#article","isPartOf":{"@id":"https:\/\/www.meydan.tv\/az\/article\/hebsde-olan-butun-siyasi-mehbuslar-qeyd-sertsiz-azad-edilmelidir\/"},"author":{"name":"user-manager","@id":"https:\/\/www.meydan.tv\/az\/#\/schema\/person\/10d11eccf6da3662cf5fdab9806ea91a"},"headline":"\u201cH\u0259bsd\u0259 olan b\u00fct\u00fcn siyasi m\u0259hbuslar qeyd- \u015f\u0259rtsiz azad edilm\u0259lidir\u201d","datePublished":"2015-05-13T13:06:11+00:00","mainEntityOfPage":{"@id":"https:\/\/www.meydan.tv\/az\/article\/hebsde-olan-butun-siyasi-mehbuslar-qeyd-sertsiz-azad-edilmelidir\/"},"wordCount":1184,"publisher":{"@id":"https:\/\/www.meydan.tv\/az\/#organization"},"image":{"@id":"https:\/\/www.meydan.tv\/az\/article\/hebsde-olan-butun-siyasi-mehbuslar-qeyd-sertsiz-azad-edilmelidir\/#primaryimage"},"thumbnailUrl":"https:\/\/www.meydan.tv\/wp-content\/uploads\/8827.jpg","articleSection":["X\u0259b\u0259rl\u0259r"],"inLanguage":"az"},{"@type":"WebPage","@id":"https:\/\/www.meydan.tv\/az\/article\/hebsde-olan-butun-siyasi-mehbuslar-qeyd-sertsiz-azad-edilmelidir\/","url":"https:\/\/www.meydan.tv\/az\/article\/hebsde-olan-butun-siyasi-mehbuslar-qeyd-sertsiz-azad-edilmelidir\/","name":"\u201cH\u0259bsd\u0259 olan b\u00fct\u00fcn siyasi m\u0259hbuslar qeyd- \u015f\u0259rtsiz azad edilm\u0259lidir\u201d - MEYDAN.TV","isPartOf":{"@id":"https:\/\/www.meydan.tv\/az\/#website"},"primaryImageOfPage":{"@id":"https:\/\/www.meydan.tv\/az\/article\/hebsde-olan-butun-siyasi-mehbuslar-qeyd-sertsiz-azad-edilmelidir\/#primaryimage"},"image":{"@id":"https:\/\/www.meydan.tv\/az\/article\/hebsde-olan-butun-siyasi-mehbuslar-qeyd-sertsiz-azad-edilmelidir\/#primaryimage"},"thumbnailUrl":"https:\/\/www.meydan.tv\/wp-content\/uploads\/8827.jpg","datePublished":"2015-05-13T13:06:11+00:00","breadcrumb":{"@id":"https:\/\/www.meydan.tv\/az\/article\/hebsde-olan-butun-siyasi-mehbuslar-qeyd-sertsiz-azad-edilmelidir\/#breadcrumb"},"inLanguage":"az","potentialAction":[{"@type":"ReadAction","target":["https:\/\/www.meydan.tv\/az\/article\/hebsde-olan-butun-siyasi-mehbuslar-qeyd-sertsiz-azad-edilmelidir\/"]}]},{"@type":"ImageObject","inLanguage":"az","@id":"https:\/\/www.meydan.tv\/az\/article\/hebsde-olan-butun-siyasi-mehbuslar-qeyd-sertsiz-azad-edilmelidir\/#primaryimage","url":"https:\/\/www.meydan.tv\/wp-content\/uploads\/8827.jpg","contentUrl":"https:\/\/www.meydan.tv\/wp-content\/uploads\/8827.jpg","width":540,"height":404,"caption":"Source:"},{"@type":"BreadcrumbList","@id":"https:\/\/www.meydan.tv\/az\/article\/hebsde-olan-butun-siyasi-mehbuslar-qeyd-sertsiz-azad-edilmelidir\/#breadcrumb","itemListElement":[{"@type":"ListItem","position":1,"name":"Ana s\u0259hif\u0259","item":"https:\/\/www.meydan.tv\/az\/"},{"@type":"ListItem","position":2,"name":"X\u0259b\u0259rl\u0259r","item":"https:\/\/www.meydan.tv\/az\/section\/xeberler\/"},{"@type":"ListItem","position":3,"name":"\u201cH\u0259bsd\u0259 olan b\u00fct\u00fcn siyasi m\u0259hbuslar qeyd- \u015f\u0259rtsiz azad edilm\u0259lidir\u201d"}]},{"@type":"WebSite","@id":"https:\/\/www.meydan.tv\/az\/#website","url":"https:\/\/www.meydan.tv\/az\/","name":"MEYDAN.TV","description":"Meydan TV Az\u0259rbaycan\u0131n media m\u0259kan\u0131ndak\u0131 alternativ s\u0259sidir","publisher":{"@id":"https:\/\/www.meydan.tv\/az\/#organization"},"potentialAction":[{"@type":"SearchAction","target":{"@type":"EntryPoint","urlTemplate":"https:\/\/www.meydan.tv\/az\/?s={search_term_string}"},"query-input":{"@type":"PropertyValueSpecification","valueRequired":true,"valueName":"search_term_string"}}],"inLanguage":"az"},{"@type":"Organization","@id":"https:\/\/www.meydan.tv\/az\/#organization","name":"Meydan TV","url":"https:\/\/www.meydan.tv\/az\/","logo":{"@type":"ImageObject","inLanguage":"az","@id":"https:\/\/www.meydan.tv\/az\/#\/schema\/logo\/image\/","url":"https:\/\/www.meydan.tv\/wp-content\/uploads\/2021\/07\/meydan-logo.svg","contentUrl":"https:\/\/www.meydan.tv\/wp-content\/uploads\/2021\/07\/meydan-logo.svg","width":195,"height":46,"caption":"Meydan TV"},"image":{"@id":"https:\/\/www.meydan.tv\/az\/#\/schema\/logo\/image\/"}},{"@type":"Person","@id":"https:\/\/www.meydan.tv\/az\/#\/schema\/person\/10d11eccf6da3662cf5fdab9806ea91a","name":"user-manager"}]}},"_links":{"self":[{"href":"https:\/\/www.meydan.tv\/az\/wp-json\/wp\/v2\/posts\/167879","targetHints":{"allow":["GET"]}}],"collection":[{"href":"https:\/\/www.meydan.tv\/az\/wp-json\/wp\/v2\/posts"}],"about":[{"href":"https:\/\/www.meydan.tv\/az\/wp-json\/wp\/v2\/types\/post"}],"author":[{"embeddable":true,"href":"https:\/\/www.meydan.tv\/az\/wp-json\/wp\/v2\/users\/11"}],"replies":[{"embeddable":true,"href":"https:\/\/www.meydan.tv\/az\/wp-json\/wp\/v2\/comments?post=167879"}],"version-history":[{"count":0,"href":"https:\/\/www.meydan.tv\/az\/wp-json\/wp\/v2\/posts\/167879\/revisions"}],"wp:featuredmedia":[{"embeddable":true,"href":"https:\/\/www.meydan.tv\/az\/wp-json\/wp\/v2\/media\/24243"}],"wp:attachment":[{"href":"https:\/\/www.meydan.tv\/az\/wp-json\/wp\/v2\/media?parent=167879"}],"wp:term":[{"taxonomy":"category","embeddable":true,"href":"https:\/\/www.meydan.tv\/az\/wp-json\/wp\/v2\/categories?post=167879"},{"taxonomy":"post_tag","embeddable":true,"href":"https:\/\/www.meydan.tv\/az\/wp-json\/wp\/v2\/tags?post=167879"}],"curies":[{"name":"wp","href":"https:\/\/api.w.org\/{rel}","templated":true}]}}