{"id":167876,"date":"2015-05-13T01:32:20","date_gmt":"2015-05-13T01:32:20","guid":{"rendered":"https:\/\/www.meydan.tv\/article\/xedice-ismayilin-isinden-ali-mehkemeye-sikayet-verildi-video\/"},"modified":"2015-05-13T01:32:20","modified_gmt":"2015-05-13T01:32:20","slug":"xedice-ismayilin-isinden-ali-mehkemeye-sikayet-verildi-video","status":"publish","type":"post","link":"https:\/\/www.meydan.tv\/az\/article\/xedice-ismayilin-isinden-ali-mehkemeye-sikayet-verildi-video\/","title":{"rendered":"X\u0259dic\u0259 \u0130smay\u0131l\u0131n i\u015find\u0259n Ali M\u0259hk\u0259m\u0259y\u0259 \u015fikay\u0259t verildi (V\u0130DEO)"},"content":{"rendered":"<figure class=\"wp-block-embed is-type-video is-provider-youtube wp-block-embed-youtube wp-embed-aspect-16-9 wp-has-aspect-ratio\">\n<div class=\"wp-block-embed__wrapper\">\n    <iframe loading=\"lazy\"\ttitle=\"\" width=\"1200\" height=\"675\" src=\"https:\/\/www.youtube.com\/embed\/j1J2-RoK5BY\"\tframeborder=\"0\"\tallow=\"accelerometer; autoplay; clipboard-write; encrypted-media; gyroscope; picture-in-picture\" allowfullscreen><\/iframe>\n  <\/div><figcaption><\/figcaption><\/figure>\n<p>\n  12 mayda Bak\u0131 Apellyasiya M\u0259hk\u0259m\u0259sind\u0259 ara\u015fd\u0131rma\u00e7\u0131 jurnalist X\u0259dic\u0259 \u0130smay\u0131l\u0131n c\u0259rim\u0259l\u0259nm\u0259sind\u0259n veril\u0259n \u00a0\u015fikay\u0259t\u0259\u00a0 bax\u0131l\u0131b. Jurnalistin v\u0259kili Yal\u00e7\u0131n \u0130manov ilkin q\u0259rardan kasasiya \u015fikay\u0259ti verib. Bundan sonra proses qeyri-m\u00fc\u0259yy\u0259n m\u00fcdd\u0259t\u0259 t\u0259xir\u0259 sal\u0131n\u0131b.\n<\/p>\n<p>\n  X\u0259dic\u0259 \u0130smay\u0131l m\u0259hk\u0259m\u0259d\u0259 bildirib ki, Bak\u0131 \u0130stintaq T\u0259cridxanas\u0131nda ona v\u0259kili Yal\u00e7\u0131n \u0130manovla g\u00f6r\u00fc\u015fm\u0259y\u0259 icaz\u0259 verilmir.\n<\/p>\n<p>\n  Elman T\u00fcrko\u011flunun \u015fikay\u0259ti \u0259sas\u0131nda Bin\u0259q\u0259di rayon M\u0259hk\u0259m\u0259si jurnalisti 2500 manat c\u0259rim\u0259l\u0259yib. X\u0259dic\u0259 \u0130smay\u0131l\u0131n Facebook s\u0259hif\u0259sind\u0259 yayd\u0131\u011f\u0131 m\u0259lumat\u0131 Elman T\u00fcrko\u011flu \u00f6z\u00fcn\u0259 qar\u015f\u0131 \u00a0b\u00f6htan kimi qiym\u0259tl\u0259ndirib. Amma jurnalist bildirir ki, yayd\u0131\u011f\u0131 m\u0259lumatda onun ad\u0131 ke\u00e7m\u0259yib v\u0259 bu ittiham onun pe\u015f\u0259 f\u0259aliyy\u0259ti il\u0259 ba\u011fl\u0131d\u0131r.<\/p>\n","protected":false},"excerpt":{"rendered":"<p>12 mayda Bak\u0131 Apellyasiya M\u0259hk\u0259m\u0259sind\u0259 ara\u015fd\u0131rma\u00e7\u0131 jurnalist X\u0259dic\u0259 \u0130smay\u0131l\u0131n c\u0259rim\u0259l\u0259nm\u0259sind\u0259n veril\u0259n  \u015fikay\u0259t\u0259  bax\u0131l\u0131b. Jurnalistin v\u0259kili Yal\u00e7\u0131n \u0130manov ilkin q\u0259rardan kasasiya \u015fikay\u0259ti verib.<\/p>\n","protected":false},"author":11,"featured_media":24237,"comment_status":"closed","ping_status":"open","sticky":false,"template":"","format":"standard","meta":{"_acf_changed":false,"_sitemap_exclude":false,"_sitemap_priority":"","_sitemap_frequency":"","footnotes":""},"categories":[63],"tags":[],"class_list":["post-167876","post","type-post","status-publish","format-standard","has-post-thumbnail","hentry","category-video-2","infinite-scroll-item","generate-columns","tablet-grid-50","mobile-grid-100","grid-parent","grid-33","no-featured-image-padding"],"acf":[],"yoast_head":"<!-- This site is optimized with the Yoast SEO plugin v28.3 - https:\/\/yoast.com\/product\/yoast-seo-wordpress\/ -->\n<title>X\u0259dic\u0259 \u0130smay\u0131l\u0131n i\u015find\u0259n Ali M\u0259hk\u0259m\u0259y\u0259 \u015fikay\u0259t verildi (V\u0130DEO) - MEYDAN.TV<\/title>\n<meta name=\"robots\" content=\"index, follow, max-snippet:-1, max-image-preview:large, max-video-preview:-1\" \/>\n<link rel=\"canonical\" href=\"https:\/\/www.meydan.tv\/az\/article\/xedice-ismayilin-isinden-ali-mehkemeye-sikayet-verildi-video\/\" \/>\n<meta property=\"og:locale\" content=\"az_AZ\" \/>\n<meta property=\"og:type\" content=\"article\" \/>\n<meta property=\"og:title\" content=\"X\u0259dic\u0259 \u0130smay\u0131l\u0131n i\u015find\u0259n Ali M\u0259hk\u0259m\u0259y\u0259 \u015fikay\u0259t verildi (V\u0130DEO) - MEYDAN.TV\" \/>\n<meta property=\"og:description\" content=\"12 mayda Bak\u0131 Apellyasiya M\u0259hk\u0259m\u0259sind\u0259 ara\u015fd\u0131rma\u00e7\u0131 jurnalist X\u0259dic\u0259 \u0130smay\u0131l\u0131n c\u0259rim\u0259l\u0259nm\u0259sind\u0259n veril\u0259n \u015fikay\u0259t\u0259 bax\u0131l\u0131b. Jurnalistin v\u0259kili Yal\u00e7\u0131n \u0130manov ilkin q\u0259rardan kasasiya \u015fikay\u0259ti verib.\" \/>\n<meta property=\"og:url\" content=\"https:\/\/www.meydan.tv\/az\/article\/xedice-ismayilin-isinden-ali-mehkemeye-sikayet-verildi-video\/\" \/>\n<meta property=\"og:site_name\" content=\"MEYDAN.TV\" \/>\n<meta property=\"article:published_time\" content=\"2015-05-13T01:32:20+00:00\" \/>\n<meta property=\"og:image\" content=\"https:\/\/www.meydan.tv\/wp-content\/uploads\/8821.jpg\" \/>\n\t<meta property=\"og:image:width\" content=\"805\" \/>\n\t<meta property=\"og:image:height\" content=\"448\" \/>\n\t<meta property=\"og:image:type\" content=\"image\/jpeg\" \/>\n<meta name=\"twitter:card\" content=\"summary_large_image\" \/>\n<!-- \/ Yoast SEO plugin. -->","yoast_head_json":{"title":"X\u0259dic\u0259 \u0130smay\u0131l\u0131n i\u015find\u0259n Ali M\u0259hk\u0259m\u0259y\u0259 \u015fikay\u0259t verildi (V\u0130DEO) - MEYDAN.TV","robots":{"index":"index","follow":"follow","max-snippet":"max-snippet:-1","max-image-preview":"max-image-preview:large","max-video-preview":"max-video-preview:-1"},"canonical":"https:\/\/www.meydan.tv\/az\/article\/xedice-ismayilin-isinden-ali-mehkemeye-sikayet-verildi-video\/","og_locale":"az_AZ","og_type":"article","og_title":"X\u0259dic\u0259 \u0130smay\u0131l\u0131n i\u015find\u0259n Ali M\u0259hk\u0259m\u0259y\u0259 \u015fikay\u0259t verildi (V\u0130DEO) - MEYDAN.TV","og_description":"12 mayda Bak\u0131 Apellyasiya M\u0259hk\u0259m\u0259sind\u0259 ara\u015fd\u0131rma\u00e7\u0131 jurnalist X\u0259dic\u0259 \u0130smay\u0131l\u0131n c\u0259rim\u0259l\u0259nm\u0259sind\u0259n veril\u0259n \u015fikay\u0259t\u0259 bax\u0131l\u0131b. Jurnalistin v\u0259kili Yal\u00e7\u0131n \u0130manov ilkin q\u0259rardan kasasiya \u015fikay\u0259ti verib.","og_url":"https:\/\/www.meydan.tv\/az\/article\/xedice-ismayilin-isinden-ali-mehkemeye-sikayet-verildi-video\/","og_site_name":"MEYDAN.TV","article_published_time":"2015-05-13T01:32:20+00:00","og_image":[{"width":805,"height":448,"url":"https:\/\/www.meydan.tv\/wp-content\/uploads\/8821.jpg","type":"image\/jpeg"}],"twitter_card":"summary_large_image","schema":{"@context":"https:\/\/schema.org","@graph":[{"@type":"Article","@id":"https:\/\/www.meydan.tv\/az\/article\/xedice-ismayilin-isinden-ali-mehkemeye-sikayet-verildi-video\/#article","isPartOf":{"@id":"https:\/\/www.meydan.tv\/az\/article\/xedice-ismayilin-isinden-ali-mehkemeye-sikayet-verildi-video\/"},"author":{"name":"user-manager","@id":"https:\/\/www.meydan.tv\/az\/#\/schema\/person\/10d11eccf6da3662cf5fdab9806ea91a"},"headline":"X\u0259dic\u0259 \u0130smay\u0131l\u0131n i\u015find\u0259n Ali M\u0259hk\u0259m\u0259y\u0259 \u015fikay\u0259t verildi (V\u0130DEO)","datePublished":"2015-05-13T01:32:20+00:00","mainEntityOfPage":{"@id":"https:\/\/www.meydan.tv\/az\/article\/xedice-ismayilin-isinden-ali-mehkemeye-sikayet-verildi-video\/"},"wordCount":173,"publisher":{"@id":"https:\/\/www.meydan.tv\/az\/#organization"},"image":{"@id":"https:\/\/www.meydan.tv\/az\/article\/xedice-ismayilin-isinden-ali-mehkemeye-sikayet-verildi-video\/#primaryimage"},"thumbnailUrl":"https:\/\/www.meydan.tv\/wp-content\/uploads\/8821.jpg","articleSection":["Video"],"inLanguage":"az"},{"@type":"WebPage","@id":"https:\/\/www.meydan.tv\/az\/article\/xedice-ismayilin-isinden-ali-mehkemeye-sikayet-verildi-video\/","url":"https:\/\/www.meydan.tv\/az\/article\/xedice-ismayilin-isinden-ali-mehkemeye-sikayet-verildi-video\/","name":"X\u0259dic\u0259 \u0130smay\u0131l\u0131n i\u015find\u0259n Ali M\u0259hk\u0259m\u0259y\u0259 \u015fikay\u0259t verildi (V\u0130DEO) - MEYDAN.TV","isPartOf":{"@id":"https:\/\/www.meydan.tv\/az\/#website"},"primaryImageOfPage":{"@id":"https:\/\/www.meydan.tv\/az\/article\/xedice-ismayilin-isinden-ali-mehkemeye-sikayet-verildi-video\/#primaryimage"},"image":{"@id":"https:\/\/www.meydan.tv\/az\/article\/xedice-ismayilin-isinden-ali-mehkemeye-sikayet-verildi-video\/#primaryimage"},"thumbnailUrl":"https:\/\/www.meydan.tv\/wp-content\/uploads\/8821.jpg","datePublished":"2015-05-13T01:32:20+00:00","breadcrumb":{"@id":"https:\/\/www.meydan.tv\/az\/article\/xedice-ismayilin-isinden-ali-mehkemeye-sikayet-verildi-video\/#breadcrumb"},"inLanguage":"az","potentialAction":[{"@type":"ReadAction","target":["https:\/\/www.meydan.tv\/az\/article\/xedice-ismayilin-isinden-ali-mehkemeye-sikayet-verildi-video\/"]}]},{"@type":"ImageObject","inLanguage":"az","@id":"https:\/\/www.meydan.tv\/az\/article\/xedice-ismayilin-isinden-ali-mehkemeye-sikayet-verildi-video\/#primaryimage","url":"https:\/\/www.meydan.tv\/wp-content\/uploads\/8821.jpg","contentUrl":"https:\/\/www.meydan.tv\/wp-content\/uploads\/8821.jpg","width":805,"height":448,"caption":"Source:"},{"@type":"BreadcrumbList","@id":"https:\/\/www.meydan.tv\/az\/article\/xedice-ismayilin-isinden-ali-mehkemeye-sikayet-verildi-video\/#breadcrumb","itemListElement":[{"@type":"ListItem","position":1,"name":"Ana s\u0259hif\u0259","item":"https:\/\/www.meydan.tv\/az\/"},{"@type":"ListItem","position":2,"name":"Video","item":"https:\/\/www.meydan.tv\/az\/section\/video-2\/"},{"@type":"ListItem","position":3,"name":"X\u0259dic\u0259 \u0130smay\u0131l\u0131n i\u015find\u0259n Ali M\u0259hk\u0259m\u0259y\u0259 \u015fikay\u0259t verildi (V\u0130DEO)"}]},{"@type":"WebSite","@id":"https:\/\/www.meydan.tv\/az\/#website","url":"https:\/\/www.meydan.tv\/az\/","name":"MEYDAN.TV","description":"Meydan TV Az\u0259rbaycan\u0131n media m\u0259kan\u0131ndak\u0131 alternativ s\u0259sidir","publisher":{"@id":"https:\/\/www.meydan.tv\/az\/#organization"},"potentialAction":[{"@type":"SearchAction","target":{"@type":"EntryPoint","urlTemplate":"https:\/\/www.meydan.tv\/az\/?s={search_term_string}"},"query-input":{"@type":"PropertyValueSpecification","valueRequired":true,"valueName":"search_term_string"}}],"inLanguage":"az"},{"@type":"Organization","@id":"https:\/\/www.meydan.tv\/az\/#organization","name":"Meydan TV","url":"https:\/\/www.meydan.tv\/az\/","logo":{"@type":"ImageObject","inLanguage":"az","@id":"https:\/\/www.meydan.tv\/az\/#\/schema\/logo\/image\/","url":"https:\/\/www.meydan.tv\/wp-content\/uploads\/2021\/07\/meydan-logo.svg","contentUrl":"https:\/\/www.meydan.tv\/wp-content\/uploads\/2021\/07\/meydan-logo.svg","width":195,"height":46,"caption":"Meydan TV"},"image":{"@id":"https:\/\/www.meydan.tv\/az\/#\/schema\/logo\/image\/"}},{"@type":"Person","@id":"https:\/\/www.meydan.tv\/az\/#\/schema\/person\/10d11eccf6da3662cf5fdab9806ea91a","name":"user-manager"}]}},"_links":{"self":[{"href":"https:\/\/www.meydan.tv\/az\/wp-json\/wp\/v2\/posts\/167876","targetHints":{"allow":["GET"]}}],"collection":[{"href":"https:\/\/www.meydan.tv\/az\/wp-json\/wp\/v2\/posts"}],"about":[{"href":"https:\/\/www.meydan.tv\/az\/wp-json\/wp\/v2\/types\/post"}],"author":[{"embeddable":true,"href":"https:\/\/www.meydan.tv\/az\/wp-json\/wp\/v2\/users\/11"}],"replies":[{"embeddable":true,"href":"https:\/\/www.meydan.tv\/az\/wp-json\/wp\/v2\/comments?post=167876"}],"version-history":[{"count":0,"href":"https:\/\/www.meydan.tv\/az\/wp-json\/wp\/v2\/posts\/167876\/revisions"}],"wp:featuredmedia":[{"embeddable":true,"href":"https:\/\/www.meydan.tv\/az\/wp-json\/wp\/v2\/media\/24237"}],"wp:attachment":[{"href":"https:\/\/www.meydan.tv\/az\/wp-json\/wp\/v2\/media?parent=167876"}],"wp:term":[{"taxonomy":"category","embeddable":true,"href":"https:\/\/www.meydan.tv\/az\/wp-json\/wp\/v2\/categories?post=167876"},{"taxonomy":"post_tag","embeddable":true,"href":"https:\/\/www.meydan.tv\/az\/wp-json\/wp\/v2\/tags?post=167876"}],"curies":[{"name":"wp","href":"https:\/\/api.w.org\/{rel}","templated":true}]}}