{"id":167871,"date":"2015-05-12T13:53:41","date_gmt":"2015-05-12T13:53:41","guid":{"rendered":"https:\/\/www.meydan.tv\/article\/feryad-filmindeki-bas-qehremanin-prototipi-evinde-olu-tapildi\/"},"modified":"2015-05-12T13:53:41","modified_gmt":"2015-05-12T13:53:41","slug":"feryad-filmindeki-bas-qehremanin-prototipi-evinde-olu-tapildi","status":"publish","type":"post","link":"https:\/\/www.meydan.tv\/az\/article\/feryad-filmindeki-bas-qehremanin-prototipi-evinde-olu-tapildi\/","title":{"rendered":"&#8220;F\u0259ryad&#8221; filmind\u0259ki ba\u015f q\u0259hr\u0259man\u0131n prototipi evind\u0259 \u00f6l\u00fc tap\u0131ld\u0131"},"content":{"rendered":"<figure class=\"wp-block-image size-large\">\n  <img decoding=\"async\" src=\"https:\/\/www.meydan.tv\/az\/24222\/\" alt=\"\" class=\"wp-image-24222\"\/><figcaption><\/figcaption><\/figure>\n<figure class=\"wp-block-image size-large\">\n  <img decoding=\"async\" src=\"https:\/\/www.meydan.tv\/az\/24222\/\" alt=\"\" class=\"wp-image-24222\"\/><figcaption><\/figcaption><\/figure>\n<p>\n  <i><br \/>\n    Mehman H\u00fcseynov Bak\u0131 \u015f\u0259h\u0259ri Sabun\u00e7u rayonu, Bak\u0131xanov q\u0259s\u0259b\u0259sind\u0259 t\u0259k ya\u015fay\u0131rm\u0131\u015f<br \/>\n  <\/i>\n<\/p>\n<p>\n  Az\u0259rbaycan\u0131n Qaraba\u011f m\u00fcharib\u0259sind\u0259n b\u0259hs ed\u0259n m\u0259\u015fhur &#8220;F\u0259ryad&#8221; filmind\u0259ki ba\u015f q\u0259hr\u0259man\u0131n prototipi, ke\u00e7mi\u015f d\u00f6y\u00fc\u015f\u00e7\u00fc Mehman H\u00fcseynov may\u0131n 11-d\u0259 evind\u0259 \u00fcr\u0259k \u00e7at\u0131\u015fmazl\u0131\u011f\u0131ndan d\u00fcnyas\u0131n\u0131 d\u0259yi\u015fib.<\/p>\n<p>  Bu bar\u0259d\u0259 m\u0259rhum d\u00f6y\u00fc\u015f\u00e7\u00fcn\u00fcn dostu Nazim Bayram \u00f6z Facebook s\u0259hif\u0259sind\u0259\u00a0m\u0259lumat verib.\n<\/p>\n<p>\n  <br \/>\n  Nazim Bayram yaz\u0131b ki, Mehman H\u00fcseynov Bak\u0131 \u015f\u0259h\u0259ri Sabun\u00e7u rayonu, Bak\u0131xanov q\u0259s\u0259b\u0259sind\u0259 t\u0259k ya\u015fay\u0131rm\u0131\u015f. El\u0259 \u00f6t\u0259n gec\u0259 m\u0259nzilind\u0259 d\u0259 v\u0259fat edib. Onun meyitini dostlar\u0131 a\u015fkar edibl\u0259r.\n<\/p>\n<p>\n  &#8220;Feysbukda son payla\u015f\u0131m\u0131 7 saat \u0259vv\u0259l olmu\u015fdu. 20 d\u0259qiq\u0259 \u0259vv\u0259l x\u0259b\u0259ri e\u015fid\u0259n kimi onun telefonuna z\u0259ng etdim. Dostu qald\u0131rd\u0131. Dedi, telefona cavab vermirdi, narahat oldum, polisl\u0259 g\u0259ldik, qap\u0131n\u0131 s\u0131nd\u0131r\u0131b, ev\u0259 ke\u00e7dik v\u0259 Mehman\u0131 ke\u00e7inmi\u015f halda g\u00f6rd\u00fck&#8230;&#8221;,-dey\u0259 Nazim Bayram yaz\u0131b.\n<\/p>\n<p>\n  Qaraba\u011f m\u00fcharib\u0259sinin qazisi Mehman H\u00fcseynov Milli Ordumuzun ilk h\u0259rbi hiss\u0259l\u0259rind\u0259n birind\u0259 &#8211; \u015e\u0131x batalyonda d\u00f6y\u00fc\u015f\u0259 yollanan birinci k\u00f6n\u00fcll\u00fcl\u0259rd\u0259n olub. O, ad\u0131 \u00e7\u0259kil\u0259n batalyonda ta\u011f\u0131m komandiri olub.<\/p>\n<p>  1991-ci ilin dekabr\u0131nda Qaraba\u011f\u0131n K\u0259rkicahan q\u0259s\u0259b\u0259sind\u0259 Mehman\u0131n ta\u011f\u0131m\u0131 d\u00fc\u015fm\u0259nl\u0259 qeyri-b\u0259rab\u0259r d\u00f6y\u00fc\u015fd\u0259 sonacan m\u00fcqavim\u0259t g\u00f6st\u0259rib, o zaman h\u0259rb\u00e7il\u0259rimizin silah-sursatlar\u0131 bitib, \u0259sg\u0259rl\u0259rimizin \u00e7oxu h\u0259lak olub, onun \u00f6z\u00fc is\u0259 yaral\u0131 v\u0259ziy\u0259td\u0259 d\u00fc\u015fm\u0259n\u0259 \u0259sir d\u00fc\u015f\u00fcb.<\/p>\n<p>  Mehman H\u00fcseynovun d\u00f6y\u00fc\u015f yolu v\u0259 \u0259sir d\u00fc\u015fd\u00fcy\u00fc epizodlar sonralar istedadl\u0131 rejissor Ceyhum Mirz\u0259yevin ekranla\u015fd\u0131rd\u0131\u011f\u0131 &#8220;F\u0259ryad&#8221; filmin\u0259 sal\u0131n\u0131b, o, bu ekran \u0259s\u0259rinin ba\u015f q\u0259hr\u0259man\u0131n\u0131n prototipi olub.<\/p>\n","protected":false},"excerpt":{"rendered":"<p>Mehman H\u00fcseynov Bak\u0131 \u015f\u0259h\u0259ri Sabun\u00e7u rayonu, Bak\u0131xanov q\u0259s\u0259b\u0259sind\u0259 t\u0259k ya\u015fay\u0131rm\u0131\u015f<\/p>\n","protected":false},"author":11,"featured_media":24222,"comment_status":"closed","ping_status":"open","sticky":false,"template":"","format":"standard","meta":{"_acf_changed":false,"_sitemap_exclude":false,"_sitemap_priority":"","_sitemap_frequency":"","footnotes":""},"categories":[56],"tags":[],"class_list":["post-167871","post","type-post","status-publish","format-standard","has-post-thumbnail","hentry","category-xeberler","infinite-scroll-item","generate-columns","tablet-grid-50","mobile-grid-100","grid-parent","grid-33","no-featured-image-padding"],"acf":[],"yoast_head":"<!-- This site is optimized with the Yoast SEO plugin v28.4 - https:\/\/yoast.com\/product\/yoast-seo-wordpress\/ -->\n<title>&quot;F\u0259ryad&quot; filmind\u0259ki ba\u015f q\u0259hr\u0259man\u0131n prototipi evind\u0259 \u00f6l\u00fc tap\u0131ld\u0131 - MEYDAN.TV<\/title>\n<meta name=\"robots\" content=\"index, follow, max-snippet:-1, max-image-preview:large, max-video-preview:-1\" \/>\n<link rel=\"canonical\" href=\"https:\/\/www.meydan.tv\/az\/article\/feryad-filmindeki-bas-qehremanin-prototipi-evinde-olu-tapildi\/\" \/>\n<meta property=\"og:locale\" content=\"az_AZ\" \/>\n<meta property=\"og:type\" content=\"article\" \/>\n<meta property=\"og:title\" content=\"&quot;F\u0259ryad&quot; filmind\u0259ki ba\u015f q\u0259hr\u0259man\u0131n prototipi evind\u0259 \u00f6l\u00fc tap\u0131ld\u0131 - MEYDAN.TV\" \/>\n<meta property=\"og:description\" content=\"Mehman H\u00fcseynov Bak\u0131 \u015f\u0259h\u0259ri Sabun\u00e7u rayonu, Bak\u0131xanov q\u0259s\u0259b\u0259sind\u0259 t\u0259k ya\u015fay\u0131rm\u0131\u015f\" \/>\n<meta property=\"og:url\" content=\"https:\/\/www.meydan.tv\/az\/article\/feryad-filmindeki-bas-qehremanin-prototipi-evinde-olu-tapildi\/\" \/>\n<meta property=\"og:site_name\" content=\"MEYDAN.TV\" \/>\n<meta property=\"article:published_time\" content=\"2015-05-12T13:53:41+00:00\" \/>\n<meta property=\"og:image\" content=\"https:\/\/www.meydan.tv\/wp-content\/uploads\/8815.jpg\" \/>\n\t<meta property=\"og:image:width\" content=\"594\" \/>\n\t<meta property=\"og:image:height\" content=\"400\" \/>\n\t<meta property=\"og:image:type\" content=\"image\/jpeg\" \/>\n<meta name=\"twitter:card\" content=\"summary_large_image\" \/>\n<!-- \/ Yoast SEO plugin. -->","yoast_head_json":{"title":"\"F\u0259ryad\" filmind\u0259ki ba\u015f q\u0259hr\u0259man\u0131n prototipi evind\u0259 \u00f6l\u00fc tap\u0131ld\u0131 - MEYDAN.TV","robots":{"index":"index","follow":"follow","max-snippet":"max-snippet:-1","max-image-preview":"max-image-preview:large","max-video-preview":"max-video-preview:-1"},"canonical":"https:\/\/www.meydan.tv\/az\/article\/feryad-filmindeki-bas-qehremanin-prototipi-evinde-olu-tapildi\/","og_locale":"az_AZ","og_type":"article","og_title":"\"F\u0259ryad\" filmind\u0259ki ba\u015f q\u0259hr\u0259man\u0131n prototipi evind\u0259 \u00f6l\u00fc tap\u0131ld\u0131 - MEYDAN.TV","og_description":"Mehman H\u00fcseynov Bak\u0131 \u015f\u0259h\u0259ri Sabun\u00e7u rayonu, Bak\u0131xanov q\u0259s\u0259b\u0259sind\u0259 t\u0259k ya\u015fay\u0131rm\u0131\u015f","og_url":"https:\/\/www.meydan.tv\/az\/article\/feryad-filmindeki-bas-qehremanin-prototipi-evinde-olu-tapildi\/","og_site_name":"MEYDAN.TV","article_published_time":"2015-05-12T13:53:41+00:00","og_image":[{"width":594,"height":400,"url":"https:\/\/www.meydan.tv\/wp-content\/uploads\/8815.jpg","type":"image\/jpeg"}],"twitter_card":"summary_large_image","schema":{"@context":"https:\/\/schema.org","@graph":[{"@type":"Article","@id":"https:\/\/www.meydan.tv\/az\/article\/feryad-filmindeki-bas-qehremanin-prototipi-evinde-olu-tapildi\/#article","isPartOf":{"@id":"https:\/\/www.meydan.tv\/az\/article\/feryad-filmindeki-bas-qehremanin-prototipi-evinde-olu-tapildi\/"},"author":{"name":"user-manager","@id":"https:\/\/www.meydan.tv\/az\/#\/schema\/person\/10d11eccf6da3662cf5fdab9806ea91a"},"headline":"&#8220;F\u0259ryad&#8221; filmind\u0259ki ba\u015f q\u0259hr\u0259man\u0131n prototipi evind\u0259 \u00f6l\u00fc tap\u0131ld\u0131","datePublished":"2015-05-12T13:53:41+00:00","mainEntityOfPage":{"@id":"https:\/\/www.meydan.tv\/az\/article\/feryad-filmindeki-bas-qehremanin-prototipi-evinde-olu-tapildi\/"},"wordCount":342,"publisher":{"@id":"https:\/\/www.meydan.tv\/az\/#organization"},"image":{"@id":"https:\/\/www.meydan.tv\/az\/article\/feryad-filmindeki-bas-qehremanin-prototipi-evinde-olu-tapildi\/#primaryimage"},"thumbnailUrl":"https:\/\/www.meydan.tv\/wp-content\/uploads\/8815.jpg","articleSection":["X\u0259b\u0259rl\u0259r"],"inLanguage":"az"},{"@type":"WebPage","@id":"https:\/\/www.meydan.tv\/az\/article\/feryad-filmindeki-bas-qehremanin-prototipi-evinde-olu-tapildi\/","url":"https:\/\/www.meydan.tv\/az\/article\/feryad-filmindeki-bas-qehremanin-prototipi-evinde-olu-tapildi\/","name":"\"F\u0259ryad\" filmind\u0259ki ba\u015f q\u0259hr\u0259man\u0131n prototipi evind\u0259 \u00f6l\u00fc tap\u0131ld\u0131 - MEYDAN.TV","isPartOf":{"@id":"https:\/\/www.meydan.tv\/az\/#website"},"primaryImageOfPage":{"@id":"https:\/\/www.meydan.tv\/az\/article\/feryad-filmindeki-bas-qehremanin-prototipi-evinde-olu-tapildi\/#primaryimage"},"image":{"@id":"https:\/\/www.meydan.tv\/az\/article\/feryad-filmindeki-bas-qehremanin-prototipi-evinde-olu-tapildi\/#primaryimage"},"thumbnailUrl":"https:\/\/www.meydan.tv\/wp-content\/uploads\/8815.jpg","datePublished":"2015-05-12T13:53:41+00:00","breadcrumb":{"@id":"https:\/\/www.meydan.tv\/az\/article\/feryad-filmindeki-bas-qehremanin-prototipi-evinde-olu-tapildi\/#breadcrumb"},"inLanguage":"az","potentialAction":[{"@type":"ReadAction","target":["https:\/\/www.meydan.tv\/az\/article\/feryad-filmindeki-bas-qehremanin-prototipi-evinde-olu-tapildi\/"]}]},{"@type":"ImageObject","inLanguage":"az","@id":"https:\/\/www.meydan.tv\/az\/article\/feryad-filmindeki-bas-qehremanin-prototipi-evinde-olu-tapildi\/#primaryimage","url":"https:\/\/www.meydan.tv\/wp-content\/uploads\/8815.jpg","contentUrl":"https:\/\/www.meydan.tv\/wp-content\/uploads\/8815.jpg","width":594,"height":400,"caption":"Source:"},{"@type":"BreadcrumbList","@id":"https:\/\/www.meydan.tv\/az\/article\/feryad-filmindeki-bas-qehremanin-prototipi-evinde-olu-tapildi\/#breadcrumb","itemListElement":[{"@type":"ListItem","position":1,"name":"Ana s\u0259hif\u0259","item":"https:\/\/www.meydan.tv\/az\/"},{"@type":"ListItem","position":2,"name":"X\u0259b\u0259rl\u0259r","item":"https:\/\/www.meydan.tv\/az\/section\/xeberler\/"},{"@type":"ListItem","position":3,"name":"&#8220;F\u0259ryad&#8221; filmind\u0259ki ba\u015f q\u0259hr\u0259man\u0131n prototipi evind\u0259 \u00f6l\u00fc tap\u0131ld\u0131"}]},{"@type":"WebSite","@id":"https:\/\/www.meydan.tv\/az\/#website","url":"https:\/\/www.meydan.tv\/az\/","name":"MEYDAN.TV","description":"Meydan TV Az\u0259rbaycan\u0131n media m\u0259kan\u0131ndak\u0131 alternativ s\u0259sidir","publisher":{"@id":"https:\/\/www.meydan.tv\/az\/#organization"},"potentialAction":[{"@type":"SearchAction","target":{"@type":"EntryPoint","urlTemplate":"https:\/\/www.meydan.tv\/az\/?s={search_term_string}"},"query-input":{"@type":"PropertyValueSpecification","valueRequired":true,"valueName":"search_term_string"}}],"inLanguage":"az"},{"@type":"Organization","@id":"https:\/\/www.meydan.tv\/az\/#organization","name":"Meydan TV","url":"https:\/\/www.meydan.tv\/az\/","logo":{"@type":"ImageObject","inLanguage":"az","@id":"https:\/\/www.meydan.tv\/az\/#\/schema\/logo\/image\/","url":"https:\/\/www.meydan.tv\/wp-content\/uploads\/2021\/07\/meydan-logo.svg","contentUrl":"https:\/\/www.meydan.tv\/wp-content\/uploads\/2021\/07\/meydan-logo.svg","width":195,"height":46,"caption":"Meydan TV"},"image":{"@id":"https:\/\/www.meydan.tv\/az\/#\/schema\/logo\/image\/"}},{"@type":"Person","@id":"https:\/\/www.meydan.tv\/az\/#\/schema\/person\/10d11eccf6da3662cf5fdab9806ea91a","name":"user-manager"}]}},"_links":{"self":[{"href":"https:\/\/www.meydan.tv\/az\/wp-json\/wp\/v2\/posts\/167871","targetHints":{"allow":["GET"]}}],"collection":[{"href":"https:\/\/www.meydan.tv\/az\/wp-json\/wp\/v2\/posts"}],"about":[{"href":"https:\/\/www.meydan.tv\/az\/wp-json\/wp\/v2\/types\/post"}],"author":[{"embeddable":true,"href":"https:\/\/www.meydan.tv\/az\/wp-json\/wp\/v2\/users\/11"}],"replies":[{"embeddable":true,"href":"https:\/\/www.meydan.tv\/az\/wp-json\/wp\/v2\/comments?post=167871"}],"version-history":[{"count":0,"href":"https:\/\/www.meydan.tv\/az\/wp-json\/wp\/v2\/posts\/167871\/revisions"}],"wp:featuredmedia":[{"embeddable":true,"href":"https:\/\/www.meydan.tv\/az\/wp-json\/wp\/v2\/media\/24222"}],"wp:attachment":[{"href":"https:\/\/www.meydan.tv\/az\/wp-json\/wp\/v2\/media?parent=167871"}],"wp:term":[{"taxonomy":"category","embeddable":true,"href":"https:\/\/www.meydan.tv\/az\/wp-json\/wp\/v2\/categories?post=167871"},{"taxonomy":"post_tag","embeddable":true,"href":"https:\/\/www.meydan.tv\/az\/wp-json\/wp\/v2\/tags?post=167871"}],"curies":[{"name":"wp","href":"https:\/\/api.w.org\/{rel}","templated":true}]}}