{"id":167868,"date":"2015-05-12T00:21:41","date_gmt":"2015-05-12T00:21:41","guid":{"rendered":"https:\/\/www.meydan.tv\/article\/kurdexani-universiteti-nin-onunde-fotosessiya\/"},"modified":"2015-05-12T00:21:41","modified_gmt":"2015-05-12T00:21:41","slug":"kurdexani-universiteti-nin-onunde-fotosessiya","status":"publish","type":"post","link":"https:\/\/www.meydan.tv\/az\/article\/kurdexani-universiteti-nin-onunde-fotosessiya\/","title":{"rendered":"&#8221;K\u00fcrd\u0259xan\u0131 Universiteti&#8221;-nin \u00f6n\u00fcnd\u0259 (Fotosessiya)"},"content":{"rendered":"<figure class=\"wp-block-image size-large\">\n  <img decoding=\"async\" src=\"https:\/\/www.meydan.tv\/az\/24195\/\" alt=\"\" class=\"wp-image-24195\"\/><figcaption><\/figcaption><\/figure>\n<p>\n  Son ill\u0259r K\u00fcrd\u0259xan\u0131 t\u0259cridxanas\u0131 haqq\u0131nda \u0259n \u00e7ox dan\u0131\u015f\u0131lan yerl\u0259rd\u0259n biridir. \u0130ctimai-siyasi f\u0259allar\u0131n, ziyal\u0131lar\u0131n h\u0259bsind\u0259n sonra g\u0259ncl\u0259r buran\u0131 &#8220;universitet&#8221; adland\u0131r\u0131blar.<br \/>\n  <br \/>\n  Biz d\u0259 K\u00fcrd\u0259xan\u0131 t\u0259cridxanas\u0131na yolland\u0131q. M\u0259qs\u0259dimiz yax\u0131nlar\u0131n\u0131n yan\u0131na g\u0259lmi\u015f ziyar\u0259t\u00e7il\u0259ri dinl\u0259m\u0259k, sual verm\u0259d\u0259n onlar\u0131n probleml\u0259ri il\u0259 tan\u0131\u015f olmaqd\u0131.<br \/>\n  <br \/>\n  Yeri g\u0259lmi\u015fk\u0259n, ictimai jurnalistikada buna &#8220;divarda mil\u00e7\u0259k&#8221; \u00fcsulu deyilir. Y\u0259ni, he\u00e7 kimin \u0259h\u0259miyy\u0259t verm\u0259diyi, \u00e7\u0259kinm\u0259diyi, amma var olan biri&#8230;\n<\/p>\n<figure class=\"wp-block-image size-large\">\n  <img decoding=\"async\" src=\"https:\/\/www.meydan.tv\/az\/24186\/\" alt=\"\" class=\"wp-image-24186\"\/><figcaption><\/figcaption><\/figure>\n<p>\n  <b><br \/>\n    \u201c\u0130\u015fi v\u0259kill\u0259 yox, hakiml\u0259 g\u00f6r\u201d<br \/>\n  <\/b>\n<\/p>\n<p>\n  K\u00fcrd\u0259xan\u0131dak\u0131 h\u0259bsxana yenid\u0259n t\u0259mir olunub v\u0259 geni\u015fl\u0259ndirilib. Gedi\u015f-g\u0259li\u015fd\u0259n uzaq \u0259razid\u0259 yerl\u0259\u015fir. H\u0259bsxanan\u0131n \u00f6n\u00fcn\u0259 i\u015fl\u0259y\u0259n n\u0259qliyyat vasit\u0259si taksil\u0259rdi. Gedi\u015f haqq\u0131 s\u0259rni\u015find\u0259n as\u0131l\u0131 olmayaraq 2 manatd\u0131r. H\u0259bsxanan\u0131n \u00f6n\u00fcnd\u0259 dayanacaq qoyulsa da, ondan\u00a0 ancaq ya\u011f\u0131\u015fdan v\u0259 g\u00fcn\u0259\u015fd\u0259n qorunmaq \u00fc\u00e7\u00fcn istifad\u0259 olunur. Siyah\u0131ya \u0259sas\u0259n g\u00f6r\u00fc\u015f vaxt\u0131 \u00e7atan v\u0259t\u0259nda\u015flar bu dayanaca\u011fa topla\u015f\u0131r.\n<\/p>\n<figure class=\"wp-block-image size-large\">\n  <img decoding=\"async\" src=\"https:\/\/www.meydan.tv\/az\/24192\/\" alt=\"\" class=\"wp-image-24192\"\/><figcaption><\/figcaption><\/figure>\n<p>\n  &#8220;M\u00fcst\u0259ntiq\u0259 11 min 500 t\u0259klif el\u0259dim. O da dedi ki, m\u0259n qad\u0131nla i\u015f g\u00f6rm\u00fcr\u0259m, ki\u015fi g\u0259lsin. 10 min manat v\u0259kil\u0259 pul vermi\u015fdim, almaq ist\u0259yir\u0259m. \u00dc\u00e7 n\u0259f\u0259r ittiham olunurdu. \u0130kisi pullu idi, h\u0259min d\u0259qiq\u0259 \u00e7\u0131xard\u0131lar. K\u00fcr\u0259k\u0259nim qald\u0131. Bu i\u015fd\u0259n ba\u015fqa da Bayram Bayramovun o\u011fludumu, n\u0259v\u0259sidirmi, kimdir, onlar da &#8220;qruppavoy&#8221; tutulmu\u015fdu. Onlar\u0131 da pul verib \u00e7\u0131xard\u0131lar. M\u00fcst\u0259ntiq k\u00fcr\u0259k\u0259nl\u0259 prinsip\u0259 d\u00fc\u015fd\u00fcy\u00fc \u00fc\u00e7\u00fcn o i\u015fi d\u0259 yazd\u0131lar bunun ad\u0131na. Q\u0131z\u0131m bir ay\u0131n g\u0259lini olub. O\u011furluq \u00fcst\u0259 tutulub. Apellyasiyaya vermi\u015f\u0259m&#8221; &#8211;\u00a0 orta ya\u015fl\u0131, geydiyi \u00e7\u0259k\u0259l\u0259kd\u0259n \u00e7atlam\u0131\u015f dabanlar\u0131 g\u00f6r\u00fcn\u0259n qad\u0131n deyirdi.\n<\/p>\n<figure class=\"wp-block-image size-large\">\n  <img decoding=\"async\" src=\"https:\/\/www.meydan.tv\/az\/24189\/\" alt=\"\" class=\"wp-image-24189\"\/><figcaption><\/figcaption><\/figure>\n<p>\n  \u018ftraf\u0131na topla\u015fan qad\u0131nlar onu dinl\u0259yir, b\u0259zil\u0259ri m\u0259sl\u0259h\u0259tl\u0259r verirdil\u0259r. Qad\u0131na i\u015fi v\u0259kill\u0259 yox, hakiml\u0259 g\u00f6rm\u0259k m\u0259sl\u0259h\u0259t olunurdu.<br \/>\n  <br \/>\n  &#8220;Birba\u015fa he\u00e7 kim\u0259 he\u00e7 n\u0259 verm\u0259. V\u0259kill\u0259 dan\u0131\u015fma. V\u0259kil kimdi? V\u0259kill\u0259r h\u0259mi\u015f\u0259 ikit\u0259r\u0259fli i\u015fl\u0259yir, he\u00e7 vaxt onlara inanma. \u0130\u015fini hakiml\u0259 g\u00f6r. Gir yan\u0131na, dan\u0131\u015f. \u0130lyas m\u00fc\u0259llimin o\u011flu vard\u0131 e, Adil. Onlara tap\u015f\u0131rd\u0131m ki, pul verm\u0259yin, verirdil\u0259r. El\u0259m\u0259yin deyirdim, ancaq el\u0259dil\u0259r. Ax\u0131rda 9 il i\u015f verdil\u0259r &#8221; &#8211; deyirdi ba\u015fqa bir ya\u015fl\u0131 xan\u0131m.\n<\/p>\n<figure class=\"wp-block-image size-large\">\n  <img decoding=\"async\" src=\"https:\/\/www.meydan.tv\/az\/24198\/\" alt=\"\" class=\"wp-image-24198\"\/><figcaption><\/figcaption><\/figure>\n<p>\n  <br \/>\n  &#8220;V\u0259kilin ofisi N\u0259rimanovdad\u0131. Q\u0131z\u0131m yan\u0131na gedib. M\u00fcqavil\u0259 d\u0259 ba\u011flamam\u0131\u015fam. Onu da m\u0259n\u0259 bir yax\u0131n adam m\u0259sl\u0259h\u0259t g\u00f6rm\u00fc\u015fd\u00fc. Buna g\u00f6r\u0259 inand\u0131m&#8221; \u2013 dedi qad\u0131n.<br \/>\n  <br \/>\n  Ya\u015fl\u0131 xan\u0131m m\u0259sl\u0259h\u0259t verdi: &#8220;\u00d6z\u00fcn yan\u0131na get v\u0259 den\u0259n ki, s\u0259sini yazm\u0131\u015fam, pulumu ver. Verm\u0259s\u0259n, s\u0259ni polis\u0259 ver\u0259c\u0259m&#8221;. Ba\u015fqa bir qad\u0131n tez dill\u0259ndi: &#8220;\u0130ndi gizli s\u0259s yaz\u0131s\u0131 q\u0259bul olunmur&#8221;.\n<\/p>\n<figure class=\"wp-block-image size-large\">\n  <img decoding=\"async\" src=\"https:\/\/www.meydan.tv\/az\/24213\/\" alt=\"\" class=\"wp-image-24213\"\/><figcaption><\/figcaption><\/figure>\n<p>\n  &#8220;Bilirsiz neyl\u0259y\u0259c\u0259m? O v\u0259kil bir bankla i\u015fl\u0259yir. H\u0259min bankdan kredit g\u00f6t\u00fcrm\u0259k ist\u0259y\u0259nl\u0259r\u0259 saxta s\u0259n\u0259d verir ki, guya bu adamlar h\u0259min m\u00fc\u0259ssis\u0259d\u0259 i\u015fl\u0259yir v\u0259 filan q\u0259d\u0259r maa\u015f al\u0131r. Pulumu verm\u0259s\u0259, m\u0259n bu i\u015fin \u00fcst\u00fcn\u00fc a\u00e7acam. Dey\u0259c\u0259m ki, saxta i\u015fl\u0259r g\u00f6r\u00fcrs\u0259n. O\u011flan 2 ayd\u0131 i\u015fl\u0259yir, ancaq MMC \u015firk\u0259tin\u0259 3 il bundan \u0259vv\u0259l\u0259 i\u015fl\u0259m\u0259si haqda ka\u011f\u0131z vermis\u0259n&#8221; &#8211; dedi, k\u00fcr\u0259k\u0259ni h\u0259bs olunan xan\u0131m.\n<\/p>\n<p>\n  <b><br \/>\n    \u201cAz\u0259r m\u00fc\u0259llim\u0259 m\u0259ktub yazd\u0131m\u201d<br \/>\n  <\/b>\n<\/p>\n<p>\n  \u00d6z\u00fcn\u00fc k\u00f6m\u0259k ist\u0259y\u0259n qad\u0131na Sevinc kimi t\u0259qdim ed\u0259n xan\u0131m s\u00f6hb\u0259t\u0259 qar\u0131\u015fd\u0131: &#8220;\u201c\u0130\u00e7\u0259ri\u015f\u0259h\u0259r\u201d metrosu il\u0259 \u00fczb\u0259\u00fcz v\u0259kil xidm\u0259ti g\u00f6st\u0259r\u0259n yer var. Bu yax\u0131nlarda bir qad\u0131n m\u0259n\u0259 m\u00fcraci\u0259t el\u0259di. V\u0259kil\u0259 verdiyi 400 manat\u0131 ala bilmirdi. V\u0259kill\u0259r Kollegiyas\u0131n\u0131n s\u0259dri Az\u0259r m\u00fc\u0259llim\u0259 m\u0259ktub yazd\u0131m, pulu ald\u0131&#8221;.<br \/>\n  <br \/>\n  \u00a0&#8220;2 min \u0259riz\u0259l\u0259r\u0259 ver, 3 min &#8220;stavka&#8221;lar\u0131 g\u00f6t\u00fcrm\u0259y\u0259 ver, 3 min flan \u015fey\u0259 ver. M\u0259n d\u0259 buna 10 min manat pul verdim ki, k\u00fcr\u0259k\u0259nim\u0259 k\u00f6m\u0259k ed\u0259 bilim&#8230;&#8221; &#8211; dey\u0259n qad\u0131n\u0131 ya\u015fl\u0131 xan\u0131m Bin\u0259q\u0259diy\u0259, \u00f6z qohumunun yan\u0131na g\u00f6nd\u0259rdi: &#8220;Yaqubovu tan\u0131y\u0131rsan da. Onun bac\u0131s\u0131n\u0131n g\u0259lini Fizz\u0259 M\u0259mm\u0259dova Bin\u0259q\u0259did\u0259 polis mayorudu. Ged\u0259rs\u0259n onun yan\u0131na, dey\u0259rs\u0259n ki, m\u0259ni \u018fmin\u0259 g\u00f6nd\u0259rdi. O, s\u0259n\u0259 k\u00f6m\u0259k ed\u0259c\u0259k. N\u0259 q\u0259d\u0259r ist\u0259s\u0259n h\u00f6rm\u0259t ed\u0259rs\u0259n. N\u0259 s\u0259nin mal\u0131n\u0131 yey\u0259c\u0259kl\u0259r, n\u0259 d\u0259 pulunu&#8221;.\n<\/p>\n<p>\n  <b><br \/>\n    \u201cM\u00fcst\u0259ntiqin \u201ch\u00f6rm\u0259t\u201dini d\u0259 \u00f6z\u00fcm el\u0259mi\u015f\u0259m\u201d<br \/>\n  <\/b>\n<\/p>\n<p>\n  \u201cM\u00fcst\u0259ntiql\u0259r qad\u0131nla i\u015f g\u00f6rm\u00fcr\u201d s\u00f6z\u00fcn\u00fc kim deyir, ba\u015fa d\u00fc\u015f\u0259 bilmir\u0259m. Ay bac\u0131, m\u0259n \u00f6z\u00fcm m\u00fcst\u0259ntiqin yan\u0131na getmi\u015f\u0259m, yolda\u015f\u0131m\u0131n i\u015fini \u00f6z\u00fcm h\u0259ll el\u0259mi\u015f\u0259m. \u0130\u015fini \u00f6z\u00fcm y\u00fcng\u00fcll\u0259\u015fdirmi\u015f\u0259m. H\u0259r i\u015fimi \u00f6z\u00fcm g\u00f6r\u00fcr\u0259m. M\u00fcst\u0259ntiqin \u201ch\u00f6rm\u0259t\u201dini d\u0259 \u00f6z\u00fcm el\u0259mi\u015f\u0259m. \u0130ndi d\u0259 yax\u015f\u0131 m\u00fcnasib\u0259tim var. M\u00fcst\u0259ntiq m\u0259n\u0259 dedi ki, s\u0259n\u0259 ki\u015fi kimi bax\u0131ram. El\u0259 yax\u015f\u0131 o\u011fland\u0131. Yasamalda i\u015fl\u0259yir. Uzaqdan m\u0259ni g\u00f6r\u0259nd\u0259 n\u00f6vb\u0259siz i\u00e7\u0259ri ke\u00e7ir\u0259r. B\u00fct\u00fcn n\u0259slimizin i\u015fini o g\u00f6r\u00fcr. Dan\u0131\u015f\u0131qdan \u00e7ox \u015fey as\u0131l\u0131d\u0131. M\u0259n v\u0259kil d\u0259 ist\u0259m\u0259mi\u015f\u0259m. Dedim, \u018fli m\u00fc\u0259llim, m\u0259n v\u0259kil ist\u0259mir\u0259m. V\u0259kil\u0259 verdiyim pulu ver\u0259r\u0259m hakim\u0259&#8221; &#8211; bunu da g\u00f6r\u00fc\u015f\u0259 g\u0259l\u0259n hicabl\u0131 xan\u0131mlardan biri s\u00f6yl\u0259di.\n<\/p>\n<figure class=\"wp-block-image size-large\">\n  <img decoding=\"async\" src=\"https:\/\/www.meydan.tv\/az\/24201\/\" alt=\"\" class=\"wp-image-24201\"\/><figcaption><\/figcaption><\/figure>\n<p>\n  <b><br \/>\n    \u201c1500 manatla qurtarmaq olard\u0131\u201d<br \/>\n  <\/b>\n<\/p>\n<p>\n  G\u00f6r\u00fc\u015f\u0259 g\u0259l\u0259n ba\u015fqa bir qad\u0131n is\u0259 \u00e7ox pul ist\u0259m\u0259l\u0259rind\u0259n gileyl\u0259ndi: &#8220;Allah insaf\u0131n\u0131z\u0131 k\u0259ssin, 120 manat ald\u0131lar m\u0259nd\u0259n. G\u00f6r\u00fc\u015f \u00fc\u00e7\u00fcn qap\u0131da verdim. Arxa otaqda oturursan, \u00fczb\u0259\u00fcz g\u00f6r\u00fc\u015f\u00fcrs\u0259n&#8221;.\n<\/p>\n<p>\n  Bununla da s\u00f6hb\u0259tin m\u00f6vzusu d\u0259yi\u015fdi:\n<\/p>\n<p>\n  &#8220;M\u0259n 2 manat verdim. Qap\u0131dak\u0131lardan biri dedi: \u201cH\u00f6rm\u0259t el\u0259\u201d. M\u0259n d\u0259 dedim, 2 manat\u0131m var. Dedi, eybi yox, ver, g\u0259lsin&#8221; \u2013 daha bir ya\u015fl\u0131 qad\u0131n g\u00fcl\u0259-g\u00fcl\u0259 s\u00f6hb\u0259t\u0259 qo\u015fuldu.<br \/>\n  <br \/>\n  Topla\u015fanlar aras\u0131nda \u00f6z\u00fcn\u0259 yer ed\u0259n ba\u015fqa bir xan\u0131m da dill\u0259ndi: &#8220;M\u0259nimki t\u0259z\u0259 g\u0259tirilib. 9 il i\u015f k\u0259sibl\u0259r. Madd\u0259si d\u0259 quldurluqdu. 1500 manatla qurtarmaq olard\u0131. \u00d6z\u00fcm ac\u0131\u011fa arxas\u0131nca getm\u0259dim. \u0130ki balas\u0131 var. Bax, onun n\u0259yi k\u0259m idi?\u201d.<br \/>\n  <br \/>\n  Birinci qad\u0131n cavab verdi: \u201c Bizimki el\u0259 a\u011f\u0131r deyil. Dan\u0131\u015fd\u0131q. M\u0259hk\u0259m\u0259 g\u00fcn\u00fc h\u0259ll ed\u0259c\u0259yik\u201d.\n<\/p>\n<p>\n  &#8220;15-d\u0259 ad g\u00fcn\u00fcd\u00fc, g\u0259r\u0259k ay\u0131n 15-i g\u0259l\u0259rdik&#8221; &#8211; rayondan g\u0259ldiyi hiss olunan ba\u015fqa bir qad\u0131n q\u0131z\u0131na dedi.<br \/>\n  <br \/>\n  &#8220;Bayramxat\u0131n, Bayramxat\u0131n&#8230;&#8221; &#8211; g\u00f6r\u00fc\u015f\u0259 g\u0259l\u0259nl\u0259ri h\u0259bsxana n\u0259zar\u0259t\u00e7isi \u00e7a\u011f\u0131rma\u011fa ba\u015flad\u0131. Ard\u0131nca &#8220;Rahim&#8221; deyib q\u0131\u015fq\u0131rd\u0131. Ki\u015fil\u0259rd\u0259n biri &#8220;g\u0259ldim&#8221; deyib, t\u0259l\u0259sik g\u0259tirdiyi torbalar\u0131 da g\u00f6t\u00fcr\u0259r\u0259k, h\u0259bsxana qap\u0131s\u0131na yax\u0131nla\u015fd\u0131.\n<\/p>\n<\/p>\n<figure class=\"wp-block-image size-large\">\n  <img decoding=\"async\" src=\"https:\/\/www.meydan.tv\/az\/24207\/\" alt=\"\" class=\"wp-image-24207\"\/><figcaption><\/figcaption><\/figure>\n<p>\n  Qad\u0131nlar\u0131n m\u00f6vzusu d\u0259yi\u015fmi\u015fdi; namazdan, orucdan, \u0259rd\u0259n x\u0259b\u0259rsiz cibind\u0259n pul g\u00f6t\u00fcrm\u0259kd\u0259n dan\u0131\u015f\u0131rd\u0131lar.<br \/>\n  <br \/>\n  H\u0259bsxanan\u0131n k\u0259nar\u0131 il\u0259 \u00e7\u0259kil\u0259n m\u0259ftil torunun yax\u0131nl\u0131\u011f\u0131na \u0259sas\u0259n ki\u015fil\u0259r topla\u015fm\u0131\u015fd\u0131. H\u0259r\u0259nin d\u0259 qar\u015f\u0131s\u0131nda 4-5 dolu torba. G\u00f6r\u00fc\u015f saat\u0131n\u0131 g\u00f6zl\u0259yirdil\u0259r. Bir q\u0259d\u0259r k\u0259narda h\u0259m \u00e7ayxana, h\u0259m d\u0259 n\u00f6vb\u0259 \u00fc\u00e7\u00fcn yaz\u0131lacaq adamlar\u0131n getdiyi tikili vard\u0131. Bay\u0131rda g\u00f6zl\u0259m\u0259k ist\u0259m\u0259y\u0259nl\u0259r \u00e7ayxanaya topla\u015fm\u0131\u015fd\u0131lar. Burada \u00e7ay\u0131n qiym\u0259ti 1 manatd\u0131r.<br \/>\n  <br \/>\n  G\u00f6r\u00fc\u015f vaxt\u0131n\u0131 g\u00f6zl\u0259y\u0259nl\u0259rin s\u00f6hb\u0259tini arada n\u0259zar\u0259t\u00e7inin s\u0259si k\u0259sir, \u00e7a\u011f\u0131r\u0131lan adam gedir, s\u00f6hb\u0259t yenid\u0259n davam edirdi.\n<\/p>\n<figure class=\"wp-block-image size-large\">\n  <img decoding=\"async\" src=\"https:\/\/www.meydan.tv\/az\/24204\/\" alt=\"\" class=\"wp-image-24204\"\/><figcaption><\/figcaption><\/figure>\n<p>\n  <b><br \/>\n    \u201cG\u00f6l\u00fc qurudub \u00fcst\u00fcnd\u0259 h\u0259bsxana tikdil\u0259r\u201d<br \/>\n  <\/b>\n<\/p>\n<p>\n  Yenid\u0259n taksil\u0259rin yan\u0131na qay\u0131d\u0131r\u0131q. Mindiyimiz taksinin s\u00fcr\u00fcc\u00fcs\u00fc deyir ki, bu h\u0259bsxanan\u0131n divarlar\u0131n\u0131 h\u00f6r\u0259nl\u0259rd\u0259n biridir. Amma \u00fc\u00e7 ildir taksi s\u00fcr\u00fcr: &#8220;U\u015faqlar\u0131n pulunu verm\u0259dil\u0259r. C\u0259mi 17 min idi. Yeddi aydan sonra pulu ald\u0131m. &#8220;ANT&#8221; \u015firk\u0259ti il\u0259 i\u015fl\u0259yirdik. Pulumu alana q\u0259d\u0259r g\u0259lib-getdim, n\u0259tic\u0259d\u0259 d\u00f6n\u00fcb oldum taksi s\u00fcr\u00fcc\u00fcs\u00fc. Bir d\u0259f\u0259 1000 manat, bir d\u0259f\u0259 2000 manat ald\u0131m, f\u0259hl\u0259l\u0259rin pulunu el\u0259 taksi s\u00fcr\u0259-s\u00fcr\u0259 d\u00fcz\u0259ldib verdim. Bura da 6 il bundan \u00f6nc\u0259 t\u0259hvil verilib. D\u00fcn\u0259n\u0259 q\u0259d\u0259r f\u0259hl\u0259l\u0259r i\u015fl\u0259yirdi. R\u00fctub\u0259tin i\u00e7ind\u0259 olan yer nec\u0259 olacaq? G\u00f6l\u00fc qurudub \u00fcst\u00fcnd\u0259 h\u0259bsxana tikdil\u0259r. \u0130\u00e7\u0259rid\u0259kil\u0259rin \u015f\u0259raitini &#8220;Q\u0131z\u0131l Aypara&#8221;ya g\u00f6r\u0259 yax\u015f\u0131la\u015fd\u0131r\u0131rlar. Ancaq r\u00fctub\u0259t s\u00f6zs\u00fcz ki, t\u0259sir edir&#8221;.<br \/>\n  <br \/>\n  K\u00fcrd\u0259xan\u0131 t\u0259cridxanas\u0131ndan uzaqla\u015f\u0131r\u0131q. Paytaxtla bu q\u0259s\u0259b\u0259ni birl\u0259\u015fdir\u0259n tozlu-torpaql\u0131 yollar\u0131 az qala h\u0259r h\u0259ft\u0259 \u00f6l\u00e7\u0259n adamlar var. El\u0259 m\u00fcxt\u0259lif taleli o insanlar\u0131 da yaln\u0131z K\u00fcrd\u0259xan\u0131ya ged\u0259n bu yol birl\u0259\u015fdirir&#8230;<\/p>\n","protected":false},"excerpt":{"rendered":"<p>Yax\u0131nlar\u0131 il\u0259 g\u00f6r\u00fc\u015f\u0259 g\u0259l\u0259nl\u0259rin s\u00f6hb\u0259tl\u0259ri barmaql\u0131qlar aras\u0131nda olanlar\u0131n n\u0259l\u0259r ya\u015fad\u0131\u011f\u0131n\u0131 g\u00f6st\u0259r\u0259 bilir<\/p>\n","protected":false},"author":11,"featured_media":24195,"comment_status":"closed","ping_status":"open","sticky":false,"template":"","format":"standard","meta":{"_acf_changed":false,"_sitemap_exclude":false,"_sitemap_priority":"","_sitemap_frequency":"","footnotes":""},"categories":[56],"tags":[],"class_list":["post-167868","post","type-post","status-publish","format-standard","has-post-thumbnail","hentry","category-xeberler","infinite-scroll-item","generate-columns","tablet-grid-50","mobile-grid-100","grid-parent","grid-33","no-featured-image-padding"],"acf":[],"yoast_head":"<!-- This site is optimized with the Yoast SEO plugin v28.4 - https:\/\/yoast.com\/product\/yoast-seo-wordpress\/ -->\n<title>&#039;&#039;K\u00fcrd\u0259xan\u0131 Universiteti&#039;&#039;-nin \u00f6n\u00fcnd\u0259 (Fotosessiya) - MEYDAN.TV<\/title>\n<meta name=\"robots\" content=\"index, follow, max-snippet:-1, max-image-preview:large, max-video-preview:-1\" \/>\n<link rel=\"canonical\" href=\"https:\/\/www.meydan.tv\/az\/article\/kurdexani-universiteti-nin-onunde-fotosessiya\/\" \/>\n<meta property=\"og:locale\" content=\"az_AZ\" \/>\n<meta property=\"og:type\" content=\"article\" \/>\n<meta property=\"og:title\" content=\"&#039;&#039;K\u00fcrd\u0259xan\u0131 Universiteti&#039;&#039;-nin \u00f6n\u00fcnd\u0259 (Fotosessiya) - MEYDAN.TV\" \/>\n<meta property=\"og:description\" content=\"Yax\u0131nlar\u0131 il\u0259 g\u00f6r\u00fc\u015f\u0259 g\u0259l\u0259nl\u0259rin s\u00f6hb\u0259tl\u0259ri barmaql\u0131qlar aras\u0131nda olanlar\u0131n n\u0259l\u0259r ya\u015fad\u0131\u011f\u0131n\u0131 g\u00f6st\u0259r\u0259 bilir\" \/>\n<meta property=\"og:url\" content=\"https:\/\/www.meydan.tv\/az\/article\/kurdexani-universiteti-nin-onunde-fotosessiya\/\" \/>\n<meta property=\"og:site_name\" content=\"MEYDAN.TV\" \/>\n<meta property=\"article:published_time\" content=\"2015-05-12T00:21:41+00:00\" \/>\n<meta property=\"og:image\" content=\"https:\/\/www.meydan.tv\/wp-content\/uploads\/8804-scaled.jpg\" \/>\n\t<meta property=\"og:image:width\" content=\"2560\" \/>\n\t<meta property=\"og:image:height\" content=\"1440\" \/>\n\t<meta property=\"og:image:type\" content=\"image\/jpeg\" \/>\n<meta name=\"twitter:card\" content=\"summary_large_image\" \/>\n<!-- \/ Yoast SEO plugin. -->","yoast_head_json":{"title":"''K\u00fcrd\u0259xan\u0131 Universiteti''-nin \u00f6n\u00fcnd\u0259 (Fotosessiya) - MEYDAN.TV","robots":{"index":"index","follow":"follow","max-snippet":"max-snippet:-1","max-image-preview":"max-image-preview:large","max-video-preview":"max-video-preview:-1"},"canonical":"https:\/\/www.meydan.tv\/az\/article\/kurdexani-universiteti-nin-onunde-fotosessiya\/","og_locale":"az_AZ","og_type":"article","og_title":"''K\u00fcrd\u0259xan\u0131 Universiteti''-nin \u00f6n\u00fcnd\u0259 (Fotosessiya) - MEYDAN.TV","og_description":"Yax\u0131nlar\u0131 il\u0259 g\u00f6r\u00fc\u015f\u0259 g\u0259l\u0259nl\u0259rin s\u00f6hb\u0259tl\u0259ri barmaql\u0131qlar aras\u0131nda olanlar\u0131n n\u0259l\u0259r ya\u015fad\u0131\u011f\u0131n\u0131 g\u00f6st\u0259r\u0259 bilir","og_url":"https:\/\/www.meydan.tv\/az\/article\/kurdexani-universiteti-nin-onunde-fotosessiya\/","og_site_name":"MEYDAN.TV","article_published_time":"2015-05-12T00:21:41+00:00","og_image":[{"width":2560,"height":1440,"url":"https:\/\/www.meydan.tv\/wp-content\/uploads\/8804-scaled.jpg","type":"image\/jpeg"}],"twitter_card":"summary_large_image","schema":{"@context":"https:\/\/schema.org","@graph":[{"@type":"Article","@id":"https:\/\/www.meydan.tv\/az\/article\/kurdexani-universiteti-nin-onunde-fotosessiya\/#article","isPartOf":{"@id":"https:\/\/www.meydan.tv\/az\/article\/kurdexani-universiteti-nin-onunde-fotosessiya\/"},"author":{"name":"user-manager","@id":"https:\/\/www.meydan.tv\/az\/#\/schema\/person\/10d11eccf6da3662cf5fdab9806ea91a"},"headline":"&#8221;K\u00fcrd\u0259xan\u0131 Universiteti&#8221;-nin \u00f6n\u00fcnd\u0259 (Fotosessiya)","datePublished":"2015-05-12T00:21:41+00:00","mainEntityOfPage":{"@id":"https:\/\/www.meydan.tv\/az\/article\/kurdexani-universiteti-nin-onunde-fotosessiya\/"},"wordCount":1694,"publisher":{"@id":"https:\/\/www.meydan.tv\/az\/#organization"},"image":{"@id":"https:\/\/www.meydan.tv\/az\/article\/kurdexani-universiteti-nin-onunde-fotosessiya\/#primaryimage"},"thumbnailUrl":"https:\/\/www.meydan.tv\/wp-content\/uploads\/8804-scaled.jpg","articleSection":["X\u0259b\u0259rl\u0259r"],"inLanguage":"az"},{"@type":"WebPage","@id":"https:\/\/www.meydan.tv\/az\/article\/kurdexani-universiteti-nin-onunde-fotosessiya\/","url":"https:\/\/www.meydan.tv\/az\/article\/kurdexani-universiteti-nin-onunde-fotosessiya\/","name":"''K\u00fcrd\u0259xan\u0131 Universiteti''-nin \u00f6n\u00fcnd\u0259 (Fotosessiya) - MEYDAN.TV","isPartOf":{"@id":"https:\/\/www.meydan.tv\/az\/#website"},"primaryImageOfPage":{"@id":"https:\/\/www.meydan.tv\/az\/article\/kurdexani-universiteti-nin-onunde-fotosessiya\/#primaryimage"},"image":{"@id":"https:\/\/www.meydan.tv\/az\/article\/kurdexani-universiteti-nin-onunde-fotosessiya\/#primaryimage"},"thumbnailUrl":"https:\/\/www.meydan.tv\/wp-content\/uploads\/8804-scaled.jpg","datePublished":"2015-05-12T00:21:41+00:00","breadcrumb":{"@id":"https:\/\/www.meydan.tv\/az\/article\/kurdexani-universiteti-nin-onunde-fotosessiya\/#breadcrumb"},"inLanguage":"az","potentialAction":[{"@type":"ReadAction","target":["https:\/\/www.meydan.tv\/az\/article\/kurdexani-universiteti-nin-onunde-fotosessiya\/"]}]},{"@type":"ImageObject","inLanguage":"az","@id":"https:\/\/www.meydan.tv\/az\/article\/kurdexani-universiteti-nin-onunde-fotosessiya\/#primaryimage","url":"https:\/\/www.meydan.tv\/wp-content\/uploads\/8804-scaled.jpg","contentUrl":"https:\/\/www.meydan.tv\/wp-content\/uploads\/8804-scaled.jpg","width":2560,"height":1440,"caption":"Source:"},{"@type":"BreadcrumbList","@id":"https:\/\/www.meydan.tv\/az\/article\/kurdexani-universiteti-nin-onunde-fotosessiya\/#breadcrumb","itemListElement":[{"@type":"ListItem","position":1,"name":"Ana s\u0259hif\u0259","item":"https:\/\/www.meydan.tv\/az\/"},{"@type":"ListItem","position":2,"name":"X\u0259b\u0259rl\u0259r","item":"https:\/\/www.meydan.tv\/az\/section\/xeberler\/"},{"@type":"ListItem","position":3,"name":"&#8221;K\u00fcrd\u0259xan\u0131 Universiteti&#8221;-nin \u00f6n\u00fcnd\u0259 (Fotosessiya)"}]},{"@type":"WebSite","@id":"https:\/\/www.meydan.tv\/az\/#website","url":"https:\/\/www.meydan.tv\/az\/","name":"MEYDAN.TV","description":"Meydan TV Az\u0259rbaycan\u0131n media m\u0259kan\u0131ndak\u0131 alternativ s\u0259sidir","publisher":{"@id":"https:\/\/www.meydan.tv\/az\/#organization"},"potentialAction":[{"@type":"SearchAction","target":{"@type":"EntryPoint","urlTemplate":"https:\/\/www.meydan.tv\/az\/?s={search_term_string}"},"query-input":{"@type":"PropertyValueSpecification","valueRequired":true,"valueName":"search_term_string"}}],"inLanguage":"az"},{"@type":"Organization","@id":"https:\/\/www.meydan.tv\/az\/#organization","name":"Meydan TV","url":"https:\/\/www.meydan.tv\/az\/","logo":{"@type":"ImageObject","inLanguage":"az","@id":"https:\/\/www.meydan.tv\/az\/#\/schema\/logo\/image\/","url":"https:\/\/www.meydan.tv\/wp-content\/uploads\/2021\/07\/meydan-logo.svg","contentUrl":"https:\/\/www.meydan.tv\/wp-content\/uploads\/2021\/07\/meydan-logo.svg","width":195,"height":46,"caption":"Meydan TV"},"image":{"@id":"https:\/\/www.meydan.tv\/az\/#\/schema\/logo\/image\/"}},{"@type":"Person","@id":"https:\/\/www.meydan.tv\/az\/#\/schema\/person\/10d11eccf6da3662cf5fdab9806ea91a","name":"user-manager"}]}},"_links":{"self":[{"href":"https:\/\/www.meydan.tv\/az\/wp-json\/wp\/v2\/posts\/167868","targetHints":{"allow":["GET"]}}],"collection":[{"href":"https:\/\/www.meydan.tv\/az\/wp-json\/wp\/v2\/posts"}],"about":[{"href":"https:\/\/www.meydan.tv\/az\/wp-json\/wp\/v2\/types\/post"}],"author":[{"embeddable":true,"href":"https:\/\/www.meydan.tv\/az\/wp-json\/wp\/v2\/users\/11"}],"replies":[{"embeddable":true,"href":"https:\/\/www.meydan.tv\/az\/wp-json\/wp\/v2\/comments?post=167868"}],"version-history":[{"count":0,"href":"https:\/\/www.meydan.tv\/az\/wp-json\/wp\/v2\/posts\/167868\/revisions"}],"wp:featuredmedia":[{"embeddable":true,"href":"https:\/\/www.meydan.tv\/az\/wp-json\/wp\/v2\/media\/24195"}],"wp:attachment":[{"href":"https:\/\/www.meydan.tv\/az\/wp-json\/wp\/v2\/media?parent=167868"}],"wp:term":[{"taxonomy":"category","embeddable":true,"href":"https:\/\/www.meydan.tv\/az\/wp-json\/wp\/v2\/categories?post=167868"},{"taxonomy":"post_tag","embeddable":true,"href":"https:\/\/www.meydan.tv\/az\/wp-json\/wp\/v2\/tags?post=167868"}],"curies":[{"name":"wp","href":"https:\/\/api.w.org\/{rel}","templated":true}]}}