{"id":167864,"date":"2015-05-11T17:58:45","date_gmt":"2015-05-11T17:58:45","guid":{"rendered":"https:\/\/www.meydan.tv\/article\/almaniya-bundestaqi-azerbaycanda-insan-haqlarini-muzakire-edir\/"},"modified":"2015-05-11T17:58:45","modified_gmt":"2015-05-11T17:58:45","slug":"almaniya-bundestaqi-azerbaycanda-insan-haqlarini-muzakire-edir","status":"publish","type":"post","link":"https:\/\/www.meydan.tv\/az\/article\/almaniya-bundestaqi-azerbaycanda-insan-haqlarini-muzakire-edir\/","title":{"rendered":"Almaniya Bundestaq\u0131 Az\u0259rbaycanda insan haqlar\u0131n\u0131 m\u00fczakir\u0259 edir"},"content":{"rendered":"<figure class=\"wp-block-image size-large\">\n  <img decoding=\"async\" src=\"https:\/\/www.meydan.tv\/az\/24183\/\" alt=\"\" class=\"wp-image-24183\"\/><figcaption><\/figcaption><\/figure>\n<figure class=\"wp-block-image size-large\">\n  <img decoding=\"async\" src=\"https:\/\/www.meydan.tv\/az\/24183\/\" alt=\"\" class=\"wp-image-24183\"\/><figcaption><\/figcaption><\/figure>\n<p>\n  <i><br \/>\n    Az\u0259rbaycanda siyasi dustaqlar, insan haqlar\u0131 f\u0259allar\u0131n\u0131n t\u0259qib edilm\u0259si, siyasi h\u00fcquqlar\u0131n bo\u011fulmas\u0131 faktlar\u0131 s\u0259n\u0259dd\u0259 geni\u015f \u015f\u0259kild\u0259 \u0259ksini tap\u0131b<br \/>\n  <\/i>\n<\/p>\n<p>\n  May\u0131n 11-d\u0259\u00a0Almaniya parlamentind\u0259 (Bundestaq) Az\u0259rbaycanda insan haqlar\u0131 v\u0259 s\u00f6z azadl\u0131\u011f\u0131n\u0131n durumu m\u00fczakir\u0259 edilir. M\u00fczakir\u0259 Ya\u015f\u0131llar Partiyas\u0131n\u0131n t\u0259qdim etdiyi q\u0259tnam\u0259 layih\u0259si \u0259traf\u0131nda gedir. Q\u0259tnam\u0259 layih\u0259sind\u0259 Az\u0259rbaycanda insan haqlar\u0131n\u0131n v\u0259ziyy\u0259tini \u0259ks etdir\u0259n madd\u0259l\u0259r yer al\u0131b.\n<\/p>\n<p>\n  M\u0259lumat\u0131 Facebook-da m\u00fchacir\u0259td\u0259 olan jurnalist Natiq \u018fdilov payla\u015f\u0131b.<\/p>\n<p>  Onun bildirdiyin\u0259 g\u00f6r\u0259, Q\u0259tnam\u0259nin 21-ci b\u0259ndind\u0259 \u201cAzadl\u0131q\u201d q\u0259zetin\u0259 qar\u015f\u0131 basq\u0131lardan s\u00f6hb\u0259t gedir. Bu b\u0259ndd\u0259 deyilir: \u201cFederal h\u00f6kum\u0259t n\u0259z\u0259r\u0259 almal\u0131d\u0131r ki, m\u00fcxalif q\u0259zet olan \u201cAzadl\u0131q\u201d 2011-2013-c\u00fc ill\u0259rd\u0259n ba\u015flayaraq diffamasiya qanunundak\u0131 normativ m\u0259hdudiyy\u0259tl\u0259r \u00fcz\u00fcnd\u0259n \u00e7oxsayl\u0131 t\u0259qibl\u0259r\u0259 m\u0259ruz qalmaqdad\u0131r. Bu q\u0259zetin k\u00fc\u00e7\u0259 v\u0259 metro sat\u0131\u015f\u0131 \u00fcz\u0259rind\u0259 qada\u011falar qoyulub, q\u0259zetin sat\u0131\u015f\u0131ndan g\u0259l\u0259n pullar verilmir, n\u0259\u015friyyata yaranan borclara g\u00f6r\u0259 q\u0259zet tez-tez n\u0259\u015frini dayand\u0131rma\u011fa m\u0259cbur olur\u201d.\n<\/p>\n<p>\n  Bundan ba\u015fqa, q\u0259tnam\u0259d\u0259 \u201cAzadl\u0131q\u201d q\u0259zetinin \u0259m\u0259kda\u015f\u0131 Natiq \u018fdilovun qarda\u015f\u0131 Murad \u018fdilovun, el\u0259c\u0259 d\u0259 \u201cAz\u0259rbaycan saat\u0131\u201d proqram\u0131ndak\u0131 f\u0259aliyy\u0259tin\u0259 g\u00f6r\u0259 jurnalist Seymur H\u0259zinin h\u0259bsi bar\u0259d\u0259 d\u0259 narahatl\u0131qlar federal h\u00f6kum\u0259tin n\u0259z\u0259rin\u0259 \u00e7atd\u0131r\u0131l\u0131r.\n<\/p>\n<p>\n  S\u0259n\u0259dd\u0259 Meydan TV-in materiallar\u0131ndan da istifad\u0259 olunub (<br \/>\n  <a href=\"http:\/\/dipbt.bundestag.de\/dip21\/btd\/18\/047\/1804796.pdf\"><br \/>\n    S\u0259n\u0259d\u0259 ke\u00e7id linki<br \/>\n  <\/a><br \/>\n  ).<\/p>\n","protected":false},"excerpt":{"rendered":"<p>Az\u0259rbaycanda siyasi dustaqlar, insan haqlar\u0131 f\u0259allar\u0131n\u0131n t\u0259qib edilm\u0259si, siyasi h\u00fcquqlar\u0131n bo\u011fulmas\u0131 faktlar\u0131 s\u0259n\u0259dd\u0259 geni\u015f \u015f\u0259kild\u0259 \u0259ksini tap\u0131b<\/p>\n","protected":false},"author":11,"featured_media":24183,"comment_status":"closed","ping_status":"open","sticky":false,"template":"","format":"standard","meta":{"_acf_changed":false,"_sitemap_exclude":false,"_sitemap_priority":"","_sitemap_frequency":"","footnotes":""},"categories":[56],"tags":[],"class_list":["post-167864","post","type-post","status-publish","format-standard","has-post-thumbnail","hentry","category-xeberler","infinite-scroll-item","generate-columns","tablet-grid-50","mobile-grid-100","grid-parent","grid-33","no-featured-image-padding"],"acf":[],"yoast_head":"<!-- This site is optimized with the Yoast SEO plugin v28.4 - https:\/\/yoast.com\/product\/yoast-seo-wordpress\/ -->\n<title>Almaniya Bundestaq\u0131 Az\u0259rbaycanda insan haqlar\u0131n\u0131 m\u00fczakir\u0259 edir - MEYDAN.TV<\/title>\n<meta name=\"robots\" content=\"index, follow, max-snippet:-1, max-image-preview:large, max-video-preview:-1\" \/>\n<link rel=\"canonical\" href=\"https:\/\/www.meydan.tv\/az\/article\/almaniya-bundestaqi-azerbaycanda-insan-haqlarini-muzakire-edir\/\" \/>\n<meta property=\"og:locale\" content=\"az_AZ\" \/>\n<meta property=\"og:type\" content=\"article\" \/>\n<meta property=\"og:title\" content=\"Almaniya Bundestaq\u0131 Az\u0259rbaycanda insan haqlar\u0131n\u0131 m\u00fczakir\u0259 edir - MEYDAN.TV\" \/>\n<meta property=\"og:description\" content=\"Az\u0259rbaycanda siyasi dustaqlar, insan haqlar\u0131 f\u0259allar\u0131n\u0131n t\u0259qib edilm\u0259si, siyasi h\u00fcquqlar\u0131n bo\u011fulmas\u0131 faktlar\u0131 s\u0259n\u0259dd\u0259 geni\u015f \u015f\u0259kild\u0259 \u0259ksini tap\u0131b\" \/>\n<meta property=\"og:url\" content=\"https:\/\/www.meydan.tv\/az\/article\/almaniya-bundestaqi-azerbaycanda-insan-haqlarini-muzakire-edir\/\" \/>\n<meta property=\"og:site_name\" content=\"MEYDAN.TV\" \/>\n<meta property=\"article:published_time\" content=\"2015-05-11T17:58:45+00:00\" \/>\n<meta property=\"og:image\" content=\"https:\/\/www.meydan.tv\/wp-content\/uploads\/8803.jpg\" \/>\n\t<meta property=\"og:image:width\" content=\"640\" \/>\n\t<meta property=\"og:image:height\" content=\"426\" \/>\n\t<meta property=\"og:image:type\" content=\"image\/jpeg\" \/>\n<meta name=\"twitter:card\" content=\"summary_large_image\" \/>\n<!-- \/ Yoast SEO plugin. -->","yoast_head_json":{"title":"Almaniya Bundestaq\u0131 Az\u0259rbaycanda insan haqlar\u0131n\u0131 m\u00fczakir\u0259 edir - MEYDAN.TV","robots":{"index":"index","follow":"follow","max-snippet":"max-snippet:-1","max-image-preview":"max-image-preview:large","max-video-preview":"max-video-preview:-1"},"canonical":"https:\/\/www.meydan.tv\/az\/article\/almaniya-bundestaqi-azerbaycanda-insan-haqlarini-muzakire-edir\/","og_locale":"az_AZ","og_type":"article","og_title":"Almaniya Bundestaq\u0131 Az\u0259rbaycanda insan haqlar\u0131n\u0131 m\u00fczakir\u0259 edir - MEYDAN.TV","og_description":"Az\u0259rbaycanda siyasi dustaqlar, insan haqlar\u0131 f\u0259allar\u0131n\u0131n t\u0259qib edilm\u0259si, siyasi h\u00fcquqlar\u0131n bo\u011fulmas\u0131 faktlar\u0131 s\u0259n\u0259dd\u0259 geni\u015f \u015f\u0259kild\u0259 \u0259ksini tap\u0131b","og_url":"https:\/\/www.meydan.tv\/az\/article\/almaniya-bundestaqi-azerbaycanda-insan-haqlarini-muzakire-edir\/","og_site_name":"MEYDAN.TV","article_published_time":"2015-05-11T17:58:45+00:00","og_image":[{"width":640,"height":426,"url":"https:\/\/www.meydan.tv\/wp-content\/uploads\/8803.jpg","type":"image\/jpeg"}],"twitter_card":"summary_large_image","schema":{"@context":"https:\/\/schema.org","@graph":[{"@type":"Article","@id":"https:\/\/www.meydan.tv\/az\/article\/almaniya-bundestaqi-azerbaycanda-insan-haqlarini-muzakire-edir\/#article","isPartOf":{"@id":"https:\/\/www.meydan.tv\/az\/article\/almaniya-bundestaqi-azerbaycanda-insan-haqlarini-muzakire-edir\/"},"author":{"name":"user-manager","@id":"https:\/\/www.meydan.tv\/az\/#\/schema\/person\/10d11eccf6da3662cf5fdab9806ea91a"},"headline":"Almaniya Bundestaq\u0131 Az\u0259rbaycanda insan haqlar\u0131n\u0131 m\u00fczakir\u0259 edir","datePublished":"2015-05-11T17:58:45+00:00","mainEntityOfPage":{"@id":"https:\/\/www.meydan.tv\/az\/article\/almaniya-bundestaqi-azerbaycanda-insan-haqlarini-muzakire-edir\/"},"wordCount":284,"publisher":{"@id":"https:\/\/www.meydan.tv\/az\/#organization"},"image":{"@id":"https:\/\/www.meydan.tv\/az\/article\/almaniya-bundestaqi-azerbaycanda-insan-haqlarini-muzakire-edir\/#primaryimage"},"thumbnailUrl":"https:\/\/www.meydan.tv\/wp-content\/uploads\/8803.jpg","articleSection":["X\u0259b\u0259rl\u0259r"],"inLanguage":"az"},{"@type":"WebPage","@id":"https:\/\/www.meydan.tv\/az\/article\/almaniya-bundestaqi-azerbaycanda-insan-haqlarini-muzakire-edir\/","url":"https:\/\/www.meydan.tv\/az\/article\/almaniya-bundestaqi-azerbaycanda-insan-haqlarini-muzakire-edir\/","name":"Almaniya Bundestaq\u0131 Az\u0259rbaycanda insan haqlar\u0131n\u0131 m\u00fczakir\u0259 edir - MEYDAN.TV","isPartOf":{"@id":"https:\/\/www.meydan.tv\/az\/#website"},"primaryImageOfPage":{"@id":"https:\/\/www.meydan.tv\/az\/article\/almaniya-bundestaqi-azerbaycanda-insan-haqlarini-muzakire-edir\/#primaryimage"},"image":{"@id":"https:\/\/www.meydan.tv\/az\/article\/almaniya-bundestaqi-azerbaycanda-insan-haqlarini-muzakire-edir\/#primaryimage"},"thumbnailUrl":"https:\/\/www.meydan.tv\/wp-content\/uploads\/8803.jpg","datePublished":"2015-05-11T17:58:45+00:00","breadcrumb":{"@id":"https:\/\/www.meydan.tv\/az\/article\/almaniya-bundestaqi-azerbaycanda-insan-haqlarini-muzakire-edir\/#breadcrumb"},"inLanguage":"az","potentialAction":[{"@type":"ReadAction","target":["https:\/\/www.meydan.tv\/az\/article\/almaniya-bundestaqi-azerbaycanda-insan-haqlarini-muzakire-edir\/"]}]},{"@type":"ImageObject","inLanguage":"az","@id":"https:\/\/www.meydan.tv\/az\/article\/almaniya-bundestaqi-azerbaycanda-insan-haqlarini-muzakire-edir\/#primaryimage","url":"https:\/\/www.meydan.tv\/wp-content\/uploads\/8803.jpg","contentUrl":"https:\/\/www.meydan.tv\/wp-content\/uploads\/8803.jpg","width":640,"height":426,"caption":"Source:"},{"@type":"BreadcrumbList","@id":"https:\/\/www.meydan.tv\/az\/article\/almaniya-bundestaqi-azerbaycanda-insan-haqlarini-muzakire-edir\/#breadcrumb","itemListElement":[{"@type":"ListItem","position":1,"name":"Ana s\u0259hif\u0259","item":"https:\/\/www.meydan.tv\/az\/"},{"@type":"ListItem","position":2,"name":"X\u0259b\u0259rl\u0259r","item":"https:\/\/www.meydan.tv\/az\/section\/xeberler\/"},{"@type":"ListItem","position":3,"name":"Almaniya Bundestaq\u0131 Az\u0259rbaycanda insan haqlar\u0131n\u0131 m\u00fczakir\u0259 edir"}]},{"@type":"WebSite","@id":"https:\/\/www.meydan.tv\/az\/#website","url":"https:\/\/www.meydan.tv\/az\/","name":"MEYDAN.TV","description":"Meydan TV Az\u0259rbaycan\u0131n media m\u0259kan\u0131ndak\u0131 alternativ s\u0259sidir","publisher":{"@id":"https:\/\/www.meydan.tv\/az\/#organization"},"potentialAction":[{"@type":"SearchAction","target":{"@type":"EntryPoint","urlTemplate":"https:\/\/www.meydan.tv\/az\/?s={search_term_string}"},"query-input":{"@type":"PropertyValueSpecification","valueRequired":true,"valueName":"search_term_string"}}],"inLanguage":"az"},{"@type":"Organization","@id":"https:\/\/www.meydan.tv\/az\/#organization","name":"Meydan TV","url":"https:\/\/www.meydan.tv\/az\/","logo":{"@type":"ImageObject","inLanguage":"az","@id":"https:\/\/www.meydan.tv\/az\/#\/schema\/logo\/image\/","url":"https:\/\/www.meydan.tv\/wp-content\/uploads\/2021\/07\/meydan-logo.svg","contentUrl":"https:\/\/www.meydan.tv\/wp-content\/uploads\/2021\/07\/meydan-logo.svg","width":195,"height":46,"caption":"Meydan TV"},"image":{"@id":"https:\/\/www.meydan.tv\/az\/#\/schema\/logo\/image\/"}},{"@type":"Person","@id":"https:\/\/www.meydan.tv\/az\/#\/schema\/person\/10d11eccf6da3662cf5fdab9806ea91a","name":"user-manager"}]}},"_links":{"self":[{"href":"https:\/\/www.meydan.tv\/az\/wp-json\/wp\/v2\/posts\/167864","targetHints":{"allow":["GET"]}}],"collection":[{"href":"https:\/\/www.meydan.tv\/az\/wp-json\/wp\/v2\/posts"}],"about":[{"href":"https:\/\/www.meydan.tv\/az\/wp-json\/wp\/v2\/types\/post"}],"author":[{"embeddable":true,"href":"https:\/\/www.meydan.tv\/az\/wp-json\/wp\/v2\/users\/11"}],"replies":[{"embeddable":true,"href":"https:\/\/www.meydan.tv\/az\/wp-json\/wp\/v2\/comments?post=167864"}],"version-history":[{"count":0,"href":"https:\/\/www.meydan.tv\/az\/wp-json\/wp\/v2\/posts\/167864\/revisions"}],"wp:featuredmedia":[{"embeddable":true,"href":"https:\/\/www.meydan.tv\/az\/wp-json\/wp\/v2\/media\/24183"}],"wp:attachment":[{"href":"https:\/\/www.meydan.tv\/az\/wp-json\/wp\/v2\/media?parent=167864"}],"wp:term":[{"taxonomy":"category","embeddable":true,"href":"https:\/\/www.meydan.tv\/az\/wp-json\/wp\/v2\/categories?post=167864"},{"taxonomy":"post_tag","embeddable":true,"href":"https:\/\/www.meydan.tv\/az\/wp-json\/wp\/v2\/tags?post=167864"}],"curies":[{"name":"wp","href":"https:\/\/api.w.org\/{rel}","templated":true}]}}