{"id":167862,"date":"2015-05-11T15:33:30","date_gmt":"2015-05-11T15:33:30","guid":{"rendered":"https:\/\/www.meydan.tv\/article\/azerbaycan-xalqinin-demokratiyaya-layiq-olmadigini-nece-olcuruk\/"},"modified":"2015-05-11T15:33:30","modified_gmt":"2015-05-11T15:33:30","slug":"azerbaycan-xalqinin-demokratiyaya-layiq-olmadigini-nece-olcuruk","status":"publish","type":"post","link":"https:\/\/www.meydan.tv\/az\/article\/azerbaycan-xalqinin-demokratiyaya-layiq-olmadigini-nece-olcuruk\/","title":{"rendered":"Az\u0259rbaycan xalq\u0131n\u0131n demokratiyaya layiq olmad\u0131\u011f\u0131n\u0131 nec\u0259 \u00f6l\u00e7\u00fcr\u00fck?!"},"content":{"rendered":"<figure class=\"wp-block-image size-large\">\n  <img decoding=\"async\" src=\"https:\/\/www.meydan.tv\/az\/24090\/\" alt=\"\" class=\"wp-image-24090\"\/><figcaption><\/figcaption><\/figure>\n<figure class=\"wp-block-image size-large\">\n  <img decoding=\"async\" src=\"https:\/\/www.meydan.tv\/az\/24093\/\" alt=\"\" class=\"wp-image-24093\"\/><figcaption><\/figcaption><\/figure>\n<p>\n  <i><br \/>\n    Az\u0259rbaycan xalq\u0131n\u0131n demokratiyaya layiq olmad\u0131\u011f\u0131, bunun \u00fc\u00e7\u00fcn h\u0259l\u0259 yeti\u015fm\u0259diyi, onun liberal-demokratik d\u0259y\u0259rl\u0259ri q\u0259bul etm\u0259diyi il\u0259 ba\u011fl\u0131 \u00f6z\u00fcnd\u0259n \u0259min yana\u015fmalar bizi daimi yanl\u0131\u015f bir \u00e7arx\u0131n i\u00e7\u0259risind\u0259 d\u00f6n\u00fcb-dola\u015fma\u011fa vadar ed\u0259c\u0259k<br \/>\n  <\/i>\n<\/p>\n<p>\n  Az\u0259rbaycan c\u0259miyy\u0259tind\u0259 \u00e7ox tez-tez m\u00fczakir\u0259y\u0259 \u00e7\u0131xar\u0131lan, \u0259n ba\u015fda g\u0259l\u0259n m\u00f6vzulardan biri, (ki, bunu da daha \u00e7ox cari hakimiyy\u0259tin media kanallar\u0131 edir) az\u0259rbaycanl\u0131lar\u0131n liberal-demokratik d\u0259y\u0259rl\u0259r\u0259 sahib olmad\u0131\u011f\u0131, \u201cc\u0259miyy\u0259tin demokratik idar\u0259\u00e7iliy\u0259 haz\u0131r olmad\u0131\u011f\u0131\u201d, bunun \u00fc\u00e7\u00fcn zamana ehtiyac\u0131n oldu\u011fu (n\u0259 q\u0259d\u0259r, 1-5-10 il, bilinmir), \u201caz\u0259rbaycanl\u0131lar\u0131n spesifik d\u0259y\u0259rl\u0259rinin (daha \u00e7ox mentalitet ad\u0131 il\u0259 tan\u0131d\u0131lan) demokratik-liberal d\u0259y\u0259rl\u0259r\u0259 s\u0259sl\u0259\u015fm\u0259diyi kimi beyin dumanland\u0131ran, insanlar\u0131 \u00e7a\u015fd\u0131ran yana\u015fma s\u0259rgil\u0259nir.\n<\/p>\n<p>\n  Az\u0259rbaycanda sosial sor\u011fu m\u0259rk\u0259zl\u0259rinin, analitik \u201cthink-tank\u201d-l\u0259rin \u00e7ox az olmas\u0131 v\u0259 ya onun, \u00fcmumiyy\u0259tl\u0259, olmamas\u0131 biz\u0259 v\u0259 \u0259n \u0259sas\u0131 ixtisasl\u0131 kadrlara v\u0259 m\u00fct\u0259x\u0259ssisl\u0259r\u0259 (ist\u0259nil\u0259n sah\u0259 il\u0259 ba\u011fl\u0131) imkan vermir ki, faktlara, r\u0259q\u0259ml\u0259r\u0259, dayanan analizl\u0259r apars\u0131n v\u0259 yekun n\u0259tic\u0259y\u0259 g\u0259l\u0259 bilsin. Bu i\u015fl\u0259ri m\u00fcxt\u0259lif universitetl\u0259r d\u0259 g\u00f6r\u0259 bil\u0259r, amma m\u00f6vcud siyasi reall\u0131q bunun q\u0259ti mara\u011f\u0131nda olmad\u0131\u011f\u0131ndan, h\u0259min universitetl\u0259rin d\u0259 \u201cbeyin m\u0259rk\u0259zl\u0259ri\u201d he\u00e7 bir i\u015f g\u00f6r\u0259 bilmir v\u0259 ya g\u00f6rd\u00fcy\u00fc i\u015fl\u0259r yet\u0259rsizdir.<br \/>\n  <br \/>\n  H\u0259r halda m\u0259n indiy\u0259 kimi, m\u0259zunu oldu\u011fum Bak\u0131 D\u00f6vl\u0259t Universitetind\u0259 bel\u0259 bir m\u0259rk\u0259zl\u0259rin olmas\u0131na n\u0259 rast g\u0259lmi\u015f\u0259m, n\u0259 d\u0259 onlar haqq\u0131nda e\u015fitmi\u015f\u0259m. Dig\u0259r universitetl\u0259rin d\u0259 v\u0259ziyy\u0259ti eynidir, \u0259ksi olsayd\u0131, s\u0259sl\u0259ri \u00e7oxdan g\u0259l\u0259rdi. B\u00fct\u00fcn bunlar\u0131 dem\u0259kd\u0259 m\u0259qs\u0259dim odur ki, biz \u0259limizd\u0259 analiz aparmaq \u00fc\u00e7\u00fcn materiallar, faktlar olmadan yaln\u0131z hipotetik formada v\u0259 \u015f\u0259xsi m\u00fc\u015fahid\u0259l\u0259rimiz il\u0259 (\u015f\u0259xsi m\u00fc\u015fahid\u0259l\u0259r \u00e7ox zaman \u00f6nyar\u011f\u0131larla bol olur) yuxar\u0131da qald\u0131r\u0131lan suallara \u201ccavablar\u201d ver\u0259 bil\u0259rik.<br \/>\n  <br \/>\n  M\u0259s\u0259l\u0259n qonu\u015fu G\u00fcrc\u00fcstanda, \u201cQ\u0131z\u0131l G\u00fcl\u201d inqilab\u0131ndan sonra beyn\u0259lxalq \u0130DEA t\u0259\u015fkilat\u0131 g\u00fcrc\u00fc xalq\u0131n\u0131n liberal-demokratik d\u0259y\u0259rl\u0259r\u0259 n\u0259 q\u0259d\u0259r ba\u011fl\u0131 oldu\u011fu, onu \u00f6z d\u0259y\u0259rl\u0259rinin bir hiss\u0259si hesab etdiyi il\u0259 ba\u011fl\u0131 ara\u015fd\u0131rma apar\u0131b. Ara\u015fd\u0131rma n\u0259tic\u0259sind\u0259 m\u0259lum olub ki, g\u00fcrc\u00fc c\u0259miyy\u0259ti \u0259n fundamental liberal-demokratik d\u0259y\u0259rl\u0259r m\u0259s\u0259l\u0259sind\u0259 konsensus i\u00e7\u0259risind\u0259dirl\u0259r. Onlardan bir ne\u00e7\u0259sini sadalay\u0131m: Demokratiyan\u0131n fikir pl\u00fcralizmin\u0259 (f\u0259rqlilyin\u0259) ehtiyac\u0131 oldu\u011fu, \u00f6lk\u0259 konstitusiyas\u0131n\u0131n demokratiya v\u0259 siyasi r\u0259qab\u0259t \u00fc\u00e7\u00fcn qarant oldu\u011fu, siyasi hakimiyy\u0259tin adi v\u0259t\u0259nda\u015flar kimi qanunlara tabe olmal\u0131 oldu\u011fu, siyasi m\u00fcxalif\u0259tin m\u00fctl\u0259q azad v\u0259 r\u0259qab\u0259t i\u00e7\u0259risind\u0259 siyasi sistemd\u0259 i\u015ftirak\u0131n\u0131n vacib oldu\u011fu il\u0259 ba\u011fl\u0131 \u00fcmumi raz\u0131l\u0131q i\u00e7\u0259risind\u0259dirl\u0259r. Diqq\u0259t \u00e7\u0259k\u0259n m\u0259qamlardan biri odur ki, bu d\u0259y\u0259l\u0259ri m\u00fcdafi\u0259 ed\u0259nl\u0259rin \u0259sas qismi g\u0259ncl\u0259r olub.<br \/>\n  <br \/>\n  Bu misal\u0131 \u00e7\u0259km\u0259kd\u0259 m\u0259qs\u0259dim ondan ibar\u0259tdir ki, bu tipli ara\u015fd\u0131rmalar v\u0259 faktlar olmadan bizim ist\u0259nil\u0259n m\u00f6vzu il\u0259 ba\u011fl\u0131 dey\u0259c\u0259kl\u0259rimiz yaln\u0131z v\u0259 yaln\u0131z \u00f6z \u015f\u0259xsi m\u00fc\u015fahid\u0259l\u0259rimiz\u0259 dayanacaq v\u0259 qeyri-obyektiv s\u0259sl\u0259ndiyi \u00fc\u00e7\u00fcn ciddi fikir ayr\u0131l\u0131qlar\u0131na, m\u0259nas\u0131z v\u0259 s\u0259m\u0259r\u0259rsiz m\u00fcbahis\u0259l\u0259r\u0259 g\u0259tirib \u00e7\u0131xardacaq. Bu m\u00f6zuya dolay\u0131 ba\u011fl\u0131l\u0131\u011f\u0131 olan, misal kimi son d\u00f6vrl\u0259rd\u0259 m\u0259tbuatda dola\u015fan v\u0259 sosial \u015f\u0259b\u0259k\u0259l\u0259r vasit\u0259sil\u0259 yay\u0131lan ail\u0259-m\u0259i\u015f\u0259t zorak\u0131l\u0131qlar\u0131 oldu.<br \/>\n  <br \/>\n  C\u0259miyy\u0259tin v\u0259 onun ayr\u0131-ayr\u0131 ya\u015f, sosial qruplar\u0131n\u0131n bu m\u0259s\u0259l\u0259y\u0259 yana\u015fmada d\u0259qiq fikrini v\u0259 d\u00fc\u015f\u00fcnc\u0259sini bilm\u0259d\u0259n, insanlar bir-birini ittiham etm\u0259y\u0259, m\u00fcxt\u0259lif \u015f\u0259xsi t\u0259cr\u00fcb\u0259l\u0259rin\u0259 v\u0259 m\u00fc\u015fahid\u0259l\u0259rin\u0259 dayanan hekay\u0259l\u0259ri b\u00f6l\u00fc\u015fm\u0259y\u0259 ba\u015flad\u0131lar. V\u0259 sonda \u00fcmumi g\u00f6r\u00fcn\u0259n n\u0259tic\u0259 bu oldu ki (\u015f\u0259xsi m\u00fc\u015fahid\u0259mdir), bu m\u0259s\u0259l\u0259d\u0259 az\u0259rbaycanl\u0131n\u0131n ad\u0259t-\u0259n\u0259n\u0259si, t\u0259rbiy\u0259si m\u0259i\u015f\u0259t zorak\u0131l\u0131\u011f\u0131na \u0259sas yaradan \u00f6n\u0259mli faktordur. B\u00fct\u00fcn bunlar\u0131n fonunda is\u0259 siyasi hakimiyy\u0259tin bu m\u0259s\u0259l\u0259d\u0259 vacib rolu, qo\u015fuldu\u011fu beyn\u0259lxalq m\u00fcqavil\u0259 v\u0259 konvensiyalar il\u0259 ba\u011fl\u0131 \u00f6hd\u0259liyini icar\u0259 edib-etm\u0259m\u0259si kimi m\u0259s\u0259l\u0259l\u0259r diqq\u0259td\u0259n k\u0259nar qald\u0131. M\u00fcxt\u0259lif sah\u0259l\u0259r \u00fczr\u0259 ixtisasla\u015fm\u0131\u015f m\u00fcst\u0259qil qeyri-h\u00f6k\u00fcm\u0259t t\u0259\u015fkilatlar\u0131n\u0131n m\u0259hv edilm\u0259si v\u0259 \u201cz\u0259r\u0259rsizl\u0259\u015fdirilm\u0259si\u201d d\u0259, a\u011f\u0131r halda olan durumun daha da pisl\u0259\u015f\u0259m\u0259sin\u0259 v\u0259 alternativ-analitik d\u00fc\u015f\u00fcnc\u0259 m\u0259rk\u0259zl\u0259rinin yoxa \u00e7\u0131xmas\u0131na s\u0259b\u0259b oldu.<br \/>\n  <br \/>\n  Bir daha m\u00f6vzuya qay\u0131daraq deyim ki, \u0259limizd\u0259 faktlar v\u0259 materallar olmadan Az\u0259rbaycan xalq\u0131n\u0131n demokratiyaya layiq olmad\u0131\u011f\u0131, bunun \u00fc\u00e7\u00fcn h\u0259l\u0259 yeti\u015fm\u0259diyi, onun liberal-demokratik d\u0259y\u0259rl\u0259ri q\u0259bul etm\u0259diyi il\u0259 ba\u011fl\u0131 \u00f6z\u00fcnd\u0259n \u0259min yana\u015fmalar bizi daimi yanl\u0131\u015f bir \u00e7arx\u0131n i\u00e7\u0259risind\u0259 d\u00f6n\u00fcb-dola\u015fma\u011fa vadar ed\u0259c\u0259k. \u018fn pisi c\u0259miyy\u0259tin ist\u0259yi, arzusu il\u0259 s\u0259sl\u0259\u015fm\u0259y\u0259c\u0259k siyasi-iqtisadi idar\u0259\u00e7ilik sisteminin qurulmas\u0131na (m\u0259s\u0259l\u0259n, son d\u00f6n\u0259md\u0259 avtoritar sa\u011f\u00e7\u0131 idar\u0259\u00e7iliyini d\u0259st\u0259kl\u0259y\u0259n qruplar\u0131n yaranmas\u0131) z\u0259min yaradacaq.<\/p>\n","protected":false},"excerpt":{"rendered":"<p>Az\u0259rbaycan xalq\u0131n\u0131n demokratiyaya layiq olmad\u0131\u011f\u0131, bunun \u00fc\u00e7\u00fcn h\u0259l\u0259 yeti\u015fm\u0259diyi, onun liberal-demokratik d\u0259y\u0259rl\u0259ri q\u0259bul etm\u0259diyi il\u0259 ba\u011fl\u0131 \u00f6z\u00fcnd\u0259n \u0259min yana\u015fmalar bizi daimi yanl\u0131\u015f bir \u00e7arx\u0131n i\u00e7\u0259risind\u0259 d\u00f6n\u00fcb-dola\u015fma\u011fa vadar ed\u0259c\u0259k<\/p>\n","protected":false},"author":11,"featured_media":24090,"comment_status":"closed","ping_status":"open","sticky":false,"template":"","format":"standard","meta":{"_acf_changed":false,"_sitemap_exclude":false,"_sitemap_priority":"","_sitemap_frequency":"","footnotes":""},"categories":[56],"tags":[],"class_list":["post-167862","post","type-post","status-publish","format-standard","has-post-thumbnail","hentry","category-xeberler","infinite-scroll-item","generate-columns","tablet-grid-50","mobile-grid-100","grid-parent","grid-33","no-featured-image-padding"],"acf":[],"yoast_head":"<!-- This site is optimized with the Yoast SEO plugin v28.4 - https:\/\/yoast.com\/product\/yoast-seo-wordpress\/ -->\n<title>Az\u0259rbaycan xalq\u0131n\u0131n demokratiyaya layiq olmad\u0131\u011f\u0131n\u0131 nec\u0259 \u00f6l\u00e7\u00fcr\u00fck?! - MEYDAN.TV<\/title>\n<meta name=\"robots\" content=\"index, follow, max-snippet:-1, max-image-preview:large, max-video-preview:-1\" \/>\n<link rel=\"canonical\" href=\"https:\/\/www.meydan.tv\/az\/article\/azerbaycan-xalqinin-demokratiyaya-layiq-olmadigini-nece-olcuruk\/\" \/>\n<meta property=\"og:locale\" content=\"az_AZ\" \/>\n<meta property=\"og:type\" content=\"article\" \/>\n<meta property=\"og:title\" content=\"Az\u0259rbaycan xalq\u0131n\u0131n demokratiyaya layiq olmad\u0131\u011f\u0131n\u0131 nec\u0259 \u00f6l\u00e7\u00fcr\u00fck?! - MEYDAN.TV\" \/>\n<meta property=\"og:description\" content=\"Az\u0259rbaycan xalq\u0131n\u0131n demokratiyaya layiq olmad\u0131\u011f\u0131, bunun \u00fc\u00e7\u00fcn h\u0259l\u0259 yeti\u015fm\u0259diyi, onun liberal-demokratik d\u0259y\u0259rl\u0259ri q\u0259bul etm\u0259diyi il\u0259 ba\u011fl\u0131 \u00f6z\u00fcnd\u0259n \u0259min yana\u015fmalar bizi daimi yanl\u0131\u015f bir \u00e7arx\u0131n i\u00e7\u0259risind\u0259 d\u00f6n\u00fcb-dola\u015fma\u011fa vadar ed\u0259c\u0259k\" \/>\n<meta property=\"og:url\" content=\"https:\/\/www.meydan.tv\/az\/article\/azerbaycan-xalqinin-demokratiyaya-layiq-olmadigini-nece-olcuruk\/\" \/>\n<meta property=\"og:site_name\" content=\"MEYDAN.TV\" \/>\n<meta property=\"article:published_time\" content=\"2015-05-11T15:33:30+00:00\" \/>\n<meta property=\"og:image\" content=\"https:\/\/www.meydan.tv\/wp-content\/uploads\/8788.jpg\" \/>\n\t<meta property=\"og:image:width\" content=\"500\" \/>\n\t<meta property=\"og:image:height\" content=\"304\" \/>\n\t<meta property=\"og:image:type\" content=\"image\/jpeg\" \/>\n<meta name=\"twitter:card\" content=\"summary_large_image\" \/>\n<!-- \/ Yoast SEO plugin. -->","yoast_head_json":{"title":"Az\u0259rbaycan xalq\u0131n\u0131n demokratiyaya layiq olmad\u0131\u011f\u0131n\u0131 nec\u0259 \u00f6l\u00e7\u00fcr\u00fck?! - MEYDAN.TV","robots":{"index":"index","follow":"follow","max-snippet":"max-snippet:-1","max-image-preview":"max-image-preview:large","max-video-preview":"max-video-preview:-1"},"canonical":"https:\/\/www.meydan.tv\/az\/article\/azerbaycan-xalqinin-demokratiyaya-layiq-olmadigini-nece-olcuruk\/","og_locale":"az_AZ","og_type":"article","og_title":"Az\u0259rbaycan xalq\u0131n\u0131n demokratiyaya layiq olmad\u0131\u011f\u0131n\u0131 nec\u0259 \u00f6l\u00e7\u00fcr\u00fck?! - MEYDAN.TV","og_description":"Az\u0259rbaycan xalq\u0131n\u0131n demokratiyaya layiq olmad\u0131\u011f\u0131, bunun \u00fc\u00e7\u00fcn h\u0259l\u0259 yeti\u015fm\u0259diyi, onun liberal-demokratik d\u0259y\u0259rl\u0259ri q\u0259bul etm\u0259diyi il\u0259 ba\u011fl\u0131 \u00f6z\u00fcnd\u0259n \u0259min yana\u015fmalar bizi daimi yanl\u0131\u015f bir \u00e7arx\u0131n i\u00e7\u0259risind\u0259 d\u00f6n\u00fcb-dola\u015fma\u011fa vadar ed\u0259c\u0259k","og_url":"https:\/\/www.meydan.tv\/az\/article\/azerbaycan-xalqinin-demokratiyaya-layiq-olmadigini-nece-olcuruk\/","og_site_name":"MEYDAN.TV","article_published_time":"2015-05-11T15:33:30+00:00","og_image":[{"width":500,"height":304,"url":"https:\/\/www.meydan.tv\/wp-content\/uploads\/8788.jpg","type":"image\/jpeg"}],"twitter_card":"summary_large_image","schema":{"@context":"https:\/\/schema.org","@graph":[{"@type":"Article","@id":"https:\/\/www.meydan.tv\/az\/article\/azerbaycan-xalqinin-demokratiyaya-layiq-olmadigini-nece-olcuruk\/#article","isPartOf":{"@id":"https:\/\/www.meydan.tv\/az\/article\/azerbaycan-xalqinin-demokratiyaya-layiq-olmadigini-nece-olcuruk\/"},"author":{"name":"user-manager","@id":"https:\/\/www.meydan.tv\/az\/#\/schema\/person\/10d11eccf6da3662cf5fdab9806ea91a"},"headline":"Az\u0259rbaycan xalq\u0131n\u0131n demokratiyaya layiq olmad\u0131\u011f\u0131n\u0131 nec\u0259 \u00f6l\u00e7\u00fcr\u00fck?!","datePublished":"2015-05-11T15:33:30+00:00","mainEntityOfPage":{"@id":"https:\/\/www.meydan.tv\/az\/article\/azerbaycan-xalqinin-demokratiyaya-layiq-olmadigini-nece-olcuruk\/"},"wordCount":1005,"publisher":{"@id":"https:\/\/www.meydan.tv\/az\/#organization"},"image":{"@id":"https:\/\/www.meydan.tv\/az\/article\/azerbaycan-xalqinin-demokratiyaya-layiq-olmadigini-nece-olcuruk\/#primaryimage"},"thumbnailUrl":"https:\/\/www.meydan.tv\/wp-content\/uploads\/8788.jpg","articleSection":["X\u0259b\u0259rl\u0259r"],"inLanguage":"az"},{"@type":"WebPage","@id":"https:\/\/www.meydan.tv\/az\/article\/azerbaycan-xalqinin-demokratiyaya-layiq-olmadigini-nece-olcuruk\/","url":"https:\/\/www.meydan.tv\/az\/article\/azerbaycan-xalqinin-demokratiyaya-layiq-olmadigini-nece-olcuruk\/","name":"Az\u0259rbaycan xalq\u0131n\u0131n demokratiyaya layiq olmad\u0131\u011f\u0131n\u0131 nec\u0259 \u00f6l\u00e7\u00fcr\u00fck?! - MEYDAN.TV","isPartOf":{"@id":"https:\/\/www.meydan.tv\/az\/#website"},"primaryImageOfPage":{"@id":"https:\/\/www.meydan.tv\/az\/article\/azerbaycan-xalqinin-demokratiyaya-layiq-olmadigini-nece-olcuruk\/#primaryimage"},"image":{"@id":"https:\/\/www.meydan.tv\/az\/article\/azerbaycan-xalqinin-demokratiyaya-layiq-olmadigini-nece-olcuruk\/#primaryimage"},"thumbnailUrl":"https:\/\/www.meydan.tv\/wp-content\/uploads\/8788.jpg","datePublished":"2015-05-11T15:33:30+00:00","breadcrumb":{"@id":"https:\/\/www.meydan.tv\/az\/article\/azerbaycan-xalqinin-demokratiyaya-layiq-olmadigini-nece-olcuruk\/#breadcrumb"},"inLanguage":"az","potentialAction":[{"@type":"ReadAction","target":["https:\/\/www.meydan.tv\/az\/article\/azerbaycan-xalqinin-demokratiyaya-layiq-olmadigini-nece-olcuruk\/"]}]},{"@type":"ImageObject","inLanguage":"az","@id":"https:\/\/www.meydan.tv\/az\/article\/azerbaycan-xalqinin-demokratiyaya-layiq-olmadigini-nece-olcuruk\/#primaryimage","url":"https:\/\/www.meydan.tv\/wp-content\/uploads\/8788.jpg","contentUrl":"https:\/\/www.meydan.tv\/wp-content\/uploads\/8788.jpg","width":500,"height":304,"caption":"Source:"},{"@type":"BreadcrumbList","@id":"https:\/\/www.meydan.tv\/az\/article\/azerbaycan-xalqinin-demokratiyaya-layiq-olmadigini-nece-olcuruk\/#breadcrumb","itemListElement":[{"@type":"ListItem","position":1,"name":"Ana s\u0259hif\u0259","item":"https:\/\/www.meydan.tv\/az\/"},{"@type":"ListItem","position":2,"name":"X\u0259b\u0259rl\u0259r","item":"https:\/\/www.meydan.tv\/az\/section\/xeberler\/"},{"@type":"ListItem","position":3,"name":"Az\u0259rbaycan xalq\u0131n\u0131n demokratiyaya layiq olmad\u0131\u011f\u0131n\u0131 nec\u0259 \u00f6l\u00e7\u00fcr\u00fck?!"}]},{"@type":"WebSite","@id":"https:\/\/www.meydan.tv\/az\/#website","url":"https:\/\/www.meydan.tv\/az\/","name":"MEYDAN.TV","description":"Meydan TV Az\u0259rbaycan\u0131n media m\u0259kan\u0131ndak\u0131 alternativ s\u0259sidir","publisher":{"@id":"https:\/\/www.meydan.tv\/az\/#organization"},"potentialAction":[{"@type":"SearchAction","target":{"@type":"EntryPoint","urlTemplate":"https:\/\/www.meydan.tv\/az\/?s={search_term_string}"},"query-input":{"@type":"PropertyValueSpecification","valueRequired":true,"valueName":"search_term_string"}}],"inLanguage":"az"},{"@type":"Organization","@id":"https:\/\/www.meydan.tv\/az\/#organization","name":"Meydan TV","url":"https:\/\/www.meydan.tv\/az\/","logo":{"@type":"ImageObject","inLanguage":"az","@id":"https:\/\/www.meydan.tv\/az\/#\/schema\/logo\/image\/","url":"https:\/\/www.meydan.tv\/wp-content\/uploads\/2021\/07\/meydan-logo.svg","contentUrl":"https:\/\/www.meydan.tv\/wp-content\/uploads\/2021\/07\/meydan-logo.svg","width":195,"height":46,"caption":"Meydan TV"},"image":{"@id":"https:\/\/www.meydan.tv\/az\/#\/schema\/logo\/image\/"}},{"@type":"Person","@id":"https:\/\/www.meydan.tv\/az\/#\/schema\/person\/10d11eccf6da3662cf5fdab9806ea91a","name":"user-manager"}]}},"_links":{"self":[{"href":"https:\/\/www.meydan.tv\/az\/wp-json\/wp\/v2\/posts\/167862","targetHints":{"allow":["GET"]}}],"collection":[{"href":"https:\/\/www.meydan.tv\/az\/wp-json\/wp\/v2\/posts"}],"about":[{"href":"https:\/\/www.meydan.tv\/az\/wp-json\/wp\/v2\/types\/post"}],"author":[{"embeddable":true,"href":"https:\/\/www.meydan.tv\/az\/wp-json\/wp\/v2\/users\/11"}],"replies":[{"embeddable":true,"href":"https:\/\/www.meydan.tv\/az\/wp-json\/wp\/v2\/comments?post=167862"}],"version-history":[{"count":0,"href":"https:\/\/www.meydan.tv\/az\/wp-json\/wp\/v2\/posts\/167862\/revisions"}],"wp:featuredmedia":[{"embeddable":true,"href":"https:\/\/www.meydan.tv\/az\/wp-json\/wp\/v2\/media\/24090"}],"wp:attachment":[{"href":"https:\/\/www.meydan.tv\/az\/wp-json\/wp\/v2\/media?parent=167862"}],"wp:term":[{"taxonomy":"category","embeddable":true,"href":"https:\/\/www.meydan.tv\/az\/wp-json\/wp\/v2\/categories?post=167862"},{"taxonomy":"post_tag","embeddable":true,"href":"https:\/\/www.meydan.tv\/az\/wp-json\/wp\/v2\/tags?post=167862"}],"curies":[{"name":"wp","href":"https:\/\/api.w.org\/{rel}","templated":true}]}}